{"id":9878,"date":"2024-11-03T10:27:47","date_gmt":"2024-11-03T07:27:47","guid":{"rendered":"https:\/\/hskurd.org\/?p=9878"},"modified":"2024-11-03T10:27:47","modified_gmt":"2024-11-03T07:27:47","slug":"rapora-heyva-sor-a-kurd-li-ser-erisen-dewleta-turkiye-u-ziyanen-we-li-heremen-bakur-u-rojhilate-suriye-cotmeha-2024","status":"publish","type":"post","link":"https:\/\/hskurd.org\/?p=9878&lang=ku","title":{"rendered":"Rapora Heyva Sor a Kurd li ser \u00ear\u00ee\u015f\u00ean dewleta Turkiy\u00ea \u00fb ziyan\u00ean w\u00ea li her\u00eam\u00ean Bakur \u00fb Rojhilat\u00ea Suriy\u00ea \u2013 Cotmeha 2024"},"content":{"rendered":"<p><a href=\"https:\/\/hskurd.org\/wp-content\/uploads\/2024\/11\/rapora-erisan-cotmeha-2024.pdf\">rapora \u00ear\u00ee\u015fan \u00e7otmeha 2024<\/a><\/p>\n","protected":false},"excerpt":{"rendered":"<p>rapora \u00ear\u00ee\u015fan \u00e7otmeha 2024<\/p>\n","protected":false},"author":1,"featured_media":9866,"comment_status":"open","ping_status":"open","sticky":false,"template":"","format":"standard","meta":{"give_campaign_id":0,"ngg_post_thumbnail":0,"jetpack_post_was_ever_published":false,"_jetpack_newsletter_access":"","_jetpack_dont_email_post_to_subs":false,"_jetpack_newsletter_tier_id":0,"_jetpack_memberships_contains_paywalled_content":false,"_jetpack_memberships_contains_paid_content":false,"footnotes":"","jetpack_publicize_message":"","jetpack_publicize_feature_enabled":true,"jetpack_social_post_already_shared":true,"jetpack_social_options":{"image_generator_settings":{"template":"highway","default_image_id":0,"font":"","enabled":false},"version":2},"_links_to":"","_links_to_target":""},"categories":[206],"tags":[],"class_list":["post-9878","post","type-post","status-publish","format-standard","has-post-thumbnail","hentry","category-rapor"],"jetpack_publicize_connections":[],"jetpack_featured_media_url":"https:\/\/i0.wp.com\/hskurd.org\/wp-content\/uploads\/2024\/11\/IMG_5252-scaled.jpg?fit=2560%2C1707&ssl=1","jetpack-related-posts":[{"id":8818,"url":"https:\/\/hskurd.org\/?p=8818&lang=ku","url_meta":{"origin":9878,"position":0},"title":"Rapora encam\u00ean projeya hevgirtina civak\u00ee","author":"neruda","date":"21 \u0623\u0643\u062a\u0648\u0628\u0631\u060c 2024","format":false,"excerpt":"\u00a0 Beriya \u00e7end mehan R\u00eaxistina Heyva Sor a Kurd dest bi r\u00eabazeke pi\u015ftgir\u00ee \u00fb hevgirtina civak\u00ee kir \u00a0ku t\u00ea de qutiy\u00ean al\u00eekariy\u00ea li saziy\u00ean siv\u00eel, dikan, xwaringeh \u00fb cih\u00ean din \u00ean ku rasterast t\u00eakiliya wan bi civak\u00ea re hene dan\u00ee , bi armanca pi\u015ftgiriya nexwe\u015fxaneya Onkoloj\u00ee, \u015eewat \u00fb Telas\u00eemiyay\u00ea da\u2026","rel":"","context":"\u0641\u064a &quot;Ge\u015fep\u00eadan&quot;","block_context":{"text":"Ge\u015fep\u00eadan","link":"https:\/\/hskurd.org\/?cat=862&lang=ku"},"img":{"alt_text":"","src":"https:\/\/i0.wp.com\/hskurd.org\/wp-content\/uploads\/2024\/10\/MVI_3438-copy-1.jpg?fit=1200%2C675&ssl=1&resize=350%2C200","width":350,"height":200,"srcset":"https:\/\/i0.wp.com\/hskurd.org\/wp-content\/uploads\/2024\/10\/MVI_3438-copy-1.jpg?fit=1200%2C675&ssl=1&resize=350%2C200 1x, https:\/\/i0.wp.com\/hskurd.org\/wp-content\/uploads\/2024\/10\/MVI_3438-copy-1.jpg?fit=1200%2C675&ssl=1&resize=525%2C300 1.5x, https:\/\/i0.wp.com\/hskurd.org\/wp-content\/uploads\/2024\/10\/MVI_3438-copy-1.jpg?fit=1200%2C675&ssl=1&resize=700%2C400 2x, https:\/\/i0.wp.com\/hskurd.org\/wp-content\/uploads\/2024\/10\/MVI_3438-copy-1.jpg?fit=1200%2C675&ssl=1&resize=1050%2C600 3x"},"classes":[]},{"id":8035,"url":"https:\/\/hskurd.org\/?p=8035&lang=ku","url_meta":{"origin":9878,"position":1},"title":"Rapora HSK ji bo \u00ear\u00ee\u015f\u00ean dewleta Turky\u00ee li ser her\u00eam\u00ean BRS 25-12-2023","author":"neruda","date":"27 \u062f\u064a\u0633\u0645\u0628\u0631\u060c 2023","format":false,"excerpt":"rapora HSK ji bo \u00ear\u00ee\u015f\u00ean Dewleta Turk\u0131 li ser BRS 25-12-2023","rel":"","context":"\u0641\u064a &quot;Rapor&quot;","block_context":{"text":"Rapor","link":"https:\/\/hskurd.org\/?cat=206&lang=ku"},"img":{"alt_text":"","src":"https:\/\/i0.wp.com\/hskurd.org\/wp-content\/uploads\/2023\/12\/952A0949-scaled.jpg?fit=1200%2C800&ssl=1&resize=350%2C200","width":350,"height":200,"srcset":"https:\/\/i0.wp.com\/hskurd.org\/wp-content\/uploads\/2023\/12\/952A0949-scaled.jpg?fit=1200%2C800&ssl=1&resize=350%2C200 1x, https:\/\/i0.wp.com\/hskurd.org\/wp-content\/uploads\/2023\/12\/952A0949-scaled.jpg?fit=1200%2C800&ssl=1&resize=525%2C300 1.5x, https:\/\/i0.wp.com\/hskurd.org\/wp-content\/uploads\/2023\/12\/952A0949-scaled.jpg?fit=1200%2C800&ssl=1&resize=700%2C400 2x, https:\/\/i0.wp.com\/hskurd.org\/wp-content\/uploads\/2023\/12\/952A0949-scaled.jpg?fit=1200%2C800&ssl=1&resize=1050%2C600 3x"},"classes":[]},{"id":8166,"url":"https:\/\/hskurd.org\/?p=8166&lang=ku","url_meta":{"origin":9878,"position":2},"title":"Rapora Salane 2023","author":"neruda","date":"5 \u0645\u0627\u0631\u0633\u060c 2024","format":false,"excerpt":"Rapora salane ya Heyva Sor a Kurd a sala 2023","rel":"","context":"\u0641\u064a &quot;Rapor&quot;","block_context":{"text":"Rapor","link":"https:\/\/hskurd.org\/?cat=206&lang=ku"},"img":{"alt_text":"","src":"https:\/\/i0.wp.com\/hskurd.org\/wp-content\/uploads\/2023\/03\/333820655_204877968859542_7015146274371498430_n.jpg?fit=1200%2C800&ssl=1&resize=350%2C200","width":350,"height":200,"srcset":"https:\/\/i0.wp.com\/hskurd.org\/wp-content\/uploads\/2023\/03\/333820655_204877968859542_7015146274371498430_n.jpg?fit=1200%2C800&ssl=1&resize=350%2C200 1x, https:\/\/i0.wp.com\/hskurd.org\/wp-content\/uploads\/2023\/03\/333820655_204877968859542_7015146274371498430_n.jpg?fit=1200%2C800&ssl=1&resize=525%2C300 1.5x, https:\/\/i0.wp.com\/hskurd.org\/wp-content\/uploads\/2023\/03\/333820655_204877968859542_7015146274371498430_n.jpg?fit=1200%2C800&ssl=1&resize=700%2C400 2x, https:\/\/i0.wp.com\/hskurd.org\/wp-content\/uploads\/2023\/03\/333820655_204877968859542_7015146274371498430_n.jpg?fit=1200%2C800&ssl=1&resize=1050%2C600 3x"},"classes":[]},{"id":7393,"url":"https:\/\/hskurd.org\/?p=7393&lang=ku","url_meta":{"origin":9878,"position":3},"title":"Rapora salane a Heyva Sor a Kurd &#8211; 2022","author":"heyvasorakurd","date":"31 \u064a\u0648\u0644\u064a\u0648\u060c 2023","format":false,"excerpt":"ELECTRONIC_\u200f\u200f\u200f\u200fKRC 2022 report - Kurdi","rel":"","context":"\u0641\u064a &quot;Rapor&quot;","block_context":{"text":"Rapor","link":"https:\/\/hskurd.org\/?cat=206&lang=ku"},"img":{"alt_text":"","src":"https:\/\/i0.wp.com\/hskurd.org\/wp-content\/uploads\/2023\/07\/rapora-salane-2022.jpg?fit=547%2C778&ssl=1&resize=350%2C200","width":350,"height":200,"srcset":"https:\/\/i0.wp.com\/hskurd.org\/wp-content\/uploads\/2023\/07\/rapora-salane-2022.jpg?fit=547%2C778&ssl=1&resize=350%2C200 1x, https:\/\/i0.wp.com\/hskurd.org\/wp-content\/uploads\/2023\/07\/rapora-salane-2022.jpg?fit=547%2C778&ssl=1&resize=525%2C300 1.5x"},"classes":[]},{"id":10684,"url":"https:\/\/hskurd.org\/?p=10684&lang=ku","url_meta":{"origin":9878,"position":4},"title":"Al\u00eekariya 400 malbat\u00ean ko\u00e7ber li bajar\u00ea Koban\u00ea","author":"user55","date":"19 \u064a\u0646\u0627\u064a\u0631\u060c 2025","format":false,"excerpt":"Di nava p\u00ealeke mezin a ko\u00e7beriy\u00ea de ku di destp\u00eaka \u00c7ileya 2024'an de dest p\u00ea kir, bi deh hezaran welatiy\u00ean Efr\u00een \u00fb \u015eehbay\u00ea ji bo l\u00eager\u00eena ewleh\u00ee \u00fb aramiy\u00ea li her\u00eam\u00ean Bakur \u00fb Rojhilat\u00ea S\u00fbriy\u00ea ji cih\u00ean xwe ko\u00e7berb\u00fbn. Xebat\u00ean Heyva Sor a Kurd di van rew\u015f\u00ean mirov\u00ee y\u00ean zehmet\u2026","rel":"","context":"\u0641\u064a &quot;Ge\u015fep\u00eadan&quot;","block_context":{"text":"Ge\u015fep\u00eadan","link":"https:\/\/hskurd.org\/?cat=862&lang=ku"},"img":{"alt_text":"","src":"https:\/\/i0.wp.com\/hskurd.org\/wp-content\/uploads\/2025\/01\/IMG_20250113_130254_732-scaled.jpg?fit=1200%2C900&ssl=1&resize=350%2C200","width":350,"height":200,"srcset":"https:\/\/i0.wp.com\/hskurd.org\/wp-content\/uploads\/2025\/01\/IMG_20250113_130254_732-scaled.jpg?fit=1200%2C900&ssl=1&resize=350%2C200 1x, https:\/\/i0.wp.com\/hskurd.org\/wp-content\/uploads\/2025\/01\/IMG_20250113_130254_732-scaled.jpg?fit=1200%2C900&ssl=1&resize=525%2C300 1.5x, https:\/\/i0.wp.com\/hskurd.org\/wp-content\/uploads\/2025\/01\/IMG_20250113_130254_732-scaled.jpg?fit=1200%2C900&ssl=1&resize=700%2C400 2x, https:\/\/i0.wp.com\/hskurd.org\/wp-content\/uploads\/2025\/01\/IMG_20250113_130254_732-scaled.jpg?fit=1200%2C900&ssl=1&resize=1050%2C600 3x"},"classes":[]},{"id":11655,"url":"https:\/\/hskurd.org\/?p=11655&lang=ku","url_meta":{"origin":9878,"position":5},"title":"Projeya Av \u00fb J\u00eengeh\u00ea: Ber bi Perwerde \u00fb Tenduristiya saxlem ve","author":"user55","date":"9 \u0633\u0628\u062a\u0645\u0628\u0631\u060c 2025","format":false,"excerpt":"https:\/\/youtu.be\/-wl__LMHsPg?si=a3OmyZY_NOXmj07b Heyva Sor a Kurd, bi pi\u015ftgiriya \"Area Metropolitana de Barcelona (AMB)\", Projeya Av \u00fb J\u00eengeh\u00ea ji bo Civak \u00fb Navend\u00ean Perwerdehiy\u00ea di sala 2024\/2025 an de bi daw\u00ee kir. Di v\u00ea projey\u00ea de: \u2022 N\u00fbjenkirina 15 bax\u00e7ey\u00ean zarokan li Kantona Cez\u00eer\u00ea \u00fb du dibistan\u00ean li \u015eahbay\u00ea. \u2022 Xebitandina b\u00eerek\u2026","rel":"","context":"\u0641\u064a &quot;Be\u015f\u00ea WASH&quot;","block_context":{"text":"Be\u015f\u00ea WASH","link":"https:\/\/hskurd.org\/?cat=855&lang=ku"},"img":{"alt_text":"","src":"https:\/\/i0.wp.com\/hskurd.org\/wp-content\/uploads\/2025\/09\/%D9%A2%D9%A0%D9%A2%D9%A5%D9%A0%D9%A5%D9%A1%D9%A8_%D9%A0%D9%A9%D9%A5%D9%A7%D9%A4%D9%A0-scaled.jpg?fit=1200%2C675&ssl=1&resize=350%2C200","width":350,"height":200,"srcset":"https:\/\/i0.wp.com\/hskurd.org\/wp-content\/uploads\/2025\/09\/%D9%A2%D9%A0%D9%A2%D9%A5%D9%A0%D9%A5%D9%A1%D9%A8_%D9%A0%D9%A9%D9%A5%D9%A7%D9%A4%D9%A0-scaled.jpg?fit=1200%2C675&ssl=1&resize=350%2C200 1x, https:\/\/i0.wp.com\/hskurd.org\/wp-content\/uploads\/2025\/09\/%D9%A2%D9%A0%D9%A2%D9%A5%D9%A0%D9%A5%D9%A1%D9%A8_%D9%A0%D9%A9%D9%A5%D9%A7%D9%A4%D9%A0-scaled.jpg?fit=1200%2C675&ssl=1&resize=525%2C300 1.5x, https:\/\/i0.wp.com\/hskurd.org\/wp-content\/uploads\/2025\/09\/%D9%A2%D9%A0%D9%A2%D9%A5%D9%A0%D9%A5%D9%A1%D9%A8_%D9%A0%D9%A9%D9%A5%D9%A7%D9%A4%D9%A0-scaled.jpg?fit=1200%2C675&ssl=1&resize=700%2C400 2x, https:\/\/i0.wp.com\/hskurd.org\/wp-content\/uploads\/2025\/09\/%D9%A2%D9%A0%D9%A2%D9%A5%D9%A0%D9%A5%D9%A1%D9%A8_%D9%A0%D9%A9%D9%A5%D9%A7%D9%A4%D9%A0-scaled.jpg?fit=1200%2C675&ssl=1&resize=1050%2C600 3x"},"classes":[]}],"jetpack_sharing_enabled":true,"_links":{"self":[{"href":"https:\/\/hskurd.org\/index.php?rest_route=\/wp\/v2\/posts\/9878","targetHints":{"allow":["GET"]}}],"collection":[{"href":"https:\/\/hskurd.org\/index.php?rest_route=\/wp\/v2\/posts"}],"about":[{"href":"https:\/\/hskurd.org\/index.php?rest_route=\/wp\/v2\/types\/post"}],"author":[{"embeddable":true,"href":"https:\/\/hskurd.org\/index.php?rest_route=\/wp\/v2\/users\/1"}],"replies":[{"embeddable":true,"href":"https:\/\/hskurd.org\/index.php?rest_route=%2Fwp%2Fv2%2Fcomments&post=9878"}],"version-history":[{"count":2,"href":"https:\/\/hskurd.org\/index.php?rest_route=\/wp\/v2\/posts\/9878\/revisions"}],"predecessor-version":[{"id":9881,"href":"https:\/\/hskurd.org\/index.php?rest_route=\/wp\/v2\/posts\/9878\/revisions\/9881"}],"wp:featuredmedia":[{"embeddable":true,"href":"https:\/\/hskurd.org\/index.php?rest_route=\/wp\/v2\/media\/9866"}],"wp:attachment":[{"href":"https:\/\/hskurd.org\/index.php?rest_route=%2Fwp%2Fv2%2Fmedia&parent=9878"}],"wp:term":[{"taxonomy":"category","embeddable":true,"href":"https:\/\/hskurd.org\/index.php?rest_route=%2Fwp%2Fv2%2Fcategories&post=9878"},{"taxonomy":"post_tag","embeddable":true,"href":"https:\/\/hskurd.org\/index.php?rest_route=%2Fwp%2Fv2%2Ftags&post=9878"}],"curies":[{"name":"wp","href":"https:\/\/api.w.org\/{rel}","templated":true}]}}