{"id":943,"date":"2017-11-16T14:05:37","date_gmt":"2017-11-16T11:05:37","guid":{"rendered":"https:\/\/hskurd.org\/?p=943"},"modified":"2017-11-16T14:05:37","modified_gmt":"2017-11-16T11:05:37","slug":"qampaniya-alikariye-dest-pekir-u-calakiya-gel-pir-balkese","status":"publish","type":"post","link":"https:\/\/hskurd.org\/?p=943&lang=ku","title":{"rendered":"Qampaniya al\u00eekariy\u00ea dest p\u00eakir \u00fb \u00e7alakiya gel pir  balk\u00ea\u015fe"},"content":{"rendered":"<p>&nbsp;<\/p>\n<p>V\u00ea sib\u00ea bi guru\u015fma em Ba\u015f\u00fbr \u00fb Rojhilat bi ten\u00ea nah\u00ealin hem\u00fb navend\u00ean Heyva sor a kurd li hem\u00fb bajar\u00ean Rojava \u00a0dest bi qampaniya al\u00eekariy\u00ea kirin \u00fb gel bi \u00e7alakiyeke pir mezin tevl\u00ee al\u00eekariy\u00ea dibe<img data-recalc-dims=\"1\" loading=\"lazy\" decoding=\"async\" data-attachment-id=\"941\" data-permalink=\"https:\/\/hskurd.org\/?attachment_id=941\" data-orig-file=\"https:\/\/i0.wp.com\/hskurd.org\/wp-content\/uploads\/2017\/11\/DSC_0038-1.jpg?fit=6000%2C4000&amp;ssl=1\" data-orig-size=\"6000,4000\" data-comments-opened=\"0\" data-image-meta=\"{&quot;aperture&quot;:&quot;11&quot;,&quot;credit&quot;:&quot;&quot;,&quot;camera&quot;:&quot;NIKON D3300&quot;,&quot;caption&quot;:&quot;&quot;,&quot;created_timestamp&quot;:&quot;1510833684&quot;,&quot;copyright&quot;:&quot;&quot;,&quot;focal_length&quot;:&quot;22&quot;,&quot;iso&quot;:&quot;200&quot;,&quot;shutter_speed&quot;:&quot;0.002&quot;,&quot;title&quot;:&quot;&quot;,&quot;orientation&quot;:&quot;1&quot;}\" data-image-title=\"DSC_0038\" data-image-description=\"\" data-image-caption=\"\" data-medium-file=\"https:\/\/i0.wp.com\/hskurd.org\/wp-content\/uploads\/2017\/11\/DSC_0038-1.jpg?fit=300%2C200&amp;ssl=1\" data-large-file=\"https:\/\/i0.wp.com\/hskurd.org\/wp-content\/uploads\/2017\/11\/DSC_0038-1.jpg?fit=1024%2C683&amp;ssl=1\" class=\"alignnone size-large wp-image-941\" src=\"https:\/\/i0.wp.com\/hskurd.org\/wp-content\/uploads\/2017\/11\/DSC_0038-1-1024x683.jpg?resize=620%2C414\" alt=\"\" width=\"620\" height=\"414\" srcset=\"https:\/\/i0.wp.com\/hskurd.org\/wp-content\/uploads\/2017\/11\/DSC_0038-1.jpg?resize=1024%2C683&amp;ssl=1 1024w, https:\/\/i0.wp.com\/hskurd.org\/wp-content\/uploads\/2017\/11\/DSC_0038-1.jpg?resize=300%2C200&amp;ssl=1 300w, https:\/\/i0.wp.com\/hskurd.org\/wp-content\/uploads\/2017\/11\/DSC_0038-1.jpg?resize=768%2C512&amp;ssl=1 768w, https:\/\/i0.wp.com\/hskurd.org\/wp-content\/uploads\/2017\/11\/DSC_0038-1.jpg?w=3000&amp;ssl=1 3000w, https:\/\/i0.wp.com\/hskurd.org\/wp-content\/uploads\/2017\/11\/DSC_0038-1.jpg?w=4500&amp;ssl=1 4500w\" sizes=\"auto, (max-width: 620px) 100vw, 620px\" \/><img data-recalc-dims=\"1\" loading=\"lazy\" decoding=\"async\" data-attachment-id=\"940\" data-permalink=\"https:\/\/hskurd.org\/?attachment_id=940\" data-orig-file=\"https:\/\/i0.wp.com\/hskurd.org\/wp-content\/uploads\/2017\/11\/DSC_0018-1.jpg?fit=6000%2C4000&amp;ssl=1\" data-orig-size=\"6000,4000\" data-comments-opened=\"0\" data-image-meta=\"{&quot;aperture&quot;:&quot;10&quot;,&quot;credit&quot;:&quot;&quot;,&quot;camera&quot;:&quot;NIKON D3300&quot;,&quot;caption&quot;:&quot;&quot;,&quot;created_timestamp&quot;:&quot;1510832835&quot;,&quot;copyright&quot;:&quot;&quot;,&quot;focal_length&quot;:&quot;25&quot;,&quot;iso&quot;:&quot;200&quot;,&quot;shutter_speed&quot;:&quot;0.0025&quot;,&quot;title&quot;:&quot;&quot;,&quot;orientation&quot;:&quot;1&quot;}\" data-image-title=\"DSC_0018\" data-image-description=\"\" data-image-caption=\"\" data-medium-file=\"https:\/\/i0.wp.com\/hskurd.org\/wp-content\/uploads\/2017\/11\/DSC_0018-1.jpg?fit=300%2C200&amp;ssl=1\" data-large-file=\"https:\/\/i0.wp.com\/hskurd.org\/wp-content\/uploads\/2017\/11\/DSC_0018-1.jpg?fit=1024%2C683&amp;ssl=1\" class=\"alignnone size-large wp-image-940\" src=\"https:\/\/i0.wp.com\/hskurd.org\/wp-content\/uploads\/2017\/11\/DSC_0018-1-1024x683.jpg?resize=620%2C414\" alt=\"\" width=\"620\" height=\"414\" srcset=\"https:\/\/i0.wp.com\/hskurd.org\/wp-content\/uploads\/2017\/11\/DSC_0018-1.jpg?resize=1024%2C683&amp;ssl=1 1024w, https:\/\/i0.wp.com\/hskurd.org\/wp-content\/uploads\/2017\/11\/DSC_0018-1.jpg?resize=300%2C200&amp;ssl=1 300w, https:\/\/i0.wp.com\/hskurd.org\/wp-content\/uploads\/2017\/11\/DSC_0018-1.jpg?resize=768%2C512&amp;ssl=1 768w, https:\/\/i0.wp.com\/hskurd.org\/wp-content\/uploads\/2017\/11\/DSC_0018-1.jpg?w=3000&amp;ssl=1 3000w, https:\/\/i0.wp.com\/hskurd.org\/wp-content\/uploads\/2017\/11\/DSC_0018-1.jpg?w=4500&amp;ssl=1 4500w\" sizes=\"auto, (max-width: 620px) 100vw, 620px\" \/><\/p>\n","protected":false},"excerpt":{"rendered":"<p>&nbsp; V\u00ea sib\u00ea bi guru\u015fma em Ba\u015f\u00fbr \u00fb Rojhilat bi ten\u00ea nah\u00ealin hem\u00fb navend\u00ean Heyva sor a kurd li hem\u00fb bajar\u00ean Rojava \u00a0dest bi qampaniya al\u00eekariy\u00ea kirin \u00fb gel bi \u00e7alakiyeke pir mezin tevl\u00ee al\u00eekariy\u00ea dibe<\/p>\n","protected":false},"author":2,"featured_media":944,"comment_status":"open","ping_status":"open","sticky":false,"template":"","format":"standard","meta":{"give_campaign_id":0,"ngg_post_thumbnail":0,"jetpack_post_was_ever_published":false,"_jetpack_newsletter_access":"","_jetpack_dont_email_post_to_subs":false,"_jetpack_newsletter_tier_id":0,"_jetpack_memberships_contains_paywalled_content":false,"_jetpack_memberships_contains_paid_content":false,"footnotes":"","jetpack_publicize_message":"","jetpack_publicize_feature_enabled":true,"jetpack_social_post_already_shared":true,"jetpack_social_options":{"image_generator_settings":{"template":"highway","default_image_id":0,"font":"","enabled":false},"version":2},"_links_to":"","_links_to_target":""},"categories":[85],"tags":[392],"class_list":["post-943","post","type-post","status-publish","format-standard","has-post-thumbnail","hentry","category-be-kategoriyan","tag-qampaniya_alikariye_dest_pekir_u_calakiya_gel_pir_balkese"],"jetpack_publicize_connections":[],"jetpack_featured_media_url":"https:\/\/i0.wp.com\/hskurd.org\/wp-content\/uploads\/2017\/11\/DSC_0040-1.jpg?fit=6000%2C4000&ssl=1","jetpack-related-posts":[{"id":1047,"url":"https:\/\/hskurd.org\/?p=1047&lang=ku","url_meta":{"origin":943,"position":0},"title":"Di kampaniya em Ba\u015f\u00fbr \u00fb Rojhilat bi ten\u00ea nah\u00ealin Gel\u00ea Rojava 129200$ p\u00ea\u015fk\u00ea\u015fkir","author":"heyvasorakurd","date":"25 \u062f\u064a\u0633\u0645\u0628\u0631\u060c 2017","format":false,"excerpt":"Di 12 heyva 11 an 2017 de, erdhej\u00eeneke mezin li rojhilat \u00fb ba\u015f\u00fbr\u00ea kurdistan\u00ea r\u00fb da \u00fb b\u00fb sedem ku bi sedan welat\u00ee ji van her\u00eaman jiyana xwe ji dest bidin \u00fb gelek avah\u00ee bi awayeke gi\u015ft\u00ee\u00a0 yan n\u00eav\u00e7\u00ee tevl\u00ee bingeh\u00ean jiyan\u00ee \u00fb c\u0131h\u00ean x\u0131zmetguzar\u0131y\u00ea\u00a0 di her\u00eam\u00ea de wer\u0131n hilwe\u015fandin\u2026","rel":"","context":"\u0641\u064a &quot;b\u00ea kategoriyan&quot;","block_context":{"text":"b\u00ea kategoriyan","link":"https:\/\/hskurd.org\/?cat=85&lang=ku"},"img":{"alt_text":"","src":"https:\/\/i0.wp.com\/hskurd.org\/wp-content\/uploads\/2017\/12\/IMG-20171222-WA0003-1.jpg?fit=960%2C540&ssl=1&resize=350%2C200","width":350,"height":200,"srcset":"https:\/\/i0.wp.com\/hskurd.org\/wp-content\/uploads\/2017\/12\/IMG-20171222-WA0003-1.jpg?fit=960%2C540&ssl=1&resize=350%2C200 1x, https:\/\/i0.wp.com\/hskurd.org\/wp-content\/uploads\/2017\/12\/IMG-20171222-WA0003-1.jpg?fit=960%2C540&ssl=1&resize=525%2C300 1.5x, https:\/\/i0.wp.com\/hskurd.org\/wp-content\/uploads\/2017\/12\/IMG-20171222-WA0003-1.jpg?fit=960%2C540&ssl=1&resize=700%2C400 2x"},"classes":[]},{"id":1257,"url":"https:\/\/hskurd.org\/?p=1257&lang=ku","url_meta":{"origin":943,"position":1},"title":"Qampanya &#8221;banga Efr\u00een&#8221; li Ba\u015f\u00fbr\u00ea kurdistan\u00ea dest p\u00ea dike","author":"heyvasorakurd","date":"19 \u0641\u0628\u0631\u0627\u064a\u0631\u060c 2018","format":false,"excerpt":"Heyva sor a kurd be\u015f\u00ea Ba\u015f\u00fbr\u00ea Kurdistan\u00ea \u00eero dest bi qampanya \"banga Efr\u00een \"di riya xwendina v\u00ea daxwyaniy\u00ea re dike : \" Berxwedana Efr\u00een\u00ea li dij\u00ee art\u00ea\u015fa Turk a dagirker \u00fb \u00e7etey\u00ean w\u00ea bi hem\u00fb \u00e7ek\u00ean giran \u00a0, belafir , tang \u00fb topan \u00fb bikaran\u00eena \u00e7ek\u00ean k\u00eemyaw\u00ee \u00a0\u00a0(nav\u00e7eya \u015eiyay\u00ea) \u00a0li\u2026","rel":"","context":"\u0641\u064a &quot;b\u00ea kategoriyan&quot;","block_context":{"text":"b\u00ea kategoriyan","link":"https:\/\/hskurd.org\/?cat=85&lang=ku"},"img":{"alt_text":"","src":"https:\/\/i0.wp.com\/hskurd.org\/wp-content\/uploads\/2018\/02\/33-2.jpg?fit=1200%2C795&ssl=1&resize=350%2C200","width":350,"height":200,"srcset":"https:\/\/i0.wp.com\/hskurd.org\/wp-content\/uploads\/2018\/02\/33-2.jpg?fit=1200%2C795&ssl=1&resize=350%2C200 1x, https:\/\/i0.wp.com\/hskurd.org\/wp-content\/uploads\/2018\/02\/33-2.jpg?fit=1200%2C795&ssl=1&resize=525%2C300 1.5x, https:\/\/i0.wp.com\/hskurd.org\/wp-content\/uploads\/2018\/02\/33-2.jpg?fit=1200%2C795&ssl=1&resize=700%2C400 2x, https:\/\/i0.wp.com\/hskurd.org\/wp-content\/uploads\/2018\/02\/33-2.jpg?fit=1200%2C795&ssl=1&resize=1050%2C600 3x"},"classes":[]},{"id":8818,"url":"https:\/\/hskurd.org\/?p=8818&lang=ku","url_meta":{"origin":943,"position":2},"title":"Rapora encam\u00ean projeya hevgirtina civak\u00ee","author":"neruda","date":"21 \u0623\u0643\u062a\u0648\u0628\u0631\u060c 2024","format":false,"excerpt":"\u00a0 Beriya \u00e7end mehan R\u00eaxistina Heyva Sor a Kurd dest bi r\u00eabazeke pi\u015ftgir\u00ee \u00fb hevgirtina civak\u00ee kir \u00a0ku t\u00ea de qutiy\u00ean al\u00eekariy\u00ea li saziy\u00ean siv\u00eel, dikan, xwaringeh \u00fb cih\u00ean din \u00ean ku rasterast t\u00eakiliya wan bi civak\u00ea re hene dan\u00ee , bi armanca pi\u015ftgiriya nexwe\u015fxaneya Onkoloj\u00ee, \u015eewat \u00fb Telas\u00eemiyay\u00ea da\u2026","rel":"","context":"\u0641\u064a &quot;Ge\u015fep\u00eadan&quot;","block_context":{"text":"Ge\u015fep\u00eadan","link":"https:\/\/hskurd.org\/?cat=862&lang=ku"},"img":{"alt_text":"","src":"https:\/\/i0.wp.com\/hskurd.org\/wp-content\/uploads\/2024\/10\/MVI_3438-copy-1.jpg?fit=1200%2C675&ssl=1&resize=350%2C200","width":350,"height":200,"srcset":"https:\/\/i0.wp.com\/hskurd.org\/wp-content\/uploads\/2024\/10\/MVI_3438-copy-1.jpg?fit=1200%2C675&ssl=1&resize=350%2C200 1x, https:\/\/i0.wp.com\/hskurd.org\/wp-content\/uploads\/2024\/10\/MVI_3438-copy-1.jpg?fit=1200%2C675&ssl=1&resize=525%2C300 1.5x, https:\/\/i0.wp.com\/hskurd.org\/wp-content\/uploads\/2024\/10\/MVI_3438-copy-1.jpg?fit=1200%2C675&ssl=1&resize=700%2C400 2x, https:\/\/i0.wp.com\/hskurd.org\/wp-content\/uploads\/2024\/10\/MVI_3438-copy-1.jpg?fit=1200%2C675&ssl=1&resize=1050%2C600 3x"},"classes":[]},{"id":7096,"url":"https:\/\/hskurd.org\/?p=7096&lang=ku","url_meta":{"origin":943,"position":3},"title":"&#8220;Bersiva h\u00eaviy\u00ea di day\u00eena we de ye&#8221;","author":"heyvasorakurd","date":"23 \u0645\u0627\u0631\u0633\u060c 2023","format":false,"excerpt":"Bersiva h\u00eaviy\u00ea di day\u00eena we de ye\" Fitre \u00fb zekata xwe bidin ji bo kes\u00ean p\u00eadiviya wan bi al\u00eekariy\u00ea heye Ji Bo Gel\u00ean Me \u00fb Hem\u00fb P\u00eakhatye Musilman li Bakur \u00fb Rojhilat\u00ea Sur\u00ee Erk\u00ea hem\u00fb bawermenda ye bi hatina rojiya remezan\u00ea ya p\u00eeroz re , hem\u00fb kes\u00ean ku p\u00eaw\u00eestiya wan\u2026","rel":"","context":"\u0641\u064a &quot;b\u00ea kategoriyan&quot;","block_context":{"text":"b\u00ea kategoriyan","link":"https:\/\/hskurd.org\/?cat=85&lang=ku"},"img":{"alt_text":"","src":"https:\/\/i0.wp.com\/hskurd.org\/wp-content\/uploads\/2023\/03\/%D9%81%D9%8A%D9%84%D9%83%D8%B3-%D8%B2%D9%83%D8%A7%D8%A9-%D8%A7%D9%84%D9%81%D8%B7%D8%B1-3-scaled.jpg?fit=1200%2C800&ssl=1&resize=350%2C200","width":350,"height":200,"srcset":"https:\/\/i0.wp.com\/hskurd.org\/wp-content\/uploads\/2023\/03\/%D9%81%D9%8A%D9%84%D9%83%D8%B3-%D8%B2%D9%83%D8%A7%D8%A9-%D8%A7%D9%84%D9%81%D8%B7%D8%B1-3-scaled.jpg?fit=1200%2C800&ssl=1&resize=350%2C200 1x, https:\/\/i0.wp.com\/hskurd.org\/wp-content\/uploads\/2023\/03\/%D9%81%D9%8A%D9%84%D9%83%D8%B3-%D8%B2%D9%83%D8%A7%D8%A9-%D8%A7%D9%84%D9%81%D8%B7%D8%B1-3-scaled.jpg?fit=1200%2C800&ssl=1&resize=525%2C300 1.5x, https:\/\/i0.wp.com\/hskurd.org\/wp-content\/uploads\/2023\/03\/%D9%81%D9%8A%D9%84%D9%83%D8%B3-%D8%B2%D9%83%D8%A7%D8%A9-%D8%A7%D9%84%D9%81%D8%B7%D8%B1-3-scaled.jpg?fit=1200%2C800&ssl=1&resize=700%2C400 2x, https:\/\/i0.wp.com\/hskurd.org\/wp-content\/uploads\/2023\/03\/%D9%81%D9%8A%D9%84%D9%83%D8%B3-%D8%B2%D9%83%D8%A7%D8%A9-%D8%A7%D9%84%D9%81%D8%B7%D8%B1-3-scaled.jpg?fit=1200%2C800&ssl=1&resize=1050%2C600 3x"},"classes":[]},{"id":12647,"url":"https:\/\/hskurd.org\/?p=12647&lang=ku","url_meta":{"origin":943,"position":4},"title":"Heyva Sor a Kurd pi\u015ftgiriya xwe ji bo ko\u00e7ber\u00ean li Hesek\u00ea didom\u00eene.","author":"user55","date":"19 \u0623\u0628\u0631\u064a\u0644\u060c 2026","format":false,"excerpt":"Bi pi\u015ftgir\u00eeya desgeha x\u00earxwaz\u00ea Kark\u00fbk\u00ea, Heyva Sor a Kurd dest bi belavkirina paket\u00ean xwarin\u00ea kiriye li ser malbat\u00ean ko\u00e7ber \u00ean li stargeh\u00ean li bajar\u00ea Hesek\u00ea. Ev gav berdewamiyeke kampanyaya ku ber\u00ea li Qami\u015flo, Am\u00fbd\u00ea \u00fb Tirbespiy\u00ea hatib\u00fb kirin e \u00fb d\u00ea belavkirin bidome heta ku hem\u00fb malbat\u00ean hewcedar werin gihandin.\u2026","rel":"","context":"\u0641\u064a &quot;Al\u00eekar\u00ee&quot;","block_context":{"text":"Al\u00eekar\u00ee","link":"https:\/\/hskurd.org\/?cat=2169&lang=ku"},"img":{"alt_text":"","src":"https:\/\/i0.wp.com\/hskurd.org\/wp-content\/uploads\/2026\/04\/671719099_1249372800691350_4482345451807791543_n.jpg?fit=1200%2C900&ssl=1&resize=350%2C200","width":350,"height":200,"srcset":"https:\/\/i0.wp.com\/hskurd.org\/wp-content\/uploads\/2026\/04\/671719099_1249372800691350_4482345451807791543_n.jpg?fit=1200%2C900&ssl=1&resize=350%2C200 1x, https:\/\/i0.wp.com\/hskurd.org\/wp-content\/uploads\/2026\/04\/671719099_1249372800691350_4482345451807791543_n.jpg?fit=1200%2C900&ssl=1&resize=525%2C300 1.5x, https:\/\/i0.wp.com\/hskurd.org\/wp-content\/uploads\/2026\/04\/671719099_1249372800691350_4482345451807791543_n.jpg?fit=1200%2C900&ssl=1&resize=700%2C400 2x, https:\/\/i0.wp.com\/hskurd.org\/wp-content\/uploads\/2026\/04\/671719099_1249372800691350_4482345451807791543_n.jpg?fit=1200%2C900&ssl=1&resize=1050%2C600 3x"},"classes":[]},{"id":6935,"url":"https:\/\/hskurd.org\/?p=6935&lang=ku","url_meta":{"origin":943,"position":5},"title":"Ji bo raya gi\u015ft\u00ee ya c\u00eehan\u00ee","author":"Sozdar","date":"22 \u0641\u0628\u0631\u0627\u064a\u0631\u060c 2023","format":false,"excerpt":"Erdheja ku di 6 sibats 2023an de r\u00fbda ,b\u00fb sedema karesateke mirov\u00ee \u00fb zirareke mezin ji bo xelk\u00ean her\u00eam\u00ea ku heta v\u00ea gav\u00ea di aloziyeke ji\u0131yan\u00ee de mane. Li ser v\u00ea yek\u00ea mirovahiya c\u00eehan\u00ee \u00fb ya her\u00eam\u00ea ket nava hewldana el\u00eekariyeke pir mezin a mad\u00ee \u00fb manew\u00ee ji bo xelk\u00ean\u2026","rel":"","context":"\u0641\u064a &quot;Rapor&quot;","block_context":{"text":"Rapor","link":"https:\/\/hskurd.org\/?cat=206&lang=ku"},"img":{"alt_text":"","src":"https:\/\/i0.wp.com\/hskurd.org\/wp-content\/uploads\/2023\/02\/%D8%A8%D8%AF%D9%88%D9%86-%D8%A7%D8%B3%D9%85325_20230222135539.png?fit=1200%2C1200&ssl=1&resize=350%2C200","width":350,"height":200,"srcset":"https:\/\/i0.wp.com\/hskurd.org\/wp-content\/uploads\/2023\/02\/%D8%A8%D8%AF%D9%88%D9%86-%D8%A7%D8%B3%D9%85325_20230222135539.png?fit=1200%2C1200&ssl=1&resize=350%2C200 1x, https:\/\/i0.wp.com\/hskurd.org\/wp-content\/uploads\/2023\/02\/%D8%A8%D8%AF%D9%88%D9%86-%D8%A7%D8%B3%D9%85325_20230222135539.png?fit=1200%2C1200&ssl=1&resize=525%2C300 1.5x, https:\/\/i0.wp.com\/hskurd.org\/wp-content\/uploads\/2023\/02\/%D8%A8%D8%AF%D9%88%D9%86-%D8%A7%D8%B3%D9%85325_20230222135539.png?fit=1200%2C1200&ssl=1&resize=700%2C400 2x, https:\/\/i0.wp.com\/hskurd.org\/wp-content\/uploads\/2023\/02\/%D8%A8%D8%AF%D9%88%D9%86-%D8%A7%D8%B3%D9%85325_20230222135539.png?fit=1200%2C1200&ssl=1&resize=1050%2C600 3x"},"classes":[]}],"jetpack_sharing_enabled":true,"_links":{"self":[{"href":"https:\/\/hskurd.org\/index.php?rest_route=\/wp\/v2\/posts\/943","targetHints":{"allow":["GET"]}}],"collection":[{"href":"https:\/\/hskurd.org\/index.php?rest_route=\/wp\/v2\/posts"}],"about":[{"href":"https:\/\/hskurd.org\/index.php?rest_route=\/wp\/v2\/types\/post"}],"author":[{"embeddable":true,"href":"https:\/\/hskurd.org\/index.php?rest_route=\/wp\/v2\/users\/2"}],"replies":[{"embeddable":true,"href":"https:\/\/hskurd.org\/index.php?rest_route=%2Fwp%2Fv2%2Fcomments&post=943"}],"version-history":[{"count":1,"href":"https:\/\/hskurd.org\/index.php?rest_route=\/wp\/v2\/posts\/943\/revisions"}],"predecessor-version":[{"id":945,"href":"https:\/\/hskurd.org\/index.php?rest_route=\/wp\/v2\/posts\/943\/revisions\/945"}],"wp:featuredmedia":[{"embeddable":true,"href":"https:\/\/hskurd.org\/index.php?rest_route=\/wp\/v2\/media\/944"}],"wp:attachment":[{"href":"https:\/\/hskurd.org\/index.php?rest_route=%2Fwp%2Fv2%2Fmedia&parent=943"}],"wp:term":[{"taxonomy":"category","embeddable":true,"href":"https:\/\/hskurd.org\/index.php?rest_route=%2Fwp%2Fv2%2Fcategories&post=943"},{"taxonomy":"post_tag","embeddable":true,"href":"https:\/\/hskurd.org\/index.php?rest_route=%2Fwp%2Fv2%2Ftags&post=943"}],"curies":[{"name":"wp","href":"https:\/\/api.w.org\/{rel}","templated":true}]}}