{"id":920,"date":"2017-11-14T23:22:09","date_gmt":"2017-11-14T20:22:09","guid":{"rendered":"https:\/\/hskurd.org\/?p=920"},"modified":"2017-11-16T22:45:51","modified_gmt":"2017-11-16T19:45:51","slug":"daxuyani-ji-bo-raya-gisti","status":"publish","type":"post","link":"https:\/\/hskurd.org\/?p=920&lang=ku","title":{"rendered":"DAXUYAN\u00ce  J\u0130 BO RAYA G\u0130\u015eT\u00ce"},"content":{"rendered":"<p>Bi sedema erdhej\u00eena ku li gelek nav\u00e7ey\u00ean Ba\u015f\u00fbr \u00fb Rojhilat\u00ee\u00a0 kurdistan\u00ea r\u00fb daye , gelek zerar \u00a0hat p\u00ea\u015fber\u00ee milet\u00ea Ba\u015f\u00fbr \u00fb Rojhilat \u00fb gelek \u015feh\u00eed \u00e7\u00fbn .<\/p>\n<p>Ji bo v\u00ea yek\u00ea Heyva sor a kurd dest bi Qampan\u0131ya danheva al\u00eekariyan ji gel\u00ea Rojava\/Ba\u015f\u00fbr\u00ea S\u00fbriy\u00ea \u00a0kirye \u00a0,lewra em h\u00eaviy\u00ean pir mezin ji gel dikin ku bi \u00e7alakiyeke pir mezin be\u015fdar\u00ee v\u00ea Qampan\u0131y\u00ea bibin .<\/p>\n<p>Al\u00eekar\u00ee li van cihan d\u00ea b\u00ea girtin<\/p>\n<p>D\u00earik\u00a0 navenda tendurst\u00ee ya \u00a0heyva sor a kurd\u00a0 li bajar\u00ea D\u00earik\u00ea \/0991022285 &#8211; 0933848335<\/p>\n<p>Girk\u00ea Leg\u00ea navenda tendurst\u00ee ya \u00a0heyva sor a kurd li bajar\u00ea Girk\u00ea Leg\u00ea\/0991022285 -0933848335<\/p>\n<p>Tirbesip\u00ee navenda tendurst\u00ee ya heyva sor akurd li bajar\u00ea Tirbesipiy\u00ea<\/p>\n<p>Qami\u015flo navenda tendurst\u00ee ya heyva sor a kurd li bajar\u00ea Qami\u015flo \u2013 n\u00eaz\u00ee gaziya Siyah\u00ee<\/p>\n<p>Am\u00fbd\u00ea \u00a0navenda tendurst\u00ee ya heyva sor a kurd li bajar\u00ea Am\u00fbd\u00ea<\/p>\n<p>Ev \u00a0navendan li ser \u00a0van hejmaran \/0935527276 \u2013 0988455694\/<\/p>\n<p>Dirb\u00easiy\u00ea navenda tendurst\u00ee ya heyva sor a kurd li bajar\u00ea Dirb\u00easiy\u00ea<\/p>\n<p>Ser\u00ea Kaniy\u00ea navenda tendurst\u00ee ya heyva sor a kurd li bajar\u00ea ser\u00ea kaniy\u00ea<\/p>\n<p>Til Temir \u00a0\u00a0\u00a0navenda tendurst\u00ee ya heyva sor a kurd li bajar\u00ea Til Temir\u00ea<\/p>\n<p>Ev navend li ser van hejmaran \/0090938798344 \u2013 0934495564 \/<\/p>\n<p>Hasek\u00ea\u00a0\u00a0 navenda heyva sor a kurd li bajar\u00ea Hesek\u00ea \u2013Salihiy\u00ea pi\u015ft\u00ee firna Sala li ser hejmar\u00ean \/0935911214 \u20130936425966\/<\/p>\n<p>Koban\u00ee\u00a0 navenda tendurst\u00ee ya heyva sor a kurd\u00a0 li Koban\u00ee &#8211; n\u00eaz\u00ee ber\u00eed\u00ea\/ 00905452701795\/<\/p>\n<p>Til Abiyed &#8211; n\u00eaz\u00ee nexwe\u015fxana weten\u00ee \/00905377602673\/<\/p>\n<p>Afr\u00een &#8211; riya Raco -Mehm\u00fbdiy\u00ea \/0944399690 &#8211; 7872304\/<\/p>\n<p><span class=\"text_exposed_show\">\u00a0Mekteba Sil\u00eamaniy\u00ea \/009647511362115<\/span><\/p>\n<div class=\"text_exposed_show\"><\/div>\n<p>&nbsp;<\/p>\n<p>&nbsp;<\/p>\n<p>&nbsp;<\/p>\n<p><img data-recalc-dims=\"1\" loading=\"lazy\" decoding=\"async\" data-attachment-id=\"921\" data-permalink=\"https:\/\/hskurd.org\/?attachment_id=921\" data-orig-file=\"https:\/\/i0.wp.com\/hskurd.org\/wp-content\/uploads\/2017\/11\/IMG-20171114-WA0009-1.jpg?fit=1080%2C715&amp;ssl=1\" data-orig-size=\"1080,715\" data-comments-opened=\"0\" data-image-meta=\"{&quot;aperture&quot;:&quot;0&quot;,&quot;credit&quot;:&quot;&quot;,&quot;camera&quot;:&quot;&quot;,&quot;caption&quot;:&quot;&quot;,&quot;created_timestamp&quot;:&quot;0&quot;,&quot;copyright&quot;:&quot;&quot;,&quot;focal_length&quot;:&quot;0&quot;,&quot;iso&quot;:&quot;0&quot;,&quot;shutter_speed&quot;:&quot;0&quot;,&quot;title&quot;:&quot;&quot;,&quot;orientation&quot;:&quot;0&quot;}\" data-image-title=\"IMG-20171114-WA0009\" data-image-description=\"\" data-image-caption=\"\" data-medium-file=\"https:\/\/i0.wp.com\/hskurd.org\/wp-content\/uploads\/2017\/11\/IMG-20171114-WA0009-1.jpg?fit=300%2C199&amp;ssl=1\" data-large-file=\"https:\/\/i0.wp.com\/hskurd.org\/wp-content\/uploads\/2017\/11\/IMG-20171114-WA0009-1.jpg?fit=1024%2C678&amp;ssl=1\" class=\"alignnone size-large wp-image-921\" src=\"https:\/\/i0.wp.com\/hskurd.org\/wp-content\/uploads\/2017\/11\/IMG-20171114-WA0009-1-1024x678.jpg?resize=620%2C411\" alt=\"\" width=\"620\" height=\"411\" srcset=\"https:\/\/i0.wp.com\/hskurd.org\/wp-content\/uploads\/2017\/11\/IMG-20171114-WA0009-1.jpg?resize=1024%2C678&amp;ssl=1 1024w, https:\/\/i0.wp.com\/hskurd.org\/wp-content\/uploads\/2017\/11\/IMG-20171114-WA0009-1.jpg?resize=300%2C199&amp;ssl=1 300w, https:\/\/i0.wp.com\/hskurd.org\/wp-content\/uploads\/2017\/11\/IMG-20171114-WA0009-1.jpg?resize=768%2C508&amp;ssl=1 768w, https:\/\/i0.wp.com\/hskurd.org\/wp-content\/uploads\/2017\/11\/IMG-20171114-WA0009-1.jpg?w=1080&amp;ssl=1 1080w\" sizes=\"auto, (max-width: 620px) 100vw, 620px\" \/><\/p>\n","protected":false},"excerpt":{"rendered":"<p>Bi sedema erdhej\u00eena ku li gelek nav\u00e7ey\u00ean Ba\u015f\u00fbr \u00fb Rojhilat\u00ee\u00a0 kurdistan\u00ea r\u00fb daye , gelek zerar \u00a0hat p\u00ea\u015fber\u00ee milet\u00ea Ba\u015f\u00fbr \u00fb Rojhilat \u00fb gelek \u015feh\u00eed \u00e7\u00fbn . Ji bo v\u00ea yek\u00ea Heyva sor a kurd dest bi Qampan\u0131ya danheva al\u00eekariyan ji gel\u00ea Rojava\/Ba\u015f\u00fbr\u00ea S\u00fbriy\u00ea \u00a0kirye \u00a0,lewra em h\u00eaviy\u00ean pir mezin ji gel dikin ku bi [&hellip;]<\/p>\n","protected":false},"author":2,"featured_media":921,"comment_status":"open","ping_status":"open","sticky":false,"template":"","format":"standard","meta":{"give_campaign_id":0,"ngg_post_thumbnail":0,"jetpack_post_was_ever_published":false,"_jetpack_newsletter_access":"","_jetpack_dont_email_post_to_subs":false,"_jetpack_newsletter_tier_id":0,"_jetpack_memberships_contains_paywalled_content":false,"_jetpack_memberships_contains_paid_content":false,"footnotes":"","jetpack_publicize_message":"","jetpack_publicize_feature_enabled":true,"jetpack_social_post_already_shared":true,"jetpack_social_options":{"image_generator_settings":{"template":"highway","default_image_id":0,"font":"","enabled":false},"version":2},"_links_to":"","_links_to_target":""},"categories":[85],"tags":[388],"class_list":["post-920","post","type-post","status-publish","format-standard","has-post-thumbnail","hentry","category-be-kategoriyan","tag-daxuyanijiborayagisti"],"jetpack_publicize_connections":[],"jetpack_featured_media_url":"https:\/\/i0.wp.com\/hskurd.org\/wp-content\/uploads\/2017\/11\/IMG-20171114-WA0009-1.jpg?fit=1080%2C715&ssl=1","jetpack-related-posts":[{"id":5146,"url":"https:\/\/hskurd.org\/?p=5146&lang=ku","url_meta":{"origin":920,"position":0},"title":"kar\u00ea Heyva Sor akurd di 2020an de","author":"Sozdar","date":"15 \u064a\u0646\u0627\u064a\u0631\u060c 2021","format":false,"excerpt":"https:\/\/www.youtube.com\/watch?v=Ge5ptSwLiWk&pbjreload=101 \u00a0 2020 Salake awarte li ser kar\u00ea me di be\u015f\u00ea tendurst\u00ee de b\u00fb, bi belavb\u00fbna vayrosa Kov\u00eed-19 re me di Heyva Sor aKurd de cihek giring \u00fb fireh da bergirtina nexwe\u015fiy\u00ea di riya \u00e7end meken\u00eezman, girngtir\u00een\u00ea w\u00ea bir\u00eavebirina rew\u015fan di riya amadekirina navendan (3navend) be\u015f\u00ean di (5nexwe\u015fxaneyan )de \u00fb\u2026","rel":"","context":"\u0641\u064a &quot;Rapor&quot;","block_context":{"text":"Rapor","link":"https:\/\/hskurd.org\/?cat=206&lang=ku"},"img":{"alt_text":"","src":"https:\/\/i0.wp.com\/hskurd.org\/wp-content\/uploads\/2021\/01\/cropped-%D8%AC%D8%AF%D9%8A%D8%AF-%D9%87%D9%84%D8%A7%D9%84-%D8%A7%D8%AD%D9%85%D8%B1-1-2.jpg?fit=1030%2C1030&ssl=1&resize=350%2C200","width":350,"height":200,"srcset":"https:\/\/i0.wp.com\/hskurd.org\/wp-content\/uploads\/2021\/01\/cropped-%D8%AC%D8%AF%D9%8A%D8%AF-%D9%87%D9%84%D8%A7%D9%84-%D8%A7%D8%AD%D9%85%D8%B1-1-2.jpg?fit=1030%2C1030&ssl=1&resize=350%2C200 1x, https:\/\/i0.wp.com\/hskurd.org\/wp-content\/uploads\/2021\/01\/cropped-%D8%AC%D8%AF%D9%8A%D8%AF-%D9%87%D9%84%D8%A7%D9%84-%D8%A7%D8%AD%D9%85%D8%B1-1-2.jpg?fit=1030%2C1030&ssl=1&resize=525%2C300 1.5x, https:\/\/i0.wp.com\/hskurd.org\/wp-content\/uploads\/2021\/01\/cropped-%D8%AC%D8%AF%D9%8A%D8%AF-%D9%87%D9%84%D8%A7%D9%84-%D8%A7%D8%AD%D9%85%D8%B1-1-2.jpg?fit=1030%2C1030&ssl=1&resize=700%2C400 2x"},"classes":[]},{"id":5290,"url":"https:\/\/hskurd.org\/?p=5290&lang=ku","url_meta":{"origin":920,"position":1},"title":"8\u00ea Adar\u00ea cejna jin\u00ean Heyva Sor a Kurd e","author":"Sozdar","date":"11 \u0645\u0627\u0631\u0633\u060c 2021","format":false,"excerpt":"Wek ku tevahiya c\u00eehan bi roja 8 \u00ea Adar\u00ea roja Jin\u00ea ya c\u00cehan\u00ee p\u00eerozdike, cureyek ji r\u00eazgrtin ji bo w\u00ea ,destkeftey\u00ean w\u00ea \u00fb keda w\u00ea di hem\u00fb be\u015fan de ku her\u00ee daw\u00ee xwe di qada \u015fer\u00ea Korona de tesb\u00eet kir \u00fb di \u00e7eper\u00ean \u015fer\u00ea vayros\u00ea y\u00ean p\u00ea\u015f de cih\u00ea xwe\u2026","rel":"","context":"\u0641\u064a &quot;Parastin&quot;","block_context":{"text":"Parastin","link":"https:\/\/hskurd.org\/?cat=840&lang=ku"},"img":{"alt_text":"","src":"https:\/\/i0.wp.com\/hskurd.org\/wp-content\/uploads\/2021\/03\/952A2302-scaled.jpg?fit=1200%2C800&ssl=1&resize=350%2C200","width":350,"height":200,"srcset":"https:\/\/i0.wp.com\/hskurd.org\/wp-content\/uploads\/2021\/03\/952A2302-scaled.jpg?fit=1200%2C800&ssl=1&resize=350%2C200 1x, https:\/\/i0.wp.com\/hskurd.org\/wp-content\/uploads\/2021\/03\/952A2302-scaled.jpg?fit=1200%2C800&ssl=1&resize=525%2C300 1.5x, https:\/\/i0.wp.com\/hskurd.org\/wp-content\/uploads\/2021\/03\/952A2302-scaled.jpg?fit=1200%2C800&ssl=1&resize=700%2C400 2x, https:\/\/i0.wp.com\/hskurd.org\/wp-content\/uploads\/2021\/03\/952A2302-scaled.jpg?fit=1200%2C800&ssl=1&resize=1050%2C600 3x"},"classes":[]},{"id":9861,"url":"https:\/\/hskurd.org\/?p=9861&lang=ku","url_meta":{"origin":920,"position":2},"title":"Navenda Tenduristiy\u00ea ya Sereke ya \u015eedad\u00ea p\u00ea\u015fk\u00ea\u015fkirina xizmetguzariy\u00ea didom\u00eene","author":"neruda","date":"31 \u0623\u0643\u062a\u0648\u0628\u0631\u060c 2024","format":false,"excerpt":"Bi kl\u00eenk\u00ean hundir\u00een , zarok \u00fb jinan \u00fb be\u015f\u00ea lezg\u00een, Heyva Sor a Kurd li \u015eedad\u00ea p\u00ea\u015fk\u00ea\u015fkirina xizmet\u00ean awarte \u00fb l\u00eaner\u00eena tendurst\u00ee a sereke didom\u00eene , ku her be\u015fek rojane n\u00eaz\u00ee p\u00eanc\u00ee nexwe\u015f\u00ee p\u00ea\u015fwaz dike, muayeney\u00ean bij\u00ee\u015fk\u00ee t\u00ean kirin \u00fb li gor\u00ee v\u00ea yek\u00ea hin rew\u015f ji bo wan enelyiz\u2026","rel":"","context":"\u0641\u064a &quot;Be\u015f\u00ea WASH&quot;","block_context":{"text":"Be\u015f\u00ea WASH","link":"https:\/\/hskurd.org\/?cat=855&lang=ku"},"img":{"alt_text":"","src":"https:\/\/i0.wp.com\/hskurd.org\/wp-content\/uploads\/2024\/10\/465155306_855442716751029_8295762871801454754_n.jpg?fit=593%2C395&ssl=1&resize=350%2C200","width":350,"height":200,"srcset":"https:\/\/i0.wp.com\/hskurd.org\/wp-content\/uploads\/2024\/10\/465155306_855442716751029_8295762871801454754_n.jpg?fit=593%2C395&ssl=1&resize=350%2C200 1x, https:\/\/i0.wp.com\/hskurd.org\/wp-content\/uploads\/2024\/10\/465155306_855442716751029_8295762871801454754_n.jpg?fit=593%2C395&ssl=1&resize=525%2C300 1.5x"},"classes":[]},{"id":6935,"url":"https:\/\/hskurd.org\/?p=6935&lang=ku","url_meta":{"origin":920,"position":3},"title":"Ji bo raya gi\u015ft\u00ee ya c\u00eehan\u00ee","author":"Sozdar","date":"22 \u0641\u0628\u0631\u0627\u064a\u0631\u060c 2023","format":false,"excerpt":"Erdheja ku di 6 sibats 2023an de r\u00fbda ,b\u00fb sedema karesateke mirov\u00ee \u00fb zirareke mezin ji bo xelk\u00ean her\u00eam\u00ea ku heta v\u00ea gav\u00ea di aloziyeke ji\u0131yan\u00ee de mane. Li ser v\u00ea yek\u00ea mirovahiya c\u00eehan\u00ee \u00fb ya her\u00eam\u00ea ket nava hewldana el\u00eekariyeke pir mezin a mad\u00ee \u00fb manew\u00ee ji bo xelk\u00ean\u2026","rel":"","context":"\u0641\u064a &quot;Rapor&quot;","block_context":{"text":"Rapor","link":"https:\/\/hskurd.org\/?cat=206&lang=ku"},"img":{"alt_text":"","src":"https:\/\/i0.wp.com\/hskurd.org\/wp-content\/uploads\/2023\/02\/%D8%A8%D8%AF%D9%88%D9%86-%D8%A7%D8%B3%D9%85325_20230222135539.png?fit=1200%2C1200&ssl=1&resize=350%2C200","width":350,"height":200,"srcset":"https:\/\/i0.wp.com\/hskurd.org\/wp-content\/uploads\/2023\/02\/%D8%A8%D8%AF%D9%88%D9%86-%D8%A7%D8%B3%D9%85325_20230222135539.png?fit=1200%2C1200&ssl=1&resize=350%2C200 1x, https:\/\/i0.wp.com\/hskurd.org\/wp-content\/uploads\/2023\/02\/%D8%A8%D8%AF%D9%88%D9%86-%D8%A7%D8%B3%D9%85325_20230222135539.png?fit=1200%2C1200&ssl=1&resize=525%2C300 1.5x, https:\/\/i0.wp.com\/hskurd.org\/wp-content\/uploads\/2023\/02\/%D8%A8%D8%AF%D9%88%D9%86-%D8%A7%D8%B3%D9%85325_20230222135539.png?fit=1200%2C1200&ssl=1&resize=700%2C400 2x, https:\/\/i0.wp.com\/hskurd.org\/wp-content\/uploads\/2023\/02\/%D8%A8%D8%AF%D9%88%D9%86-%D8%A7%D8%B3%D9%85325_20230222135539.png?fit=1200%2C1200&ssl=1&resize=1050%2C600 3x"},"classes":[]},{"id":6917,"url":"https:\/\/hskurd.org\/?p=6917&lang=ku","url_meta":{"origin":920,"position":4},"title":"Ji bo Raya gi\u015ft\u00ee \u00fb hem\u00fb al\u00ee \u00fb r\u00eaxistin\u00ean mirov\u00ee","author":"Sozdar","date":"12 \u0641\u0628\u0631\u0627\u064a\u0631\u060c 2023","format":false,"excerpt":"Weke t\u00ea zan\u00een, ber dest\u00ea sibeha 6 \u00ea meha sibata 2023 yan de erdhejek di pileya 7.7 \u00fb 7.6 k\u00fb navenda w\u00ea li T\u00fcrkya \u00fb Suriye bi taybet her\u00eam\u00ean k\u00fb k\u00fbrd l\u00ea jiyandikin de r\u00fbda \u00fb b\u00fb sedema karesatek ya mirov\u00ee a pir giran. Jibo v\u00ea karesat\u00ea gelek sazi,yekiti,komele kesayet\u2026","rel":"","context":"\u0641\u064a &quot;Parastin&quot;","block_context":{"text":"Parastin","link":"https:\/\/hskurd.org\/?cat=840&lang=ku"},"img":{"alt_text":"","src":"","width":0,"height":0},"classes":[]},{"id":867,"url":"https:\/\/hskurd.org\/?p=867&lang=ku","url_meta":{"origin":920,"position":5},"title":"Heyva sor a kurd al\u00cekariy\u00ean tendurst\u00ee p\u00ea\u015fk\u00ea\u015f\u00ee 42,000 penaber\u00ee li kampa Er\u00ee\u015fa d\u0130ke","author":"heyvasorakurd","date":"30 \u0623\u0643\u062a\u0648\u0628\u0631\u060c 2017","format":false,"excerpt":"\u00a0 \u00a0 Endam\u00ean heyva sor a kurd her roj ji seat 8an ta 4an al\u00eeKariy\u00ean tendurst\u00ee\u00a0 p\u00ea\u015fk\u00ea\u015f\u00ee \u00a0penaber\u00ean kampa Er\u00ee\u015fa ya gir\u00eaday\u00ee bajar\u00ea Hesek\u00ea dikin. kamp \u00a0derdora 42 hezar penaber\u00ee\u00a0 dihew\u00eene \u00fb piraniya wan ji bajar\u00ea D\u00eara zor\u00ea ne. Li kamp\u00ea \u00a0S\u00ea kil\u00eenk\u00ean gir\u00eaday\u00ee\u00a0 nexwe\u015fiy\u00ean\u00a0 ( jin -zarok- hundr(\u00een) hene\u2026","rel":"","context":"\u0641\u064a &quot;Rapor&quot;","block_context":{"text":"Rapor","link":"https:\/\/hskurd.org\/?cat=206&lang=ku"},"img":{"alt_text":"","src":"https:\/\/hskurd.org\/wp-content\/uploads\/2017\/10\/Sequence-01.00_00_14_03.Still016.bmp","width":350,"height":200,"srcset":"https:\/\/hskurd.org\/wp-content\/uploads\/2017\/10\/Sequence-01.00_00_14_03.Still016.bmp 1x, https:\/\/hskurd.org\/wp-content\/uploads\/2017\/10\/Sequence-01.00_00_14_03.Still016.bmp 1.5x, https:\/\/hskurd.org\/wp-content\/uploads\/2017\/10\/Sequence-01.00_00_14_03.Still016.bmp 2x, https:\/\/hskurd.org\/wp-content\/uploads\/2017\/10\/Sequence-01.00_00_14_03.Still016.bmp 3x"},"classes":[]}],"jetpack_sharing_enabled":true,"_links":{"self":[{"href":"https:\/\/hskurd.org\/index.php?rest_route=\/wp\/v2\/posts\/920","targetHints":{"allow":["GET"]}}],"collection":[{"href":"https:\/\/hskurd.org\/index.php?rest_route=\/wp\/v2\/posts"}],"about":[{"href":"https:\/\/hskurd.org\/index.php?rest_route=\/wp\/v2\/types\/post"}],"author":[{"embeddable":true,"href":"https:\/\/hskurd.org\/index.php?rest_route=\/wp\/v2\/users\/2"}],"replies":[{"embeddable":true,"href":"https:\/\/hskurd.org\/index.php?rest_route=%2Fwp%2Fv2%2Fcomments&post=920"}],"version-history":[{"count":6,"href":"https:\/\/hskurd.org\/index.php?rest_route=\/wp\/v2\/posts\/920\/revisions"}],"predecessor-version":[{"id":946,"href":"https:\/\/hskurd.org\/index.php?rest_route=\/wp\/v2\/posts\/920\/revisions\/946"}],"wp:featuredmedia":[{"embeddable":true,"href":"https:\/\/hskurd.org\/index.php?rest_route=\/wp\/v2\/media\/921"}],"wp:attachment":[{"href":"https:\/\/hskurd.org\/index.php?rest_route=%2Fwp%2Fv2%2Fmedia&parent=920"}],"wp:term":[{"taxonomy":"category","embeddable":true,"href":"https:\/\/hskurd.org\/index.php?rest_route=%2Fwp%2Fv2%2Fcategories&post=920"},{"taxonomy":"post_tag","embeddable":true,"href":"https:\/\/hskurd.org\/index.php?rest_route=%2Fwp%2Fv2%2Ftags&post=920"}],"curies":[{"name":"wp","href":"https:\/\/api.w.org\/{rel}","templated":true}]}}