{"id":8757,"date":"2024-10-08T11:23:18","date_gmt":"2024-10-08T08:23:18","guid":{"rendered":"https:\/\/hskurd.org\/?p=8757"},"modified":"2024-10-08T11:23:18","modified_gmt":"2024-10-08T08:23:18","slug":"bi-hevkari-u-hezkirine-em-dikarin-alikariye-ji-kocberen-lubnane-peskes-bikin-2","status":"publish","type":"post","link":"https:\/\/hskurd.org\/?p=8757&lang=ku","title":{"rendered":"Bi hevkar\u00ee \u00fb hezkirin\u00ea em dikarin al\u00eekariy\u00ea ji ko\u00e7ber\u00ean Lubnan\u00ea p\u00ea\u015fk\u00ea\u015f bikin"},"content":{"rendered":"<div dir=\"auto\">Di kr\u00eez\u00ean mirovah\u00ee de, gir\u00eengiya xebat\u00ean kom\u00ee \u00fb hevgirtina civak\u00ee t\u00ea n\u00ee\u015fandan, ev yek j\u00ee Heyva Sor a Kurd di rew\u015fa daw\u00ee de di kampanyay\u00ean xwe y\u00ean mirov\u00ee de ji bo al\u00eekariya ko\u00e7ber\u00ean ji Lubnan\u00ea t\u00ean, p\u00eak t\u00eene.<\/div>\n<div dir=\"auto\">R\u00eaxistina Heyva Sor a Kurd di bin silogana &#8220;Bi hevkar\u00ee \u00fb hezkirin\u00ea em dikarin al\u00eekariy\u00ea ji ko\u00e7ber\u00ean Lubnan\u00ea p\u00ea\u015fk\u00ea\u015f bikin&#8221; li bajar \u00fb bajarok\u00ean sereke y\u00ean li her\u00eam\u00ean Bakur \u00fb Rojhilat\u00ea S\u00fbriy\u00ea kon\u00ean al\u00eekariy\u00ea vedan \u00fb xebata xwe didom\u00eene ji bo peydakirina pi\u015ftgiriya p\u00eaw\u00eest ji kes\u00ean ku ne\u00e7ar b\u00fbne dev ji mal\u00ean xwe berdin \u00fb xwe li cih\u00ean ewleh bigrin , herwiha p\u00ea\u015fk\u00ea\u015fkirina xizmet\u00ean piz\u00ee\u015fk\u00ee \u00fb l\u00eaner\u00eena tendurist\u00ee ji bo wan, ev hewldan ruh\u00ea hevkar\u00ee \u00fb hezkir\u00ean\u00ea ku kampaniy\u00ea p\u00ea bang dike dide n\u00ee\u015fandan .<\/div>\n<div dir=\"auto\"><img data-recalc-dims=\"1\" loading=\"lazy\" decoding=\"async\" data-attachment-id=\"8728\" data-permalink=\"https:\/\/hskurd.org\/?attachment_id=8728\" data-orig-file=\"https:\/\/i0.wp.com\/hskurd.org\/wp-content\/uploads\/2024\/10\/462181904_838542305107737_3158487833717623629_n.jpg?fit=1600%2C1066&amp;ssl=1\" data-orig-size=\"1600,1066\" data-comments-opened=\"0\" data-image-meta=\"{&quot;aperture&quot;:&quot;0&quot;,&quot;credit&quot;:&quot;&quot;,&quot;camera&quot;:&quot;&quot;,&quot;caption&quot;:&quot;&quot;,&quot;created_timestamp&quot;:&quot;0&quot;,&quot;copyright&quot;:&quot;&quot;,&quot;focal_length&quot;:&quot;0&quot;,&quot;iso&quot;:&quot;0&quot;,&quot;shutter_speed&quot;:&quot;0&quot;,&quot;title&quot;:&quot;&quot;,&quot;orientation&quot;:&quot;0&quot;}\" data-image-title=\"462181904_838542305107737_3158487833717623629_n\" data-image-description=\"\" data-image-caption=\"\" data-medium-file=\"https:\/\/i0.wp.com\/hskurd.org\/wp-content\/uploads\/2024\/10\/462181904_838542305107737_3158487833717623629_n.jpg?fit=300%2C200&amp;ssl=1\" data-large-file=\"https:\/\/i0.wp.com\/hskurd.org\/wp-content\/uploads\/2024\/10\/462181904_838542305107737_3158487833717623629_n.jpg?fit=1030%2C686&amp;ssl=1\" class=\"alignnone size-medium wp-image-8728\" src=\"https:\/\/i0.wp.com\/hskurd.org\/wp-content\/uploads\/2024\/10\/462181904_838542305107737_3158487833717623629_n.jpg?resize=300%2C200&#038;ssl=1\" alt=\"\" width=\"300\" height=\"200\" srcset=\"https:\/\/i0.wp.com\/hskurd.org\/wp-content\/uploads\/2024\/10\/462181904_838542305107737_3158487833717623629_n.jpg?resize=300%2C200&amp;ssl=1 300w, https:\/\/i0.wp.com\/hskurd.org\/wp-content\/uploads\/2024\/10\/462181904_838542305107737_3158487833717623629_n.jpg?resize=1030%2C686&amp;ssl=1 1030w, https:\/\/i0.wp.com\/hskurd.org\/wp-content\/uploads\/2024\/10\/462181904_838542305107737_3158487833717623629_n.jpg?resize=768%2C512&amp;ssl=1 768w, https:\/\/i0.wp.com\/hskurd.org\/wp-content\/uploads\/2024\/10\/462181904_838542305107737_3158487833717623629_n.jpg?resize=1536%2C1023&amp;ssl=1 1536w, https:\/\/i0.wp.com\/hskurd.org\/wp-content\/uploads\/2024\/10\/462181904_838542305107737_3158487833717623629_n.jpg?resize=1500%2C999&amp;ssl=1 1500w, https:\/\/i0.wp.com\/hskurd.org\/wp-content\/uploads\/2024\/10\/462181904_838542305107737_3158487833717623629_n.jpg?resize=705%2C470&amp;ssl=1 705w, https:\/\/i0.wp.com\/hskurd.org\/wp-content\/uploads\/2024\/10\/462181904_838542305107737_3158487833717623629_n.jpg?w=1600&amp;ssl=1 1600w\" sizes=\"auto, (max-width: 300px) 100vw, 300px\" \/> <img data-recalc-dims=\"1\" loading=\"lazy\" decoding=\"async\" data-attachment-id=\"8755\" data-permalink=\"https:\/\/hskurd.org\/?attachment_id=8755\" data-orig-file=\"https:\/\/i0.wp.com\/hskurd.org\/wp-content\/uploads\/2024\/10\/DSC_1805-scaled.jpg?fit=2560%2C1707&amp;ssl=1\" data-orig-size=\"2560,1707\" data-comments-opened=\"0\" data-image-meta=\"{&quot;aperture&quot;:&quot;9&quot;,&quot;credit&quot;:&quot;&quot;,&quot;camera&quot;:&quot;NIKON D5300&quot;,&quot;caption&quot;:&quot;&quot;,&quot;created_timestamp&quot;:&quot;1728212382&quot;,&quot;copyright&quot;:&quot;&quot;,&quot;focal_length&quot;:&quot;21&quot;,&quot;iso&quot;:&quot;200&quot;,&quot;shutter_speed&quot;:&quot;0.003125&quot;,&quot;title&quot;:&quot;&quot;,&quot;orientation&quot;:&quot;1&quot;}\" data-image-title=\"DSC_1805\" data-image-description=\"\" data-image-caption=\"\" data-medium-file=\"https:\/\/i0.wp.com\/hskurd.org\/wp-content\/uploads\/2024\/10\/DSC_1805-scaled.jpg?fit=300%2C200&amp;ssl=1\" data-large-file=\"https:\/\/i0.wp.com\/hskurd.org\/wp-content\/uploads\/2024\/10\/DSC_1805-scaled.jpg?fit=1030%2C687&amp;ssl=1\" class=\"alignnone size-medium wp-image-8755\" src=\"https:\/\/i0.wp.com\/hskurd.org\/wp-content\/uploads\/2024\/10\/DSC_1805.jpg?resize=300%2C200&#038;ssl=1\" alt=\"\" width=\"300\" height=\"200\" srcset=\"https:\/\/i0.wp.com\/hskurd.org\/wp-content\/uploads\/2024\/10\/DSC_1805-scaled.jpg?resize=300%2C200&amp;ssl=1 300w, https:\/\/i0.wp.com\/hskurd.org\/wp-content\/uploads\/2024\/10\/DSC_1805-scaled.jpg?resize=1030%2C687&amp;ssl=1 1030w, https:\/\/i0.wp.com\/hskurd.org\/wp-content\/uploads\/2024\/10\/DSC_1805-scaled.jpg?resize=768%2C512&amp;ssl=1 768w, https:\/\/i0.wp.com\/hskurd.org\/wp-content\/uploads\/2024\/10\/DSC_1805-scaled.jpg?resize=1536%2C1024&amp;ssl=1 1536w, https:\/\/i0.wp.com\/hskurd.org\/wp-content\/uploads\/2024\/10\/DSC_1805-scaled.jpg?resize=2048%2C1365&amp;ssl=1 2048w, https:\/\/i0.wp.com\/hskurd.org\/wp-content\/uploads\/2024\/10\/DSC_1805-scaled.jpg?resize=1500%2C1000&amp;ssl=1 1500w, https:\/\/i0.wp.com\/hskurd.org\/wp-content\/uploads\/2024\/10\/DSC_1805-scaled.jpg?resize=705%2C470&amp;ssl=1 705w\" sizes=\"auto, (max-width: 300px) 100vw, 300px\" \/><\/div>\n","protected":false},"excerpt":{"rendered":"<p>Di kr\u00eez\u00ean mirovah\u00ee de, gir\u00eengiya xebat\u00ean kom\u00ee \u00fb hevgirtina civak\u00ee t\u00ea n\u00ee\u015fandan, ev yek j\u00ee Heyva Sor a Kurd di rew\u015fa daw\u00ee de di kampanyay\u00ean xwe y\u00ean mirov\u00ee de ji bo al\u00eekariya ko\u00e7ber\u00ean ji Lubnan\u00ea t\u00ean, p\u00eak t\u00eene. R\u00eaxistina Heyva Sor a Kurd di bin silogana &#8220;Bi hevkar\u00ee \u00fb hezkirin\u00ea em dikarin al\u00eekariy\u00ea ji ko\u00e7ber\u00ean [&hellip;]<\/p>\n","protected":false},"author":1,"featured_media":8747,"comment_status":"open","ping_status":"open","sticky":false,"template":"","format":"standard","meta":{"give_campaign_id":0,"ngg_post_thumbnail":0,"jetpack_post_was_ever_published":false,"_jetpack_newsletter_access":"","_jetpack_dont_email_post_to_subs":false,"_jetpack_newsletter_tier_id":0,"_jetpack_memberships_contains_paywalled_content":false,"_jetpack_memberships_contains_paid_content":false,"footnotes":"","jetpack_publicize_message":"","jetpack_publicize_feature_enabled":true,"jetpack_social_post_already_shared":true,"jetpack_social_options":{"image_generator_settings":{"template":"highway","default_image_id":0,"font":"","enabled":false},"version":2},"_links_to":"","_links_to_target":""},"categories":[840,1486,846],"tags":[],"class_list":["post-8757","post","type-post","status-publish","format-standard","has-post-thumbnail","hentry","category-parastin","category-pistgirya-pskologik","category-tenduristi"],"jetpack_publicize_connections":[],"jetpack_featured_media_url":"https:\/\/i0.wp.com\/hskurd.org\/wp-content\/uploads\/2024\/10\/DSC_1845-scaled.jpg?fit=2560%2C1707&ssl=1","jetpack-related-posts":[{"id":8752,"url":"https:\/\/hskurd.org\/?p=8752&lang=ku","url_meta":{"origin":8757,"position":0},"title":"Bi hevkar\u00ee \u00fb hezkirin\u00ea em dikarin al\u00eekariy\u00ea ji ko\u00e7ber\u00ean Lubnan\u00ea p\u00ea\u015fk\u00ea\u015f bikin","author":"neruda","date":"8 \u0623\u0643\u062a\u0648\u0628\u0631\u060c 2024","format":false,"excerpt":"Di kr\u00eez\u00ean mirovah\u00ee de, gir\u00eengiya xebat\u00ean kom\u00ee \u00fb hevgirtina civak\u00ee t\u00ea n\u00ee\u015fandan, ev yek j\u00ee Heyva Sor a Kurd di rew\u015fa daw\u00ee de di kampanyay\u00ean xwe y\u00ean mirov\u00ee de ji bo al\u00eekariya ko\u00e7ber\u00ean ji Lubnan\u00ea t\u00ean, p\u00eak t\u00eene. R\u00eaxistina Heyva Sor a Kurd di bin silogana \"Bi hevkar\u00ee \u00fb hezkirin\u00ea\u2026","rel":"","context":"\u0641\u064a &quot;Parastin&quot;","block_context":{"text":"Parastin","link":"https:\/\/hskurd.org\/?cat=840&lang=ku"},"img":{"alt_text":"","src":"https:\/\/i0.wp.com\/hskurd.org\/wp-content\/uploads\/2024\/10\/DSC_1845-scaled.jpg?fit=1200%2C800&ssl=1&resize=350%2C200","width":350,"height":200,"srcset":"https:\/\/i0.wp.com\/hskurd.org\/wp-content\/uploads\/2024\/10\/DSC_1845-scaled.jpg?fit=1200%2C800&ssl=1&resize=350%2C200 1x, https:\/\/i0.wp.com\/hskurd.org\/wp-content\/uploads\/2024\/10\/DSC_1845-scaled.jpg?fit=1200%2C800&ssl=1&resize=525%2C300 1.5x, https:\/\/i0.wp.com\/hskurd.org\/wp-content\/uploads\/2024\/10\/DSC_1845-scaled.jpg?fit=1200%2C800&ssl=1&resize=700%2C400 2x, https:\/\/i0.wp.com\/hskurd.org\/wp-content\/uploads\/2024\/10\/DSC_1845-scaled.jpg?fit=1200%2C800&ssl=1&resize=1050%2C600 3x"},"classes":[]},{"id":7096,"url":"https:\/\/hskurd.org\/?p=7096&lang=ku","url_meta":{"origin":8757,"position":1},"title":"&#8220;Bersiva h\u00eaviy\u00ea di day\u00eena we de ye&#8221;","author":"heyvasorakurd","date":"23 \u0645\u0627\u0631\u0633\u060c 2023","format":false,"excerpt":"Bersiva h\u00eaviy\u00ea di day\u00eena we de ye\" Fitre \u00fb zekata xwe bidin ji bo kes\u00ean p\u00eadiviya wan bi al\u00eekariy\u00ea heye Ji Bo Gel\u00ean Me \u00fb Hem\u00fb P\u00eakhatye Musilman li Bakur \u00fb Rojhilat\u00ea Sur\u00ee Erk\u00ea hem\u00fb bawermenda ye bi hatina rojiya remezan\u00ea ya p\u00eeroz re , hem\u00fb kes\u00ean ku p\u00eaw\u00eestiya wan\u2026","rel":"","context":"\u0641\u064a &quot;b\u00ea kategoriyan&quot;","block_context":{"text":"b\u00ea kategoriyan","link":"https:\/\/hskurd.org\/?cat=85&lang=ku"},"img":{"alt_text":"","src":"https:\/\/i0.wp.com\/hskurd.org\/wp-content\/uploads\/2023\/03\/%D9%81%D9%8A%D9%84%D9%83%D8%B3-%D8%B2%D9%83%D8%A7%D8%A9-%D8%A7%D9%84%D9%81%D8%B7%D8%B1-3-scaled.jpg?fit=1200%2C800&ssl=1&resize=350%2C200","width":350,"height":200,"srcset":"https:\/\/i0.wp.com\/hskurd.org\/wp-content\/uploads\/2023\/03\/%D9%81%D9%8A%D9%84%D9%83%D8%B3-%D8%B2%D9%83%D8%A7%D8%A9-%D8%A7%D9%84%D9%81%D8%B7%D8%B1-3-scaled.jpg?fit=1200%2C800&ssl=1&resize=350%2C200 1x, https:\/\/i0.wp.com\/hskurd.org\/wp-content\/uploads\/2023\/03\/%D9%81%D9%8A%D9%84%D9%83%D8%B3-%D8%B2%D9%83%D8%A7%D8%A9-%D8%A7%D9%84%D9%81%D8%B7%D8%B1-3-scaled.jpg?fit=1200%2C800&ssl=1&resize=525%2C300 1.5x, https:\/\/i0.wp.com\/hskurd.org\/wp-content\/uploads\/2023\/03\/%D9%81%D9%8A%D9%84%D9%83%D8%B3-%D8%B2%D9%83%D8%A7%D8%A9-%D8%A7%D9%84%D9%81%D8%B7%D8%B1-3-scaled.jpg?fit=1200%2C800&ssl=1&resize=700%2C400 2x, https:\/\/i0.wp.com\/hskurd.org\/wp-content\/uploads\/2023\/03\/%D9%81%D9%8A%D9%84%D9%83%D8%B3-%D8%B2%D9%83%D8%A7%D8%A9-%D8%A7%D9%84%D9%81%D8%B7%D8%B1-3-scaled.jpg?fit=1200%2C800&ssl=1&resize=1050%2C600 3x"},"classes":[]},{"id":10062,"url":"https:\/\/hskurd.org\/?p=10062&lang=ku","url_meta":{"origin":8757,"position":2},"title":"Kir\u00eeza mirov\u00ee li Heleb \u00fb \u015eehbay\u00ea, bangewaziya hevgirtin \u00fb al\u00eekariy\u00ea","author":"neruda","date":"2 \u062f\u064a\u0633\u0645\u0628\u0631\u060c 2024","format":false,"excerpt":"Kir\u00eeza mirov\u00ee li Heleb \u00fb \u015eehbay\u00ea, bangewaziya hevgirtin \u00fb al\u00eekariy\u00ea Bajar\u00ea Heleb\u00ea, gundewar\u00ea w\u00ea \u00fb her\u00eama \u015eehbay\u00ea rast\u00ee kir\u00eezeke mirov\u00ee ya mezin t\u00ea, ku di b\u00fbyer\u00ean le\u015fker\u00ee y\u00ean daw\u00ee li wan her\u00eaman ,ev kir\u00eez dijwartir dibe. Ev yek j\u00ee b\u00fb sedem ku bi hezaran malbat tev\u00ee hejmareke z\u00eade ji zarok,\u2026","rel":"","context":"\u0641\u064a &quot;Awarte&quot;","block_context":{"text":"Awarte","link":"https:\/\/hskurd.org\/?cat=848&lang=ku"},"img":{"alt_text":"","src":"https:\/\/i0.wp.com\/hskurd.org\/wp-content\/uploads\/2024\/12\/9e3403b7-e3d0-44f4-b257-1441566e50c9.jpg?fit=1200%2C800&ssl=1&resize=350%2C200","width":350,"height":200,"srcset":"https:\/\/i0.wp.com\/hskurd.org\/wp-content\/uploads\/2024\/12\/9e3403b7-e3d0-44f4-b257-1441566e50c9.jpg?fit=1200%2C800&ssl=1&resize=350%2C200 1x, https:\/\/i0.wp.com\/hskurd.org\/wp-content\/uploads\/2024\/12\/9e3403b7-e3d0-44f4-b257-1441566e50c9.jpg?fit=1200%2C800&ssl=1&resize=525%2C300 1.5x, https:\/\/i0.wp.com\/hskurd.org\/wp-content\/uploads\/2024\/12\/9e3403b7-e3d0-44f4-b257-1441566e50c9.jpg?fit=1200%2C800&ssl=1&resize=700%2C400 2x, https:\/\/i0.wp.com\/hskurd.org\/wp-content\/uploads\/2024\/12\/9e3403b7-e3d0-44f4-b257-1441566e50c9.jpg?fit=1200%2C800&ssl=1&resize=1050%2C600 3x"},"classes":[]},{"id":7901,"url":"https:\/\/hskurd.org\/?p=7901&lang=ku","url_meta":{"origin":8757,"position":3},"title":"Heyva Sor a Kurd konferansa xwe ya s\u00eayem\u00een li darx\u0131st \u00fb hevserokatiyeke n\u00fb hilb\u0131jart","author":"neruda","date":"24 \u0646\u0648\u0641\u0645\u0628\u0631\u060c 2023","format":false,"excerpt":"\u00cero \u00cen\u00ea, R\u00eaxistina Heyva Sor a Kurd li bajar\u00ea Qami\u015flo s\u00eayem\u00een konferansa xwe bi d\u0131ru\u015fmeya \u201cBi h\u00eav\u00ee \u00fb hevkar\u00ee ji bo avakirina pa\u015ferojeke b\u0131 ron\u00ee \u201d l\u0131 darx\u0131st bi amadeb\u00fbna endam, kadroy\u00ean bij\u00ee\u015fk\u00ee \u00fb r\u00eaxistin\u00ean hevkar di xebat\u00ean mirov\u00ee de li. Tev\u00ee hejmarek ji berpirs\u00ean R\u00eaveberiya Xweser a Bakur \u00fb\u2026","rel":"","context":"\u0641\u064a &quot;Ge\u015fep\u00eadan&quot;","block_context":{"text":"Ge\u015fep\u00eadan","link":"https:\/\/hskurd.org\/?cat=862&lang=ku"},"img":{"alt_text":"","src":"https:\/\/i0.wp.com\/hskurd.org\/wp-content\/uploads\/2023\/11\/952A0191-copy-scaled.jpg?fit=1200%2C800&ssl=1&resize=350%2C200","width":350,"height":200,"srcset":"https:\/\/i0.wp.com\/hskurd.org\/wp-content\/uploads\/2023\/11\/952A0191-copy-scaled.jpg?fit=1200%2C800&ssl=1&resize=350%2C200 1x, https:\/\/i0.wp.com\/hskurd.org\/wp-content\/uploads\/2023\/11\/952A0191-copy-scaled.jpg?fit=1200%2C800&ssl=1&resize=525%2C300 1.5x, https:\/\/i0.wp.com\/hskurd.org\/wp-content\/uploads\/2023\/11\/952A0191-copy-scaled.jpg?fit=1200%2C800&ssl=1&resize=700%2C400 2x, https:\/\/i0.wp.com\/hskurd.org\/wp-content\/uploads\/2023\/11\/952A0191-copy-scaled.jpg?fit=1200%2C800&ssl=1&resize=1050%2C600 3x"},"classes":[]},{"id":6788,"url":"https:\/\/hskurd.org\/?p=6788&lang=ku","url_meta":{"origin":8757,"position":4},"title":"La\u015fmanya \u00fb dermankirina w\u00ea li navend\u00ean Heyva Sor a Kurd","author":"Sozdar","date":"10 \u0646\u0648\u0641\u0645\u0628\u0631\u060c 2022","format":false,"excerpt":"Di van dem\u00ean daw\u00een de gelek axaftin li ser belavb\u00fbna la\u015fmanyay\u00ea di nav ko\u00e7ber\u00ean s\u00fbriy\u00ea de li hem\u00ee teminan b\u00eatir\u00ee deverek\u00ee penaber b\u00fby\u00ee hene, ew nexwe\u015fiyeke \u00e7erm e ku bandor\u00ea li hem\u00fb kom\u00ean temam dike \u00fb di forma nod\u00fbleya sor de xuya dike, ku dibe sedema bir\u00een\u00ean ulserat\u00ee heta \u00e7end\u2026","rel":"","context":"\u0641\u064a &quot;Rapor&quot;","block_context":{"text":"Rapor","link":"https:\/\/hskurd.org\/?cat=206&lang=ku"},"img":{"alt_text":"","src":"https:\/\/i0.wp.com\/hskurd.org\/wp-content\/uploads\/2022\/11\/952A9945-scaled.jpg?fit=1200%2C800&ssl=1&resize=350%2C200","width":350,"height":200,"srcset":"https:\/\/i0.wp.com\/hskurd.org\/wp-content\/uploads\/2022\/11\/952A9945-scaled.jpg?fit=1200%2C800&ssl=1&resize=350%2C200 1x, https:\/\/i0.wp.com\/hskurd.org\/wp-content\/uploads\/2022\/11\/952A9945-scaled.jpg?fit=1200%2C800&ssl=1&resize=525%2C300 1.5x, https:\/\/i0.wp.com\/hskurd.org\/wp-content\/uploads\/2022\/11\/952A9945-scaled.jpg?fit=1200%2C800&ssl=1&resize=700%2C400 2x, https:\/\/i0.wp.com\/hskurd.org\/wp-content\/uploads\/2022\/11\/952A9945-scaled.jpg?fit=1200%2C800&ssl=1&resize=1050%2C600 3x"},"classes":[]},{"id":1047,"url":"https:\/\/hskurd.org\/?p=1047&lang=ku","url_meta":{"origin":8757,"position":5},"title":"Di kampaniya em Ba\u015f\u00fbr \u00fb Rojhilat bi ten\u00ea nah\u00ealin Gel\u00ea Rojava 129200$ p\u00ea\u015fk\u00ea\u015fkir","author":"heyvasorakurd","date":"25 \u062f\u064a\u0633\u0645\u0628\u0631\u060c 2017","format":false,"excerpt":"Di 12 heyva 11 an 2017 de, erdhej\u00eeneke mezin li rojhilat \u00fb ba\u015f\u00fbr\u00ea kurdistan\u00ea r\u00fb da \u00fb b\u00fb sedem ku bi sedan welat\u00ee ji van her\u00eaman jiyana xwe ji dest bidin \u00fb gelek avah\u00ee bi awayeke gi\u015ft\u00ee\u00a0 yan n\u00eav\u00e7\u00ee tevl\u00ee bingeh\u00ean jiyan\u00ee \u00fb c\u0131h\u00ean x\u0131zmetguzar\u0131y\u00ea\u00a0 di her\u00eam\u00ea de wer\u0131n hilwe\u015fandin\u2026","rel":"","context":"\u0641\u064a &quot;b\u00ea kategoriyan&quot;","block_context":{"text":"b\u00ea kategoriyan","link":"https:\/\/hskurd.org\/?cat=85&lang=ku"},"img":{"alt_text":"","src":"https:\/\/i0.wp.com\/hskurd.org\/wp-content\/uploads\/2017\/12\/IMG-20171222-WA0003-1.jpg?fit=960%2C540&ssl=1&resize=350%2C200","width":350,"height":200,"srcset":"https:\/\/i0.wp.com\/hskurd.org\/wp-content\/uploads\/2017\/12\/IMG-20171222-WA0003-1.jpg?fit=960%2C540&ssl=1&resize=350%2C200 1x, https:\/\/i0.wp.com\/hskurd.org\/wp-content\/uploads\/2017\/12\/IMG-20171222-WA0003-1.jpg?fit=960%2C540&ssl=1&resize=525%2C300 1.5x, https:\/\/i0.wp.com\/hskurd.org\/wp-content\/uploads\/2017\/12\/IMG-20171222-WA0003-1.jpg?fit=960%2C540&ssl=1&resize=700%2C400 2x"},"classes":[]}],"jetpack_sharing_enabled":true,"_links":{"self":[{"href":"https:\/\/hskurd.org\/index.php?rest_route=\/wp\/v2\/posts\/8757","targetHints":{"allow":["GET"]}}],"collection":[{"href":"https:\/\/hskurd.org\/index.php?rest_route=\/wp\/v2\/posts"}],"about":[{"href":"https:\/\/hskurd.org\/index.php?rest_route=\/wp\/v2\/types\/post"}],"author":[{"embeddable":true,"href":"https:\/\/hskurd.org\/index.php?rest_route=\/wp\/v2\/users\/1"}],"replies":[{"embeddable":true,"href":"https:\/\/hskurd.org\/index.php?rest_route=%2Fwp%2Fv2%2Fcomments&post=8757"}],"version-history":[{"count":2,"href":"https:\/\/hskurd.org\/index.php?rest_route=\/wp\/v2\/posts\/8757\/revisions"}],"predecessor-version":[{"id":8759,"href":"https:\/\/hskurd.org\/index.php?rest_route=\/wp\/v2\/posts\/8757\/revisions\/8759"}],"wp:featuredmedia":[{"embeddable":true,"href":"https:\/\/hskurd.org\/index.php?rest_route=\/wp\/v2\/media\/8747"}],"wp:attachment":[{"href":"https:\/\/hskurd.org\/index.php?rest_route=%2Fwp%2Fv2%2Fmedia&parent=8757"}],"wp:term":[{"taxonomy":"category","embeddable":true,"href":"https:\/\/hskurd.org\/index.php?rest_route=%2Fwp%2Fv2%2Fcategories&post=8757"},{"taxonomy":"post_tag","embeddable":true,"href":"https:\/\/hskurd.org\/index.php?rest_route=%2Fwp%2Fv2%2Ftags&post=8757"}],"curies":[{"name":"wp","href":"https:\/\/api.w.org\/{rel}","templated":true}]}}