{"id":8713,"date":"2024-10-02T14:44:07","date_gmt":"2024-10-02T11:44:07","guid":{"rendered":"https:\/\/hskurd.org\/?p=8713"},"modified":"2024-10-02T14:44:07","modified_gmt":"2024-10-02T11:44:07","slug":"kampanyeke-nu-ji-bo-peydakirina-ava-paqij-a-vexwarine-ji-gele-bajare-heseke-re","status":"publish","type":"post","link":"https:\/\/hskurd.org\/?p=8713&lang=ku","title":{"rendered":"kampanyeke n\u00fb ji bo peydakirina ava paqij a vexwarin\u00ea ji gel\u00ea bajar\u00ea Hesek\u00ea re"},"content":{"rendered":"<p><span class=\"embed-youtube\" style=\"text-align:center; display: block;\"><iframe loading=\"lazy\" class=\"youtube-player\" width=\"1500\" height=\"844\" src=\"https:\/\/www.youtube.com\/embed\/GPZcpUrHgFk?version=3&#038;rel=1&#038;showsearch=0&#038;showinfo=1&#038;iv_load_policy=1&#038;fs=1&#038;hl=ar&#038;autohide=2&#038;start=1&#038;wmode=transparent\" allowfullscreen=\"true\" style=\"border:0;\" sandbox=\"allow-scripts allow-same-origin allow-popups allow-presentation allow-popups-to-escape-sandbox\"><\/iframe><\/span><\/p>\n<p>Di dema ku bajar\u00ea Hesek\u00ea kir\u00eezan jiyan dike , xebat\u00ean Heyva Sor a Kurd wek m\u00eenaka xebat\u00ean mirovah\u00ee y\u00ean gir\u00eeng derdikevin p\u00ea\u015f. Ku r\u00eaxistin li hember\u00ee rew\u015fa hey\u00ee, bi hevkariya Medico Sw\u00eesre ji bo ava paqij a vexwarin\u00ea ji \u015f\u00eaniyan re peyda bike, gelek\u00ee dixebite. Ev hewldan di demeke xerab de t\u00ea ku bajar t\u00ea re derbas dib ji ber qutb\u00fby\u00eeneke giran a av\u00ea \u00fb ev yek j\u00ee bandoreke ney\u00een\u00ee li tenduristiya gel dike \u00fb ji ber k\u00eamb\u00fbna av\u00ea ji stasyona Alo\u00fbk rew\u015fa jiyan\u00ee dijwartir dike. Ev hemley\u00ean berdewam giringiya hevkariya civak\u00ea \u00fb koord\u00eeneya di navbera civakan \u00fb r\u00eaxistin\u00ean mirov\u00ee de n\u00ee\u015fan dide da ku pirsgir\u00eak\u00ean derdikevin hol\u00ea \u00e7areser bikin.<\/p>\n","protected":false},"excerpt":{"rendered":"<p>Di dema ku bajar\u00ea Hesek\u00ea kir\u00eezan jiyan dike , xebat\u00ean Heyva Sor a Kurd wek m\u00eenaka xebat\u00ean mirovah\u00ee y\u00ean gir\u00eeng derdikevin p\u00ea\u015f. Ku r\u00eaxistin li hember\u00ee rew\u015fa hey\u00ee, bi hevkariya Medico Sw\u00eesre ji bo ava paqij a vexwarin\u00ea ji \u015f\u00eaniyan re peyda bike, gelek\u00ee dixebite. Ev hewldan di demeke xerab de t\u00ea ku bajar t\u00ea [&hellip;]<\/p>\n","protected":false},"author":1,"featured_media":8702,"comment_status":"open","ping_status":"open","sticky":false,"template":"","format":"standard","meta":{"give_campaign_id":0,"ngg_post_thumbnail":0,"jetpack_post_was_ever_published":false,"_jetpack_newsletter_access":"","_jetpack_dont_email_post_to_subs":false,"_jetpack_newsletter_tier_id":0,"_jetpack_memberships_contains_paywalled_content":false,"_jetpack_memberships_contains_paid_content":false,"footnotes":"","jetpack_publicize_message":"","jetpack_publicize_feature_enabled":true,"jetpack_social_post_already_shared":true,"jetpack_social_options":{"image_generator_settings":{"template":"highway","default_image_id":0,"font":"","enabled":false},"version":2},"_links_to":"","_links_to_target":""},"categories":[855,846],"tags":[1897],"class_list":["post-8713","post","type-post","status-publish","format-standard","has-post-thumbnail","hentry","category-bese-wash","category-tenduristi","tag-hasake_belavbuna_ave"],"jetpack_publicize_connections":[],"jetpack_featured_media_url":"https:\/\/i0.wp.com\/hskurd.org\/wp-content\/uploads\/2024\/10\/wash-swetherland.png?fit=979%2C577&ssl=1","jetpack-related-posts":[{"id":10937,"url":"https:\/\/hskurd.org\/?p=10937&lang=ku","url_meta":{"origin":8713,"position":0},"title":"belavkirina ava paqij li bajar\u00ea Hesek\u00ea","author":"user55","date":"12 \u0645\u0627\u0631\u0633\u060c 2025","format":false,"excerpt":"Ji ber dubarekirina qutkirina av\u00ea ji stsiyona Elok li ser bajar\u00ea Hesek\u00ea \u00fb ji bo k\u00eamkirina aloziy\u00ean welatiyan di peydakirina ava paqij ,taybet penaber\u00ea Heleb \u00fb \u015eehba ku di wargehan de dim\u00eenin , T\u00eema WASH a Heyva Sor a Kurd di \u00e7ar\u00e7oveya pirojeya \"Medico Switzerland\" belavkirina ava paqij berdewam dike.\u2026","rel":"","context":"\u0641\u064a &quot;Be\u015f\u00ea WASH&quot;","block_context":{"text":"Be\u015f\u00ea WASH","link":"https:\/\/hskurd.org\/?cat=855&lang=ku"},"img":{"alt_text":"","src":"https:\/\/i0.wp.com\/hskurd.org\/wp-content\/uploads\/2025\/03\/f868fc37-ef4c-4b02-acba-6908c9c066ef.jpeg?fit=1040%2C780&ssl=1&resize=350%2C200","width":350,"height":200,"srcset":"https:\/\/i0.wp.com\/hskurd.org\/wp-content\/uploads\/2025\/03\/f868fc37-ef4c-4b02-acba-6908c9c066ef.jpeg?fit=1040%2C780&ssl=1&resize=350%2C200 1x, https:\/\/i0.wp.com\/hskurd.org\/wp-content\/uploads\/2025\/03\/f868fc37-ef4c-4b02-acba-6908c9c066ef.jpeg?fit=1040%2C780&ssl=1&resize=525%2C300 1.5x, https:\/\/i0.wp.com\/hskurd.org\/wp-content\/uploads\/2025\/03\/f868fc37-ef4c-4b02-acba-6908c9c066ef.jpeg?fit=1040%2C780&ssl=1&resize=700%2C400 2x"},"classes":[]},{"id":7929,"url":"https:\/\/hskurd.org\/?p=7929&lang=ku","url_meta":{"origin":8713,"position":1},"title":"Belavkirina ava vexwarin\u00ea li ser xelk\u00ea bajar\u00ea Hesek\u00ea berdewam e","author":"neruda","date":"28 \u0646\u0648\u0641\u0645\u0628\u0631\u060c 2023","format":false,"excerpt":"Di \u00e7ar\u00e7oveya projeya Mediko Sw\u00eesrey\u00ea de, Heyva Sor a Kurd bi al\u00eekar\u0131ya mecl\u00ees \u00fb kom\u00eenan, h\u00een j\u00ee av\u00ea li xelk\u00ea tax\u00ean bajar\u00ea Hesek\u00ea belav dike, ku ji ber qutb\u00fbna w\u00ea kr\u00eezek zehmet di peydakirina ava vexwarin\u00ea de j\u0131yan d\u0131k\u0131n ew j\u00ee j\u0131 ber q\u0131tb\u00fbna w\u00ea j\u0131 s\u0131tas\u0131yona Elok a li\u2026","rel":"","context":"\u0641\u064a &quot;Be\u015f\u00ea WASH&quot;","block_context":{"text":"Be\u015f\u00ea WASH","link":"https:\/\/hskurd.org\/?cat=855&lang=ku"},"img":{"alt_text":"","src":"https:\/\/i0.wp.com\/hskurd.org\/wp-content\/uploads\/2023\/11\/hhhh.jpg?fit=1200%2C800&ssl=1&resize=350%2C200","width":350,"height":200,"srcset":"https:\/\/i0.wp.com\/hskurd.org\/wp-content\/uploads\/2023\/11\/hhhh.jpg?fit=1200%2C800&ssl=1&resize=350%2C200 1x, https:\/\/i0.wp.com\/hskurd.org\/wp-content\/uploads\/2023\/11\/hhhh.jpg?fit=1200%2C800&ssl=1&resize=525%2C300 1.5x, https:\/\/i0.wp.com\/hskurd.org\/wp-content\/uploads\/2023\/11\/hhhh.jpg?fit=1200%2C800&ssl=1&resize=700%2C400 2x, https:\/\/i0.wp.com\/hskurd.org\/wp-content\/uploads\/2023\/11\/hhhh.jpg?fit=1200%2C800&ssl=1&resize=1050%2C600 3x"},"classes":[]},{"id":8521,"url":"https:\/\/hskurd.org\/?p=8521&lang=ku","url_meta":{"origin":8713,"position":2},"title":"AV J\u0130 BO HEZAR\u00caN PENABERAN L\u0130 KAMP\u00caN SHEHBA T\u00ca PEYDAK\u0130R\u0130N","author":"neruda","date":"30 \u064a\u0648\u0644\u064a\u0648\u060c 2024","format":false,"excerpt":"\u00a0 Heyva Sor a Kurd bi pi\u015ftgir\u00ee \u00fb hevkariya \u00a0Area Metropolitana de Barcelona (AMB) \u00a0\u00fb Mezzaluna Rossa Kurdistan Italia Onlus \u00a0\u00eensiyat\u00eefeke gir\u00eeng ji bo avakirina du b\u00eer\u00ean ku bi s\u00eestema enerjiya roj\u00ea hatine amadekirin, p\u00eak an\u00ee. Armanc\u00ean v\u00ea projey\u00ea ew e ku \u00e7areseriy\u00ean domdar peyda bike da ku bigih\u00eejin ava\u2026","rel":"","context":"\u0641\u064a &quot;Be\u015f\u00ea WASH&quot;","block_context":{"text":"Be\u015f\u00ea WASH","link":"https:\/\/hskurd.org\/?cat=855&lang=ku"},"img":{"alt_text":"","src":"https:\/\/i0.wp.com\/hskurd.org\/wp-content\/uploads\/2024\/07\/IMG_20240730_141556_250.jpg?fit=1200%2C800&ssl=1&resize=350%2C200","width":350,"height":200,"srcset":"https:\/\/i0.wp.com\/hskurd.org\/wp-content\/uploads\/2024\/07\/IMG_20240730_141556_250.jpg?fit=1200%2C800&ssl=1&resize=350%2C200 1x, https:\/\/i0.wp.com\/hskurd.org\/wp-content\/uploads\/2024\/07\/IMG_20240730_141556_250.jpg?fit=1200%2C800&ssl=1&resize=525%2C300 1.5x, https:\/\/i0.wp.com\/hskurd.org\/wp-content\/uploads\/2024\/07\/IMG_20240730_141556_250.jpg?fit=1200%2C800&ssl=1&resize=700%2C400 2x, https:\/\/i0.wp.com\/hskurd.org\/wp-content\/uploads\/2024\/07\/IMG_20240730_141556_250.jpg?fit=1200%2C800&ssl=1&resize=1050%2C600 3x"},"classes":[]},{"id":11380,"url":"https:\/\/hskurd.org\/?p=11380&lang=ku","url_meta":{"origin":8713,"position":3},"title":"Peydakirina enerjiya roj\u00ea  ji bo b\u00eer\u00ean av\u00ea li gundewar\u00ean Bajar\u00ea Qami\u015flo","author":"user55","date":"1 \u064a\u0648\u0644\u064a\u0648\u060c 2025","format":false,"excerpt":"Di \u00e7ar\u00e7oveya qonaxa duyem\u00een a projeya \"Enerjiya Roj\u00ea ji bo Bakur \u00fb Rojhilat\u00ea Suriy\u00ea\" bi Medico international \u201c re, Heyva Sor a Kurd enerjiya paqij li b\u00eer\u00ean av\u00ea y\u00ean li gund\u00ean Necmok \u00fb Girbaw\u00ee \u00fb Herem Re\u015f z\u00eade kir. Ev gund\u00ean han ji ber neb\u00fbna j\u00eader\u00ean bingeh\u00een\u00ean y\u00ean kehrebey\u00ea, ku\u2026","rel":"","context":"\u0641\u064a &quot;Be\u015f\u00ea WASH&quot;","block_context":{"text":"Be\u015f\u00ea WASH","link":"https:\/\/hskurd.org\/?cat=855&lang=ku"},"img":{"alt_text":"","src":"https:\/\/i0.wp.com\/hskurd.org\/wp-content\/uploads\/2025\/07\/IMG_5664-scaled.jpg?fit=1200%2C674&ssl=1&resize=350%2C200","width":350,"height":200,"srcset":"https:\/\/i0.wp.com\/hskurd.org\/wp-content\/uploads\/2025\/07\/IMG_5664-scaled.jpg?fit=1200%2C674&ssl=1&resize=350%2C200 1x, https:\/\/i0.wp.com\/hskurd.org\/wp-content\/uploads\/2025\/07\/IMG_5664-scaled.jpg?fit=1200%2C674&ssl=1&resize=525%2C300 1.5x, https:\/\/i0.wp.com\/hskurd.org\/wp-content\/uploads\/2025\/07\/IMG_5664-scaled.jpg?fit=1200%2C674&ssl=1&resize=700%2C400 2x, https:\/\/i0.wp.com\/hskurd.org\/wp-content\/uploads\/2025\/07\/IMG_5664-scaled.jpg?fit=1200%2C674&ssl=1&resize=1050%2C600 3x"},"classes":[]},{"id":10383,"url":"https:\/\/hskurd.org\/?p=10383&lang=ku","url_meta":{"origin":8713,"position":4},"title":"berdewaby\u00eena belavkirina ava vexwarin\u00ea li bajar\u00ea Hesek\u00ea","author":"neruda","date":"26 \u062f\u064a\u0633\u0645\u0628\u0631\u060c 2024","format":false,"excerpt":"Bi berdewambuy\u00eena aloziya ava vexwarin\u00ea ya bajar\u00ea Hesek\u00ea re, bi koord\u00eeneya kom\u00eenan Heyva Sor a Kurd xebat\u00ean belavkirina ava vexwarin\u00ea li \u015f\u00eaniyan berdewam dike, ev yek pi\u015ft\u00ee ku t\u00eema WASH ewleh\u00ee \u00fb kal\u00eeteya av\u00ea bi r\u00eaya alaveke \u015fopandina asta klor\u00ea misoger dike da ku rew\u015fa tenduristiya s\u00fbdmendan bipar\u00eaze. \u00a0","rel":"","context":"\u0641\u064a &quot;Be\u015f\u00ea WASH&quot;","block_context":{"text":"Be\u015f\u00ea WASH","link":"https:\/\/hskurd.org\/?cat=855&lang=ku"},"img":{"alt_text":"","src":"https:\/\/i0.wp.com\/hskurd.org\/wp-content\/uploads\/2024\/12\/952A4149-scaled.jpg?fit=1200%2C800&ssl=1&resize=350%2C200","width":350,"height":200,"srcset":"https:\/\/i0.wp.com\/hskurd.org\/wp-content\/uploads\/2024\/12\/952A4149-scaled.jpg?fit=1200%2C800&ssl=1&resize=350%2C200 1x, https:\/\/i0.wp.com\/hskurd.org\/wp-content\/uploads\/2024\/12\/952A4149-scaled.jpg?fit=1200%2C800&ssl=1&resize=525%2C300 1.5x, https:\/\/i0.wp.com\/hskurd.org\/wp-content\/uploads\/2024\/12\/952A4149-scaled.jpg?fit=1200%2C800&ssl=1&resize=700%2C400 2x, https:\/\/i0.wp.com\/hskurd.org\/wp-content\/uploads\/2024\/12\/952A4149-scaled.jpg?fit=1200%2C800&ssl=1&resize=1050%2C600 3x"},"classes":[]},{"id":11655,"url":"https:\/\/hskurd.org\/?p=11655&lang=ku","url_meta":{"origin":8713,"position":5},"title":"Projeya Av \u00fb J\u00eengeh\u00ea: Ber bi Perwerde \u00fb Tenduristiya saxlem ve","author":"user55","date":"9 \u0633\u0628\u062a\u0645\u0628\u0631\u060c 2025","format":false,"excerpt":"https:\/\/youtu.be\/-wl__LMHsPg?si=a3OmyZY_NOXmj07b Heyva Sor a Kurd, bi pi\u015ftgiriya \"Area Metropolitana de Barcelona (AMB)\", Projeya Av \u00fb J\u00eengeh\u00ea ji bo Civak \u00fb Navend\u00ean Perwerdehiy\u00ea di sala 2024\/2025 an de bi daw\u00ee kir. Di v\u00ea projey\u00ea de: \u2022 N\u00fbjenkirina 15 bax\u00e7ey\u00ean zarokan li Kantona Cez\u00eer\u00ea \u00fb du dibistan\u00ean li \u015eahbay\u00ea. \u2022 Xebitandina b\u00eerek\u2026","rel":"","context":"\u0641\u064a &quot;Be\u015f\u00ea WASH&quot;","block_context":{"text":"Be\u015f\u00ea WASH","link":"https:\/\/hskurd.org\/?cat=855&lang=ku"},"img":{"alt_text":"","src":"https:\/\/i0.wp.com\/hskurd.org\/wp-content\/uploads\/2025\/09\/%D9%A2%D9%A0%D9%A2%D9%A5%D9%A0%D9%A5%D9%A1%D9%A8_%D9%A0%D9%A9%D9%A5%D9%A7%D9%A4%D9%A0-scaled.jpg?fit=1200%2C675&ssl=1&resize=350%2C200","width":350,"height":200,"srcset":"https:\/\/i0.wp.com\/hskurd.org\/wp-content\/uploads\/2025\/09\/%D9%A2%D9%A0%D9%A2%D9%A5%D9%A0%D9%A5%D9%A1%D9%A8_%D9%A0%D9%A9%D9%A5%D9%A7%D9%A4%D9%A0-scaled.jpg?fit=1200%2C675&ssl=1&resize=350%2C200 1x, https:\/\/i0.wp.com\/hskurd.org\/wp-content\/uploads\/2025\/09\/%D9%A2%D9%A0%D9%A2%D9%A5%D9%A0%D9%A5%D9%A1%D9%A8_%D9%A0%D9%A9%D9%A5%D9%A7%D9%A4%D9%A0-scaled.jpg?fit=1200%2C675&ssl=1&resize=525%2C300 1.5x, https:\/\/i0.wp.com\/hskurd.org\/wp-content\/uploads\/2025\/09\/%D9%A2%D9%A0%D9%A2%D9%A5%D9%A0%D9%A5%D9%A1%D9%A8_%D9%A0%D9%A9%D9%A5%D9%A7%D9%A4%D9%A0-scaled.jpg?fit=1200%2C675&ssl=1&resize=700%2C400 2x, https:\/\/i0.wp.com\/hskurd.org\/wp-content\/uploads\/2025\/09\/%D9%A2%D9%A0%D9%A2%D9%A5%D9%A0%D9%A5%D9%A1%D9%A8_%D9%A0%D9%A9%D9%A5%D9%A7%D9%A4%D9%A0-scaled.jpg?fit=1200%2C675&ssl=1&resize=1050%2C600 3x"},"classes":[]}],"jetpack_sharing_enabled":true,"_links":{"self":[{"href":"https:\/\/hskurd.org\/index.php?rest_route=\/wp\/v2\/posts\/8713","targetHints":{"allow":["GET"]}}],"collection":[{"href":"https:\/\/hskurd.org\/index.php?rest_route=\/wp\/v2\/posts"}],"about":[{"href":"https:\/\/hskurd.org\/index.php?rest_route=\/wp\/v2\/types\/post"}],"author":[{"embeddable":true,"href":"https:\/\/hskurd.org\/index.php?rest_route=\/wp\/v2\/users\/1"}],"replies":[{"embeddable":true,"href":"https:\/\/hskurd.org\/index.php?rest_route=%2Fwp%2Fv2%2Fcomments&post=8713"}],"version-history":[{"count":2,"href":"https:\/\/hskurd.org\/index.php?rest_route=\/wp\/v2\/posts\/8713\/revisions"}],"predecessor-version":[{"id":8715,"href":"https:\/\/hskurd.org\/index.php?rest_route=\/wp\/v2\/posts\/8713\/revisions\/8715"}],"wp:featuredmedia":[{"embeddable":true,"href":"https:\/\/hskurd.org\/index.php?rest_route=\/wp\/v2\/media\/8702"}],"wp:attachment":[{"href":"https:\/\/hskurd.org\/index.php?rest_route=%2Fwp%2Fv2%2Fmedia&parent=8713"}],"wp:term":[{"taxonomy":"category","embeddable":true,"href":"https:\/\/hskurd.org\/index.php?rest_route=%2Fwp%2Fv2%2Fcategories&post=8713"},{"taxonomy":"post_tag","embeddable":true,"href":"https:\/\/hskurd.org\/index.php?rest_route=%2Fwp%2Fv2%2Ftags&post=8713"}],"curies":[{"name":"wp","href":"https:\/\/api.w.org\/{rel}","templated":true}]}}