{"id":867,"date":"2017-10-30T10:47:58","date_gmt":"2017-10-30T07:47:58","guid":{"rendered":"https:\/\/hskurd.org\/?p=867"},"modified":"2017-10-30T13:12:22","modified_gmt":"2017-10-30T10:12:22","slug":"heyva-sor-a-kurd-alikariyen-tendursti-peskesi-42000-penaberi-li-kampa-erisa-dike","status":"publish","type":"post","link":"https:\/\/hskurd.org\/?p=867&lang=ku","title":{"rendered":"Heyva sor a kurd al\u00cekariy\u00ean tendurst\u00ee p\u00ea\u015fk\u00ea\u015f\u00ee 42,000 penaber\u00ee li kampa Er\u00ee\u015fa d\u0130ke"},"content":{"rendered":"<p>&nbsp;<\/p>\n<p>&nbsp;<\/p>\n<p style=\"text-align: left;\"><a href=\"https:\/\/hskurd.org\/wp-content\/uploads\/2017\/10\/Sequence-01.00_00_14_03.Still016.bmp\"><img loading=\"lazy\" decoding=\"async\" data-attachment-id=\"868\" data-permalink=\"https:\/\/hskurd.org\/?attachment_id=868\" data-orig-file=\"https:\/\/hskurd.org\/wp-content\/uploads\/2017\/10\/Sequence-01.00_00_14_03.Still016.bmp\" data-orig-size=\"1440,1080\" data-comments-opened=\"0\" data-image-meta=\"{&quot;aperture&quot;:&quot;0&quot;,&quot;credit&quot;:&quot;&quot;,&quot;camera&quot;:&quot;&quot;,&quot;caption&quot;:&quot;&quot;,&quot;created_timestamp&quot;:&quot;0&quot;,&quot;copyright&quot;:&quot;&quot;,&quot;focal_length&quot;:&quot;0&quot;,&quot;iso&quot;:&quot;0&quot;,&quot;shutter_speed&quot;:&quot;0&quot;,&quot;title&quot;:&quot;&quot;,&quot;orientation&quot;:&quot;0&quot;}\" data-image-title=\"Sequence 01.00_00_14_03.Still016\" data-image-description=\"\" data-image-caption=\"\" data-medium-file=\"https:\/\/hskurd.org\/wp-content\/uploads\/2017\/10\/Sequence-01.00_00_14_03.Still016-300x225.bmp\" data-large-file=\"https:\/\/hskurd.org\/wp-content\/uploads\/2017\/10\/Sequence-01.00_00_14_03.Still016-1024x768.bmp\" class=\"alignnone size-large wp-image-868\" src=\"https:\/\/hskurd.org\/wp-content\/uploads\/2017\/10\/Sequence-01.00_00_14_03.Still016-1024x768.bmp\" alt=\"\" width=\"620\" height=\"465\" srcset=\"https:\/\/hskurd.org\/wp-content\/uploads\/2017\/10\/Sequence-01.00_00_14_03.Still016-1024x768.bmp 1024w, https:\/\/hskurd.org\/wp-content\/uploads\/2017\/10\/Sequence-01.00_00_14_03.Still016-300x225.bmp 300w, https:\/\/hskurd.org\/wp-content\/uploads\/2017\/10\/Sequence-01.00_00_14_03.Still016-768x576.bmp 768w, https:\/\/hskurd.org\/wp-content\/uploads\/2017\/10\/Sequence-01.00_00_14_03.Still016.bmp 1440w\" sizes=\"auto, (max-width: 620px) 100vw, 620px\" \/><\/a> <img loading=\"lazy\" decoding=\"async\" data-attachment-id=\"869\" data-permalink=\"https:\/\/hskurd.org\/?attachment_id=869\" data-orig-file=\"https:\/\/hskurd.org\/wp-content\/uploads\/2017\/10\/Sequence-01.00_01_00_12.Still014.bmp\" data-orig-size=\"1440,1080\" data-comments-opened=\"0\" data-image-meta=\"{&quot;aperture&quot;:&quot;0&quot;,&quot;credit&quot;:&quot;&quot;,&quot;camera&quot;:&quot;&quot;,&quot;caption&quot;:&quot;&quot;,&quot;created_timestamp&quot;:&quot;0&quot;,&quot;copyright&quot;:&quot;&quot;,&quot;focal_length&quot;:&quot;0&quot;,&quot;iso&quot;:&quot;0&quot;,&quot;shutter_speed&quot;:&quot;0&quot;,&quot;title&quot;:&quot;&quot;,&quot;orientation&quot;:&quot;0&quot;}\" data-image-title=\"Sequence 01.00_01_00_12.Still014\" data-image-description=\"\" data-image-caption=\"\" data-medium-file=\"https:\/\/hskurd.org\/wp-content\/uploads\/2017\/10\/Sequence-01.00_01_00_12.Still014-300x225.bmp\" data-large-file=\"https:\/\/hskurd.org\/wp-content\/uploads\/2017\/10\/Sequence-01.00_01_00_12.Still014-1024x768.bmp\" class=\"alignnone size-large wp-image-869 alignright\" src=\"https:\/\/hskurd.org\/wp-content\/uploads\/2017\/10\/Sequence-01.00_01_00_12.Still014-1024x768.bmp\" alt=\"\" width=\"620\" height=\"465\" srcset=\"https:\/\/hskurd.org\/wp-content\/uploads\/2017\/10\/Sequence-01.00_01_00_12.Still014-1024x768.bmp 1024w, https:\/\/hskurd.org\/wp-content\/uploads\/2017\/10\/Sequence-01.00_01_00_12.Still014-300x225.bmp 300w, https:\/\/hskurd.org\/wp-content\/uploads\/2017\/10\/Sequence-01.00_01_00_12.Still014-768x576.bmp 768w, https:\/\/hskurd.org\/wp-content\/uploads\/2017\/10\/Sequence-01.00_01_00_12.Still014.bmp 1440w\" sizes=\"auto, (max-width: 620px) 100vw, 620px\" \/> <img loading=\"lazy\" decoding=\"async\" data-attachment-id=\"870\" data-permalink=\"https:\/\/hskurd.org\/?attachment_id=870\" data-orig-file=\"https:\/\/hskurd.org\/wp-content\/uploads\/2017\/10\/Sequence-01.00_00_50_11.Still015.bmp\" data-orig-size=\"1440,1080\" data-comments-opened=\"0\" data-image-meta=\"{&quot;aperture&quot;:&quot;0&quot;,&quot;credit&quot;:&quot;&quot;,&quot;camera&quot;:&quot;&quot;,&quot;caption&quot;:&quot;&quot;,&quot;created_timestamp&quot;:&quot;0&quot;,&quot;copyright&quot;:&quot;&quot;,&quot;focal_length&quot;:&quot;0&quot;,&quot;iso&quot;:&quot;0&quot;,&quot;shutter_speed&quot;:&quot;0&quot;,&quot;title&quot;:&quot;&quot;,&quot;orientation&quot;:&quot;0&quot;}\" data-image-title=\"Sequence 01.00_00_50_11.Still015\" data-image-description=\"\" data-image-caption=\"\" data-medium-file=\"https:\/\/hskurd.org\/wp-content\/uploads\/2017\/10\/Sequence-01.00_00_50_11.Still015-300x225.bmp\" data-large-file=\"https:\/\/hskurd.org\/wp-content\/uploads\/2017\/10\/Sequence-01.00_00_50_11.Still015-1024x768.bmp\" class=\"alignnone size-large wp-image-870 alignright\" src=\"https:\/\/hskurd.org\/wp-content\/uploads\/2017\/10\/Sequence-01.00_00_50_11.Still015-1024x768.bmp\" alt=\"\" width=\"620\" height=\"465\" srcset=\"https:\/\/hskurd.org\/wp-content\/uploads\/2017\/10\/Sequence-01.00_00_50_11.Still015-1024x768.bmp 1024w, https:\/\/hskurd.org\/wp-content\/uploads\/2017\/10\/Sequence-01.00_00_50_11.Still015-300x225.bmp 300w, https:\/\/hskurd.org\/wp-content\/uploads\/2017\/10\/Sequence-01.00_00_50_11.Still015-768x576.bmp 768w, https:\/\/hskurd.org\/wp-content\/uploads\/2017\/10\/Sequence-01.00_00_50_11.Still015.bmp 1440w\" sizes=\"auto, (max-width: 620px) 100vw, 620px\" \/>Endam\u00ean heyva sor a kurd her roj ji seat 8an ta 4an al\u00eeKariy\u00ean tendurst\u00ee\u00a0 p\u00ea\u015fk\u00ea\u015f\u00ee \u00a0penaber\u00ean kampa Er\u00ee\u015fa ya gir\u00eaday\u00ee bajar\u00ea Hesek\u00ea dikin.<\/p>\n<p style=\"text-align: left;\">kamp \u00a0derdora 42 hezar penaber\u00ee\u00a0 dihew\u00eene \u00fb piraniya wan ji bajar\u00ea D\u00eara zor\u00ea ne.<\/p>\n<p style=\"text-align: left;\">Li kamp\u00ea \u00a0S\u00ea kil\u00eenk\u00ean gir\u00eaday\u00ee\u00a0 nexwe\u015fiy\u00ean\u00a0 ( jin -zarok- hundr(\u00een) hene \u00fb ew kil\u00eenk her roj derdora 500 nexwe\u015f\u00ee dermandike\u00a0 her wiha kl\u00eenkek gerok her roj li kamp\u00ea digere \u00fb nexwe\u015fiy\u00ean jinan derman dikin \u00a0.<\/p>\n<p style=\"text-align: left;\">\u00a0Endam\u00ean\u00a0 heyva sor a kurd li her du xal\u00ean p\u00ea\u015fwaziy\u00ea (Ebu Xe\u015feb -Maliha) \u00a0\u00a0al\u00eekariy\u00ean tendurst\u00ee p\u00ea\u015fk\u00ea\u015f\u00ee \u00a0penaberan dikin \u00fb bi n\u00eaz\u00eekb\u00fbna\u00a0 werz\u00ea zivistan\u00ee \u00a0Bang\u00ea\u00a0 li saziy\u00ean navnetw\u00ee\u00a0 dikin ku al\u00eekariya wan bikin .<\/p>\n","protected":false},"excerpt":{"rendered":"<p>&nbsp; &nbsp; Endam\u00ean heyva sor a kurd her roj ji seat 8an ta 4an al\u00eeKariy\u00ean tendurst\u00ee\u00a0 p\u00ea\u015fk\u00ea\u015f\u00ee \u00a0penaber\u00ean kampa Er\u00ee\u015fa ya gir\u00eaday\u00ee bajar\u00ea Hesek\u00ea dikin. kamp \u00a0derdora 42 hezar penaber\u00ee\u00a0 dihew\u00eene \u00fb piraniya wan ji bajar\u00ea D\u00eara zor\u00ea ne. Li kamp\u00ea \u00a0S\u00ea kil\u00eenk\u00ean gir\u00eaday\u00ee\u00a0 nexwe\u015fiy\u00ean\u00a0 ( jin -zarok- hundr(\u00een) hene \u00fb ew kil\u00eenk her roj [&hellip;]<\/p>\n","protected":false},"author":2,"featured_media":868,"comment_status":"open","ping_status":"open","sticky":false,"template":"","format":"standard","meta":{"give_campaign_id":0,"ngg_post_thumbnail":0,"jetpack_post_was_ever_published":false,"_jetpack_newsletter_access":"","_jetpack_dont_email_post_to_subs":false,"_jetpack_newsletter_tier_id":0,"_jetpack_memberships_contains_paywalled_content":false,"_jetpack_memberships_contains_paid_content":false,"footnotes":"","jetpack_publicize_message":"","jetpack_publicize_feature_enabled":true,"jetpack_social_post_already_shared":true,"jetpack_social_options":{"image_generator_settings":{"template":"highway","default_image_id":0,"font":"","enabled":false},"version":2},"_links_to":"","_links_to_target":""},"categories":[206],"tags":[372],"class_list":["post-867","post","type-post","status-publish","format-standard","has-post-thumbnail","hentry","category-rapor","tag-endamen_heyva_sor_akurd_alikariya_tendursti_penaberen_erisa"],"jetpack_publicize_connections":[],"jetpack_featured_media_url":"https:\/\/hskurd.org\/wp-content\/uploads\/2017\/10\/Sequence-01.00_00_14_03.Still016.bmp","jetpack-related-posts":[{"id":5945,"url":"https:\/\/hskurd.org\/?p=5945&lang=ku","url_meta":{"origin":867,"position":0},"title":"Xizmeta tendurst\u00ee a seretay\u00ee \u00fb hwd li \u015eehbay\u00ea","author":"Sozdar","date":"12 \u0623\u0628\u0631\u064a\u0644\u060c 2022","format":false,"excerpt":"Xala tendurst\u00ee li kampa Berxedan ku \u00e7ar sal\u00ea w\u00ea xizmeta tendurst\u00ee a seretay\u00ee ji bo derdora 2700 penaber\u00ean Efr\u00een\u00ea re p\u00ea\u015fk\u00ea\u015f dike ,ku t\u00eema ji 11 kesan p\u00eak t\u00ea di riya kil\u00eenk\u00ean (hundr\u00een,jin ,zarok \u00fb rew\u015f\u00eab lezg\u00een ....hwd ) nexwe\u015fan p\u00ea\u015fwaz\u00ee dikin. Her wiha \u015fe\u015f xal\u00ean tendurst\u00ee y\u00ean din \u00ean\u2026","rel":"","context":"\u0641\u064a &quot;Tendurist\u00ee&quot;","block_context":{"text":"Tendurist\u00ee","link":"https:\/\/hskurd.org\/?cat=846&lang=ku"},"img":{"alt_text":"","src":"https:\/\/i0.wp.com\/hskurd.org\/wp-content\/uploads\/2022\/04\/277356748_3159338867678486_3787122392513267185_n.jpg?fit=1200%2C800&ssl=1&resize=350%2C200","width":350,"height":200,"srcset":"https:\/\/i0.wp.com\/hskurd.org\/wp-content\/uploads\/2022\/04\/277356748_3159338867678486_3787122392513267185_n.jpg?fit=1200%2C800&ssl=1&resize=350%2C200 1x, https:\/\/i0.wp.com\/hskurd.org\/wp-content\/uploads\/2022\/04\/277356748_3159338867678486_3787122392513267185_n.jpg?fit=1200%2C800&ssl=1&resize=525%2C300 1.5x, https:\/\/i0.wp.com\/hskurd.org\/wp-content\/uploads\/2022\/04\/277356748_3159338867678486_3787122392513267185_n.jpg?fit=1200%2C800&ssl=1&resize=700%2C400 2x, https:\/\/i0.wp.com\/hskurd.org\/wp-content\/uploads\/2022\/04\/277356748_3159338867678486_3787122392513267185_n.jpg?fit=1200%2C800&ssl=1&resize=1050%2C600 3x"},"classes":[]},{"id":7578,"url":"https:\/\/hskurd.org\/?p=7578&lang=ku","url_meta":{"origin":867,"position":1},"title":"Al\u00eekariya lezk\u00een ji bo du zarokan Ji ber teq\u00eena bermahiy\u00ean \u015fer li Tel Temr\u00ea","author":"heyvasorakurd","date":"6 \u0633\u0628\u062a\u0645\u0628\u0631\u060c 2023","format":false,"excerpt":"Duh, Du\u015fem\u00ea, Heyva Sor a Kurd, di encama teq\u00eena may\u00een\u00ean \u015fer de, al\u00eekariya yekem \u00fb bilez p\u00ea\u015fk\u00ea\u015f\u00ee du zarok\u00ean ji gund\u00ea El-Selamsa li gundewar\u00ea Til Temir\u00ea kirin, ku piraniya bir\u00eenan di zik \u00fb ling\u00ean wan de b\u00fbn. Pi\u015ft\u00ee p\u00ea\u015fk\u00ea\u015fkirina al\u00eekariy\u00ean lezg\u00een \u00fb p\u00eaw\u00eest, ji bo dermankirin\u00ea bo nexwe\u015fxaney\u00ean bajar\u00ea Hesek\u00ea\u2026","rel":"","context":"\u0641\u064a &quot;Awarte&quot;","block_context":{"text":"Awarte","link":"https:\/\/hskurd.org\/?cat=848&lang=ku"},"img":{"alt_text":"","src":"https:\/\/i0.wp.com\/hskurd.org\/wp-content\/uploads\/2023\/09\/374203029_614110440884259_7169837901949093302_n-1.jpg?fit=1080%2C674&ssl=1&resize=350%2C200","width":350,"height":200,"srcset":"https:\/\/i0.wp.com\/hskurd.org\/wp-content\/uploads\/2023\/09\/374203029_614110440884259_7169837901949093302_n-1.jpg?fit=1080%2C674&ssl=1&resize=350%2C200 1x, https:\/\/i0.wp.com\/hskurd.org\/wp-content\/uploads\/2023\/09\/374203029_614110440884259_7169837901949093302_n-1.jpg?fit=1080%2C674&ssl=1&resize=525%2C300 1.5x, https:\/\/i0.wp.com\/hskurd.org\/wp-content\/uploads\/2023\/09\/374203029_614110440884259_7169837901949093302_n-1.jpg?fit=1080%2C674&ssl=1&resize=700%2C400 2x, https:\/\/i0.wp.com\/hskurd.org\/wp-content\/uploads\/2023\/09\/374203029_614110440884259_7169837901949093302_n-1.jpg?fit=1080%2C674&ssl=1&resize=1050%2C600 3x"},"classes":[]},{"id":5146,"url":"https:\/\/hskurd.org\/?p=5146&lang=ku","url_meta":{"origin":867,"position":2},"title":"kar\u00ea Heyva Sor akurd di 2020an de","author":"Sozdar","date":"15 \u064a\u0646\u0627\u064a\u0631\u060c 2021","format":false,"excerpt":"https:\/\/www.youtube.com\/watch?v=Ge5ptSwLiWk&pbjreload=101 \u00a0 2020 Salake awarte li ser kar\u00ea me di be\u015f\u00ea tendurst\u00ee de b\u00fb, bi belavb\u00fbna vayrosa Kov\u00eed-19 re me di Heyva Sor aKurd de cihek giring \u00fb fireh da bergirtina nexwe\u015fiy\u00ea di riya \u00e7end meken\u00eezman, girngtir\u00een\u00ea w\u00ea bir\u00eavebirina rew\u015fan di riya amadekirina navendan (3navend) be\u015f\u00ean di (5nexwe\u015fxaneyan )de \u00fb\u2026","rel":"","context":"\u0641\u064a &quot;Rapor&quot;","block_context":{"text":"Rapor","link":"https:\/\/hskurd.org\/?cat=206&lang=ku"},"img":{"alt_text":"","src":"https:\/\/i0.wp.com\/hskurd.org\/wp-content\/uploads\/2021\/01\/cropped-%D8%AC%D8%AF%D9%8A%D8%AF-%D9%87%D9%84%D8%A7%D9%84-%D8%A7%D8%AD%D9%85%D8%B1-1-2.jpg?fit=1030%2C1030&ssl=1&resize=350%2C200","width":350,"height":200,"srcset":"https:\/\/i0.wp.com\/hskurd.org\/wp-content\/uploads\/2021\/01\/cropped-%D8%AC%D8%AF%D9%8A%D8%AF-%D9%87%D9%84%D8%A7%D9%84-%D8%A7%D8%AD%D9%85%D8%B1-1-2.jpg?fit=1030%2C1030&ssl=1&resize=350%2C200 1x, https:\/\/i0.wp.com\/hskurd.org\/wp-content\/uploads\/2021\/01\/cropped-%D8%AC%D8%AF%D9%8A%D8%AF-%D9%87%D9%84%D8%A7%D9%84-%D8%A7%D8%AD%D9%85%D8%B1-1-2.jpg?fit=1030%2C1030&ssl=1&resize=525%2C300 1.5x, https:\/\/i0.wp.com\/hskurd.org\/wp-content\/uploads\/2021\/01\/cropped-%D8%AC%D8%AF%D9%8A%D8%AF-%D9%87%D9%84%D8%A7%D9%84-%D8%A7%D8%AD%D9%85%D8%B1-1-2.jpg?fit=1030%2C1030&ssl=1&resize=700%2C400 2x"},"classes":[]},{"id":8378,"url":"https:\/\/hskurd.org\/?p=8378&lang=ku","url_meta":{"origin":867,"position":3},"title":"Heyva Sor a Kurd xizmet\u00ean xwe p\u00ea\u015fk\u00ea\u015f\u00ee her\u00eam\u00ean her\u00ee d\u00fbr j\u00ee dike","author":"neruda","date":"16 \u0645\u0627\u064a\u0648\u060c 2024","format":false,"excerpt":"Ji ber ku peydakirina xizmet \u00fb l\u00eanih\u00ear\u00eena tendurist\u00ee \u00fb piz\u00ee\u015fk\u00ee ya berdest e xaleke serekeye, taybet li dever\u00ean her\u00ee d\u00fbr j\u00ee, kl\u00een\u00eek\u00ean Navenda Heyva Sor a Kurd (hundir\u00een - jin \u2013 zarok- rew\u015f\u00ean awerte) li kampa Eb\u00fb Xe\u015feb ku li gundewar\u00ea bakur\u00ea rojavay\u00ea D\u00earezor\u00ea dikeve ,xizmet\u00ean xwe p\u00ea\u015fk\u00ea\u015f dikin. ji\u2026","rel":"","context":"\u0641\u064a &quot;Awarte&quot;","block_context":{"text":"Awarte","link":"https:\/\/hskurd.org\/?cat=848&lang=ku"},"img":{"alt_text":"","src":"https:\/\/i0.wp.com\/hskurd.org\/wp-content\/uploads\/2024\/05\/442437327_749794957315806_1622463212780214570_n.jpg?fit=1200%2C800&ssl=1&resize=350%2C200","width":350,"height":200,"srcset":"https:\/\/i0.wp.com\/hskurd.org\/wp-content\/uploads\/2024\/05\/442437327_749794957315806_1622463212780214570_n.jpg?fit=1200%2C800&ssl=1&resize=350%2C200 1x, https:\/\/i0.wp.com\/hskurd.org\/wp-content\/uploads\/2024\/05\/442437327_749794957315806_1622463212780214570_n.jpg?fit=1200%2C800&ssl=1&resize=525%2C300 1.5x, https:\/\/i0.wp.com\/hskurd.org\/wp-content\/uploads\/2024\/05\/442437327_749794957315806_1622463212780214570_n.jpg?fit=1200%2C800&ssl=1&resize=700%2C400 2x, https:\/\/i0.wp.com\/hskurd.org\/wp-content\/uploads\/2024\/05\/442437327_749794957315806_1622463212780214570_n.jpg?fit=1200%2C800&ssl=1&resize=1050%2C600 3x"},"classes":[]},{"id":5485,"url":"https:\/\/hskurd.org\/?p=5485&lang=ku","url_meta":{"origin":867,"position":4},"title":"Xala tendurst\u00ee li kampa Ser\u00ea Kaniy\u00ea","author":"Sozdar","date":"31 \u0645\u0627\u064a\u0648\u060c 2021","format":false,"excerpt":"Xala tendurst\u00ee ya kampa Ser\u00ea Kaniy\u00ea li bajar\u00ea Heseke xala daw\u00een e ku Heyva Sor a Kurd vekiriye, ji bo peydakirina xizmeta lezg\u00een \u00fb tenduristiy\u00ea ya sereke (kl\u00een\u00eek\u00ean hundir\u00een, jinan \u00fb zarokan, be\u015f\u00ea lezg\u00een, dermanxane \u00fb hi\u015fiyariya tendurist\u00ee) ji bo n\u00eaz\u00ee 11 hezar ko\u00e7ber ji bajar\u00ea Ser\u00eakaniy\u00ea di hundir\u00ea kamp\u00ea\u2026","rel":"","context":"\u0641\u064a &quot;Tendurist\u00ee&quot;","block_context":{"text":"Tendurist\u00ee","link":"https:\/\/hskurd.org\/?cat=846&lang=ku"},"img":{"alt_text":"","src":"https:\/\/i0.wp.com\/hskurd.org\/wp-content\/uploads\/2021\/05\/192526918_2931262373819471_689849948580002567_n.jpg?fit=960%2C640&ssl=1&resize=350%2C200","width":350,"height":200,"srcset":"https:\/\/i0.wp.com\/hskurd.org\/wp-content\/uploads\/2021\/05\/192526918_2931262373819471_689849948580002567_n.jpg?fit=960%2C640&ssl=1&resize=350%2C200 1x, https:\/\/i0.wp.com\/hskurd.org\/wp-content\/uploads\/2021\/05\/192526918_2931262373819471_689849948580002567_n.jpg?fit=960%2C640&ssl=1&resize=525%2C300 1.5x, https:\/\/i0.wp.com\/hskurd.org\/wp-content\/uploads\/2021\/05\/192526918_2931262373819471_689849948580002567_n.jpg?fit=960%2C640&ssl=1&resize=700%2C400 2x"},"classes":[]},{"id":8795,"url":"https:\/\/hskurd.org\/?p=8795&lang=ku","url_meta":{"origin":867,"position":5},"title":"Heyva Sor a Kurd li kampa Berxwedan navendeke perwerde \u00fb \u015fahiy\u00ea ji zarokan re vekir","author":"neruda","date":"16 \u0623\u0643\u062a\u0648\u0628\u0631\u060c 2024","format":false,"excerpt":"https:\/\/youtu.be\/ktJqOMwy3kU Di sala 2024'an de , di be\u015fa z\u00fb naskirin pence\u015f\u00eara p\u00eas\u00eer\u00ea de li Nexwe\u015fxaneya Onkoloj\u00ee, \u015fewat \u00fb Talas\u00eemiyay\u00ea ya gir\u00eaday\u00ee Heyva Sor a Kurd a bajar\u00ea Qami\u015flo 1283 muayene, ji wan 680 muayeney\u00ean \u00cekograf\u00ee \u00fb 846 muayeney\u00ean mamograf\u00ee ji bo jinan hatine \u00e7\u00eakirin, di nav de 24 rew\u015f\u00ean er\u00ean\u00ee\u2026","rel":"","context":"\u0641\u064a &quot;b\u00ea kategoriyan&quot;","block_context":{"text":"b\u00ea kategoriyan","link":"https:\/\/hskurd.org\/?cat=85&lang=ku"},"img":{"alt_text":"","src":"https:\/\/i0.wp.com\/hskurd.org\/wp-content\/uploads\/2024\/10\/%D8%B4%D9%87%D8%A8%D8%A7%D8%A7%D8%A7.png?fit=1200%2C687&ssl=1&resize=350%2C200","width":350,"height":200,"srcset":"https:\/\/i0.wp.com\/hskurd.org\/wp-content\/uploads\/2024\/10\/%D8%B4%D9%87%D8%A8%D8%A7%D8%A7%D8%A7.png?fit=1200%2C687&ssl=1&resize=350%2C200 1x, https:\/\/i0.wp.com\/hskurd.org\/wp-content\/uploads\/2024\/10\/%D8%B4%D9%87%D8%A8%D8%A7%D8%A7%D8%A7.png?fit=1200%2C687&ssl=1&resize=525%2C300 1.5x, https:\/\/i0.wp.com\/hskurd.org\/wp-content\/uploads\/2024\/10\/%D8%B4%D9%87%D8%A8%D8%A7%D8%A7%D8%A7.png?fit=1200%2C687&ssl=1&resize=700%2C400 2x, https:\/\/i0.wp.com\/hskurd.org\/wp-content\/uploads\/2024\/10\/%D8%B4%D9%87%D8%A8%D8%A7%D8%A7%D8%A7.png?fit=1200%2C687&ssl=1&resize=1050%2C600 3x"},"classes":[]}],"jetpack_sharing_enabled":true,"_links":{"self":[{"href":"https:\/\/hskurd.org\/index.php?rest_route=\/wp\/v2\/posts\/867","targetHints":{"allow":["GET"]}}],"collection":[{"href":"https:\/\/hskurd.org\/index.php?rest_route=\/wp\/v2\/posts"}],"about":[{"href":"https:\/\/hskurd.org\/index.php?rest_route=\/wp\/v2\/types\/post"}],"author":[{"embeddable":true,"href":"https:\/\/hskurd.org\/index.php?rest_route=\/wp\/v2\/users\/2"}],"replies":[{"embeddable":true,"href":"https:\/\/hskurd.org\/index.php?rest_route=%2Fwp%2Fv2%2Fcomments&post=867"}],"version-history":[{"count":2,"href":"https:\/\/hskurd.org\/index.php?rest_route=\/wp\/v2\/posts\/867\/revisions"}],"predecessor-version":[{"id":879,"href":"https:\/\/hskurd.org\/index.php?rest_route=\/wp\/v2\/posts\/867\/revisions\/879"}],"wp:featuredmedia":[{"embeddable":true,"href":"https:\/\/hskurd.org\/index.php?rest_route=\/wp\/v2\/media\/868"}],"wp:attachment":[{"href":"https:\/\/hskurd.org\/index.php?rest_route=%2Fwp%2Fv2%2Fmedia&parent=867"}],"wp:term":[{"taxonomy":"category","embeddable":true,"href":"https:\/\/hskurd.org\/index.php?rest_route=%2Fwp%2Fv2%2Fcategories&post=867"},{"taxonomy":"post_tag","embeddable":true,"href":"https:\/\/hskurd.org\/index.php?rest_route=%2Fwp%2Fv2%2Ftags&post=867"}],"curies":[{"name":"wp","href":"https:\/\/api.w.org\/{rel}","templated":true}]}}