{"id":8584,"date":"2024-08-13T14:07:58","date_gmt":"2024-08-13T11:07:58","guid":{"rendered":"https:\/\/hskurd.org\/?p=8584"},"modified":"2024-08-13T14:07:58","modified_gmt":"2024-08-13T11:07:58","slug":"vekirina-navenda-rewsen-awarete-u-lezgin-li-dera-zore","status":"publish","type":"post","link":"https:\/\/hskurd.org\/?p=8584&lang=ku","title":{"rendered":"Vekirina navenda rew\u015f\u00ean awarete \u00fb lezg\u00een li D\u00eara Zor\u00ea"},"content":{"rendered":"<p><span class=\"embed-youtube\" style=\"text-align:center; display: block;\"><iframe loading=\"lazy\" class=\"youtube-player\" width=\"1500\" height=\"844\" src=\"https:\/\/www.youtube.com\/embed\/BPKroUxTiq0?version=3&#038;rel=1&#038;showsearch=0&#038;showinfo=1&#038;iv_load_policy=1&#038;fs=1&#038;hl=ar&#038;autohide=2&#038;wmode=transparent\" allowfullscreen=\"true\" style=\"border:0;\" sandbox=\"allow-scripts allow-same-origin allow-popups allow-presentation allow-popups-to-escape-sandbox\"><\/iframe><\/span><\/p>\n<p>&nbsp;<\/p>\n<div dir=\"auto\"><span class=\"html-span xdj266r x11i5rnm xat24cr x1mh8g0r xexx8yu x4uap5 x18d9i69 xkhd6sd x1hl2dhg x16tdsg8 x1vvkbs\"><a class=\"x1i10hfl xjbqb8w x1ejq31n xd10rxx x1sy0etr x17r0tee x972fbf xcfux6l x1qhh985 xm0m39n x9f619 x1ypdohk xt0psk2 xe8uvvx xdj266r x11i5rnm xat24cr x1mh8g0r xexx8yu x4uap5 x18d9i69 xkhd6sd x16tdsg8 x1hl2dhg xggy1nq x1a2a7pz x1sur9pj xkrqix3 x1fey0fg xo1l8bm\" tabindex=\"0\" role=\"link\" href=\"https:\/\/www.facebook.com\/hashtag\/kurd%C3%AE?__eep__=6&amp;__cft__[0]=AZVia1_6KshTNcolaxxU61Lg5miBOvdUBvfC3-SewUmKRa-cdi9C7-YuEPTCoYt7bk_UUwp8iWgCo2NTuidYzUHSgo7HVm1v2XW9FQoqKZyuqhkmVnyqQojTYEfiuady1jZPVfRbFsL1DvnIBjDQlFLdXpmdVrO0i-FQ36JvwGSa23inGWv4D71y3AyaNJeeO4U-9IBe51RnTryyEZlv4kHa&amp;__tn__=*NK-R\">#Kurd\u00ee<\/a><\/span><\/div>\n<div dir=\"auto\">S\u00eestema hawar\u00e7\u00fbn\u00ea li dever\u00ean d\u00fbr, st\u00fbneke bingeh\u00een e ji bo peydakirina l\u00eanih\u00ear\u00eena bij\u00ee\u015fk\u00ee ya lezg\u00een \u00fb rizgarkirina j\u00eeyan\u00ea di rew\u015f\u00ean awarte de ye. armanc Heyva Sor a Kurd ku van xizmetan li gor\u00ee berfirehiya erdn\u00eegariya hey\u00ee li BRS bigh\u00eene her der\u00ea ,da ku her\u00eam\u00ean d\u00fbr bigire nava xwe .Bi vekirina navenda rew\u015f\u00ean awarte \u00fb lezg\u00een li D\u00earazor\u00ea re Heyva Sor a Kurd dest bi p\u00ea\u015fk\u00ea\u015fkirina xizmet\u00ean veguhastina nexwe\u015fan ji bo nexwe\u015fxaney\u00ean D\u00earazor\u00ea, Reqa \u00fb Hesek\u00ea kir, ji bil\u00ee h\u00easankirina vegera nexwe\u015fan li gund\u00ean xwe pi\u015ft\u00ee dermankirin\u00ea. Ev yek j\u00ee, berpirsyartiya ji bo ba\u015fkirina bersivdana awarte ya li van deran n\u00ee\u015fan dide.<\/div>\n","protected":false},"excerpt":{"rendered":"<p>&nbsp; #Kurd\u00ee S\u00eestema hawar\u00e7\u00fbn\u00ea li dever\u00ean d\u00fbr, st\u00fbneke bingeh\u00een e ji bo peydakirina l\u00eanih\u00ear\u00eena bij\u00ee\u015fk\u00ee ya lezg\u00een \u00fb rizgarkirina j\u00eeyan\u00ea di rew\u015f\u00ean awarte de ye. armanc Heyva Sor a Kurd ku van xizmetan li gor\u00ee berfirehiya erdn\u00eegariya hey\u00ee li BRS bigh\u00eene her der\u00ea ,da ku her\u00eam\u00ean d\u00fbr bigire nava xwe .Bi vekirina navenda rew\u015f\u00ean awarte [&hellip;]<\/p>\n","protected":false},"author":1,"featured_media":8576,"comment_status":"open","ping_status":"open","sticky":false,"template":"","format":"standard","meta":{"give_campaign_id":0,"ngg_post_thumbnail":0,"jetpack_post_was_ever_published":false,"_jetpack_newsletter_access":"","_jetpack_dont_email_post_to_subs":false,"_jetpack_newsletter_tier_id":0,"_jetpack_memberships_contains_paywalled_content":false,"_jetpack_memberships_contains_paid_content":false,"footnotes":"","jetpack_publicize_message":"","jetpack_publicize_feature_enabled":true,"jetpack_social_post_already_shared":true,"jetpack_social_options":{"image_generator_settings":{"template":"highway","default_image_id":0,"font":"","enabled":false},"version":2},"_links_to":"","_links_to_target":""},"categories":[848],"tags":[1846],"class_list":["post-8584","post","type-post","status-publish","format-standard","has-post-thumbnail","hentry","category-awarte","tag-dera_zore"],"jetpack_publicize_connections":[],"jetpack_featured_media_url":"https:\/\/i0.wp.com\/hskurd.org\/wp-content\/uploads\/2024\/08\/derzor.png?fit=1181%2C635&ssl=1","jetpack-related-posts":[{"id":10718,"url":"https:\/\/hskurd.org\/?p=10718&lang=ku","url_meta":{"origin":8584,"position":0},"title":"vekiirina xaleke din \u00ean  lez\u00een li ser riyan (ORK\u00ca\u015e)","author":"user55","date":"27 \u064a\u0646\u0627\u064a\u0631\u060c 2025","format":false,"excerpt":"https:\/\/www.youtube.com\/watch?v=vUbM6g5ohf4&t=12s Heb\u00fbna xal\u00ean al\u00eekariya lezg\u00een li ser r\u00eayan xwed\u00ee gir\u00eengiyek mezin e, ji ber ku ew dikare dema bersivdana qezayan k\u00eam bike, ev j\u00ee derfa rizgarkirina bir\u00eendaran z\u00eade dike. Heyva Sor a Kurd di nava xizmet\u00ean ku dide de, xala lezg\u00een a Ork\u00ea\u015f\u00ea li xa\u00e7er\u00eaya ku bajar \u00fb gund\u00ean Am\u00fbd\u00ea,\u2026","rel":"","context":"\u0641\u064a &quot;Awarte&quot;","block_context":{"text":"Awarte","link":"https:\/\/hskurd.org\/?cat=848&lang=ku"},"img":{"alt_text":"","src":"https:\/\/i0.wp.com\/hskurd.org\/wp-content\/uploads\/2025\/01\/e07145df-29f7-4b84-87f5-e2f4ca57508c.jpg?fit=1200%2C675&ssl=1&resize=350%2C200","width":350,"height":200,"srcset":"https:\/\/i0.wp.com\/hskurd.org\/wp-content\/uploads\/2025\/01\/e07145df-29f7-4b84-87f5-e2f4ca57508c.jpg?fit=1200%2C675&ssl=1&resize=350%2C200 1x, https:\/\/i0.wp.com\/hskurd.org\/wp-content\/uploads\/2025\/01\/e07145df-29f7-4b84-87f5-e2f4ca57508c.jpg?fit=1200%2C675&ssl=1&resize=525%2C300 1.5x, https:\/\/i0.wp.com\/hskurd.org\/wp-content\/uploads\/2025\/01\/e07145df-29f7-4b84-87f5-e2f4ca57508c.jpg?fit=1200%2C675&ssl=1&resize=700%2C400 2x, https:\/\/i0.wp.com\/hskurd.org\/wp-content\/uploads\/2025\/01\/e07145df-29f7-4b84-87f5-e2f4ca57508c.jpg?fit=1200%2C675&ssl=1&resize=1050%2C600 3x"},"classes":[]},{"id":6280,"url":"https:\/\/hskurd.org\/?p=6280&lang=ku","url_meta":{"origin":8584,"position":1},"title":"Navenda rew\u015f\u00ean awarte \u00fb lezg\u00een li Rqay\u00ea","author":"Sozdar","date":"6 \u064a\u0648\u0644\u064a\u0648\u060c 2022","format":false,"excerpt":"https:\/\/www.youtube.com\/watch?v=evCjyhixW5E Wek\u00ee gaveke din di nav hejmarek ji xizmet\u00ean tendurist\u00ee\u00a0 de ku em bi r\u00eaya\u00a0 gelek navendan li bajar\u00ea Reqay\u00ea p\u00ea\u015fk\u00ea\u015f dikin, navendeke taybet bi\u00a0 rew\u015f\u00ean awarte \u00fb lezg\u00een di 1 \u00ea N\u00eesana 2022 an de hate vekirin da ku em\u00a0 soza\u00a0 berdewamkirina\u00a0 berfirehiya giha\u015ftina gelek kesan \u00fb bilindkirina asta\u2026","rel":"","context":"\u0641\u064a &quot;Awarte&quot;","block_context":{"text":"Awarte","link":"https:\/\/hskurd.org\/?cat=848&lang=ku"},"img":{"alt_text":"","src":"https:\/\/i0.wp.com\/hskurd.org\/wp-content\/uploads\/2022\/07\/952A7142-copy-scaled.webp?fit=1200%2C800&ssl=1&resize=350%2C200","width":350,"height":200,"srcset":"https:\/\/i0.wp.com\/hskurd.org\/wp-content\/uploads\/2022\/07\/952A7142-copy-scaled.webp?fit=1200%2C800&ssl=1&resize=350%2C200 1x, https:\/\/i0.wp.com\/hskurd.org\/wp-content\/uploads\/2022\/07\/952A7142-copy-scaled.webp?fit=1200%2C800&ssl=1&resize=525%2C300 1.5x, https:\/\/i0.wp.com\/hskurd.org\/wp-content\/uploads\/2022\/07\/952A7142-copy-scaled.webp?fit=1200%2C800&ssl=1&resize=700%2C400 2x, https:\/\/i0.wp.com\/hskurd.org\/wp-content\/uploads\/2022\/07\/952A7142-copy-scaled.webp?fit=1200%2C800&ssl=1&resize=1050%2C600 3x"},"classes":[]},{"id":8697,"url":"https:\/\/hskurd.org\/?p=8697&lang=ku","url_meta":{"origin":8584,"position":2},"title":"Li her\u00eama Sebah El X\u00ear\u00ea navenda rew\u015f\u00ean awarte \u00fb lezg\u00een hat vekirin","author":"neruda","date":"1 \u0623\u0643\u062a\u0648\u0628\u0631\u060c 2024","format":false,"excerpt":"Di \u00e7ar\u00e7oveya berdewamiya hewldan\u00ean ji bo ba\u015ftirkirina xizmet\u00ean piz\u00ee\u015fk\u00ee \u00fb tenduristiy\u00ea, vekirina navendek n\u00fb ya lezg\u00een ji aliy\u00ea Heyva Sor a Kurd ve li devera Sebah El-X\u00ear, gaveke gir\u00eeng e ji bo bih\u00eazkirina bersiva piz\u00ee\u015fk\u00ee ya bilez li dever\u00ean ku p\u00eaw\u00eest\u0131ya wan b\u0131 van xizmet\u00ean heya. Ev navend li cihek\u00ee\u2026","rel":"","context":"\u0641\u064a &quot;Awarte&quot;","block_context":{"text":"Awarte","link":"https:\/\/hskurd.org\/?cat=848&lang=ku"},"img":{"alt_text":"","src":"https:\/\/i0.wp.com\/hskurd.org\/wp-content\/uploads\/2024\/09\/461113795_831525005809467_2368347656913464966_n.jpg?fit=1200%2C800&ssl=1&resize=350%2C200","width":350,"height":200,"srcset":"https:\/\/i0.wp.com\/hskurd.org\/wp-content\/uploads\/2024\/09\/461113795_831525005809467_2368347656913464966_n.jpg?fit=1200%2C800&ssl=1&resize=350%2C200 1x, https:\/\/i0.wp.com\/hskurd.org\/wp-content\/uploads\/2024\/09\/461113795_831525005809467_2368347656913464966_n.jpg?fit=1200%2C800&ssl=1&resize=525%2C300 1.5x, https:\/\/i0.wp.com\/hskurd.org\/wp-content\/uploads\/2024\/09\/461113795_831525005809467_2368347656913464966_n.jpg?fit=1200%2C800&ssl=1&resize=700%2C400 2x, https:\/\/i0.wp.com\/hskurd.org\/wp-content\/uploads\/2024\/09\/461113795_831525005809467_2368347656913464966_n.jpg?fit=1200%2C800&ssl=1&resize=1050%2C600 3x"},"classes":[]},{"id":8430,"url":"https:\/\/hskurd.org\/?p=8430&lang=ku","url_meta":{"origin":8584,"position":3},"title":"Xizmet\u00ean Navenda L\u00eanih\u00ear\u00eena Tenduristiya Seretay\u00ee ya Cirniy\u00ea","author":"neruda","date":"9 \u064a\u0648\u0646\u064a\u0648\u060c 2024","format":false,"excerpt":"https:\/\/www.youtube.com\/watch?v=0HUD6aaFaAU&t=2s Navenda Heyva Sor a Kurd ku xizmeta \u015f\u00eaniy\u00ean nav\u00e7eya El-Cerniye \u00fb 69 gund\u00ean derdora w\u00ea dike, yek ji aliy\u00ean ku xizmet\u00ean tenduristiy\u00ea y\u00ean seretay\u00ee y\u00ean ba\u015f p\u00ea\u015fk\u00ea\u015f dike, hejmara \u015f\u00eaniy\u00ean ku ji van xizmetguzariyan s\u00fbd werdigirin. N\u00eaz\u00eek\u00ee 43 hezar kes\u00ee ne, \u00fb rojane n\u00eaz\u00eek\u00ee 200 nexwe\u015f li be\u015f\u00ean cuda\u2026","rel":"","context":"\u0641\u064a &quot;Awarte&quot;","block_context":{"text":"Awarte","link":"https:\/\/hskurd.org\/?cat=848&lang=ku"},"img":{"alt_text":"","src":"https:\/\/i0.wp.com\/hskurd.org\/wp-content\/uploads\/2024\/06\/f-1.png?fit=773%2C432&ssl=1&resize=350%2C200","width":350,"height":200,"srcset":"https:\/\/i0.wp.com\/hskurd.org\/wp-content\/uploads\/2024\/06\/f-1.png?fit=773%2C432&ssl=1&resize=350%2C200 1x, https:\/\/i0.wp.com\/hskurd.org\/wp-content\/uploads\/2024\/06\/f-1.png?fit=773%2C432&ssl=1&resize=525%2C300 1.5x, https:\/\/i0.wp.com\/hskurd.org\/wp-content\/uploads\/2024\/06\/f-1.png?fit=773%2C432&ssl=1&resize=700%2C400 2x"},"classes":[]},{"id":8378,"url":"https:\/\/hskurd.org\/?p=8378&lang=ku","url_meta":{"origin":8584,"position":4},"title":"Heyva Sor a Kurd xizmet\u00ean xwe p\u00ea\u015fk\u00ea\u015f\u00ee her\u00eam\u00ean her\u00ee d\u00fbr j\u00ee dike","author":"neruda","date":"16 \u0645\u0627\u064a\u0648\u060c 2024","format":false,"excerpt":"Ji ber ku peydakirina xizmet \u00fb l\u00eanih\u00ear\u00eena tendurist\u00ee \u00fb piz\u00ee\u015fk\u00ee ya berdest e xaleke serekeye, taybet li dever\u00ean her\u00ee d\u00fbr j\u00ee, kl\u00een\u00eek\u00ean Navenda Heyva Sor a Kurd (hundir\u00een - jin \u2013 zarok- rew\u015f\u00ean awerte) li kampa Eb\u00fb Xe\u015feb ku li gundewar\u00ea bakur\u00ea rojavay\u00ea D\u00earezor\u00ea dikeve ,xizmet\u00ean xwe p\u00ea\u015fk\u00ea\u015f dikin. ji\u2026","rel":"","context":"\u0641\u064a &quot;Awarte&quot;","block_context":{"text":"Awarte","link":"https:\/\/hskurd.org\/?cat=848&lang=ku"},"img":{"alt_text":"","src":"https:\/\/i0.wp.com\/hskurd.org\/wp-content\/uploads\/2024\/05\/442437327_749794957315806_1622463212780214570_n.jpg?fit=1200%2C800&ssl=1&resize=350%2C200","width":350,"height":200,"srcset":"https:\/\/i0.wp.com\/hskurd.org\/wp-content\/uploads\/2024\/05\/442437327_749794957315806_1622463212780214570_n.jpg?fit=1200%2C800&ssl=1&resize=350%2C200 1x, https:\/\/i0.wp.com\/hskurd.org\/wp-content\/uploads\/2024\/05\/442437327_749794957315806_1622463212780214570_n.jpg?fit=1200%2C800&ssl=1&resize=525%2C300 1.5x, https:\/\/i0.wp.com\/hskurd.org\/wp-content\/uploads\/2024\/05\/442437327_749794957315806_1622463212780214570_n.jpg?fit=1200%2C800&ssl=1&resize=700%2C400 2x, https:\/\/i0.wp.com\/hskurd.org\/wp-content\/uploads\/2024\/05\/442437327_749794957315806_1622463212780214570_n.jpg?fit=1200%2C800&ssl=1&resize=1050%2C600 3x"},"classes":[]},{"id":8561,"url":"https:\/\/hskurd.org\/?p=8561&lang=ku","url_meta":{"origin":8584,"position":5},"title":"Navenda rew\u015f\u00ean awarte \u00fb Lezg\u00een li Reqay\u00ea","author":"neruda","date":"8 \u0623\u063a\u0633\u0637\u0633\u060c 2024","format":false,"excerpt":"https:\/\/www.youtube.com\/watch?v=AE0bppjUJT0 \u00a0 S\u00eestema amb\u00fblans \u00fb hawar\u00e7\u00fbn\u00ea ya Heyva Sor a Kurd li bajar\u00ea Reqay\u00ea wek kevir\u00ea bingeh\u00een t\u00ea d\u00eetin di bersivday\u00eena lezg\u00een \u00fb r\u00eakar\u00ean pij\u00ee\u015fk\u00ee y\u00ean p\u00eaw\u00eest ji bo rizgarkirina jiyan\u00ea ji destp\u00eaka rizgarkirina bajar \u00fb gundewar\u00ean w\u00ea di sala 2018an de. Ku di v\u00ea dem\u00ea de gelek asteng\u00ee hat\u2026","rel":"","context":"\u0641\u064a &quot;Awarte&quot;","block_context":{"text":"Awarte","link":"https:\/\/hskurd.org\/?cat=848&lang=ku"},"img":{"alt_text":"","src":"https:\/\/i0.wp.com\/hskurd.org\/wp-content\/uploads\/2024\/08\/reqa.png?fit=1095%2C500&ssl=1&resize=350%2C200","width":350,"height":200,"srcset":"https:\/\/i0.wp.com\/hskurd.org\/wp-content\/uploads\/2024\/08\/reqa.png?fit=1095%2C500&ssl=1&resize=350%2C200 1x, https:\/\/i0.wp.com\/hskurd.org\/wp-content\/uploads\/2024\/08\/reqa.png?fit=1095%2C500&ssl=1&resize=525%2C300 1.5x, https:\/\/i0.wp.com\/hskurd.org\/wp-content\/uploads\/2024\/08\/reqa.png?fit=1095%2C500&ssl=1&resize=700%2C400 2x, https:\/\/i0.wp.com\/hskurd.org\/wp-content\/uploads\/2024\/08\/reqa.png?fit=1095%2C500&ssl=1&resize=1050%2C600 3x"},"classes":[]}],"jetpack_sharing_enabled":true,"_links":{"self":[{"href":"https:\/\/hskurd.org\/index.php?rest_route=\/wp\/v2\/posts\/8584","targetHints":{"allow":["GET"]}}],"collection":[{"href":"https:\/\/hskurd.org\/index.php?rest_route=\/wp\/v2\/posts"}],"about":[{"href":"https:\/\/hskurd.org\/index.php?rest_route=\/wp\/v2\/types\/post"}],"author":[{"embeddable":true,"href":"https:\/\/hskurd.org\/index.php?rest_route=\/wp\/v2\/users\/1"}],"replies":[{"embeddable":true,"href":"https:\/\/hskurd.org\/index.php?rest_route=%2Fwp%2Fv2%2Fcomments&post=8584"}],"version-history":[{"count":2,"href":"https:\/\/hskurd.org\/index.php?rest_route=\/wp\/v2\/posts\/8584\/revisions"}],"predecessor-version":[{"id":8586,"href":"https:\/\/hskurd.org\/index.php?rest_route=\/wp\/v2\/posts\/8584\/revisions\/8586"}],"wp:featuredmedia":[{"embeddable":true,"href":"https:\/\/hskurd.org\/index.php?rest_route=\/wp\/v2\/media\/8576"}],"wp:attachment":[{"href":"https:\/\/hskurd.org\/index.php?rest_route=%2Fwp%2Fv2%2Fmedia&parent=8584"}],"wp:term":[{"taxonomy":"category","embeddable":true,"href":"https:\/\/hskurd.org\/index.php?rest_route=%2Fwp%2Fv2%2Fcategories&post=8584"},{"taxonomy":"post_tag","embeddable":true,"href":"https:\/\/hskurd.org\/index.php?rest_route=%2Fwp%2Fv2%2Ftags&post=8584"}],"curies":[{"name":"wp","href":"https:\/\/api.w.org\/{rel}","templated":true}]}}