{"id":8561,"date":"2024-08-08T14:55:59","date_gmt":"2024-08-08T11:55:59","guid":{"rendered":"https:\/\/hskurd.org\/?p=8561"},"modified":"2024-08-08T14:55:59","modified_gmt":"2024-08-08T11:55:59","slug":"navenda-rewsen-awarte-u-lezgin-li-reqaye","status":"publish","type":"post","link":"https:\/\/hskurd.org\/?p=8561&lang=ku","title":{"rendered":"Navenda rew\u015f\u00ean awarte \u00fb Lezg\u00een li Reqay\u00ea"},"content":{"rendered":"<p><span class=\"embed-youtube\" style=\"text-align:center; display: block;\"><iframe loading=\"lazy\" class=\"youtube-player\" width=\"1500\" height=\"844\" src=\"https:\/\/www.youtube.com\/embed\/AE0bppjUJT0?version=3&#038;rel=1&#038;showsearch=0&#038;showinfo=1&#038;iv_load_policy=1&#038;fs=1&#038;hl=ar&#038;autohide=2&#038;wmode=transparent\" allowfullscreen=\"true\" style=\"border:0;\" sandbox=\"allow-scripts allow-same-origin allow-popups allow-presentation allow-popups-to-escape-sandbox\"><\/iframe><\/span><\/p>\n<p>&nbsp;<\/p>\n<p>S\u00eestema amb\u00fblans \u00fb hawar\u00e7\u00fbn\u00ea ya Heyva Sor a Kurd li bajar\u00ea Reqay\u00ea wek kevir\u00ea bingeh\u00een t\u00ea d\u00eetin di bersivday\u00eena lezg\u00een \u00fb r\u00eakar\u00ean pij\u00ee\u015fk\u00ee y\u00ean p\u00eaw\u00eest ji bo rizgarkirina jiyan\u00ea ji destp\u00eaka rizgarkirina bajar \u00fb gundewar\u00ean w\u00ea di sala 2018an de. Ku di v\u00ea dem\u00ea de gelek asteng\u00ee hat ki\u015fandin , l\u00ea xizmet b\u00ea rawestandin xebit\u00ee \u00fb ev yek b\u00fb al\u00eekar ji bo pakirina asta l\u00eanih\u00ear\u00eena tendurist\u00ee \u00fb p\u00ea\u015fk\u00ea\u015fkirina xebat\u00ean w\u00ea ji hem\u00eeyan re. Rola ku ev pergal dil\u00eeze ne ten\u00ea di peydakirina dermankirina demik\u00ee de ye, l\u00ea di heman dem\u00ea de li ser bilindkirina hi\u015fmendiya civak\u00ea \u00fb ast\u00ean amadekariy\u00ea ji bo r\u00fbbir\u00fbb\u00fbna rew\u015fa awarte dixebit.<\/p>\n","protected":false},"excerpt":{"rendered":"<p>&nbsp; S\u00eestema amb\u00fblans \u00fb hawar\u00e7\u00fbn\u00ea ya Heyva Sor a Kurd li bajar\u00ea Reqay\u00ea wek kevir\u00ea bingeh\u00een t\u00ea d\u00eetin di bersivday\u00eena lezg\u00een \u00fb r\u00eakar\u00ean pij\u00ee\u015fk\u00ee y\u00ean p\u00eaw\u00eest ji bo rizgarkirina jiyan\u00ea ji destp\u00eaka rizgarkirina bajar \u00fb gundewar\u00ean w\u00ea di sala 2018an de. Ku di v\u00ea dem\u00ea de gelek asteng\u00ee hat ki\u015fandin , l\u00ea xizmet b\u00ea rawestandin [&hellip;]<\/p>\n","protected":false},"author":1,"featured_media":8539,"comment_status":"open","ping_status":"open","sticky":false,"template":"","format":"standard","meta":{"give_campaign_id":0,"ngg_post_thumbnail":0,"jetpack_post_was_ever_published":false,"_jetpack_newsletter_access":"","_jetpack_dont_email_post_to_subs":false,"_jetpack_newsletter_tier_id":0,"_jetpack_memberships_contains_paywalled_content":false,"_jetpack_memberships_contains_paid_content":false,"footnotes":"","jetpack_publicize_message":"","jetpack_publicize_feature_enabled":true,"jetpack_social_post_already_shared":true,"jetpack_social_options":{"image_generator_settings":{"template":"highway","default_image_id":0,"font":"","enabled":false},"version":2},"_links_to":"","_links_to_target":""},"categories":[848],"tags":[1837],"class_list":["post-8561","post","type-post","status-publish","format-standard","has-post-thumbnail","hentry","category-awarte","tag-awarte"],"jetpack_publicize_connections":[],"jetpack_featured_media_url":"https:\/\/i0.wp.com\/hskurd.org\/wp-content\/uploads\/2024\/08\/reqa.png?fit=1095%2C500&ssl=1","jetpack-related-posts":[{"id":8584,"url":"https:\/\/hskurd.org\/?p=8584&lang=ku","url_meta":{"origin":8561,"position":0},"title":"Vekirina navenda rew\u015f\u00ean awarete \u00fb lezg\u00een li D\u00eara Zor\u00ea","author":"neruda","date":"13 \u0623\u063a\u0633\u0637\u0633\u060c 2024","format":false,"excerpt":"https:\/\/youtu.be\/BPKroUxTiq0 \u00a0 #Kurd\u00ee S\u00eestema hawar\u00e7\u00fbn\u00ea li dever\u00ean d\u00fbr, st\u00fbneke bingeh\u00een e ji bo peydakirina l\u00eanih\u00ear\u00eena bij\u00ee\u015fk\u00ee ya lezg\u00een \u00fb rizgarkirina j\u00eeyan\u00ea di rew\u015f\u00ean awarte de ye. armanc Heyva Sor a Kurd ku van xizmetan li gor\u00ee berfirehiya erdn\u00eegariya hey\u00ee li BRS bigh\u00eene her der\u00ea ,da ku her\u00eam\u00ean d\u00fbr bigire nava\u2026","rel":"","context":"\u0641\u064a &quot;Awarte&quot;","block_context":{"text":"Awarte","link":"https:\/\/hskurd.org\/?cat=848&lang=ku"},"img":{"alt_text":"","src":"https:\/\/i0.wp.com\/hskurd.org\/wp-content\/uploads\/2024\/08\/derzor.png?fit=1181%2C635&ssl=1&resize=350%2C200","width":350,"height":200,"srcset":"https:\/\/i0.wp.com\/hskurd.org\/wp-content\/uploads\/2024\/08\/derzor.png?fit=1181%2C635&ssl=1&resize=350%2C200 1x, https:\/\/i0.wp.com\/hskurd.org\/wp-content\/uploads\/2024\/08\/derzor.png?fit=1181%2C635&ssl=1&resize=525%2C300 1.5x, https:\/\/i0.wp.com\/hskurd.org\/wp-content\/uploads\/2024\/08\/derzor.png?fit=1181%2C635&ssl=1&resize=700%2C400 2x, https:\/\/i0.wp.com\/hskurd.org\/wp-content\/uploads\/2024\/08\/derzor.png?fit=1181%2C635&ssl=1&resize=1050%2C600 3x"},"classes":[]},{"id":6280,"url":"https:\/\/hskurd.org\/?p=6280&lang=ku","url_meta":{"origin":8561,"position":1},"title":"Navenda rew\u015f\u00ean awarte \u00fb lezg\u00een li Rqay\u00ea","author":"Sozdar","date":"6 \u064a\u0648\u0644\u064a\u0648\u060c 2022","format":false,"excerpt":"https:\/\/www.youtube.com\/watch?v=evCjyhixW5E Wek\u00ee gaveke din di nav hejmarek ji xizmet\u00ean tendurist\u00ee\u00a0 de ku em bi r\u00eaya\u00a0 gelek navendan li bajar\u00ea Reqay\u00ea p\u00ea\u015fk\u00ea\u015f dikin, navendeke taybet bi\u00a0 rew\u015f\u00ean awarte \u00fb lezg\u00een di 1 \u00ea N\u00eesana 2022 an de hate vekirin da ku em\u00a0 soza\u00a0 berdewamkirina\u00a0 berfirehiya giha\u015ftina gelek kesan \u00fb bilindkirina asta\u2026","rel":"","context":"\u0641\u064a &quot;Awarte&quot;","block_context":{"text":"Awarte","link":"https:\/\/hskurd.org\/?cat=848&lang=ku"},"img":{"alt_text":"","src":"https:\/\/i0.wp.com\/hskurd.org\/wp-content\/uploads\/2022\/07\/952A7142-copy-scaled.webp?fit=1200%2C800&ssl=1&resize=350%2C200","width":350,"height":200,"srcset":"https:\/\/i0.wp.com\/hskurd.org\/wp-content\/uploads\/2022\/07\/952A7142-copy-scaled.webp?fit=1200%2C800&ssl=1&resize=350%2C200 1x, https:\/\/i0.wp.com\/hskurd.org\/wp-content\/uploads\/2022\/07\/952A7142-copy-scaled.webp?fit=1200%2C800&ssl=1&resize=525%2C300 1.5x, https:\/\/i0.wp.com\/hskurd.org\/wp-content\/uploads\/2022\/07\/952A7142-copy-scaled.webp?fit=1200%2C800&ssl=1&resize=700%2C400 2x, https:\/\/i0.wp.com\/hskurd.org\/wp-content\/uploads\/2022\/07\/952A7142-copy-scaled.webp?fit=1200%2C800&ssl=1&resize=1050%2C600 3x"},"classes":[]},{"id":10718,"url":"https:\/\/hskurd.org\/?p=10718&lang=ku","url_meta":{"origin":8561,"position":2},"title":"vekiirina xaleke din \u00ean  lez\u00een li ser riyan (ORK\u00ca\u015e)","author":"user55","date":"27 \u064a\u0646\u0627\u064a\u0631\u060c 2025","format":false,"excerpt":"https:\/\/www.youtube.com\/watch?v=vUbM6g5ohf4&t=12s Heb\u00fbna xal\u00ean al\u00eekariya lezg\u00een li ser r\u00eayan xwed\u00ee gir\u00eengiyek mezin e, ji ber ku ew dikare dema bersivdana qezayan k\u00eam bike, ev j\u00ee derfa rizgarkirina bir\u00eendaran z\u00eade dike. Heyva Sor a Kurd di nava xizmet\u00ean ku dide de, xala lezg\u00een a Ork\u00ea\u015f\u00ea li xa\u00e7er\u00eaya ku bajar \u00fb gund\u00ean Am\u00fbd\u00ea,\u2026","rel":"","context":"\u0641\u064a &quot;Awarte&quot;","block_context":{"text":"Awarte","link":"https:\/\/hskurd.org\/?cat=848&lang=ku"},"img":{"alt_text":"","src":"https:\/\/i0.wp.com\/hskurd.org\/wp-content\/uploads\/2025\/01\/e07145df-29f7-4b84-87f5-e2f4ca57508c.jpg?fit=1200%2C675&ssl=1&resize=350%2C200","width":350,"height":200,"srcset":"https:\/\/i0.wp.com\/hskurd.org\/wp-content\/uploads\/2025\/01\/e07145df-29f7-4b84-87f5-e2f4ca57508c.jpg?fit=1200%2C675&ssl=1&resize=350%2C200 1x, https:\/\/i0.wp.com\/hskurd.org\/wp-content\/uploads\/2025\/01\/e07145df-29f7-4b84-87f5-e2f4ca57508c.jpg?fit=1200%2C675&ssl=1&resize=525%2C300 1.5x, https:\/\/i0.wp.com\/hskurd.org\/wp-content\/uploads\/2025\/01\/e07145df-29f7-4b84-87f5-e2f4ca57508c.jpg?fit=1200%2C675&ssl=1&resize=700%2C400 2x, https:\/\/i0.wp.com\/hskurd.org\/wp-content\/uploads\/2025\/01\/e07145df-29f7-4b84-87f5-e2f4ca57508c.jpg?fit=1200%2C675&ssl=1&resize=1050%2C600 3x"},"classes":[]},{"id":5953,"url":"https:\/\/hskurd.org\/?p=5953&lang=ku","url_meta":{"origin":8561,"position":3},"title":"Leheng\u00ea rew\u015f\u00ean awarte \u00fb lezg\u00een \u00fb \u00e7\u00eerok\u00ean saxb\u00fbna b\u00ea daw\u00ee","author":"Sozdar","date":"12 \u0623\u0628\u0631\u064a\u0644\u060c 2022","format":false,"excerpt":"https:\/\/www.youtube.com\/watch?v=xXIzIlt1AEQ \u00a0 l\u00ea v\u00ea car\u00ea ev rew\u015f ne wek\u00ee hem\u00fb rew\u015fan b\u00fb ku av\u00ea bi xay\u00eent\u00ee li du ke\u00e7en ciwan \u00ean ko\u00e7ber li kampa Ar\u00ee\u015fa n\u00eaz b\u00fb ku yek ji wan j\u00eeyana xwe ji dist da \u00fb Meryem a 19 sal\u00ee tev\u00ee rew\u015fa tenduristiya w\u00ea ya ne ba\u015f ji mil\u00ea\u2026","rel":"","context":"\u0641\u064a &quot;Awarte&quot;","block_context":{"text":"Awarte","link":"https:\/\/hskurd.org\/?cat=848&lang=ku"},"img":{"alt_text":"","src":"https:\/\/i0.wp.com\/hskurd.org\/wp-content\/uploads\/2022\/04\/%D8%A7%D9%84%D8%AA%D9%82%D8%A7%D8%B7.JPG01.jpg?fit=1057%2C591&ssl=1&resize=350%2C200","width":350,"height":200,"srcset":"https:\/\/i0.wp.com\/hskurd.org\/wp-content\/uploads\/2022\/04\/%D8%A7%D9%84%D8%AA%D9%82%D8%A7%D8%B7.JPG01.jpg?fit=1057%2C591&ssl=1&resize=350%2C200 1x, https:\/\/i0.wp.com\/hskurd.org\/wp-content\/uploads\/2022\/04\/%D8%A7%D9%84%D8%AA%D9%82%D8%A7%D8%B7.JPG01.jpg?fit=1057%2C591&ssl=1&resize=525%2C300 1.5x, https:\/\/i0.wp.com\/hskurd.org\/wp-content\/uploads\/2022\/04\/%D8%A7%D9%84%D8%AA%D9%82%D8%A7%D8%B7.JPG01.jpg?fit=1057%2C591&ssl=1&resize=700%2C400 2x, https:\/\/i0.wp.com\/hskurd.org\/wp-content\/uploads\/2022\/04\/%D8%A7%D9%84%D8%AA%D9%82%D8%A7%D8%B7.JPG01.jpg?fit=1057%2C591&ssl=1&resize=1050%2C600 3x"},"classes":[]},{"id":5146,"url":"https:\/\/hskurd.org\/?p=5146&lang=ku","url_meta":{"origin":8561,"position":4},"title":"kar\u00ea Heyva Sor akurd di 2020an de","author":"Sozdar","date":"15 \u064a\u0646\u0627\u064a\u0631\u060c 2021","format":false,"excerpt":"https:\/\/www.youtube.com\/watch?v=Ge5ptSwLiWk&pbjreload=101 \u00a0 2020 Salake awarte li ser kar\u00ea me di be\u015f\u00ea tendurst\u00ee de b\u00fb, bi belavb\u00fbna vayrosa Kov\u00eed-19 re me di Heyva Sor aKurd de cihek giring \u00fb fireh da bergirtina nexwe\u015fiy\u00ea di riya \u00e7end meken\u00eezman, girngtir\u00een\u00ea w\u00ea bir\u00eavebirina rew\u015fan di riya amadekirina navendan (3navend) be\u015f\u00ean di (5nexwe\u015fxaneyan )de \u00fb\u2026","rel":"","context":"\u0641\u064a &quot;Rapor&quot;","block_context":{"text":"Rapor","link":"https:\/\/hskurd.org\/?cat=206&lang=ku"},"img":{"alt_text":"","src":"https:\/\/i0.wp.com\/hskurd.org\/wp-content\/uploads\/2021\/01\/cropped-%D8%AC%D8%AF%D9%8A%D8%AF-%D9%87%D9%84%D8%A7%D9%84-%D8%A7%D8%AD%D9%85%D8%B1-1-2.jpg?fit=1030%2C1030&ssl=1&resize=350%2C200","width":350,"height":200,"srcset":"https:\/\/i0.wp.com\/hskurd.org\/wp-content\/uploads\/2021\/01\/cropped-%D8%AC%D8%AF%D9%8A%D8%AF-%D9%87%D9%84%D8%A7%D9%84-%D8%A7%D8%AD%D9%85%D8%B1-1-2.jpg?fit=1030%2C1030&ssl=1&resize=350%2C200 1x, https:\/\/i0.wp.com\/hskurd.org\/wp-content\/uploads\/2021\/01\/cropped-%D8%AC%D8%AF%D9%8A%D8%AF-%D9%87%D9%84%D8%A7%D9%84-%D8%A7%D8%AD%D9%85%D8%B1-1-2.jpg?fit=1030%2C1030&ssl=1&resize=525%2C300 1.5x, https:\/\/i0.wp.com\/hskurd.org\/wp-content\/uploads\/2021\/01\/cropped-%D8%AC%D8%AF%D9%8A%D8%AF-%D9%87%D9%84%D8%A7%D9%84-%D8%A7%D8%AD%D9%85%D8%B1-1-2.jpg?fit=1030%2C1030&ssl=1&resize=700%2C400 2x"},"classes":[]},{"id":8697,"url":"https:\/\/hskurd.org\/?p=8697&lang=ku","url_meta":{"origin":8561,"position":5},"title":"Li her\u00eama Sebah El X\u00ear\u00ea navenda rew\u015f\u00ean awarte \u00fb lezg\u00een hat vekirin","author":"neruda","date":"1 \u0623\u0643\u062a\u0648\u0628\u0631\u060c 2024","format":false,"excerpt":"Di \u00e7ar\u00e7oveya berdewamiya hewldan\u00ean ji bo ba\u015ftirkirina xizmet\u00ean piz\u00ee\u015fk\u00ee \u00fb tenduristiy\u00ea, vekirina navendek n\u00fb ya lezg\u00een ji aliy\u00ea Heyva Sor a Kurd ve li devera Sebah El-X\u00ear, gaveke gir\u00eeng e ji bo bih\u00eazkirina bersiva piz\u00ee\u015fk\u00ee ya bilez li dever\u00ean ku p\u00eaw\u00eest\u0131ya wan b\u0131 van xizmet\u00ean heya. Ev navend li cihek\u00ee\u2026","rel":"","context":"\u0641\u064a &quot;Awarte&quot;","block_context":{"text":"Awarte","link":"https:\/\/hskurd.org\/?cat=848&lang=ku"},"img":{"alt_text":"","src":"https:\/\/i0.wp.com\/hskurd.org\/wp-content\/uploads\/2024\/09\/461113795_831525005809467_2368347656913464966_n.jpg?fit=1200%2C800&ssl=1&resize=350%2C200","width":350,"height":200,"srcset":"https:\/\/i0.wp.com\/hskurd.org\/wp-content\/uploads\/2024\/09\/461113795_831525005809467_2368347656913464966_n.jpg?fit=1200%2C800&ssl=1&resize=350%2C200 1x, https:\/\/i0.wp.com\/hskurd.org\/wp-content\/uploads\/2024\/09\/461113795_831525005809467_2368347656913464966_n.jpg?fit=1200%2C800&ssl=1&resize=525%2C300 1.5x, https:\/\/i0.wp.com\/hskurd.org\/wp-content\/uploads\/2024\/09\/461113795_831525005809467_2368347656913464966_n.jpg?fit=1200%2C800&ssl=1&resize=700%2C400 2x, https:\/\/i0.wp.com\/hskurd.org\/wp-content\/uploads\/2024\/09\/461113795_831525005809467_2368347656913464966_n.jpg?fit=1200%2C800&ssl=1&resize=1050%2C600 3x"},"classes":[]}],"jetpack_sharing_enabled":true,"_links":{"self":[{"href":"https:\/\/hskurd.org\/index.php?rest_route=\/wp\/v2\/posts\/8561","targetHints":{"allow":["GET"]}}],"collection":[{"href":"https:\/\/hskurd.org\/index.php?rest_route=\/wp\/v2\/posts"}],"about":[{"href":"https:\/\/hskurd.org\/index.php?rest_route=\/wp\/v2\/types\/post"}],"author":[{"embeddable":true,"href":"https:\/\/hskurd.org\/index.php?rest_route=\/wp\/v2\/users\/1"}],"replies":[{"embeddable":true,"href":"https:\/\/hskurd.org\/index.php?rest_route=%2Fwp%2Fv2%2Fcomments&post=8561"}],"version-history":[{"count":2,"href":"https:\/\/hskurd.org\/index.php?rest_route=\/wp\/v2\/posts\/8561\/revisions"}],"predecessor-version":[{"id":8563,"href":"https:\/\/hskurd.org\/index.php?rest_route=\/wp\/v2\/posts\/8561\/revisions\/8563"}],"wp:featuredmedia":[{"embeddable":true,"href":"https:\/\/hskurd.org\/index.php?rest_route=\/wp\/v2\/media\/8539"}],"wp:attachment":[{"href":"https:\/\/hskurd.org\/index.php?rest_route=%2Fwp%2Fv2%2Fmedia&parent=8561"}],"wp:term":[{"taxonomy":"category","embeddable":true,"href":"https:\/\/hskurd.org\/index.php?rest_route=%2Fwp%2Fv2%2Fcategories&post=8561"},{"taxonomy":"post_tag","embeddable":true,"href":"https:\/\/hskurd.org\/index.php?rest_route=%2Fwp%2Fv2%2Ftags&post=8561"}],"curies":[{"name":"wp","href":"https:\/\/api.w.org\/{rel}","templated":true}]}}