{"id":8266,"date":"2024-04-08T12:48:18","date_gmt":"2024-04-08T09:48:18","guid":{"rendered":"https:\/\/hskurd.org\/?p=8266"},"modified":"2024-04-08T12:48:18","modified_gmt":"2024-04-08T09:48:18","slug":"banga-alikariya-navenda-piroteza","status":"publish","type":"post","link":"https:\/\/hskurd.org\/?p=8266&lang=ku","title":{"rendered":"BANGA AL\u00ceKAR\u0130YA NAVENDA P\u0130ROT\u00caZA"},"content":{"rendered":"<p><a href=\"https:\/\/hskurd.org\/wp-content\/uploads\/2024\/04\/Banga-alikariya-Navenda-piroteza.pdf\">Banga al\u00eekariya Navenda pirot\u00eaza<\/a><\/p>\n","protected":false},"excerpt":{"rendered":"<p>Banga al\u00eekariya Navenda pirot\u00eaza<\/p>\n","protected":false},"author":1,"featured_media":8255,"comment_status":"open","ping_status":"open","sticky":false,"template":"","format":"standard","meta":{"give_campaign_id":0,"ngg_post_thumbnail":0,"jetpack_post_was_ever_published":false,"_jetpack_newsletter_access":"","_jetpack_dont_email_post_to_subs":false,"_jetpack_newsletter_tier_id":0,"_jetpack_memberships_contains_paywalled_content":false,"_jetpack_memberships_contains_paid_content":false,"footnotes":"","jetpack_publicize_message":"","jetpack_publicize_feature_enabled":true,"jetpack_social_post_already_shared":true,"jetpack_social_options":{"image_generator_settings":{"template":"highway","default_image_id":0,"font":"","enabled":false},"version":2},"_links_to":"","_links_to_target":""},"categories":[206],"tags":[1770],"class_list":["post-8266","post","type-post","status-publish","format-standard","has-post-thumbnail","hentry","category-rapor","tag-------ku"],"jetpack_publicize_connections":[],"jetpack_featured_media_url":"https:\/\/i0.wp.com\/hskurd.org\/wp-content\/uploads\/2024\/04\/18.jpg?fit=1611%2C900&ssl=1","jetpack-related-posts":[{"id":6904,"url":"https:\/\/hskurd.org\/?p=6904&lang=ku","url_meta":{"origin":8266,"position":0},"title":"\u00c7\u00eerok\u00ean serkeftin\u00ea li navenda pirot\u00eaza","author":"heyvasorakurd","date":"12 \u064a\u0646\u0627\u064a\u0631\u060c 2023","format":false,"excerpt":"Pi\u015ft\u00ee 5 salan ji \u00ea\u015f ki\u015fandin\u00ea \"Qasim\" yek ji s\u00fbdmend\u00ean xizmet\u00ean Navenda Protez, Dermankirina F\u00eez\u00eek\u00ee \u00fb Pi\u015ftgiriya Der\u00fbn\u00ee ji bo desteka berfireh \u00fb n\u00fbavakirina kes\u00ean astengdar \u00fb bir\u00eendar\u00ean may\u00eende \u00fb malbat\u00ean wan, destp\u00eaka qonaxeke n\u00fb di jiyana xwe de ji me re tekez dike \u00fb kar\u00eena destekday\u00eena malbata xwe ji\u2026","rel":"","context":"\u0641\u064a &quot;\u00c7\u00eerok&quot;","block_context":{"text":"\u00c7\u00eerok","link":"https:\/\/hskurd.org\/?cat=831&lang=ku"},"img":{"alt_text":"","src":"https:\/\/i0.wp.com\/hskurd.org\/wp-content\/uploads\/2023\/01\/%D9%A2%D9%A0%D9%A2%D9%A2%D9%A1%D9%A2%D9%A1%D9%A3_%D9%A1%D9%A1%D9%A0%D9%A1%D9%A0%D9%A9-1-scaled.jpg?fit=1200%2C675&ssl=1&resize=350%2C200","width":350,"height":200,"srcset":"https:\/\/i0.wp.com\/hskurd.org\/wp-content\/uploads\/2023\/01\/%D9%A2%D9%A0%D9%A2%D9%A2%D9%A1%D9%A2%D9%A1%D9%A3_%D9%A1%D9%A1%D9%A0%D9%A1%D9%A0%D9%A9-1-scaled.jpg?fit=1200%2C675&ssl=1&resize=350%2C200 1x, https:\/\/i0.wp.com\/hskurd.org\/wp-content\/uploads\/2023\/01\/%D9%A2%D9%A0%D9%A2%D9%A2%D9%A1%D9%A2%D9%A1%D9%A3_%D9%A1%D9%A1%D9%A0%D9%A1%D9%A0%D9%A9-1-scaled.jpg?fit=1200%2C675&ssl=1&resize=525%2C300 1.5x, https:\/\/i0.wp.com\/hskurd.org\/wp-content\/uploads\/2023\/01\/%D9%A2%D9%A0%D9%A2%D9%A2%D9%A1%D9%A2%D9%A1%D9%A3_%D9%A1%D9%A1%D9%A0%D9%A1%D9%A0%D9%A9-1-scaled.jpg?fit=1200%2C675&ssl=1&resize=700%2C400 2x, https:\/\/i0.wp.com\/hskurd.org\/wp-content\/uploads\/2023\/01\/%D9%A2%D9%A0%D9%A2%D9%A2%D9%A1%D9%A2%D9%A1%D9%A3_%D9%A1%D9%A1%D9%A0%D9%A1%D9%A0%D9%A9-1-scaled.jpg?fit=1200%2C675&ssl=1&resize=1050%2C600 3x"},"classes":[]},{"id":1257,"url":"https:\/\/hskurd.org\/?p=1257&lang=ku","url_meta":{"origin":8266,"position":1},"title":"Qampanya &#8221;banga Efr\u00een&#8221; li Ba\u015f\u00fbr\u00ea kurdistan\u00ea dest p\u00ea dike","author":"heyvasorakurd","date":"19 \u0641\u0628\u0631\u0627\u064a\u0631\u060c 2018","format":false,"excerpt":"Heyva sor a kurd be\u015f\u00ea Ba\u015f\u00fbr\u00ea Kurdistan\u00ea \u00eero dest bi qampanya \"banga Efr\u00een \"di riya xwendina v\u00ea daxwyaniy\u00ea re dike : \" Berxwedana Efr\u00een\u00ea li dij\u00ee art\u00ea\u015fa Turk a dagirker \u00fb \u00e7etey\u00ean w\u00ea bi hem\u00fb \u00e7ek\u00ean giran \u00a0, belafir , tang \u00fb topan \u00fb bikaran\u00eena \u00e7ek\u00ean k\u00eemyaw\u00ee \u00a0\u00a0(nav\u00e7eya \u015eiyay\u00ea) \u00a0li\u2026","rel":"","context":"\u0641\u064a &quot;b\u00ea kategoriyan&quot;","block_context":{"text":"b\u00ea kategoriyan","link":"https:\/\/hskurd.org\/?cat=85&lang=ku"},"img":{"alt_text":"","src":"https:\/\/i0.wp.com\/hskurd.org\/wp-content\/uploads\/2018\/02\/33-2.jpg?fit=1200%2C795&ssl=1&resize=350%2C200","width":350,"height":200,"srcset":"https:\/\/i0.wp.com\/hskurd.org\/wp-content\/uploads\/2018\/02\/33-2.jpg?fit=1200%2C795&ssl=1&resize=350%2C200 1x, https:\/\/i0.wp.com\/hskurd.org\/wp-content\/uploads\/2018\/02\/33-2.jpg?fit=1200%2C795&ssl=1&resize=525%2C300 1.5x, https:\/\/i0.wp.com\/hskurd.org\/wp-content\/uploads\/2018\/02\/33-2.jpg?fit=1200%2C795&ssl=1&resize=700%2C400 2x, https:\/\/i0.wp.com\/hskurd.org\/wp-content\/uploads\/2018\/02\/33-2.jpg?fit=1200%2C795&ssl=1&resize=1050%2C600 3x"},"classes":[]},{"id":8062,"url":"https:\/\/hskurd.org\/?p=8062&lang=ku","url_meta":{"origin":8266,"position":2},"title":"Panorama xebata Heyva Sor a Kurd di sala 2023an de","author":"neruda","date":"22 \u064a\u0646\u0627\u064a\u0631\u060c 2024","format":false,"excerpt":"D\u0131 sala bor\u00ee de ku her\u00eam d\u0131 nav \u015fert \u00fb merc\u00ean dijwar de derbas b\u00fb, Heyva Sor a Kurd bi hem\u00fb h\u00eaz \u00fb \u00eemkan\u00ean xwe ve bi dilsoz\u00ee xizmet\u00ean xwe b\u00ea\u015fk\u00ea\u015f\u00ee civak\u00ea d\u0131k\u0131r. Heyva Sor a Kurd di sala 2023\u2019an de gelek xizmet\u00ean mirov\u00ee \u00fb tenduristiy\u00ea p\u00ea\u015fk\u00ea\u015f\u00ee (1,215,216) j\u0131 mirov\u00ean\u2026","rel":"","context":"\u0641\u064a &quot;Awarte&quot;","block_context":{"text":"Awarte","link":"https:\/\/hskurd.org\/?cat=848&lang=ku"},"img":{"alt_text":"","src":"https:\/\/i0.wp.com\/hskurd.org\/wp-content\/uploads\/2024\/01\/340906367_5853929001403135_3164753987753713282_n.jpg?fit=1200%2C800&ssl=1&resize=350%2C200","width":350,"height":200,"srcset":"https:\/\/i0.wp.com\/hskurd.org\/wp-content\/uploads\/2024\/01\/340906367_5853929001403135_3164753987753713282_n.jpg?fit=1200%2C800&ssl=1&resize=350%2C200 1x, https:\/\/i0.wp.com\/hskurd.org\/wp-content\/uploads\/2024\/01\/340906367_5853929001403135_3164753987753713282_n.jpg?fit=1200%2C800&ssl=1&resize=525%2C300 1.5x, https:\/\/i0.wp.com\/hskurd.org\/wp-content\/uploads\/2024\/01\/340906367_5853929001403135_3164753987753713282_n.jpg?fit=1200%2C800&ssl=1&resize=700%2C400 2x, https:\/\/i0.wp.com\/hskurd.org\/wp-content\/uploads\/2024\/01\/340906367_5853929001403135_3164753987753713282_n.jpg?fit=1200%2C800&ssl=1&resize=1050%2C600 3x"},"classes":[]},{"id":8219,"url":"https:\/\/hskurd.org\/?p=8219&lang=ku","url_meta":{"origin":8266,"position":3},"title":"Banga al\u00eekariy\u00ea ji bo Nexwe\u015fxaneya Onkoloj\u00ee , Talas\u00eemya \u00fb \u015eewat\u00ea ya li Bakur \u00fb Rojhilat\u00ea S\u00fbriyey\u00ea","author":"neruda","date":"27 \u0645\u0627\u0631\u0633\u060c 2024","format":false,"excerpt":"dosya banga al\u00eekariy\u00ea di v\u00ea l\u00eenk\u00ea de ye \u00a0 nexwe\u015fxane bang \u00a0","rel":"","context":"\u0641\u064a &quot;b\u00ea kategoriyan&quot;","block_context":{"text":"b\u00ea kategoriyan","link":"https:\/\/hskurd.org\/?cat=85&lang=ku"},"img":{"alt_text":"","src":"https:\/\/i0.wp.com\/hskurd.org\/wp-content\/uploads\/2024\/03\/Turn-ideas-into-videos-AI-video-creator-invideo-AI.00_00_23_21.Still002-1.jpg?fit=1200%2C633&ssl=1&resize=350%2C200","width":350,"height":200,"srcset":"https:\/\/i0.wp.com\/hskurd.org\/wp-content\/uploads\/2024\/03\/Turn-ideas-into-videos-AI-video-creator-invideo-AI.00_00_23_21.Still002-1.jpg?fit=1200%2C633&ssl=1&resize=350%2C200 1x, https:\/\/i0.wp.com\/hskurd.org\/wp-content\/uploads\/2024\/03\/Turn-ideas-into-videos-AI-video-creator-invideo-AI.00_00_23_21.Still002-1.jpg?fit=1200%2C633&ssl=1&resize=525%2C300 1.5x, https:\/\/i0.wp.com\/hskurd.org\/wp-content\/uploads\/2024\/03\/Turn-ideas-into-videos-AI-video-creator-invideo-AI.00_00_23_21.Still002-1.jpg?fit=1200%2C633&ssl=1&resize=700%2C400 2x, https:\/\/i0.wp.com\/hskurd.org\/wp-content\/uploads\/2024\/03\/Turn-ideas-into-videos-AI-video-creator-invideo-AI.00_00_23_21.Still002-1.jpg?fit=1200%2C633&ssl=1&resize=1050%2C600 3x"},"classes":[]},{"id":5858,"url":"https:\/\/hskurd.org\/?p=5858&lang=ku","url_meta":{"origin":8266,"position":4},"title":"Pi\u015ftgiriya malbata &#8220;Sol\u00eenaz &#8221; pi\u015ft\u00ee banga bav\u00ea w\u00ea","author":"heyvasorakurd","date":"6 \u064a\u0646\u0627\u064a\u0631\u060c 2022","format":false,"excerpt":"Heyva Sor a Kurd bersiva banga bav\u00ea zaroka bi nav\u00ea \"Sol\u00eenaz\" kir, ku pi\u015ft\u00ee dilsojiya 10 salan ji bo an\u00eena zarokek\u00ea \u00e7\u00eeroka xwe \u00fb rew\u015fa xwe ya tenduristiy\u00ee \u00fb zehmetiy\u00ean wergirtina kar \u00fb peydekirina p\u00eaw\u00eest\u00eey\u00ean malbat \u00fb zaroka bi\u00e7\u00fbk bi r\u00eaya gr\u00fbpeke Facebook vegot , di riya peydekirina kirya mala\u2026","rel":"","context":"\u0641\u064a &quot;\u00c7\u00eerok&quot;","block_context":{"text":"\u00c7\u00eerok","link":"https:\/\/hskurd.org\/?cat=831&lang=ku"},"img":{"alt_text":"","src":"https:\/\/i0.wp.com\/hskurd.org\/wp-content\/uploads\/2022\/01\/01-1.jpg?fit=1200%2C750&ssl=1&resize=350%2C200","width":350,"height":200,"srcset":"https:\/\/i0.wp.com\/hskurd.org\/wp-content\/uploads\/2022\/01\/01-1.jpg?fit=1200%2C750&ssl=1&resize=350%2C200 1x, https:\/\/i0.wp.com\/hskurd.org\/wp-content\/uploads\/2022\/01\/01-1.jpg?fit=1200%2C750&ssl=1&resize=525%2C300 1.5x, https:\/\/i0.wp.com\/hskurd.org\/wp-content\/uploads\/2022\/01\/01-1.jpg?fit=1200%2C750&ssl=1&resize=700%2C400 2x, https:\/\/i0.wp.com\/hskurd.org\/wp-content\/uploads\/2022\/01\/01-1.jpg?fit=1200%2C750&ssl=1&resize=1050%2C600 3x"},"classes":[]},{"id":8327,"url":"https:\/\/hskurd.org\/?p=8327&lang=ku","url_meta":{"origin":8266,"position":5},"title":"Navenda Protez al\u00eekaryek ji derve wergirt","author":"neruda","date":"30 \u0623\u0628\u0631\u064a\u0644\u060c 2024","format":false,"excerpt":"V\u00ea sib\u00ea navenda pirot\u00eaz , dermankirina f\u00eez\u00eek\u00ee \u00fb pi\u015ftgriya der\u00fbn\u00ee ya Heyva Sor a Kurd al\u00eekariyek wergirt . Al\u00eekariya ku ji al\u00eekar\u00ean lebat\u00ee p\u00eak dihat ji h\u00eala saziya Nemsaw\u00ee \"Karawane der Menschlichkeit\" ve hat \u015fandin . P\u00ea\u015f\u00ee em spasiya heval\u00ean xwe dikin ji bo pi\u015ftgir\u00ee \u00fb tevkariya wan, l\u00ea navend\u2026","rel":"","context":"\u0641\u064a &quot;Ge\u015fep\u00eadan&quot;","block_context":{"text":"Ge\u015fep\u00eadan","link":"https:\/\/hskurd.org\/?cat=862&lang=ku"},"img":{"alt_text":"","src":"https:\/\/i0.wp.com\/hskurd.org\/wp-content\/uploads\/2024\/04\/438058950_740282541600381_3016125888448437018_n.jpg?fit=1200%2C676&ssl=1&resize=350%2C200","width":350,"height":200,"srcset":"https:\/\/i0.wp.com\/hskurd.org\/wp-content\/uploads\/2024\/04\/438058950_740282541600381_3016125888448437018_n.jpg?fit=1200%2C676&ssl=1&resize=350%2C200 1x, https:\/\/i0.wp.com\/hskurd.org\/wp-content\/uploads\/2024\/04\/438058950_740282541600381_3016125888448437018_n.jpg?fit=1200%2C676&ssl=1&resize=525%2C300 1.5x, https:\/\/i0.wp.com\/hskurd.org\/wp-content\/uploads\/2024\/04\/438058950_740282541600381_3016125888448437018_n.jpg?fit=1200%2C676&ssl=1&resize=700%2C400 2x, https:\/\/i0.wp.com\/hskurd.org\/wp-content\/uploads\/2024\/04\/438058950_740282541600381_3016125888448437018_n.jpg?fit=1200%2C676&ssl=1&resize=1050%2C600 3x"},"classes":[]}],"jetpack_sharing_enabled":true,"_links":{"self":[{"href":"https:\/\/hskurd.org\/index.php?rest_route=\/wp\/v2\/posts\/8266","targetHints":{"allow":["GET"]}}],"collection":[{"href":"https:\/\/hskurd.org\/index.php?rest_route=\/wp\/v2\/posts"}],"about":[{"href":"https:\/\/hskurd.org\/index.php?rest_route=\/wp\/v2\/types\/post"}],"author":[{"embeddable":true,"href":"https:\/\/hskurd.org\/index.php?rest_route=\/wp\/v2\/users\/1"}],"replies":[{"embeddable":true,"href":"https:\/\/hskurd.org\/index.php?rest_route=%2Fwp%2Fv2%2Fcomments&post=8266"}],"version-history":[{"count":2,"href":"https:\/\/hskurd.org\/index.php?rest_route=\/wp\/v2\/posts\/8266\/revisions"}],"predecessor-version":[{"id":8268,"href":"https:\/\/hskurd.org\/index.php?rest_route=\/wp\/v2\/posts\/8266\/revisions\/8268"}],"wp:featuredmedia":[{"embeddable":true,"href":"https:\/\/hskurd.org\/index.php?rest_route=\/wp\/v2\/media\/8255"}],"wp:attachment":[{"href":"https:\/\/hskurd.org\/index.php?rest_route=%2Fwp%2Fv2%2Fmedia&parent=8266"}],"wp:term":[{"taxonomy":"category","embeddable":true,"href":"https:\/\/hskurd.org\/index.php?rest_route=%2Fwp%2Fv2%2Fcategories&post=8266"},{"taxonomy":"post_tag","embeddable":true,"href":"https:\/\/hskurd.org\/index.php?rest_route=%2Fwp%2Fv2%2Ftags&post=8266"}],"curies":[{"name":"wp","href":"https:\/\/api.w.org\/{rel}","templated":true}]}}