{"id":8035,"date":"2023-12-27T14:45:54","date_gmt":"2023-12-27T11:45:54","guid":{"rendered":"https:\/\/hskurd.org\/?p=8035"},"modified":"2023-12-27T14:45:54","modified_gmt":"2023-12-27T11:45:54","slug":"rapora-hsk-ji-bo-erisen-dewleta-turkyi-li-ser-heremen-brs-25-12-2023","status":"publish","type":"post","link":"https:\/\/hskurd.org\/?p=8035&lang=ku","title":{"rendered":"Rapora HSK ji bo \u00ear\u00ee\u015f\u00ean dewleta Turky\u00ee li ser her\u00eam\u00ean BRS 25-12-2023"},"content":{"rendered":"<p><a href=\"https:\/\/hskurd.org\/wp-content\/uploads\/2023\/12\/rapora-HSK-ji-bo-erisen-Dewleta-Turki-li-ser-BRS-25-12-2023.pdf\">rapora HSK ji bo \u00ear\u00ee\u015f\u00ean Dewleta Turk\u0131 li ser BRS 25-12-2023<\/a><\/p>\n","protected":false},"excerpt":{"rendered":"<p>rapora HSK ji bo \u00ear\u00ee\u015f\u00ean Dewleta Turk\u0131 li ser BRS 25-12-2023<\/p>\n","protected":false},"author":1,"featured_media":8016,"comment_status":"open","ping_status":"open","sticky":false,"template":"","format":"standard","meta":{"give_campaign_id":0,"ngg_post_thumbnail":0,"jetpack_post_was_ever_published":false,"_jetpack_newsletter_access":"","_jetpack_dont_email_post_to_subs":false,"_jetpack_newsletter_tier_id":0,"_jetpack_memberships_contains_paywalled_content":false,"_jetpack_memberships_contains_paid_content":false,"footnotes":"","jetpack_publicize_message":"","jetpack_publicize_feature_enabled":true,"jetpack_social_post_already_shared":true,"jetpack_social_options":{"image_generator_settings":{"template":"highway","default_image_id":0,"font":"","enabled":false},"version":2},"_links_to":"","_links_to_target":""},"categories":[206],"tags":[1731],"class_list":["post-8035","post","type-post","status-publish","format-standard","has-post-thumbnail","hentry","category-rapor","tag-rapora_hsk_ji_bo_erisen_dewleta_turkyi_li_ser_heremen_brs_25-12-2023"],"jetpack_publicize_connections":[],"jetpack_featured_media_url":"https:\/\/i0.wp.com\/hskurd.org\/wp-content\/uploads\/2023\/12\/952A0949-scaled.jpg?fit=2560%2C1707&ssl=1","jetpack-related-posts":[{"id":9878,"url":"https:\/\/hskurd.org\/?p=9878&lang=ku","url_meta":{"origin":8035,"position":0},"title":"Rapora Heyva Sor a Kurd li ser \u00ear\u00ee\u015f\u00ean dewleta Turkiy\u00ea \u00fb ziyan\u00ean w\u00ea li her\u00eam\u00ean Bakur \u00fb Rojhilat\u00ea Suriy\u00ea \u2013 Cotmeha 2024","author":"neruda","date":"3 \u0646\u0648\u0641\u0645\u0628\u0631\u060c 2024","format":false,"excerpt":"rapora \u00ear\u00ee\u015fan \u00e7otmeha 2024","rel":"","context":"\u0641\u064a &quot;Rapor&quot;","block_context":{"text":"Rapor","link":"https:\/\/hskurd.org\/?cat=206&lang=ku"},"img":{"alt_text":"","src":"https:\/\/i0.wp.com\/hskurd.org\/wp-content\/uploads\/2024\/11\/IMG_5252-scaled.jpg?fit=1200%2C800&ssl=1&resize=350%2C200","width":350,"height":200,"srcset":"https:\/\/i0.wp.com\/hskurd.org\/wp-content\/uploads\/2024\/11\/IMG_5252-scaled.jpg?fit=1200%2C800&ssl=1&resize=350%2C200 1x, https:\/\/i0.wp.com\/hskurd.org\/wp-content\/uploads\/2024\/11\/IMG_5252-scaled.jpg?fit=1200%2C800&ssl=1&resize=525%2C300 1.5x, https:\/\/i0.wp.com\/hskurd.org\/wp-content\/uploads\/2024\/11\/IMG_5252-scaled.jpg?fit=1200%2C800&ssl=1&resize=700%2C400 2x, https:\/\/i0.wp.com\/hskurd.org\/wp-content\/uploads\/2024\/11\/IMG_5252-scaled.jpg?fit=1200%2C800&ssl=1&resize=1050%2C600 3x"},"classes":[]},{"id":11951,"url":"https:\/\/hskurd.org\/?p=11951&lang=ku","url_meta":{"origin":8035,"position":1},"title":"Daxuyaniya \u015fermezarkirin \u00fb \u015fermezarkirina \u00ear\u00ee\u015f\u00ean li ser navend\u00ean tenduristiy\u00ea li Bakur \u00fb Rojhilat\u00ea S\u00fbriy\u00ea","author":"user55","date":"24 \u0641\u0628\u0631\u0627\u064a\u0631\u060c 2026","format":false,"excerpt":"Daxuyaniya \u015eermezarkirina \u00car\u00ee\u015f\u00ean li ser Navend\u00ean Tenduristiy\u00ea \u00fb Karmend\u00ean Bij\u00ee\u015fk\u00ee li Bakur \u00fb Rojhilat\u00ea S\u00fbriyey\u00ea Em li Heyva Sor a Kurd, li ser bingeha erk\u00ea xwe y\u00ea mirov\u00ee, hem\u00fb \u00ear\u00ee\u015f\u00ean ku navend\u00ean tenduristiy\u00ea, karmend\u00ean bij\u00ee\u015fk\u00ee \u00fb r\u00eaxistin\u00ean al\u00eekariy\u00ea li Bakur \u00fb Rojhilat\u00ea S\u00fbriyey\u00ea hedef digirin bi tund\u00ee \u015fermezar dikin. \u00car\u00ee\u015fa\u2026","rel":"","context":"\u0641\u064a &quot;Rapor&quot;","block_context":{"text":"Rapor","link":"https:\/\/hskurd.org\/?cat=206&lang=ku"},"img":{"alt_text":"","src":"https:\/\/i0.wp.com\/hskurd.org\/wp-content\/uploads\/2026\/02\/616189932_1181428474152450_2742318992070712677_n.jpg?fit=1200%2C800&ssl=1&resize=350%2C200","width":350,"height":200,"srcset":"https:\/\/i0.wp.com\/hskurd.org\/wp-content\/uploads\/2026\/02\/616189932_1181428474152450_2742318992070712677_n.jpg?fit=1200%2C800&ssl=1&resize=350%2C200 1x, https:\/\/i0.wp.com\/hskurd.org\/wp-content\/uploads\/2026\/02\/616189932_1181428474152450_2742318992070712677_n.jpg?fit=1200%2C800&ssl=1&resize=525%2C300 1.5x, https:\/\/i0.wp.com\/hskurd.org\/wp-content\/uploads\/2026\/02\/616189932_1181428474152450_2742318992070712677_n.jpg?fit=1200%2C800&ssl=1&resize=700%2C400 2x, https:\/\/i0.wp.com\/hskurd.org\/wp-content\/uploads\/2026\/02\/616189932_1181428474152450_2742318992070712677_n.jpg?fit=1200%2C800&ssl=1&resize=1050%2C600 3x"},"classes":[]},{"id":7901,"url":"https:\/\/hskurd.org\/?p=7901&lang=ku","url_meta":{"origin":8035,"position":2},"title":"Heyva Sor a Kurd konferansa xwe ya s\u00eayem\u00een li darx\u0131st \u00fb hevserokatiyeke n\u00fb hilb\u0131jart","author":"neruda","date":"24 \u0646\u0648\u0641\u0645\u0628\u0631\u060c 2023","format":false,"excerpt":"\u00cero \u00cen\u00ea, R\u00eaxistina Heyva Sor a Kurd li bajar\u00ea Qami\u015flo s\u00eayem\u00een konferansa xwe bi d\u0131ru\u015fmeya \u201cBi h\u00eav\u00ee \u00fb hevkar\u00ee ji bo avakirina pa\u015ferojeke b\u0131 ron\u00ee \u201d l\u0131 darx\u0131st bi amadeb\u00fbna endam, kadroy\u00ean bij\u00ee\u015fk\u00ee \u00fb r\u00eaxistin\u00ean hevkar di xebat\u00ean mirov\u00ee de li. Tev\u00ee hejmarek ji berpirs\u00ean R\u00eaveberiya Xweser a Bakur \u00fb\u2026","rel":"","context":"\u0641\u064a &quot;Ge\u015fep\u00eadan&quot;","block_context":{"text":"Ge\u015fep\u00eadan","link":"https:\/\/hskurd.org\/?cat=862&lang=ku"},"img":{"alt_text":"","src":"https:\/\/i0.wp.com\/hskurd.org\/wp-content\/uploads\/2023\/11\/952A0191-copy-scaled.jpg?fit=1200%2C800&ssl=1&resize=350%2C200","width":350,"height":200,"srcset":"https:\/\/i0.wp.com\/hskurd.org\/wp-content\/uploads\/2023\/11\/952A0191-copy-scaled.jpg?fit=1200%2C800&ssl=1&resize=350%2C200 1x, https:\/\/i0.wp.com\/hskurd.org\/wp-content\/uploads\/2023\/11\/952A0191-copy-scaled.jpg?fit=1200%2C800&ssl=1&resize=525%2C300 1.5x, https:\/\/i0.wp.com\/hskurd.org\/wp-content\/uploads\/2023\/11\/952A0191-copy-scaled.jpg?fit=1200%2C800&ssl=1&resize=700%2C400 2x, https:\/\/i0.wp.com\/hskurd.org\/wp-content\/uploads\/2023\/11\/952A0191-copy-scaled.jpg?fit=1200%2C800&ssl=1&resize=1050%2C600 3x"},"classes":[]},{"id":6799,"url":"https:\/\/hskurd.org\/?p=6799&lang=ku","url_meta":{"origin":8035,"position":3},"title":"Bang ji bo raya gi\u015ft\u00ee","author":"Sozdar","date":"20 \u0646\u0648\u0641\u0645\u0628\u0631\u060c 2022","format":false,"excerpt":"Ji bo raya gi\u015ft\u00ee , civaka siv\u00eel \u00fb r\u00eaxistin\u00ean mirov\u00ee Em R\u00eaxistina Heyva Sor a Kurd \u00ear\u00ee\u015f\u00ean haway\u00ee y\u00ean dewleta Tirk li ser her\u00eam\u00ean Bakur \u00fb Rojhilat\u00ea S\u00fbriy\u00ea \u015fermezar dikin, ku bi dehan siv\u00eel jiyana xwe ji dest dan \u00fb ji bil\u00ee xerakirina nexwe\u015fxaneya zarokan a bajar\u00ea Koban\u00ea di heman\u2026","rel":"","context":"\u0641\u064a &quot;Rapor&quot;","block_context":{"text":"Rapor","link":"https:\/\/hskurd.org\/?cat=206&lang=ku"},"img":{"alt_text":"","src":"https:\/\/i0.wp.com\/hskurd.org\/wp-content\/uploads\/2022\/11\/e72d698e-efff-4ffa-87c5-8e96a6e793ba.jpg?fit=720%2C358&ssl=1&resize=350%2C200","width":350,"height":200,"srcset":"https:\/\/i0.wp.com\/hskurd.org\/wp-content\/uploads\/2022\/11\/e72d698e-efff-4ffa-87c5-8e96a6e793ba.jpg?fit=720%2C358&ssl=1&resize=350%2C200 1x, https:\/\/i0.wp.com\/hskurd.org\/wp-content\/uploads\/2022\/11\/e72d698e-efff-4ffa-87c5-8e96a6e793ba.jpg?fit=720%2C358&ssl=1&resize=525%2C300 1.5x, https:\/\/i0.wp.com\/hskurd.org\/wp-content\/uploads\/2022\/11\/e72d698e-efff-4ffa-87c5-8e96a6e793ba.jpg?fit=720%2C358&ssl=1&resize=700%2C400 2x"},"classes":[]},{"id":4838,"url":"https:\/\/hskurd.org\/?p=4838&lang=ku","url_meta":{"origin":8035,"position":4},"title":"Wa\u015fokan\u00ee, \u00e7\u00eeroka ko\u00e7berya deh hezaran insan e","author":"Sozdar","date":"13 \u0623\u0643\u062a\u0648\u0628\u0631\u060c 2020","format":false,"excerpt":"https:\/\/www.youtube.com\/watch?v=_6V5tBivNLk \u00a0 Pi\u015ft\u00ee \u00ear\u00ee\u015f\u00ean dewleta Turkiy\u00ea \u00fb h\u00eaz\u00ea Rad\u00eekal \u00fb dagirkirina wan ji bajar\u00ea Ser\u00ea Kaniy\u00ea \u00fb Gir\u00ea Sip\u00ee re, bi hezaran welat\u00ee penaber b\u00fbn \u00fb ji cih \u00fb war\u00ean xwe d\u00fbrketin. Tev\u00ee hem\u00fb zehmet\u00ee \u00fb \u00ea\u015f\u00ean hatin p\u00ea\u015fber\u00ee wan, t\u00eem\u00ean Heyva Sor a Kurd \u00ean tendurst\u00ee ku li navenda\u2026","rel":"","context":"\u0641\u064a &quot;\u00c7\u00eerok&quot;","block_context":{"text":"\u00c7\u00eerok","link":"https:\/\/hskurd.org\/?cat=831&lang=ku"},"img":{"alt_text":"","src":"https:\/\/i0.wp.com\/hskurd.org\/wp-content\/uploads\/2020\/10\/ggg.jpg?fit=1080%2C720&ssl=1&resize=350%2C200","width":350,"height":200,"srcset":"https:\/\/i0.wp.com\/hskurd.org\/wp-content\/uploads\/2020\/10\/ggg.jpg?fit=1080%2C720&ssl=1&resize=350%2C200 1x, https:\/\/i0.wp.com\/hskurd.org\/wp-content\/uploads\/2020\/10\/ggg.jpg?fit=1080%2C720&ssl=1&resize=525%2C300 1.5x, https:\/\/i0.wp.com\/hskurd.org\/wp-content\/uploads\/2020\/10\/ggg.jpg?fit=1080%2C720&ssl=1&resize=700%2C400 2x, https:\/\/i0.wp.com\/hskurd.org\/wp-content\/uploads\/2020\/10\/ggg.jpg?fit=1080%2C720&ssl=1&resize=1050%2C600 3x"},"classes":[]},{"id":8390,"url":"https:\/\/hskurd.org\/?p=8390&lang=ku","url_meta":{"origin":8035,"position":5},"title":"Daxuyan\u00ee di der bar\u00ea hedefgirtina t\u00eem\u00ean me y\u00ean tenduristiy\u00ea de","author":"neruda","date":"1 \u064a\u0648\u0646\u064a\u0648\u060c 2024","format":false,"excerpt":"Iroj careke din her\u00eam\u00ean bakur \u00fb rojhilat\u00ea Suriy\u00ea li gelek cihan rast\u00ee \u00ear\u00ee\u015f\u00ean dron\u00ean dewleta tirk hatin, li gor w\u00ea, girop\u00ean me y\u00ean rew\u015f\u00ean awarte ketin tevger\u00ea ji bo dermankirin \u00fb veguhestina bir\u00eendar \u00fb \u015feh\u00eedan. Di dema ku gr\u00fbpek me ya tendurist\u00ee bi erk\u00ea xwe y\u00ea mirov\u00ee radib\u00fb li gund\u00ea\u2026","rel":"","context":"\u0641\u064a &quot;Awarte&quot;","block_context":{"text":"Awarte","link":"https:\/\/hskurd.org\/?cat=848&lang=ku"},"img":{"alt_text":"","src":"https:\/\/i0.wp.com\/hskurd.org\/wp-content\/uploads\/2024\/06\/444487447_760765556218746_3264267915091801621_n.jpg?fit=552%2C508&ssl=1&resize=350%2C200","width":350,"height":200,"srcset":"https:\/\/i0.wp.com\/hskurd.org\/wp-content\/uploads\/2024\/06\/444487447_760765556218746_3264267915091801621_n.jpg?fit=552%2C508&ssl=1&resize=350%2C200 1x, https:\/\/i0.wp.com\/hskurd.org\/wp-content\/uploads\/2024\/06\/444487447_760765556218746_3264267915091801621_n.jpg?fit=552%2C508&ssl=1&resize=525%2C300 1.5x"},"classes":[]}],"jetpack_sharing_enabled":true,"_links":{"self":[{"href":"https:\/\/hskurd.org\/index.php?rest_route=\/wp\/v2\/posts\/8035","targetHints":{"allow":["GET"]}}],"collection":[{"href":"https:\/\/hskurd.org\/index.php?rest_route=\/wp\/v2\/posts"}],"about":[{"href":"https:\/\/hskurd.org\/index.php?rest_route=\/wp\/v2\/types\/post"}],"author":[{"embeddable":true,"href":"https:\/\/hskurd.org\/index.php?rest_route=\/wp\/v2\/users\/1"}],"replies":[{"embeddable":true,"href":"https:\/\/hskurd.org\/index.php?rest_route=%2Fwp%2Fv2%2Fcomments&post=8035"}],"version-history":[{"count":2,"href":"https:\/\/hskurd.org\/index.php?rest_route=\/wp\/v2\/posts\/8035\/revisions"}],"predecessor-version":[{"id":8038,"href":"https:\/\/hskurd.org\/index.php?rest_route=\/wp\/v2\/posts\/8035\/revisions\/8038"}],"wp:featuredmedia":[{"embeddable":true,"href":"https:\/\/hskurd.org\/index.php?rest_route=\/wp\/v2\/media\/8016"}],"wp:attachment":[{"href":"https:\/\/hskurd.org\/index.php?rest_route=%2Fwp%2Fv2%2Fmedia&parent=8035"}],"wp:term":[{"taxonomy":"category","embeddable":true,"href":"https:\/\/hskurd.org\/index.php?rest_route=%2Fwp%2Fv2%2Fcategories&post=8035"},{"taxonomy":"post_tag","embeddable":true,"href":"https:\/\/hskurd.org\/index.php?rest_route=%2Fwp%2Fv2%2Ftags&post=8035"}],"curies":[{"name":"wp","href":"https:\/\/api.w.org\/{rel}","templated":true}]}}