{"id":8002,"date":"2023-12-20T13:43:13","date_gmt":"2023-12-20T10:43:13","guid":{"rendered":"https:\/\/hskurd.org\/?p=8002"},"modified":"2023-12-20T13:43:13","modified_gmt":"2023-12-20T10:43:13","slug":"pisti-du-salan-ji-avakirin-u-amadekirine-heyva-sor-a-kurd-avahiyeke-bijiski-vedike","status":"publish","type":"post","link":"https:\/\/hskurd.org\/?p=8002&lang=ku","title":{"rendered":"Pi\u015ft\u00ee du salan ji avakirin \u00fb amadekirin\u00ea, Heyva Sor a Kurd avahiyeke bij\u00ee\u015fk\u00ee vedike"},"content":{"rendered":"<p>&nbsp;<\/p>\n<p>Ji ber \u015fert \u00fb merc\u00ean ku gel li her\u00eam\u00ean Bakur \u00fb Rojhilat\u00ea S\u00fbriy\u00ea ki\u015fandine ji zehmetiy\u00ean \u00e7\u00fbn \u00fb hatin\u00ea \u00fb l\u00ea\u00e7\u00fbn\u00ean z\u00eade y\u00ean dermankirin\u00ea li her\u00eam\u00ean din, R\u00eaxistina Heyva Sor a Kurd v\u00ea \u00eavar\u00ea nexwe\u015fxaneya Onkoloj\u00ee, \u015eewat \u00fb Telas\u00eemiya li bajar\u00ea Qami\u015flo vekir, bi amadeb\u00fbna heval, hevkar \u00fb \u00e7end saziy\u00ean r\u00eaveberiya Xweser a Demokrat\u00eek , ku pi\u015ft\u00ee du salan ji xebat\u00ean avakirin \u00fb amadekirin\u00ea dest bi p\u00ea\u015fk\u00ea\u015fkirina xizmetguzariy\u00ea ji bo nexwe\u015f\u00ean be\u015f\u00ea onkolojiy\u00ea dike ku di nav de nexwe\u015fiy\u00ean hi\u015fk \u00fb y\u00ean xw\u00een\u00ea hene, bi hevkar\u00ee \u00fb dilxwaziya hejmarek bij\u00ee\u015fk\u00ean pispor ji bo wergirtina Nexwe\u015fan ji hem\u00fb her\u00eam\u00ean S\u00fbriy\u00ea.<\/p>\n<p>&nbsp;<\/p>\n<p><span class=\"embed-youtube\" style=\"text-align:center; display: block;\"><iframe loading=\"lazy\" class=\"youtube-player\" width=\"1500\" height=\"844\" src=\"https:\/\/www.youtube.com\/embed\/-41QfHKiKDk?version=3&#038;rel=1&#038;showsearch=0&#038;showinfo=1&#038;iv_load_policy=1&#038;fs=1&#038;hl=ar&#038;autohide=2&#038;start=92&#038;wmode=transparent\" allowfullscreen=\"true\" style=\"border:0;\" sandbox=\"allow-scripts allow-same-origin allow-popups allow-presentation allow-popups-to-escape-sandbox\"><\/iframe><\/span><\/p>\n","protected":false},"excerpt":{"rendered":"<p>&nbsp; Ji ber \u015fert \u00fb merc\u00ean ku gel li her\u00eam\u00ean Bakur \u00fb Rojhilat\u00ea S\u00fbriy\u00ea ki\u015fandine ji zehmetiy\u00ean \u00e7\u00fbn \u00fb hatin\u00ea \u00fb l\u00ea\u00e7\u00fbn\u00ean z\u00eade y\u00ean dermankirin\u00ea li her\u00eam\u00ean din, R\u00eaxistina Heyva Sor a Kurd v\u00ea \u00eavar\u00ea nexwe\u015fxaneya Onkoloj\u00ee, \u015eewat \u00fb Telas\u00eemiya li bajar\u00ea Qami\u015flo vekir, bi amadeb\u00fbna heval, hevkar \u00fb \u00e7end saziy\u00ean r\u00eaveberiya Xweser a Demokrat\u00eek [&hellip;]<\/p>\n","protected":false},"author":1,"featured_media":8003,"comment_status":"open","ping_status":"open","sticky":false,"template":"","format":"standard","meta":{"give_campaign_id":0,"ngg_post_thumbnail":0,"jetpack_post_was_ever_published":false,"_jetpack_newsletter_access":"","_jetpack_dont_email_post_to_subs":false,"_jetpack_newsletter_tier_id":0,"_jetpack_memberships_contains_paywalled_content":false,"_jetpack_memberships_contains_paid_content":false,"footnotes":"","jetpack_publicize_message":"","jetpack_publicize_feature_enabled":true,"jetpack_social_post_already_shared":true,"jetpack_social_options":{"image_generator_settings":{"template":"highway","default_image_id":0,"font":"","enabled":false},"version":2},"_links_to":"","_links_to_target":""},"categories":[862,846],"tags":[],"class_list":["post-8002","post","type-post","status-publish","format-standard","has-post-thumbnail","hentry","category-gesepedan","category-tenduristi"],"jetpack_publicize_connections":[],"jetpack_featured_media_url":"https:\/\/i0.wp.com\/hskurd.org\/wp-content\/uploads\/2023\/12\/952A0809.00_05_34_07.Still012.jpg?fit=1920%2C1080&ssl=1","jetpack-related-posts":[{"id":7901,"url":"https:\/\/hskurd.org\/?p=7901&lang=ku","url_meta":{"origin":8002,"position":0},"title":"Heyva Sor a Kurd konferansa xwe ya s\u00eayem\u00een li darx\u0131st \u00fb hevserokatiyeke n\u00fb hilb\u0131jart","author":"neruda","date":"24 \u0646\u0648\u0641\u0645\u0628\u0631\u060c 2023","format":false,"excerpt":"\u00cero \u00cen\u00ea, R\u00eaxistina Heyva Sor a Kurd li bajar\u00ea Qami\u015flo s\u00eayem\u00een konferansa xwe bi d\u0131ru\u015fmeya \u201cBi h\u00eav\u00ee \u00fb hevkar\u00ee ji bo avakirina pa\u015ferojeke b\u0131 ron\u00ee \u201d l\u0131 darx\u0131st bi amadeb\u00fbna endam, kadroy\u00ean bij\u00ee\u015fk\u00ee \u00fb r\u00eaxistin\u00ean hevkar di xebat\u00ean mirov\u00ee de li. Tev\u00ee hejmarek ji berpirs\u00ean R\u00eaveberiya Xweser a Bakur \u00fb\u2026","rel":"","context":"\u0641\u064a &quot;Ge\u015fep\u00eadan&quot;","block_context":{"text":"Ge\u015fep\u00eadan","link":"https:\/\/hskurd.org\/?cat=862&lang=ku"},"img":{"alt_text":"","src":"https:\/\/i0.wp.com\/hskurd.org\/wp-content\/uploads\/2023\/11\/952A0191-copy-scaled.jpg?fit=1200%2C800&ssl=1&resize=350%2C200","width":350,"height":200,"srcset":"https:\/\/i0.wp.com\/hskurd.org\/wp-content\/uploads\/2023\/11\/952A0191-copy-scaled.jpg?fit=1200%2C800&ssl=1&resize=350%2C200 1x, https:\/\/i0.wp.com\/hskurd.org\/wp-content\/uploads\/2023\/11\/952A0191-copy-scaled.jpg?fit=1200%2C800&ssl=1&resize=525%2C300 1.5x, https:\/\/i0.wp.com\/hskurd.org\/wp-content\/uploads\/2023\/11\/952A0191-copy-scaled.jpg?fit=1200%2C800&ssl=1&resize=700%2C400 2x, https:\/\/i0.wp.com\/hskurd.org\/wp-content\/uploads\/2023\/11\/952A0191-copy-scaled.jpg?fit=1200%2C800&ssl=1&resize=1050%2C600 3x"},"classes":[]},{"id":6788,"url":"https:\/\/hskurd.org\/?p=6788&lang=ku","url_meta":{"origin":8002,"position":1},"title":"La\u015fmanya \u00fb dermankirina w\u00ea li navend\u00ean Heyva Sor a Kurd","author":"Sozdar","date":"10 \u0646\u0648\u0641\u0645\u0628\u0631\u060c 2022","format":false,"excerpt":"Di van dem\u00ean daw\u00een de gelek axaftin li ser belavb\u00fbna la\u015fmanyay\u00ea di nav ko\u00e7ber\u00ean s\u00fbriy\u00ea de li hem\u00ee teminan b\u00eatir\u00ee deverek\u00ee penaber b\u00fby\u00ee hene, ew nexwe\u015fiyeke \u00e7erm e ku bandor\u00ea li hem\u00fb kom\u00ean temam dike \u00fb di forma nod\u00fbleya sor de xuya dike, ku dibe sedema bir\u00een\u00ean ulserat\u00ee heta \u00e7end\u2026","rel":"","context":"\u0641\u064a &quot;Rapor&quot;","block_context":{"text":"Rapor","link":"https:\/\/hskurd.org\/?cat=206&lang=ku"},"img":{"alt_text":"","src":"https:\/\/i0.wp.com\/hskurd.org\/wp-content\/uploads\/2022\/11\/952A9945-scaled.jpg?fit=1200%2C800&ssl=1&resize=350%2C200","width":350,"height":200,"srcset":"https:\/\/i0.wp.com\/hskurd.org\/wp-content\/uploads\/2022\/11\/952A9945-scaled.jpg?fit=1200%2C800&ssl=1&resize=350%2C200 1x, https:\/\/i0.wp.com\/hskurd.org\/wp-content\/uploads\/2022\/11\/952A9945-scaled.jpg?fit=1200%2C800&ssl=1&resize=525%2C300 1.5x, https:\/\/i0.wp.com\/hskurd.org\/wp-content\/uploads\/2022\/11\/952A9945-scaled.jpg?fit=1200%2C800&ssl=1&resize=700%2C400 2x, https:\/\/i0.wp.com\/hskurd.org\/wp-content\/uploads\/2022\/11\/952A9945-scaled.jpg?fit=1200%2C800&ssl=1&resize=1050%2C600 3x"},"classes":[]},{"id":8468,"url":"https:\/\/hskurd.org\/?p=8468&lang=ku","url_meta":{"origin":8002,"position":2},"title":"Nexwe\u015fxaney\u00ean her\u00eam\u00ee pesn\u00ea xebata t\u00eem\u00ean bij\u00ee\u015fk\u00ee didin","author":"neruda","date":"1 \u064a\u0648\u0644\u064a\u0648\u060c 2024","format":false,"excerpt":"R\u00eaxistina Heyva Sor a Kurd li dever\u00ean ku l\u00ea amade ye ji bo leza bersivday\u00een\u00ea \u00fb xizmet\u00ean bij\u00ee\u015fk\u00ee \u00fb mirov\u00ee ku ji bo s\u00fbdmendan p\u00ea\u015fk\u00ea\u015f dike, pesin \u00fb teqd\u00eereke berfireh ji hem\u00fb be\u015f\u00ean civak\u00ea werdigire. T\u00eem\u00ean tendurist\u00ee \u00fb mirov\u00ee y\u00ean gir\u00eaday\u00ee Heyva Sor a Kurd kar\u00eeb\u00fbn bi awayek\u00ee ba\u015f xwe\u2026","rel":"","context":"\u0641\u064a &quot;\u00c7\u00eerok&quot;","block_context":{"text":"\u00c7\u00eerok","link":"https:\/\/hskurd.org\/?cat=831&lang=ku"},"img":{"alt_text":"","src":"https:\/\/i0.wp.com\/hskurd.org\/wp-content\/uploads\/2024\/07\/449318482_777750604520241_3778447784516359484_n.jpg?fit=1200%2C627&ssl=1&resize=350%2C200","width":350,"height":200,"srcset":"https:\/\/i0.wp.com\/hskurd.org\/wp-content\/uploads\/2024\/07\/449318482_777750604520241_3778447784516359484_n.jpg?fit=1200%2C627&ssl=1&resize=350%2C200 1x, https:\/\/i0.wp.com\/hskurd.org\/wp-content\/uploads\/2024\/07\/449318482_777750604520241_3778447784516359484_n.jpg?fit=1200%2C627&ssl=1&resize=525%2C300 1.5x, https:\/\/i0.wp.com\/hskurd.org\/wp-content\/uploads\/2024\/07\/449318482_777750604520241_3778447784516359484_n.jpg?fit=1200%2C627&ssl=1&resize=700%2C400 2x, https:\/\/i0.wp.com\/hskurd.org\/wp-content\/uploads\/2024\/07\/449318482_777750604520241_3778447784516359484_n.jpg?fit=1200%2C627&ssl=1&resize=1050%2C600 3x"},"classes":[]},{"id":11181,"url":"https:\/\/hskurd.org\/?p=11181&lang=ku","url_meta":{"origin":8002,"position":3},"title":"Li bajar\u00ea Qami\u015flo 2 s\u00eestem\u00ean enerjiya roj\u00ea li du dibistanan hatin bicihkirin","author":"user55","date":"23 \u0623\u0628\u0631\u064a\u0644\u060c 2025","format":false,"excerpt":"Di berdewabuy\u00eena kampaniya al\u00eekariy\u00ea \u201c #Solardarity\u201d de ji bo pi\u015ftgir\u00ee \u00fb p\u00ea\u015fxistina enerjiya tav\u00ea wek\u00ee enerjiya alternat\u00eef li her\u00eam\u00ean Bakur \u00fb Rojhilat\u00ea S\u00fbriy\u00ea ku bi pi\u015ftgiriya medico international\/ enerjiya roj\u00ea ji bo Bakur-Rojhilat\u00ea S\u00fbriy\u00ea qonaxa 2em t\u00ea p\u00eakan\u00een, R\u00eaxistina Heyva Sor a Kurd du s\u00eestem\u00ean enerjiya roj\u00ea li du dibistan\u00ean\u2026","rel":"","context":"\u0641\u064a &quot;\u00c7\u00eerok&quot;","block_context":{"text":"\u00c7\u00eerok","link":"https:\/\/hskurd.org\/?cat=831&lang=ku"},"img":{"alt_text":"","src":"https:\/\/i0.wp.com\/hskurd.org\/wp-content\/uploads\/2025\/04\/DSC_0005-scaled.jpg?fit=1200%2C800&ssl=1&resize=350%2C200","width":350,"height":200,"srcset":"https:\/\/i0.wp.com\/hskurd.org\/wp-content\/uploads\/2025\/04\/DSC_0005-scaled.jpg?fit=1200%2C800&ssl=1&resize=350%2C200 1x, https:\/\/i0.wp.com\/hskurd.org\/wp-content\/uploads\/2025\/04\/DSC_0005-scaled.jpg?fit=1200%2C800&ssl=1&resize=525%2C300 1.5x, https:\/\/i0.wp.com\/hskurd.org\/wp-content\/uploads\/2025\/04\/DSC_0005-scaled.jpg?fit=1200%2C800&ssl=1&resize=700%2C400 2x, https:\/\/i0.wp.com\/hskurd.org\/wp-content\/uploads\/2025\/04\/DSC_0005-scaled.jpg?fit=1200%2C800&ssl=1&resize=1050%2C600 3x"},"classes":[]},{"id":8795,"url":"https:\/\/hskurd.org\/?p=8795&lang=ku","url_meta":{"origin":8002,"position":4},"title":"Heyva Sor a Kurd li kampa Berxwedan navendeke perwerde \u00fb \u015fahiy\u00ea ji zarokan re vekir","author":"neruda","date":"16 \u0623\u0643\u062a\u0648\u0628\u0631\u060c 2024","format":false,"excerpt":"https:\/\/youtu.be\/ktJqOMwy3kU Di sala 2024'an de , di be\u015fa z\u00fb naskirin pence\u015f\u00eara p\u00eas\u00eer\u00ea de li Nexwe\u015fxaneya Onkoloj\u00ee, \u015fewat \u00fb Talas\u00eemiyay\u00ea ya gir\u00eaday\u00ee Heyva Sor a Kurd a bajar\u00ea Qami\u015flo 1283 muayene, ji wan 680 muayeney\u00ean \u00cekograf\u00ee \u00fb 846 muayeney\u00ean mamograf\u00ee ji bo jinan hatine \u00e7\u00eakirin, di nav de 24 rew\u015f\u00ean er\u00ean\u00ee\u2026","rel":"","context":"\u0641\u064a &quot;b\u00ea kategoriyan&quot;","block_context":{"text":"b\u00ea kategoriyan","link":"https:\/\/hskurd.org\/?cat=85&lang=ku"},"img":{"alt_text":"","src":"https:\/\/i0.wp.com\/hskurd.org\/wp-content\/uploads\/2024\/10\/%D8%B4%D9%87%D8%A8%D8%A7%D8%A7%D8%A7.png?fit=1200%2C687&ssl=1&resize=350%2C200","width":350,"height":200,"srcset":"https:\/\/i0.wp.com\/hskurd.org\/wp-content\/uploads\/2024\/10\/%D8%B4%D9%87%D8%A8%D8%A7%D8%A7%D8%A7.png?fit=1200%2C687&ssl=1&resize=350%2C200 1x, https:\/\/i0.wp.com\/hskurd.org\/wp-content\/uploads\/2024\/10\/%D8%B4%D9%87%D8%A8%D8%A7%D8%A7%D8%A7.png?fit=1200%2C687&ssl=1&resize=525%2C300 1.5x, https:\/\/i0.wp.com\/hskurd.org\/wp-content\/uploads\/2024\/10\/%D8%B4%D9%87%D8%A8%D8%A7%D8%A7%D8%A7.png?fit=1200%2C687&ssl=1&resize=700%2C400 2x, https:\/\/i0.wp.com\/hskurd.org\/wp-content\/uploads\/2024\/10\/%D8%B4%D9%87%D8%A8%D8%A7%D8%A7%D8%A7.png?fit=1200%2C687&ssl=1&resize=1050%2C600 3x"},"classes":[]},{"id":8752,"url":"https:\/\/hskurd.org\/?p=8752&lang=ku","url_meta":{"origin":8002,"position":5},"title":"Bi hevkar\u00ee \u00fb hezkirin\u00ea em dikarin al\u00eekariy\u00ea ji ko\u00e7ber\u00ean Lubnan\u00ea p\u00ea\u015fk\u00ea\u015f bikin","author":"neruda","date":"8 \u0623\u0643\u062a\u0648\u0628\u0631\u060c 2024","format":false,"excerpt":"Di kr\u00eez\u00ean mirovah\u00ee de, gir\u00eengiya xebat\u00ean kom\u00ee \u00fb hevgirtina civak\u00ee t\u00ea n\u00ee\u015fandan, ev yek j\u00ee Heyva Sor a Kurd di rew\u015fa daw\u00ee de di kampanyay\u00ean xwe y\u00ean mirov\u00ee de ji bo al\u00eekariya ko\u00e7ber\u00ean ji Lubnan\u00ea t\u00ean, p\u00eak t\u00eene. R\u00eaxistina Heyva Sor a Kurd di bin silogana \"Bi hevkar\u00ee \u00fb hezkirin\u00ea\u2026","rel":"","context":"\u0641\u064a &quot;Parastin&quot;","block_context":{"text":"Parastin","link":"https:\/\/hskurd.org\/?cat=840&lang=ku"},"img":{"alt_text":"","src":"https:\/\/i0.wp.com\/hskurd.org\/wp-content\/uploads\/2024\/10\/DSC_1845-scaled.jpg?fit=1200%2C800&ssl=1&resize=350%2C200","width":350,"height":200,"srcset":"https:\/\/i0.wp.com\/hskurd.org\/wp-content\/uploads\/2024\/10\/DSC_1845-scaled.jpg?fit=1200%2C800&ssl=1&resize=350%2C200 1x, https:\/\/i0.wp.com\/hskurd.org\/wp-content\/uploads\/2024\/10\/DSC_1845-scaled.jpg?fit=1200%2C800&ssl=1&resize=525%2C300 1.5x, https:\/\/i0.wp.com\/hskurd.org\/wp-content\/uploads\/2024\/10\/DSC_1845-scaled.jpg?fit=1200%2C800&ssl=1&resize=700%2C400 2x, https:\/\/i0.wp.com\/hskurd.org\/wp-content\/uploads\/2024\/10\/DSC_1845-scaled.jpg?fit=1200%2C800&ssl=1&resize=1050%2C600 3x"},"classes":[]}],"jetpack_sharing_enabled":true,"_links":{"self":[{"href":"https:\/\/hskurd.org\/index.php?rest_route=\/wp\/v2\/posts\/8002","targetHints":{"allow":["GET"]}}],"collection":[{"href":"https:\/\/hskurd.org\/index.php?rest_route=\/wp\/v2\/posts"}],"about":[{"href":"https:\/\/hskurd.org\/index.php?rest_route=\/wp\/v2\/types\/post"}],"author":[{"embeddable":true,"href":"https:\/\/hskurd.org\/index.php?rest_route=\/wp\/v2\/users\/1"}],"replies":[{"embeddable":true,"href":"https:\/\/hskurd.org\/index.php?rest_route=%2Fwp%2Fv2%2Fcomments&post=8002"}],"version-history":[{"count":2,"href":"https:\/\/hskurd.org\/index.php?rest_route=\/wp\/v2\/posts\/8002\/revisions"}],"predecessor-version":[{"id":8005,"href":"https:\/\/hskurd.org\/index.php?rest_route=\/wp\/v2\/posts\/8002\/revisions\/8005"}],"wp:featuredmedia":[{"embeddable":true,"href":"https:\/\/hskurd.org\/index.php?rest_route=\/wp\/v2\/media\/8003"}],"wp:attachment":[{"href":"https:\/\/hskurd.org\/index.php?rest_route=%2Fwp%2Fv2%2Fmedia&parent=8002"}],"wp:term":[{"taxonomy":"category","embeddable":true,"href":"https:\/\/hskurd.org\/index.php?rest_route=%2Fwp%2Fv2%2Fcategories&post=8002"},{"taxonomy":"post_tag","embeddable":true,"href":"https:\/\/hskurd.org\/index.php?rest_route=%2Fwp%2Fv2%2Ftags&post=8002"}],"curies":[{"name":"wp","href":"https:\/\/api.w.org\/{rel}","templated":true}]}}