{"id":7999,"date":"2023-12-12T13:19:08","date_gmt":"2023-12-12T10:19:08","guid":{"rendered":"https:\/\/hskurd.org\/?p=7999"},"modified":"2023-12-12T13:21:01","modified_gmt":"2023-12-12T10:21:01","slug":"heyva-sor-a-kurd-damezirandina-xwe-ya-11emin-piroz-dike","status":"publish","type":"post","link":"https:\/\/hskurd.org\/?p=7999&lang=ku","title":{"rendered":"Heyva Sor a Kurd damezirandina xwe ya 11em\u00een p\u00eeroz dike"},"content":{"rendered":"<p>Heyva Sor a Kurd damezirandina xwe ya 11em\u00een p\u00eeroz dike. Bi v\u00ea boney\u00ea ew sipas\u00eeya hem\u00fb karmend\u00ean xwe dike, ku be\u015fdar\u00ee p\u00ea\u015fk\u00ea\u015fkirina hem\u00fb xizmet\u00ean bij\u00ee\u015fk\u00ee \u00fb mirov\u00ee b\u00fbne. ji her kesek\u00ee li hundir \u00fb dervey\u00ee her\u00eam\u00ean Bakur \u00fb Rojhilat\u00ea S\u00fbriy\u00ea \u00fb ji her dilxwazek\u00ee ku baweriya wan bi kar\u00ea me hat\u00ee \u00fb di kir\u00eez \u00fb karesatande dest\u00ea al\u00eekariy\u00ea dir\u00eaj\u00ee me kir\u00eere sipas\u00eey\u00ean xwe di\u015f\u00eane. ji ber ku hem\u00fb xizmet\u00ean hatine p\u00ea\u015fk\u00ea\u015fkirin b\u00eay\u00ee hezkirin \u00fb hevkariya wan hem\u00fbyan ne gengaze temam b\u00fbba.<\/p>\n<p><span class=\"embed-youtube\" style=\"text-align:center; display: block;\"><iframe loading=\"lazy\" class=\"youtube-player\" width=\"1500\" height=\"844\" src=\"https:\/\/www.youtube.com\/embed\/ryFEhyLIxDM?version=3&#038;rel=1&#038;showsearch=0&#038;showinfo=1&#038;iv_load_policy=1&#038;fs=1&#038;hl=ar&#038;autohide=2&#038;wmode=transparent\" allowfullscreen=\"true\" style=\"border:0;\" sandbox=\"allow-scripts allow-same-origin allow-popups allow-presentation allow-popups-to-escape-sandbox\"><\/iframe><\/span><\/p>\n","protected":false},"excerpt":{"rendered":"<p>Heyva Sor a Kurd damezirandina xwe ya 11em\u00een p\u00eeroz dike. Bi v\u00ea boney\u00ea ew sipas\u00eeya hem\u00fb karmend\u00ean xwe dike, ku be\u015fdar\u00ee p\u00ea\u015fk\u00ea\u015fkirina hem\u00fb xizmet\u00ean bij\u00ee\u015fk\u00ee \u00fb mirov\u00ee b\u00fbne. ji her kesek\u00ee li hundir \u00fb dervey\u00ee her\u00eam\u00ean Bakur \u00fb Rojhilat\u00ea S\u00fbriy\u00ea \u00fb ji her dilxwazek\u00ee ku baweriya wan bi kar\u00ea me hat\u00ee \u00fb di kir\u00eez \u00fb [&hellip;]<\/p>\n","protected":false},"author":1,"featured_media":7993,"comment_status":"open","ping_status":"open","sticky":false,"template":"","format":"standard","meta":{"give_campaign_id":0,"ngg_post_thumbnail":0,"jetpack_post_was_ever_published":false,"_jetpack_newsletter_access":"","_jetpack_dont_email_post_to_subs":false,"_jetpack_newsletter_tier_id":0,"_jetpack_memberships_contains_paywalled_content":false,"_jetpack_memberships_contains_paid_content":false,"footnotes":"","jetpack_publicize_message":"","jetpack_publicize_feature_enabled":true,"jetpack_social_post_already_shared":true,"jetpack_social_options":{"image_generator_settings":{"template":"highway","default_image_id":0,"font":"","enabled":false},"version":2},"_links_to":"","_links_to_target":""},"categories":[831],"tags":[],"class_list":["post-7999","post","type-post","status-publish","format-standard","has-post-thumbnail","hentry","category-cirok"],"jetpack_publicize_connections":[],"jetpack_featured_media_url":"https:\/\/i0.wp.com\/hskurd.org\/wp-content\/uploads\/2023\/12\/%D8%A7%D8%A7%D8%A7%D8%A7.png?fit=1150%2C511&ssl=1","jetpack-related-posts":[{"id":7096,"url":"https:\/\/hskurd.org\/?p=7096&lang=ku","url_meta":{"origin":7999,"position":0},"title":"&#8220;Bersiva h\u00eaviy\u00ea di day\u00eena we de ye&#8221;","author":"heyvasorakurd","date":"23 \u0645\u0627\u0631\u0633\u060c 2023","format":false,"excerpt":"Bersiva h\u00eaviy\u00ea di day\u00eena we de ye\" Fitre \u00fb zekata xwe bidin ji bo kes\u00ean p\u00eadiviya wan bi al\u00eekariy\u00ea heye Ji Bo Gel\u00ean Me \u00fb Hem\u00fb P\u00eakhatye Musilman li Bakur \u00fb Rojhilat\u00ea Sur\u00ee Erk\u00ea hem\u00fb bawermenda ye bi hatina rojiya remezan\u00ea ya p\u00eeroz re , hem\u00fb kes\u00ean ku p\u00eaw\u00eestiya wan\u2026","rel":"","context":"\u0641\u064a &quot;b\u00ea kategoriyan&quot;","block_context":{"text":"b\u00ea kategoriyan","link":"https:\/\/hskurd.org\/?cat=85&lang=ku"},"img":{"alt_text":"","src":"https:\/\/i0.wp.com\/hskurd.org\/wp-content\/uploads\/2023\/03\/%D9%81%D9%8A%D9%84%D9%83%D8%B3-%D8%B2%D9%83%D8%A7%D8%A9-%D8%A7%D9%84%D9%81%D8%B7%D8%B1-3-scaled.jpg?fit=1200%2C800&ssl=1&resize=350%2C200","width":350,"height":200,"srcset":"https:\/\/i0.wp.com\/hskurd.org\/wp-content\/uploads\/2023\/03\/%D9%81%D9%8A%D9%84%D9%83%D8%B3-%D8%B2%D9%83%D8%A7%D8%A9-%D8%A7%D9%84%D9%81%D8%B7%D8%B1-3-scaled.jpg?fit=1200%2C800&ssl=1&resize=350%2C200 1x, https:\/\/i0.wp.com\/hskurd.org\/wp-content\/uploads\/2023\/03\/%D9%81%D9%8A%D9%84%D9%83%D8%B3-%D8%B2%D9%83%D8%A7%D8%A9-%D8%A7%D9%84%D9%81%D8%B7%D8%B1-3-scaled.jpg?fit=1200%2C800&ssl=1&resize=525%2C300 1.5x, https:\/\/i0.wp.com\/hskurd.org\/wp-content\/uploads\/2023\/03\/%D9%81%D9%8A%D9%84%D9%83%D8%B3-%D8%B2%D9%83%D8%A7%D8%A9-%D8%A7%D9%84%D9%81%D8%B7%D8%B1-3-scaled.jpg?fit=1200%2C800&ssl=1&resize=700%2C400 2x, https:\/\/i0.wp.com\/hskurd.org\/wp-content\/uploads\/2023\/03\/%D9%81%D9%8A%D9%84%D9%83%D8%B3-%D8%B2%D9%83%D8%A7%D8%A9-%D8%A7%D9%84%D9%81%D8%B7%D8%B1-3-scaled.jpg?fit=1200%2C800&ssl=1&resize=1050%2C600 3x"},"classes":[]},{"id":8468,"url":"https:\/\/hskurd.org\/?p=8468&lang=ku","url_meta":{"origin":7999,"position":1},"title":"Nexwe\u015fxaney\u00ean her\u00eam\u00ee pesn\u00ea xebata t\u00eem\u00ean bij\u00ee\u015fk\u00ee didin","author":"neruda","date":"1 \u064a\u0648\u0644\u064a\u0648\u060c 2024","format":false,"excerpt":"R\u00eaxistina Heyva Sor a Kurd li dever\u00ean ku l\u00ea amade ye ji bo leza bersivday\u00een\u00ea \u00fb xizmet\u00ean bij\u00ee\u015fk\u00ee \u00fb mirov\u00ee ku ji bo s\u00fbdmendan p\u00ea\u015fk\u00ea\u015f dike, pesin \u00fb teqd\u00eereke berfireh ji hem\u00fb be\u015f\u00ean civak\u00ea werdigire. T\u00eem\u00ean tendurist\u00ee \u00fb mirov\u00ee y\u00ean gir\u00eaday\u00ee Heyva Sor a Kurd kar\u00eeb\u00fbn bi awayek\u00ee ba\u015f xwe\u2026","rel":"","context":"\u0641\u064a &quot;\u00c7\u00eerok&quot;","block_context":{"text":"\u00c7\u00eerok","link":"https:\/\/hskurd.org\/?cat=831&lang=ku"},"img":{"alt_text":"","src":"https:\/\/i0.wp.com\/hskurd.org\/wp-content\/uploads\/2024\/07\/449318482_777750604520241_3778447784516359484_n.jpg?fit=1200%2C627&ssl=1&resize=350%2C200","width":350,"height":200,"srcset":"https:\/\/i0.wp.com\/hskurd.org\/wp-content\/uploads\/2024\/07\/449318482_777750604520241_3778447784516359484_n.jpg?fit=1200%2C627&ssl=1&resize=350%2C200 1x, https:\/\/i0.wp.com\/hskurd.org\/wp-content\/uploads\/2024\/07\/449318482_777750604520241_3778447784516359484_n.jpg?fit=1200%2C627&ssl=1&resize=525%2C300 1.5x, https:\/\/i0.wp.com\/hskurd.org\/wp-content\/uploads\/2024\/07\/449318482_777750604520241_3778447784516359484_n.jpg?fit=1200%2C627&ssl=1&resize=700%2C400 2x, https:\/\/i0.wp.com\/hskurd.org\/wp-content\/uploads\/2024\/07\/449318482_777750604520241_3778447784516359484_n.jpg?fit=1200%2C627&ssl=1&resize=1050%2C600 3x"},"classes":[]},{"id":8201,"url":"https:\/\/hskurd.org\/?p=8201&lang=ku","url_meta":{"origin":7999,"position":2},"title":"R\u00eaxistina Heyva Sor a Kurd \u00e7ar heval\u00ean xwe oxir dike","author":"neruda","date":"27 \u0645\u0627\u0631\u0633\u060c 2024","format":false,"excerpt":"Em R\u00eaxistina Heyva Sor a Kurd bi xemg\u00eeniyeke mezin \u00e7ar r\u00eaheval\u00ean xwe : Luay Mihemed Bekir, Hesen Ebdulrehman Heydo, Mihemed Ebdullah El-Osman, El\u00ee Osman El-Cas\u00eem radigh\u00eenin , ku di roja p\u00eanc\u015fem\u00ea 14-03-2024an de li ser r\u00eaya D\u00earezor\u00ea di encama qezayeke traf\u00eek\u00ea ya bi \u00ea\u015f de jiyana xwe ji dest dan\u2026","rel":"","context":"\u0641\u064a &quot;Awarte&quot;","block_context":{"text":"Awarte","link":"https:\/\/hskurd.org\/?cat=848&lang=ku"},"img":{"alt_text":"","src":"https:\/\/i0.wp.com\/hskurd.org\/wp-content\/uploads\/2021\/01\/cropped-%D8%AC%D8%AF%D9%8A%D8%AF-%D9%87%D9%84%D8%A7%D9%84-%D8%A7%D8%AD%D9%85%D8%B1-1-2.jpg?fit=1030%2C1030&ssl=1&resize=350%2C200","width":350,"height":200,"srcset":"https:\/\/i0.wp.com\/hskurd.org\/wp-content\/uploads\/2021\/01\/cropped-%D8%AC%D8%AF%D9%8A%D8%AF-%D9%87%D9%84%D8%A7%D9%84-%D8%A7%D8%AD%D9%85%D8%B1-1-2.jpg?fit=1030%2C1030&ssl=1&resize=350%2C200 1x, https:\/\/i0.wp.com\/hskurd.org\/wp-content\/uploads\/2021\/01\/cropped-%D8%AC%D8%AF%D9%8A%D8%AF-%D9%87%D9%84%D8%A7%D9%84-%D8%A7%D8%AD%D9%85%D8%B1-1-2.jpg?fit=1030%2C1030&ssl=1&resize=525%2C300 1.5x, https:\/\/i0.wp.com\/hskurd.org\/wp-content\/uploads\/2021\/01\/cropped-%D8%AC%D8%AF%D9%8A%D8%AF-%D9%87%D9%84%D8%A7%D9%84-%D8%A7%D8%AD%D9%85%D8%B1-1-2.jpg?fit=1030%2C1030&ssl=1&resize=700%2C400 2x"},"classes":[]},{"id":6572,"url":"https:\/\/hskurd.org\/?p=6572&lang=ku","url_meta":{"origin":7999,"position":3},"title":"Navenda Qami\u015flo ya P\u00ea\u015f\u00eegirtina Pence\u015f\u00eara P\u00eas\u00eer\u00ea (Mamograf)","author":"Sozdar","date":"4 \u0623\u0643\u062a\u0648\u0628\u0631\u060c 2022","format":false,"excerpt":"Kl\u00een\u00eeka Qami\u015flo ku ji yekem\u00een navend\u00ean tenduristiy\u00ea y\u00ean sereke y\u00ean Heyva Sor a Kurd e ku ketiye sala xwe ya dehem\u00een, gelek be\u015fan dihew\u00eene ,yek ji wan be\u015fan z\u00fb naskirina Pence\u015f\u00eara P\u00eas\u00eer\u00ea (Mamograf) ku beriya s\u00ea salan dest bi xizmet\u00ea kir , her wiha ne qezenc\u00ee wek hem\u00fb xizmet\u00ean. \u00db\u2026","rel":"","context":"\u0641\u064a &quot;Perwerdehiya tendurist\u00ee&quot;","block_context":{"text":"Perwerdehiya tendurist\u00ee","link":"https:\/\/hskurd.org\/?cat=844&lang=ku"},"img":{"alt_text":"","src":"https:\/\/i0.wp.com\/hskurd.org\/wp-content\/uploads\/2022\/10\/%D8%A7%D9%84%D8%AA%D9%82%D8%A7%D8%B7-1.jpg?fit=1062%2C474&ssl=1&resize=350%2C200","width":350,"height":200,"srcset":"https:\/\/i0.wp.com\/hskurd.org\/wp-content\/uploads\/2022\/10\/%D8%A7%D9%84%D8%AA%D9%82%D8%A7%D8%B7-1.jpg?fit=1062%2C474&ssl=1&resize=350%2C200 1x, https:\/\/i0.wp.com\/hskurd.org\/wp-content\/uploads\/2022\/10\/%D8%A7%D9%84%D8%AA%D9%82%D8%A7%D8%B7-1.jpg?fit=1062%2C474&ssl=1&resize=525%2C300 1.5x, https:\/\/i0.wp.com\/hskurd.org\/wp-content\/uploads\/2022\/10\/%D8%A7%D9%84%D8%AA%D9%82%D8%A7%D8%B7-1.jpg?fit=1062%2C474&ssl=1&resize=700%2C400 2x, https:\/\/i0.wp.com\/hskurd.org\/wp-content\/uploads\/2022\/10\/%D8%A7%D9%84%D8%AA%D9%82%D8%A7%D8%B7-1.jpg?fit=1062%2C474&ssl=1&resize=1050%2C600 3x"},"classes":[]},{"id":6935,"url":"https:\/\/hskurd.org\/?p=6935&lang=ku","url_meta":{"origin":7999,"position":4},"title":"Ji bo raya gi\u015ft\u00ee ya c\u00eehan\u00ee","author":"Sozdar","date":"22 \u0641\u0628\u0631\u0627\u064a\u0631\u060c 2023","format":false,"excerpt":"Erdheja ku di 6 sibats 2023an de r\u00fbda ,b\u00fb sedema karesateke mirov\u00ee \u00fb zirareke mezin ji bo xelk\u00ean her\u00eam\u00ea ku heta v\u00ea gav\u00ea di aloziyeke ji\u0131yan\u00ee de mane. Li ser v\u00ea yek\u00ea mirovahiya c\u00eehan\u00ee \u00fb ya her\u00eam\u00ea ket nava hewldana el\u00eekariyeke pir mezin a mad\u00ee \u00fb manew\u00ee ji bo xelk\u00ean\u2026","rel":"","context":"\u0641\u064a &quot;Rapor&quot;","block_context":{"text":"Rapor","link":"https:\/\/hskurd.org\/?cat=206&lang=ku"},"img":{"alt_text":"","src":"https:\/\/i0.wp.com\/hskurd.org\/wp-content\/uploads\/2023\/02\/%D8%A8%D8%AF%D9%88%D9%86-%D8%A7%D8%B3%D9%85325_20230222135539.png?fit=1200%2C1200&ssl=1&resize=350%2C200","width":350,"height":200,"srcset":"https:\/\/i0.wp.com\/hskurd.org\/wp-content\/uploads\/2023\/02\/%D8%A8%D8%AF%D9%88%D9%86-%D8%A7%D8%B3%D9%85325_20230222135539.png?fit=1200%2C1200&ssl=1&resize=350%2C200 1x, https:\/\/i0.wp.com\/hskurd.org\/wp-content\/uploads\/2023\/02\/%D8%A8%D8%AF%D9%88%D9%86-%D8%A7%D8%B3%D9%85325_20230222135539.png?fit=1200%2C1200&ssl=1&resize=525%2C300 1.5x, https:\/\/i0.wp.com\/hskurd.org\/wp-content\/uploads\/2023\/02\/%D8%A8%D8%AF%D9%88%D9%86-%D8%A7%D8%B3%D9%85325_20230222135539.png?fit=1200%2C1200&ssl=1&resize=700%2C400 2x, https:\/\/i0.wp.com\/hskurd.org\/wp-content\/uploads\/2023\/02\/%D8%A8%D8%AF%D9%88%D9%86-%D8%A7%D8%B3%D9%85325_20230222135539.png?fit=1200%2C1200&ssl=1&resize=1050%2C600 3x"},"classes":[]},{"id":7578,"url":"https:\/\/hskurd.org\/?p=7578&lang=ku","url_meta":{"origin":7999,"position":5},"title":"Al\u00eekariya lezk\u00een ji bo du zarokan Ji ber teq\u00eena bermahiy\u00ean \u015fer li Tel Temr\u00ea","author":"heyvasorakurd","date":"6 \u0633\u0628\u062a\u0645\u0628\u0631\u060c 2023","format":false,"excerpt":"Duh, Du\u015fem\u00ea, Heyva Sor a Kurd, di encama teq\u00eena may\u00een\u00ean \u015fer de, al\u00eekariya yekem \u00fb bilez p\u00ea\u015fk\u00ea\u015f\u00ee du zarok\u00ean ji gund\u00ea El-Selamsa li gundewar\u00ea Til Temir\u00ea kirin, ku piraniya bir\u00eenan di zik \u00fb ling\u00ean wan de b\u00fbn. Pi\u015ft\u00ee p\u00ea\u015fk\u00ea\u015fkirina al\u00eekariy\u00ean lezg\u00een \u00fb p\u00eaw\u00eest, ji bo dermankirin\u00ea bo nexwe\u015fxaney\u00ean bajar\u00ea Hesek\u00ea\u2026","rel":"","context":"\u0641\u064a &quot;Awarte&quot;","block_context":{"text":"Awarte","link":"https:\/\/hskurd.org\/?cat=848&lang=ku"},"img":{"alt_text":"","src":"https:\/\/i0.wp.com\/hskurd.org\/wp-content\/uploads\/2023\/09\/374203029_614110440884259_7169837901949093302_n-1.jpg?fit=1080%2C674&ssl=1&resize=350%2C200","width":350,"height":200,"srcset":"https:\/\/i0.wp.com\/hskurd.org\/wp-content\/uploads\/2023\/09\/374203029_614110440884259_7169837901949093302_n-1.jpg?fit=1080%2C674&ssl=1&resize=350%2C200 1x, https:\/\/i0.wp.com\/hskurd.org\/wp-content\/uploads\/2023\/09\/374203029_614110440884259_7169837901949093302_n-1.jpg?fit=1080%2C674&ssl=1&resize=525%2C300 1.5x, https:\/\/i0.wp.com\/hskurd.org\/wp-content\/uploads\/2023\/09\/374203029_614110440884259_7169837901949093302_n-1.jpg?fit=1080%2C674&ssl=1&resize=700%2C400 2x, https:\/\/i0.wp.com\/hskurd.org\/wp-content\/uploads\/2023\/09\/374203029_614110440884259_7169837901949093302_n-1.jpg?fit=1080%2C674&ssl=1&resize=1050%2C600 3x"},"classes":[]}],"jetpack_sharing_enabled":true,"_links":{"self":[{"href":"https:\/\/hskurd.org\/index.php?rest_route=\/wp\/v2\/posts\/7999","targetHints":{"allow":["GET"]}}],"collection":[{"href":"https:\/\/hskurd.org\/index.php?rest_route=\/wp\/v2\/posts"}],"about":[{"href":"https:\/\/hskurd.org\/index.php?rest_route=\/wp\/v2\/types\/post"}],"author":[{"embeddable":true,"href":"https:\/\/hskurd.org\/index.php?rest_route=\/wp\/v2\/users\/1"}],"replies":[{"embeddable":true,"href":"https:\/\/hskurd.org\/index.php?rest_route=%2Fwp%2Fv2%2Fcomments&post=7999"}],"version-history":[{"count":1,"href":"https:\/\/hskurd.org\/index.php?rest_route=\/wp\/v2\/posts\/7999\/revisions"}],"predecessor-version":[{"id":8000,"href":"https:\/\/hskurd.org\/index.php?rest_route=\/wp\/v2\/posts\/7999\/revisions\/8000"}],"wp:featuredmedia":[{"embeddable":true,"href":"https:\/\/hskurd.org\/index.php?rest_route=\/wp\/v2\/media\/7993"}],"wp:attachment":[{"href":"https:\/\/hskurd.org\/index.php?rest_route=%2Fwp%2Fv2%2Fmedia&parent=7999"}],"wp:term":[{"taxonomy":"category","embeddable":true,"href":"https:\/\/hskurd.org\/index.php?rest_route=%2Fwp%2Fv2%2Fcategories&post=7999"},{"taxonomy":"post_tag","embeddable":true,"href":"https:\/\/hskurd.org\/index.php?rest_route=%2Fwp%2Fv2%2Ftags&post=7999"}],"curies":[{"name":"wp","href":"https:\/\/api.w.org\/{rel}","templated":true}]}}