{"id":7984,"date":"2023-12-05T14:09:08","date_gmt":"2023-12-05T11:09:08","guid":{"rendered":"https:\/\/hskurd.org\/?p=7984"},"modified":"2023-12-05T14:09:08","modified_gmt":"2023-12-05T11:09:08","slug":"roja-cihani-a-astengdaran","status":"publish","type":"post","link":"https:\/\/hskurd.org\/?p=7984&lang=ku","title":{"rendered":"Roja c\u00eehan\u00ee a astengdaran"},"content":{"rendered":"<p><span class=\"embed-youtube\" style=\"text-align:center; display: block;\"><iframe loading=\"lazy\" class=\"youtube-player\" width=\"1500\" height=\"844\" src=\"https:\/\/www.youtube.com\/embed\/FyMe2Ct6sZQ?version=3&#038;rel=1&#038;showsearch=0&#038;showinfo=1&#038;iv_load_policy=1&#038;fs=1&#038;hl=ar&#038;autohide=2&#038;start=9&#038;wmode=transparent\" allowfullscreen=\"true\" style=\"border:0;\" sandbox=\"allow-scripts allow-same-origin allow-popups allow-presentation allow-popups-to-escape-sandbox\"><\/iframe><\/span><\/p>\n<p>&nbsp;<\/p>\n<p>Bi boneya roja c\u00eehan\u00ee a astengdaran \u00fb di bin dr\u00fb\u015fmeya &#8220;min ji astengdariya min dadgeh neke, bih\u00eale ez kar\u00een\u00ean xwe n\u00ee\u015fan\u00ee we bidim&#8221; Heyva Sor a Kurd bi hevkarya r\u00eaxistina n\u00fbdem \u00e7alakiyek ji zarokan re lidarxist , di \u00e7alakiy\u00ea de \u015fano \u00fb stranb\u00eaj\u00ee ji zarokan re hat p\u00ea\u015fk\u00ea\u015fkirin, ji bil\u00ee x\u00eazkirina r\u00fby\u00ea wan \u00fb belavkirina diyariyan , bi armanca tevl\u00eekirina zarok\u00ean astengdar bi \u00ean ne astengdar re.<\/p>\n","protected":false},"excerpt":{"rendered":"<p>&nbsp; Bi boneya roja c\u00eehan\u00ee a astengdaran \u00fb di bin dr\u00fb\u015fmeya &#8220;min ji astengdariya min dadgeh neke, bih\u00eale ez kar\u00een\u00ean xwe n\u00ee\u015fan\u00ee we bidim&#8221; Heyva Sor a Kurd bi hevkarya r\u00eaxistina n\u00fbdem \u00e7alakiyek ji zarokan re lidarxist , di \u00e7alakiy\u00ea de \u015fano \u00fb stranb\u00eaj\u00ee ji zarokan re hat p\u00ea\u015fk\u00ea\u015fkirin, ji bil\u00ee x\u00eazkirina r\u00fby\u00ea wan \u00fb [&hellip;]<\/p>\n","protected":false},"author":1,"featured_media":7974,"comment_status":"open","ping_status":"open","sticky":false,"template":"","format":"standard","meta":{"give_campaign_id":0,"ngg_post_thumbnail":0,"jetpack_post_was_ever_published":false,"_jetpack_newsletter_access":"","_jetpack_dont_email_post_to_subs":false,"_jetpack_newsletter_tier_id":0,"_jetpack_memberships_contains_paywalled_content":false,"_jetpack_memberships_contains_paid_content":false,"footnotes":"","jetpack_publicize_message":"","jetpack_publicize_feature_enabled":true,"jetpack_social_post_already_shared":true,"jetpack_social_options":{"image_generator_settings":{"template":"highway","default_image_id":0,"font":"","enabled":false},"version":2},"_links_to":"","_links_to_target":""},"categories":[862,840,1486],"tags":[1721],"class_list":["post-7984","post","type-post","status-publish","format-standard","has-post-thumbnail","hentry","category-gesepedan","category-parastin","category-pistgirya-pskologik","tag-roja_cihani_a_astengdaran"],"jetpack_publicize_connections":[],"jetpack_featured_media_url":"https:\/\/i0.wp.com\/hskurd.org\/wp-content\/uploads\/2023\/12\/952A0400-scaled.jpg?fit=2560%2C1707&ssl=1","jetpack-related-posts":[{"id":6799,"url":"https:\/\/hskurd.org\/?p=6799&lang=ku","url_meta":{"origin":7984,"position":0},"title":"Bang ji bo raya gi\u015ft\u00ee","author":"Sozdar","date":"20 \u0646\u0648\u0641\u0645\u0628\u0631\u060c 2022","format":false,"excerpt":"Ji bo raya gi\u015ft\u00ee , civaka siv\u00eel \u00fb r\u00eaxistin\u00ean mirov\u00ee Em R\u00eaxistina Heyva Sor a Kurd \u00ear\u00ee\u015f\u00ean haway\u00ee y\u00ean dewleta Tirk li ser her\u00eam\u00ean Bakur \u00fb Rojhilat\u00ea S\u00fbriy\u00ea \u015fermezar dikin, ku bi dehan siv\u00eel jiyana xwe ji dest dan \u00fb ji bil\u00ee xerakirina nexwe\u015fxaneya zarokan a bajar\u00ea Koban\u00ea di heman\u2026","rel":"","context":"\u0641\u064a &quot;Rapor&quot;","block_context":{"text":"Rapor","link":"https:\/\/hskurd.org\/?cat=206&lang=ku"},"img":{"alt_text":"","src":"https:\/\/i0.wp.com\/hskurd.org\/wp-content\/uploads\/2022\/11\/e72d698e-efff-4ffa-87c5-8e96a6e793ba.jpg?fit=720%2C358&ssl=1&resize=350%2C200","width":350,"height":200,"srcset":"https:\/\/i0.wp.com\/hskurd.org\/wp-content\/uploads\/2022\/11\/e72d698e-efff-4ffa-87c5-8e96a6e793ba.jpg?fit=720%2C358&ssl=1&resize=350%2C200 1x, https:\/\/i0.wp.com\/hskurd.org\/wp-content\/uploads\/2022\/11\/e72d698e-efff-4ffa-87c5-8e96a6e793ba.jpg?fit=720%2C358&ssl=1&resize=525%2C300 1.5x, https:\/\/i0.wp.com\/hskurd.org\/wp-content\/uploads\/2022\/11\/e72d698e-efff-4ffa-87c5-8e96a6e793ba.jpg?fit=720%2C358&ssl=1&resize=700%2C400 2x"},"classes":[]},{"id":5025,"url":"https:\/\/hskurd.org\/?p=5025&lang=ku","url_meta":{"origin":7984,"position":1},"title":"Valahiyeke heval ji bo zarokan li campa Wa\u015fokan\u00ee hat vekirin","author":"Sozdar","date":"23 \u0646\u0648\u0641\u0645\u0628\u0631\u060c 2020","format":false,"excerpt":"\u00a0 Ji ber ku zarok mebesta me ya sereke ne \u00fb ew di destp\u00eaka xizmet\u00ean me y\u00ean tendurst\u00ee \u00fb dir\u00fbn\u00ee de ne , em di heyva sor de hewl didin ku \"roja zaroan ya c\u00eehan\u00ee\" wek hem\u00fb rojan derbas nebe. Lewra t\u00eema parastin\u00ea ya HSK \u00fb qom\u00ceteya parastina zarokan li\u2026","rel":"","context":"\u0641\u064a &quot;Parastin&quot;","block_context":{"text":"Parastin","link":"https:\/\/hskurd.org\/?cat=840&lang=ku"},"img":{"alt_text":"","src":"https:\/\/i0.wp.com\/hskurd.org\/wp-content\/uploads\/2020\/11\/%D9%86%D8%AA%D8%A7-2.jpg?fit=1200%2C800&ssl=1&resize=350%2C200","width":350,"height":200,"srcset":"https:\/\/i0.wp.com\/hskurd.org\/wp-content\/uploads\/2020\/11\/%D9%86%D8%AA%D8%A7-2.jpg?fit=1200%2C800&ssl=1&resize=350%2C200 1x, https:\/\/i0.wp.com\/hskurd.org\/wp-content\/uploads\/2020\/11\/%D9%86%D8%AA%D8%A7-2.jpg?fit=1200%2C800&ssl=1&resize=525%2C300 1.5x, https:\/\/i0.wp.com\/hskurd.org\/wp-content\/uploads\/2020\/11\/%D9%86%D8%AA%D8%A7-2.jpg?fit=1200%2C800&ssl=1&resize=700%2C400 2x, https:\/\/i0.wp.com\/hskurd.org\/wp-content\/uploads\/2020\/11\/%D9%86%D8%AA%D8%A7-2.jpg?fit=1200%2C800&ssl=1&resize=1050%2C600 3x"},"classes":[]},{"id":5050,"url":"https:\/\/hskurd.org\/?p=5050&lang=ku","url_meta":{"origin":7984,"position":2},"title":"Bi sedema may\u00eena \u00e7ar zarok li Til Rifet\u00ea bir\u00eendarb\u00fbn","author":"Sozdar","date":"23 \u0646\u0648\u0641\u0645\u0628\u0631\u060c 2020","format":false,"excerpt":"Roja Navnetewey\u00ee ya Zarokan di sala 1954-an de wek\u00ee minasebeta c\u00eehan\u00ee ku her sal di 20\u00ea \u00c7iriya Pa\u015f\u00een de t\u00ea p\u00eeroz kirin ji bo z\u00eadekirina gir\u00eadana navnetewey\u00ee, hi\u015fyarkirina zarok\u00ean c\u00eehan\u00ea, \u00fb xwe\u015fkirina rew\u015fa wan hate ragihandin. Gava ku piraniya zarok\u00ean S\u00fbr\u00ee maf\u00ean wan \u00ean her\u00ee bingeh\u00een tune, ji bil\u00ee bermahiy\u00ean\u2026","rel":"","context":"\u0641\u064a &quot;Awarte&quot;","block_context":{"text":"Awarte","link":"https:\/\/hskurd.org\/?cat=848&lang=ku"},"img":{"alt_text":"","src":"https:\/\/i0.wp.com\/hskurd.org\/wp-content\/uploads\/2020\/11\/%D9%84%D9%84%D9%84-3.jpg?fit=547%2C748&ssl=1&resize=350%2C200","width":350,"height":200,"srcset":"https:\/\/i0.wp.com\/hskurd.org\/wp-content\/uploads\/2020\/11\/%D9%84%D9%84%D9%84-3.jpg?fit=547%2C748&ssl=1&resize=350%2C200 1x, https:\/\/i0.wp.com\/hskurd.org\/wp-content\/uploads\/2020\/11\/%D9%84%D9%84%D9%84-3.jpg?fit=547%2C748&ssl=1&resize=525%2C300 1.5x"},"classes":[]},{"id":5290,"url":"https:\/\/hskurd.org\/?p=5290&lang=ku","url_meta":{"origin":7984,"position":3},"title":"8\u00ea Adar\u00ea cejna jin\u00ean Heyva Sor a Kurd e","author":"Sozdar","date":"11 \u0645\u0627\u0631\u0633\u060c 2021","format":false,"excerpt":"Wek ku tevahiya c\u00eehan bi roja 8 \u00ea Adar\u00ea roja Jin\u00ea ya c\u00cehan\u00ee p\u00eerozdike, cureyek ji r\u00eazgrtin ji bo w\u00ea ,destkeftey\u00ean w\u00ea \u00fb keda w\u00ea di hem\u00fb be\u015fan de ku her\u00ee daw\u00ee xwe di qada \u015fer\u00ea Korona de tesb\u00eet kir \u00fb di \u00e7eper\u00ean \u015fer\u00ea vayros\u00ea y\u00ean p\u00ea\u015f de cih\u00ea xwe\u2026","rel":"","context":"\u0641\u064a &quot;Parastin&quot;","block_context":{"text":"Parastin","link":"https:\/\/hskurd.org\/?cat=840&lang=ku"},"img":{"alt_text":"","src":"https:\/\/i0.wp.com\/hskurd.org\/wp-content\/uploads\/2021\/03\/952A2302-scaled.jpg?fit=1200%2C800&ssl=1&resize=350%2C200","width":350,"height":200,"srcset":"https:\/\/i0.wp.com\/hskurd.org\/wp-content\/uploads\/2021\/03\/952A2302-scaled.jpg?fit=1200%2C800&ssl=1&resize=350%2C200 1x, https:\/\/i0.wp.com\/hskurd.org\/wp-content\/uploads\/2021\/03\/952A2302-scaled.jpg?fit=1200%2C800&ssl=1&resize=525%2C300 1.5x, https:\/\/i0.wp.com\/hskurd.org\/wp-content\/uploads\/2021\/03\/952A2302-scaled.jpg?fit=1200%2C800&ssl=1&resize=700%2C400 2x, https:\/\/i0.wp.com\/hskurd.org\/wp-content\/uploads\/2021\/03\/952A2302-scaled.jpg?fit=1200%2C800&ssl=1&resize=1050%2C600 3x"},"classes":[]},{"id":6425,"url":"https:\/\/hskurd.org\/?p=6425&lang=ku","url_meta":{"origin":7984,"position":4},"title":"H\u00eav\u00ee bi R\u00eaya Kar","author":"Sozdar","date":"12 \u0633\u0628\u062a\u0645\u0628\u0631\u060c 2022","format":false,"excerpt":"Di Roja C\u00eehan\u00ea de ya P\u00ea\u015f\u00eel\u00eagirtina Xweku\u015ftin\u00ea ya ku dikeve 10 '\u00ea \u00celon\u00ea ji her sal ,niv\u00eesgeha Parastin \u00fb Pi\u015ftgiriya der\u00fbn\u00ee a Heyva Sor a Kurd kampaniyeke hi\u015fyariy\u00ea da destp\u00eakirin bi nav\u00ea 'H\u00eav\u00ee bi R\u00eaya Kar'. Li gor\u00ee R\u00eaxistina Tenduristiy\u00ea ya C\u00eehan\u00ee (WHO), her 40 \u00e7irkeyan li cihek\u00ea li c\u00eehan\u00ea\u2026","rel":"","context":"\u0641\u064a &quot;Parastin&quot;","block_context":{"text":"Parastin","link":"https:\/\/hskurd.org\/?cat=840&lang=ku"},"img":{"alt_text":"","src":"https:\/\/i0.wp.com\/hskurd.org\/wp-content\/uploads\/2022\/09\/IMG-20220911-WA0024.jpg?fit=432%2C984&ssl=1&resize=350%2C200","width":350,"height":200},"classes":[]},{"id":4995,"url":"https:\/\/hskurd.org\/?p=4995&lang=ku","url_meta":{"origin":7984,"position":5},"title":"Valahiya heval ji bo zarokan li kampa Wa\u015fokan\u00ee hat vekirin","author":"Sozdar","date":"23 \u0646\u0648\u0641\u0645\u0628\u0631\u060c 2020","format":false,"excerpt":"\u00a0 Ji ber ku zarok mebesta me ya sereke ne \u00fb ew di destp\u00eaka xizmet\u00ean me y\u00ean tendurst\u00ee \u00fb dir\u00fbn\u00ee de ne , em di heyva sor de hewl didin ku \"roja zaroan ya c\u00eehan\u00ee\" wek hem\u00fb rojan derbas nebe. Lewra t\u00eema parastin\u00ea ya HSK \u00fb qom\u00ceteya parastina zarokan li\u2026","rel":"","context":"\u0641\u064a &quot;Parastin&quot;","block_context":{"text":"Parastin","link":"https:\/\/hskurd.org\/?cat=840&lang=ku"},"img":{"alt_text":"","src":"https:\/\/i0.wp.com\/hskurd.org\/wp-content\/uploads\/2020\/11\/%D9%86%D8%AA%D8%A7.jpg?fit=1200%2C800&ssl=1&resize=350%2C200","width":350,"height":200,"srcset":"https:\/\/i0.wp.com\/hskurd.org\/wp-content\/uploads\/2020\/11\/%D9%86%D8%AA%D8%A7.jpg?fit=1200%2C800&ssl=1&resize=350%2C200 1x, https:\/\/i0.wp.com\/hskurd.org\/wp-content\/uploads\/2020\/11\/%D9%86%D8%AA%D8%A7.jpg?fit=1200%2C800&ssl=1&resize=525%2C300 1.5x, https:\/\/i0.wp.com\/hskurd.org\/wp-content\/uploads\/2020\/11\/%D9%86%D8%AA%D8%A7.jpg?fit=1200%2C800&ssl=1&resize=700%2C400 2x, https:\/\/i0.wp.com\/hskurd.org\/wp-content\/uploads\/2020\/11\/%D9%86%D8%AA%D8%A7.jpg?fit=1200%2C800&ssl=1&resize=1050%2C600 3x"},"classes":[]}],"jetpack_sharing_enabled":true,"_links":{"self":[{"href":"https:\/\/hskurd.org\/index.php?rest_route=\/wp\/v2\/posts\/7984","targetHints":{"allow":["GET"]}}],"collection":[{"href":"https:\/\/hskurd.org\/index.php?rest_route=\/wp\/v2\/posts"}],"about":[{"href":"https:\/\/hskurd.org\/index.php?rest_route=\/wp\/v2\/types\/post"}],"author":[{"embeddable":true,"href":"https:\/\/hskurd.org\/index.php?rest_route=\/wp\/v2\/users\/1"}],"replies":[{"embeddable":true,"href":"https:\/\/hskurd.org\/index.php?rest_route=%2Fwp%2Fv2%2Fcomments&post=7984"}],"version-history":[{"count":2,"href":"https:\/\/hskurd.org\/index.php?rest_route=\/wp\/v2\/posts\/7984\/revisions"}],"predecessor-version":[{"id":7986,"href":"https:\/\/hskurd.org\/index.php?rest_route=\/wp\/v2\/posts\/7984\/revisions\/7986"}],"wp:featuredmedia":[{"embeddable":true,"href":"https:\/\/hskurd.org\/index.php?rest_route=\/wp\/v2\/media\/7974"}],"wp:attachment":[{"href":"https:\/\/hskurd.org\/index.php?rest_route=%2Fwp%2Fv2%2Fmedia&parent=7984"}],"wp:term":[{"taxonomy":"category","embeddable":true,"href":"https:\/\/hskurd.org\/index.php?rest_route=%2Fwp%2Fv2%2Fcategories&post=7984"},{"taxonomy":"post_tag","embeddable":true,"href":"https:\/\/hskurd.org\/index.php?rest_route=%2Fwp%2Fv2%2Ftags&post=7984"}],"curies":[{"name":"wp","href":"https:\/\/api.w.org\/{rel}","templated":true}]}}