{"id":7893,"date":"2023-11-21T14:13:19","date_gmt":"2023-11-21T11:13:19","guid":{"rendered":"https:\/\/hskurd.org\/?p=7893"},"modified":"2023-11-21T14:13:19","modified_gmt":"2023-11-21T11:13:19","slug":"pekanina-projeya-yekineyen-nistecikirine-li-sehbaye-berdewame","status":"publish","type":"post","link":"https:\/\/hskurd.org\/?p=7893&lang=ku","title":{"rendered":"P\u00eakan\u00eena projeya yek\u00eeney\u00ean ni\u015ftec\u00eekirin\u00ea li \u015eehbay\u00ea berdewame"},"content":{"rendered":"<p><span class=\"embed-youtube\" style=\"text-align:center; display: block;\"><iframe loading=\"lazy\" class=\"youtube-player\" width=\"1500\" height=\"844\" src=\"https:\/\/www.youtube.com\/embed\/ZzFaR9WsXs8?version=3&#038;rel=1&#038;showsearch=0&#038;showinfo=1&#038;iv_load_policy=1&#038;fs=1&#038;hl=ar&#038;autohide=2&#038;wmode=transparent\" allowfullscreen=\"true\" style=\"border:0;\" sandbox=\"allow-scripts allow-same-origin allow-popups allow-presentation allow-popups-to-escape-sandbox\"><\/iframe><\/span><\/p>\n","protected":false},"excerpt":{"rendered":"","protected":false},"author":1,"featured_media":7867,"comment_status":"open","ping_status":"open","sticky":false,"template":"","format":"standard","meta":{"give_campaign_id":0,"ngg_post_thumbnail":0,"jetpack_post_was_ever_published":false,"_jetpack_newsletter_access":"","_jetpack_dont_email_post_to_subs":false,"_jetpack_newsletter_tier_id":0,"_jetpack_memberships_contains_paywalled_content":false,"_jetpack_memberships_contains_paid_content":false,"footnotes":"","jetpack_publicize_message":"","jetpack_publicize_feature_enabled":true,"jetpack_social_post_already_shared":true,"jetpack_social_options":{"image_generator_settings":{"template":"highway","default_image_id":0,"font":"","enabled":false},"version":2},"_links_to":"","_links_to_target":""},"categories":[862],"tags":[],"class_list":["post-7893","post","type-post","status-publish","format-standard","has-post-thumbnail","hentry","category-gesepedan"],"jetpack_publicize_connections":[],"jetpack_featured_media_url":"https:\/\/i0.wp.com\/hskurd.org\/wp-content\/uploads\/2023\/11\/seken.png?fit=1321%2C815&ssl=1","jetpack-related-posts":[{"id":7173,"url":"https:\/\/hskurd.org\/?p=7173&lang=ku","url_meta":{"origin":7893,"position":0},"title":"N\u00fbkirina nexwe\u015fxaneya Avr\u00een\u00ea \u00fb ba\u015fkirina rew\u015fa tenduristiy\u00ea li \u015eehbay\u00ea","author":"Sozdar","date":"26 \u0623\u0628\u0631\u064a\u0644\u060c 2023","format":false,"excerpt":"\u00a0 Tev\u00ee rew\u015f\u00ean awarte y\u00ean ku her\u00eama \u015eahba t\u00ea re derbas dibe, t\u00eem\u00ean me di Heyva Sor a Kurd de dest bi projeya n\u00fbkirina nexwe\u015fxaneya Avr\u00een kirine, ku mehane 13 hezar nexwe\u015f ji her\u00eam \u00fb gund\u00ean \u015eehbay\u00ea serdana w\u00ea dikin ku rew\u015f\u00ean wan ji kl\u00een\u00eek \u00fb amb\u00fblansan, di nav de\u2026","rel":"","context":"\u0641\u064a &quot;Ge\u015fep\u00eadan&quot;","block_context":{"text":"Ge\u015fep\u00eadan","link":"https:\/\/hskurd.org\/?cat=862&lang=ku"},"img":{"alt_text":"","src":"https:\/\/i0.wp.com\/hskurd.org\/wp-content\/uploads\/2023\/04\/IMG_7618-scaled.jpg?fit=1200%2C800&ssl=1&resize=350%2C200","width":350,"height":200,"srcset":"https:\/\/i0.wp.com\/hskurd.org\/wp-content\/uploads\/2023\/04\/IMG_7618-scaled.jpg?fit=1200%2C800&ssl=1&resize=350%2C200 1x, https:\/\/i0.wp.com\/hskurd.org\/wp-content\/uploads\/2023\/04\/IMG_7618-scaled.jpg?fit=1200%2C800&ssl=1&resize=525%2C300 1.5x, https:\/\/i0.wp.com\/hskurd.org\/wp-content\/uploads\/2023\/04\/IMG_7618-scaled.jpg?fit=1200%2C800&ssl=1&resize=700%2C400 2x, https:\/\/i0.wp.com\/hskurd.org\/wp-content\/uploads\/2023\/04\/IMG_7618-scaled.jpg?fit=1200%2C800&ssl=1&resize=1050%2C600 3x"},"classes":[]},{"id":11546,"url":"https:\/\/hskurd.org\/?p=11546&lang=ku","url_meta":{"origin":7893,"position":1},"title":"\u00c7\u00eakirina \u015febekey\u00ean kanal\u00eezasyon \u00fb av\u00ea li kampa Newroz","author":"user55","date":"20 \u0623\u063a\u0633\u0637\u0633\u060c 2025","format":false,"excerpt":"https:\/\/youtu.be\/vb6unAN026U?si=WEx5gFmxEp5svLNr B\u0131 armanca pi\u015ftgiriya penaberan, Heyva Sor a Kurd\u00ee bi hevkariya Volkshilfe, di nav projeya Improved Living and Health de, r\u00eazek ji xizmet\u00ean jiyan\u00ee \u00fb tendurist\u00ee li kampa Newroz p\u00eak an\u00ee.\" Di nava v\u00ea projey\u00ea de ser\u015fok \u00fb tes\u00ees\u00ean paqijiy\u00ea, \u00fb tor\u00ean kanal\u00eezasyon \u00fb av\u00ea hate avakirin, JI bo paqijkirin\u00ea,\u2026","rel":"","context":"\u0641\u064a &quot;Be\u015f\u00ea WASH&quot;","block_context":{"text":"Be\u015f\u00ea WASH","link":"https:\/\/hskurd.org\/?cat=855&lang=ku"},"img":{"alt_text":"","src":"https:\/\/i0.wp.com\/hskurd.org\/wp-content\/uploads\/2025\/08\/IMG_4495-scaled.jpg?fit=1200%2C930&ssl=1&resize=350%2C200","width":350,"height":200,"srcset":"https:\/\/i0.wp.com\/hskurd.org\/wp-content\/uploads\/2025\/08\/IMG_4495-scaled.jpg?fit=1200%2C930&ssl=1&resize=350%2C200 1x, https:\/\/i0.wp.com\/hskurd.org\/wp-content\/uploads\/2025\/08\/IMG_4495-scaled.jpg?fit=1200%2C930&ssl=1&resize=525%2C300 1.5x, https:\/\/i0.wp.com\/hskurd.org\/wp-content\/uploads\/2025\/08\/IMG_4495-scaled.jpg?fit=1200%2C930&ssl=1&resize=700%2C400 2x, https:\/\/i0.wp.com\/hskurd.org\/wp-content\/uploads\/2025\/08\/IMG_4495-scaled.jpg?fit=1200%2C930&ssl=1&resize=1050%2C600 3x"},"classes":[]},{"id":8368,"url":"https:\/\/hskurd.org\/?p=8368&lang=ku","url_meta":{"origin":7893,"position":2},"title":"Di \u00e7ar\u00e7oveya projeya \u201cZero Gemar\u201d de dewrey\u00ean hi\u015fyarkirin\u00ea berdewam dikin","author":"neruda","date":"16 \u0645\u0627\u064a\u0648\u060c 2024","format":false,"excerpt":"Projeya \" Gemar Z\u00eero \" ji bo r\u00eazkirin \u00fb vegerandina bermahiy\u00ean malan ku ji bajar\u00ea Hesek\u00ea dest p\u00ea kir \u00fb bi taybet ji taxa Mift\u00ee wek\u00ee modela p\u00eakan\u00eena projey\u00ea, \u00e7alakiy\u00ean xwe didom\u00eene, di nav de perwerdey\u00ean bilindkirina hi\u015fmendiya civak\u00ea di derbar\u00ea parastina j\u00eengeh\u00ea, naskirina \u00e7alakiy\u00ean proja hey\u00ee, r\u00eabaz\u00ean sererastkirin\u00ea \u00fb\u2026","rel":"","context":"\u0641\u064a &quot;Ge\u015fep\u00eadan&quot;","block_context":{"text":"Ge\u015fep\u00eadan","link":"https:\/\/hskurd.org\/?cat=862&lang=ku"},"img":{"alt_text":"","src":"https:\/\/i0.wp.com\/hskurd.org\/wp-content\/uploads\/2024\/05\/438097568_749255450703090_1871133777367823657_n.jpg?fit=1200%2C800&ssl=1&resize=350%2C200","width":350,"height":200,"srcset":"https:\/\/i0.wp.com\/hskurd.org\/wp-content\/uploads\/2024\/05\/438097568_749255450703090_1871133777367823657_n.jpg?fit=1200%2C800&ssl=1&resize=350%2C200 1x, https:\/\/i0.wp.com\/hskurd.org\/wp-content\/uploads\/2024\/05\/438097568_749255450703090_1871133777367823657_n.jpg?fit=1200%2C800&ssl=1&resize=525%2C300 1.5x, https:\/\/i0.wp.com\/hskurd.org\/wp-content\/uploads\/2024\/05\/438097568_749255450703090_1871133777367823657_n.jpg?fit=1200%2C800&ssl=1&resize=700%2C400 2x, https:\/\/i0.wp.com\/hskurd.org\/wp-content\/uploads\/2024\/05\/438097568_749255450703090_1871133777367823657_n.jpg?fit=1200%2C800&ssl=1&resize=1050%2C600 3x"},"classes":[]},{"id":8443,"url":"https:\/\/hskurd.org\/?p=8443&lang=ku","url_meta":{"origin":7893,"position":3},"title":"Pi\u015ft\u00ee temamkirina projeya dir\u00eajkirin \u00fb avakirina xet\u00ean kanal\u00eezasyon\u00ea li kampa Berxdan ,Heman proje li kampa Serdam j\u00ee berdewam dike","author":"neruda","date":"12 \u064a\u0648\u0646\u064a\u0648\u060c 2024","format":false,"excerpt":"https:\/\/youtu.be\/3GUp-rrNqZ8 Pi\u015ft\u00ee temamkirina projeya dir\u00eajkirin \u00fb avakirina xet\u00ean kanal\u00eezasyon\u00ea li kampa Berxdan Heman proje li kampa Serdam j\u00ee berdewam dike, ji destp\u00eaka avakirina kamp\u00ea xet\u00ean kevin di dema bicihkirina gel\u00ea Efr\u00een\u00ea li wir , ji wan re hatin avakirin . ev xet\u00ean kevin ji ber pirsgir\u00eak\u00ean avaqir\u00eaj zehmetiyan diki\u015f\u00eenin \u00fb\u2026","rel":"","context":"\u0641\u064a &quot;Be\u015f\u00ea WASH&quot;","block_context":{"text":"Be\u015f\u00ea WASH","link":"https:\/\/hskurd.org\/?cat=855&lang=ku"},"img":{"alt_text":"","src":"https:\/\/i0.wp.com\/hskurd.org\/wp-content\/uploads\/2024\/06\/33.png?fit=1200%2C666&ssl=1&resize=350%2C200","width":350,"height":200,"srcset":"https:\/\/i0.wp.com\/hskurd.org\/wp-content\/uploads\/2024\/06\/33.png?fit=1200%2C666&ssl=1&resize=350%2C200 1x, https:\/\/i0.wp.com\/hskurd.org\/wp-content\/uploads\/2024\/06\/33.png?fit=1200%2C666&ssl=1&resize=525%2C300 1.5x, https:\/\/i0.wp.com\/hskurd.org\/wp-content\/uploads\/2024\/06\/33.png?fit=1200%2C666&ssl=1&resize=700%2C400 2x, https:\/\/i0.wp.com\/hskurd.org\/wp-content\/uploads\/2024\/06\/33.png?fit=1200%2C666&ssl=1&resize=1050%2C600 3x"},"classes":[]},{"id":7480,"url":"https:\/\/hskurd.org\/?p=7480&lang=ku","url_meta":{"origin":7893,"position":4},"title":"DESTP\u00caK\u0130R\u0130NA PROJEYA BELAVK\u0130R\u0130NA AVA VEXWAR\u0130N\u00ca L\u0130 \u015eEHBAY\u00ca","author":"heyvasorakurd","date":"7 \u0623\u063a\u0633\u0637\u0633\u060c 2023","format":false,"excerpt":"Projeya belavkirina ava vexwarin\u00ea li kamp \u00fb gund\u00ean her\u00eam\u00ean \u015eehbay\u00ea di \u00e7ar\u00e7oveya r\u00eaze projey\u00ean ku ji aliy\u00ea Heyva Sor a Kurd ve, bi pi\u015ftgiriya Medico International a Sw\u00eesrey\u00ea \u00fb bi hevkariya desteya r\u00eaveberiya her\u00eam\u00ee ya \u015eehbay\u00ea destp\u00eak\u0131r.","rel":"","context":"\u0641\u064a &quot;Be\u015f\u00ea WASH&quot;","block_context":{"text":"Be\u015f\u00ea WASH","link":"https:\/\/hskurd.org\/?cat=855&lang=ku"},"img":{"alt_text":"","src":"https:\/\/i0.wp.com\/hskurd.org\/wp-content\/uploads\/2023\/08\/IMG_0639-scaled.jpg?fit=1200%2C800&ssl=1&resize=350%2C200","width":350,"height":200,"srcset":"https:\/\/i0.wp.com\/hskurd.org\/wp-content\/uploads\/2023\/08\/IMG_0639-scaled.jpg?fit=1200%2C800&ssl=1&resize=350%2C200 1x, https:\/\/i0.wp.com\/hskurd.org\/wp-content\/uploads\/2023\/08\/IMG_0639-scaled.jpg?fit=1200%2C800&ssl=1&resize=525%2C300 1.5x, https:\/\/i0.wp.com\/hskurd.org\/wp-content\/uploads\/2023\/08\/IMG_0639-scaled.jpg?fit=1200%2C800&ssl=1&resize=700%2C400 2x, https:\/\/i0.wp.com\/hskurd.org\/wp-content\/uploads\/2023\/08\/IMG_0639-scaled.jpg?fit=1200%2C800&ssl=1&resize=1050%2C600 3x"},"classes":[]},{"id":11655,"url":"https:\/\/hskurd.org\/?p=11655&lang=ku","url_meta":{"origin":7893,"position":5},"title":"Projeya Av \u00fb J\u00eengeh\u00ea: Ber bi Perwerde \u00fb Tenduristiya saxlem ve","author":"user55","date":"9 \u0633\u0628\u062a\u0645\u0628\u0631\u060c 2025","format":false,"excerpt":"https:\/\/youtu.be\/-wl__LMHsPg?si=a3OmyZY_NOXmj07b Heyva Sor a Kurd, bi pi\u015ftgiriya \"Area Metropolitana de Barcelona (AMB)\", Projeya Av \u00fb J\u00eengeh\u00ea ji bo Civak \u00fb Navend\u00ean Perwerdehiy\u00ea di sala 2024\/2025 an de bi daw\u00ee kir. Di v\u00ea projey\u00ea de: \u2022 N\u00fbjenkirina 15 bax\u00e7ey\u00ean zarokan li Kantona Cez\u00eer\u00ea \u00fb du dibistan\u00ean li \u015eahbay\u00ea. \u2022 Xebitandina b\u00eerek\u2026","rel":"","context":"\u0641\u064a &quot;Be\u015f\u00ea WASH&quot;","block_context":{"text":"Be\u015f\u00ea WASH","link":"https:\/\/hskurd.org\/?cat=855&lang=ku"},"img":{"alt_text":"","src":"https:\/\/i0.wp.com\/hskurd.org\/wp-content\/uploads\/2025\/09\/%D9%A2%D9%A0%D9%A2%D9%A5%D9%A0%D9%A5%D9%A1%D9%A8_%D9%A0%D9%A9%D9%A5%D9%A7%D9%A4%D9%A0-scaled.jpg?fit=1200%2C675&ssl=1&resize=350%2C200","width":350,"height":200,"srcset":"https:\/\/i0.wp.com\/hskurd.org\/wp-content\/uploads\/2025\/09\/%D9%A2%D9%A0%D9%A2%D9%A5%D9%A0%D9%A5%D9%A1%D9%A8_%D9%A0%D9%A9%D9%A5%D9%A7%D9%A4%D9%A0-scaled.jpg?fit=1200%2C675&ssl=1&resize=350%2C200 1x, https:\/\/i0.wp.com\/hskurd.org\/wp-content\/uploads\/2025\/09\/%D9%A2%D9%A0%D9%A2%D9%A5%D9%A0%D9%A5%D9%A1%D9%A8_%D9%A0%D9%A9%D9%A5%D9%A7%D9%A4%D9%A0-scaled.jpg?fit=1200%2C675&ssl=1&resize=525%2C300 1.5x, https:\/\/i0.wp.com\/hskurd.org\/wp-content\/uploads\/2025\/09\/%D9%A2%D9%A0%D9%A2%D9%A5%D9%A0%D9%A5%D9%A1%D9%A8_%D9%A0%D9%A9%D9%A5%D9%A7%D9%A4%D9%A0-scaled.jpg?fit=1200%2C675&ssl=1&resize=700%2C400 2x, https:\/\/i0.wp.com\/hskurd.org\/wp-content\/uploads\/2025\/09\/%D9%A2%D9%A0%D9%A2%D9%A5%D9%A0%D9%A5%D9%A1%D9%A8_%D9%A0%D9%A9%D9%A5%D9%A7%D9%A4%D9%A0-scaled.jpg?fit=1200%2C675&ssl=1&resize=1050%2C600 3x"},"classes":[]}],"jetpack_sharing_enabled":true,"_links":{"self":[{"href":"https:\/\/hskurd.org\/index.php?rest_route=\/wp\/v2\/posts\/7893","targetHints":{"allow":["GET"]}}],"collection":[{"href":"https:\/\/hskurd.org\/index.php?rest_route=\/wp\/v2\/posts"}],"about":[{"href":"https:\/\/hskurd.org\/index.php?rest_route=\/wp\/v2\/types\/post"}],"author":[{"embeddable":true,"href":"https:\/\/hskurd.org\/index.php?rest_route=\/wp\/v2\/users\/1"}],"replies":[{"embeddable":true,"href":"https:\/\/hskurd.org\/index.php?rest_route=%2Fwp%2Fv2%2Fcomments&post=7893"}],"version-history":[{"count":2,"href":"https:\/\/hskurd.org\/index.php?rest_route=\/wp\/v2\/posts\/7893\/revisions"}],"predecessor-version":[{"id":7895,"href":"https:\/\/hskurd.org\/index.php?rest_route=\/wp\/v2\/posts\/7893\/revisions\/7895"}],"wp:featuredmedia":[{"embeddable":true,"href":"https:\/\/hskurd.org\/index.php?rest_route=\/wp\/v2\/media\/7867"}],"wp:attachment":[{"href":"https:\/\/hskurd.org\/index.php?rest_route=%2Fwp%2Fv2%2Fmedia&parent=7893"}],"wp:term":[{"taxonomy":"category","embeddable":true,"href":"https:\/\/hskurd.org\/index.php?rest_route=%2Fwp%2Fv2%2Fcategories&post=7893"},{"taxonomy":"post_tag","embeddable":true,"href":"https:\/\/hskurd.org\/index.php?rest_route=%2Fwp%2Fv2%2Ftags&post=7893"}],"curies":[{"name":"wp","href":"https:\/\/api.w.org\/{rel}","templated":true}]}}