{"id":7829,"date":"2023-10-25T13:17:25","date_gmt":"2023-10-25T10:17:25","guid":{"rendered":"https:\/\/hskurd.org\/?p=7829"},"modified":"2023-10-25T13:17:25","modified_gmt":"2023-10-25T10:17:25","slug":"vekirina-navendeke-tendursti-li-sex-meqsus-li-helebe","status":"publish","type":"post","link":"https:\/\/hskurd.org\/?p=7829&lang=ku","title":{"rendered":"vekirina navendeke tendurst\u00ee li \u015e\u00eax Meqs\u00fbs li Heleb\u00ea"},"content":{"rendered":"<p><span class=\"embed-youtube\" style=\"text-align:center; display: block;\"><iframe loading=\"lazy\" class=\"youtube-player\" width=\"1500\" height=\"844\" src=\"https:\/\/www.youtube.com\/embed\/vTzRxkG8gds?version=3&#038;rel=1&#038;showsearch=0&#038;showinfo=1&#038;iv_load_policy=1&#038;fs=1&#038;hl=ar&#038;autohide=2&#038;wmode=transparent\" allowfullscreen=\"true\" style=\"border:0;\" sandbox=\"allow-scripts allow-same-origin allow-popups allow-presentation allow-popups-to-escape-sandbox\"><\/iframe><\/span><\/p>\n<p>Ji ber neb\u00fbna navend\u00ean tenduristiy\u00ea li #Heleb\u00ea li her\u00eam\u00ean #\u015e\u00eax_Meqs\u00fbd \u00fb #E\u015frefiy\u00ea, \u00fb bi z\u00eadeb\u00fbna giraniya nirx\u00ea dermanan ku bandor\u00ea li xelk\u00ea wir dike \u00fb nekar\u00eene derman\u00ean xwe y\u00ean p\u00eaw\u00eest peyda bikin, t\u00eem\u00ean me y\u00ean piz\u00ee\u015fk\u00ee y\u00ean ku li Heleb\u00ea amade b\u00fbn \u00fb her\u00eam\u00ean di dema #erdheja ku Tirkiye \u00fb welat\u00ean c\u00eeran\u00ea w\u00ea hejand de qelsb\u00fbna \u015fiyan\u00ean bij\u00ee\u015fk\u00ee \u00fb ac\u00eel \u00ean li tax\u00ea d\u00eet.<br \/>\nMe navendeke piz\u00ee\u015fk\u00ee li Heleb\u00ea vekir ku ji kl\u00een\u00eeka zarokan, kl\u00een\u00eeka jinan \u00fb dermanxaneyek ku dermanan li gor\u00ee re\u00e7eteya bij\u00ee\u015fk li s\u00fbdmendan belav dike, ji bil\u00ee j\u00fbreyek lezg\u00een ku 24 demjim\u00earan kar dike ji bo wergirtina rew\u015f\u00ean lezg\u00een. Navend ji bo her kl\u00een\u00eekek\u00ea di roj\u00ea de li her kl\u00een\u00eek\u00ea 25 s\u00fbdmend werdigire.<\/p>\n","protected":false},"excerpt":{"rendered":"<p>Ji ber neb\u00fbna navend\u00ean tenduristiy\u00ea li #Heleb\u00ea li her\u00eam\u00ean #\u015e\u00eax_Meqs\u00fbd \u00fb #E\u015frefiy\u00ea, \u00fb bi z\u00eadeb\u00fbna giraniya nirx\u00ea dermanan ku bandor\u00ea li xelk\u00ea wir dike \u00fb nekar\u00eene derman\u00ean xwe y\u00ean p\u00eaw\u00eest peyda bikin, t\u00eem\u00ean me y\u00ean piz\u00ee\u015fk\u00ee y\u00ean ku li Heleb\u00ea amade b\u00fbn \u00fb her\u00eam\u00ean di dema #erdheja ku Tirkiye \u00fb welat\u00ean c\u00eeran\u00ea w\u00ea hejand de [&hellip;]<\/p>\n","protected":false},"author":1,"featured_media":7793,"comment_status":"open","ping_status":"open","sticky":false,"template":"","format":"standard","meta":{"give_campaign_id":0,"ngg_post_thumbnail":0,"jetpack_post_was_ever_published":false,"_jetpack_newsletter_access":"","_jetpack_dont_email_post_to_subs":false,"_jetpack_newsletter_tier_id":0,"_jetpack_memberships_contains_paywalled_content":false,"_jetpack_memberships_contains_paid_content":false,"footnotes":"","jetpack_publicize_message":"","jetpack_publicize_feature_enabled":true,"jetpack_social_post_already_shared":true,"jetpack_social_options":{"image_generator_settings":{"template":"highway","default_image_id":0,"font":"","enabled":false},"version":2},"_links_to":"","_links_to_target":""},"categories":[206,846],"tags":[],"class_list":["post-7829","post","type-post","status-publish","format-standard","has-post-thumbnail","hentry","category-rapor","category-tenduristi"],"jetpack_publicize_connections":[],"jetpack_featured_media_url":"https:\/\/i0.wp.com\/hskurd.org\/wp-content\/uploads\/2023\/10\/%D9%84%D9%84.png?fit=1373%2C760&ssl=1","jetpack-related-posts":[{"id":10062,"url":"https:\/\/hskurd.org\/?p=10062&lang=ku","url_meta":{"origin":7829,"position":0},"title":"Kir\u00eeza mirov\u00ee li Heleb \u00fb \u015eehbay\u00ea, bangewaziya hevgirtin \u00fb al\u00eekariy\u00ea","author":"neruda","date":"2 \u062f\u064a\u0633\u0645\u0628\u0631\u060c 2024","format":false,"excerpt":"Kir\u00eeza mirov\u00ee li Heleb \u00fb \u015eehbay\u00ea, bangewaziya hevgirtin \u00fb al\u00eekariy\u00ea Bajar\u00ea Heleb\u00ea, gundewar\u00ea w\u00ea \u00fb her\u00eama \u015eehbay\u00ea rast\u00ee kir\u00eezeke mirov\u00ee ya mezin t\u00ea, ku di b\u00fbyer\u00ean le\u015fker\u00ee y\u00ean daw\u00ee li wan her\u00eaman ,ev kir\u00eez dijwartir dibe. Ev yek j\u00ee b\u00fb sedem ku bi hezaran malbat tev\u00ee hejmareke z\u00eade ji zarok,\u2026","rel":"","context":"\u0641\u064a &quot;Awarte&quot;","block_context":{"text":"Awarte","link":"https:\/\/hskurd.org\/?cat=848&lang=ku"},"img":{"alt_text":"","src":"https:\/\/i0.wp.com\/hskurd.org\/wp-content\/uploads\/2024\/12\/9e3403b7-e3d0-44f4-b257-1441566e50c9.jpg?fit=1200%2C800&ssl=1&resize=350%2C200","width":350,"height":200,"srcset":"https:\/\/i0.wp.com\/hskurd.org\/wp-content\/uploads\/2024\/12\/9e3403b7-e3d0-44f4-b257-1441566e50c9.jpg?fit=1200%2C800&ssl=1&resize=350%2C200 1x, https:\/\/i0.wp.com\/hskurd.org\/wp-content\/uploads\/2024\/12\/9e3403b7-e3d0-44f4-b257-1441566e50c9.jpg?fit=1200%2C800&ssl=1&resize=525%2C300 1.5x, https:\/\/i0.wp.com\/hskurd.org\/wp-content\/uploads\/2024\/12\/9e3403b7-e3d0-44f4-b257-1441566e50c9.jpg?fit=1200%2C800&ssl=1&resize=700%2C400 2x, https:\/\/i0.wp.com\/hskurd.org\/wp-content\/uploads\/2024\/12\/9e3403b7-e3d0-44f4-b257-1441566e50c9.jpg?fit=1200%2C800&ssl=1&resize=1050%2C600 3x"},"classes":[]},{"id":10784,"url":"https:\/\/hskurd.org\/?p=10784&lang=ku","url_meta":{"origin":7829,"position":1},"title":"xizmet\u00ean Navenda Abu Xe\u015feb a l\u00eaner\u00eena Tendurst\u00ee","author":"user55","date":"29 \u064a\u0646\u0627\u064a\u0631\u060c 2025","format":false,"excerpt":"avenda Heyva Sor a Kurd li kampa Eb\u00fb Xe\u015feb a dikeve rojhilat\u00ea D\u00eara Zor\u00ea , rojane p\u00ea\u015fwaziya 120 s\u00fbdmendan dike. Her kl\u00een\u00eekek li navend\u00ea (hundir\u00een, zarok, jin) rojane 40 s\u00fbdmendan werdigire, di nav de nexw\u015f\u00ean lezg\u00een, \u00fb xizmet\u00ean \u00fb muayeney\u00ean piz\u00ee\u015fk\u00ee y\u00ean guncaw ji bo hem\u00fbyan p\u00ea\u015fk\u00ea\u015f dike. Ji bil\u00ee\u2026","rel":"","context":"\u0641\u064a &quot;Awarte&quot;","block_context":{"text":"Awarte","link":"https:\/\/hskurd.org\/?cat=848&lang=ku"},"img":{"alt_text":"","src":"https:\/\/i0.wp.com\/hskurd.org\/wp-content\/uploads\/2025\/01\/952A4992-scaled.jpg?fit=1200%2C800&ssl=1&resize=350%2C200","width":350,"height":200,"srcset":"https:\/\/i0.wp.com\/hskurd.org\/wp-content\/uploads\/2025\/01\/952A4992-scaled.jpg?fit=1200%2C800&ssl=1&resize=350%2C200 1x, https:\/\/i0.wp.com\/hskurd.org\/wp-content\/uploads\/2025\/01\/952A4992-scaled.jpg?fit=1200%2C800&ssl=1&resize=525%2C300 1.5x, https:\/\/i0.wp.com\/hskurd.org\/wp-content\/uploads\/2025\/01\/952A4992-scaled.jpg?fit=1200%2C800&ssl=1&resize=700%2C400 2x, https:\/\/i0.wp.com\/hskurd.org\/wp-content\/uploads\/2025\/01\/952A4992-scaled.jpg?fit=1200%2C800&ssl=1&resize=1050%2C600 3x"},"classes":[]},{"id":8697,"url":"https:\/\/hskurd.org\/?p=8697&lang=ku","url_meta":{"origin":7829,"position":2},"title":"Li her\u00eama Sebah El X\u00ear\u00ea navenda rew\u015f\u00ean awarte \u00fb lezg\u00een hat vekirin","author":"neruda","date":"1 \u0623\u0643\u062a\u0648\u0628\u0631\u060c 2024","format":false,"excerpt":"Di \u00e7ar\u00e7oveya berdewamiya hewldan\u00ean ji bo ba\u015ftirkirina xizmet\u00ean piz\u00ee\u015fk\u00ee \u00fb tenduristiy\u00ea, vekirina navendek n\u00fb ya lezg\u00een ji aliy\u00ea Heyva Sor a Kurd ve li devera Sebah El-X\u00ear, gaveke gir\u00eeng e ji bo bih\u00eazkirina bersiva piz\u00ee\u015fk\u00ee ya bilez li dever\u00ean ku p\u00eaw\u00eest\u0131ya wan b\u0131 van xizmet\u00ean heya. Ev navend li cihek\u00ee\u2026","rel":"","context":"\u0641\u064a &quot;Awarte&quot;","block_context":{"text":"Awarte","link":"https:\/\/hskurd.org\/?cat=848&lang=ku"},"img":{"alt_text":"","src":"https:\/\/i0.wp.com\/hskurd.org\/wp-content\/uploads\/2024\/09\/461113795_831525005809467_2368347656913464966_n.jpg?fit=1200%2C800&ssl=1&resize=350%2C200","width":350,"height":200,"srcset":"https:\/\/i0.wp.com\/hskurd.org\/wp-content\/uploads\/2024\/09\/461113795_831525005809467_2368347656913464966_n.jpg?fit=1200%2C800&ssl=1&resize=350%2C200 1x, https:\/\/i0.wp.com\/hskurd.org\/wp-content\/uploads\/2024\/09\/461113795_831525005809467_2368347656913464966_n.jpg?fit=1200%2C800&ssl=1&resize=525%2C300 1.5x, https:\/\/i0.wp.com\/hskurd.org\/wp-content\/uploads\/2024\/09\/461113795_831525005809467_2368347656913464966_n.jpg?fit=1200%2C800&ssl=1&resize=700%2C400 2x, https:\/\/i0.wp.com\/hskurd.org\/wp-content\/uploads\/2024\/09\/461113795_831525005809467_2368347656913464966_n.jpg?fit=1200%2C800&ssl=1&resize=1050%2C600 3x"},"classes":[]},{"id":8493,"url":"https:\/\/hskurd.org\/?p=8493&lang=ku","url_meta":{"origin":7829,"position":3},"title":"Navenda Tendurist\u00ee  li bajarok\u00ea \u015eedad\u00ea","author":"neruda","date":"25 \u064a\u0648\u0644\u064a\u0648\u060c 2024","format":false,"excerpt":"\u00a0 Saziy\u00ean bij\u00eejk\u00ee di peydakirina l\u00eanih\u00ear\u00eena tendurist\u00ee ji civakan re rolek gir\u00eeng dil\u00eezin. Bi taybet\u00ee li her\u00eam\u00ean ku xizmet\u00ean bingeh\u00een li wan peyda nabin. Di v\u00ee war\u00ee de, R\u00eaxistina Heyva Sor a Kurd erkek\u00ee xurt n\u00ee\u015fan dide ji bo p\u00ea\u015fk\u00ea\u015fkirina xizmet\u00ean piz\u00ee\u015fk\u00ee \u00fb tenduristiy\u00ea ji ni\u015fteciy\u00ean Bakur \u00fb Rojhilat\u00ea S\u00fbriy\u00ea\u2026","rel":"","context":"\u0641\u064a &quot;Awarte&quot;","block_context":{"text":"Awarte","link":"https:\/\/hskurd.org\/?cat=848&lang=ku"},"img":{"alt_text":"","src":"https:\/\/i0.wp.com\/hskurd.org\/wp-content\/uploads\/2024\/07\/%D8%B4%D8%AF%D8%A7%D8%AF%D8%A9-%D8%A8.png?fit=1028%2C804&ssl=1&resize=350%2C200","width":350,"height":200,"srcset":"https:\/\/i0.wp.com\/hskurd.org\/wp-content\/uploads\/2024\/07\/%D8%B4%D8%AF%D8%A7%D8%AF%D8%A9-%D8%A8.png?fit=1028%2C804&ssl=1&resize=350%2C200 1x, https:\/\/i0.wp.com\/hskurd.org\/wp-content\/uploads\/2024\/07\/%D8%B4%D8%AF%D8%A7%D8%AF%D8%A9-%D8%A8.png?fit=1028%2C804&ssl=1&resize=525%2C300 1.5x, https:\/\/i0.wp.com\/hskurd.org\/wp-content\/uploads\/2024\/07\/%D8%B4%D8%AF%D8%A7%D8%AF%D8%A9-%D8%A8.png?fit=1028%2C804&ssl=1&resize=700%2C400 2x"},"classes":[]},{"id":8378,"url":"https:\/\/hskurd.org\/?p=8378&lang=ku","url_meta":{"origin":7829,"position":4},"title":"Heyva Sor a Kurd xizmet\u00ean xwe p\u00ea\u015fk\u00ea\u015f\u00ee her\u00eam\u00ean her\u00ee d\u00fbr j\u00ee dike","author":"neruda","date":"16 \u0645\u0627\u064a\u0648\u060c 2024","format":false,"excerpt":"Ji ber ku peydakirina xizmet \u00fb l\u00eanih\u00ear\u00eena tendurist\u00ee \u00fb piz\u00ee\u015fk\u00ee ya berdest e xaleke serekeye, taybet li dever\u00ean her\u00ee d\u00fbr j\u00ee, kl\u00een\u00eek\u00ean Navenda Heyva Sor a Kurd (hundir\u00een - jin \u2013 zarok- rew\u015f\u00ean awerte) li kampa Eb\u00fb Xe\u015feb ku li gundewar\u00ea bakur\u00ea rojavay\u00ea D\u00earezor\u00ea dikeve ,xizmet\u00ean xwe p\u00ea\u015fk\u00ea\u015f dikin. ji\u2026","rel":"","context":"\u0641\u064a &quot;Awarte&quot;","block_context":{"text":"Awarte","link":"https:\/\/hskurd.org\/?cat=848&lang=ku"},"img":{"alt_text":"","src":"https:\/\/i0.wp.com\/hskurd.org\/wp-content\/uploads\/2024\/05\/442437327_749794957315806_1622463212780214570_n.jpg?fit=1200%2C800&ssl=1&resize=350%2C200","width":350,"height":200,"srcset":"https:\/\/i0.wp.com\/hskurd.org\/wp-content\/uploads\/2024\/05\/442437327_749794957315806_1622463212780214570_n.jpg?fit=1200%2C800&ssl=1&resize=350%2C200 1x, https:\/\/i0.wp.com\/hskurd.org\/wp-content\/uploads\/2024\/05\/442437327_749794957315806_1622463212780214570_n.jpg?fit=1200%2C800&ssl=1&resize=525%2C300 1.5x, https:\/\/i0.wp.com\/hskurd.org\/wp-content\/uploads\/2024\/05\/442437327_749794957315806_1622463212780214570_n.jpg?fit=1200%2C800&ssl=1&resize=700%2C400 2x, https:\/\/i0.wp.com\/hskurd.org\/wp-content\/uploads\/2024\/05\/442437327_749794957315806_1622463212780214570_n.jpg?fit=1200%2C800&ssl=1&resize=1050%2C600 3x"},"classes":[]},{"id":7578,"url":"https:\/\/hskurd.org\/?p=7578&lang=ku","url_meta":{"origin":7829,"position":5},"title":"Al\u00eekariya lezk\u00een ji bo du zarokan Ji ber teq\u00eena bermahiy\u00ean \u015fer li Tel Temr\u00ea","author":"heyvasorakurd","date":"6 \u0633\u0628\u062a\u0645\u0628\u0631\u060c 2023","format":false,"excerpt":"Duh, Du\u015fem\u00ea, Heyva Sor a Kurd, di encama teq\u00eena may\u00een\u00ean \u015fer de, al\u00eekariya yekem \u00fb bilez p\u00ea\u015fk\u00ea\u015f\u00ee du zarok\u00ean ji gund\u00ea El-Selamsa li gundewar\u00ea Til Temir\u00ea kirin, ku piraniya bir\u00eenan di zik \u00fb ling\u00ean wan de b\u00fbn. Pi\u015ft\u00ee p\u00ea\u015fk\u00ea\u015fkirina al\u00eekariy\u00ean lezg\u00een \u00fb p\u00eaw\u00eest, ji bo dermankirin\u00ea bo nexwe\u015fxaney\u00ean bajar\u00ea Hesek\u00ea\u2026","rel":"","context":"\u0641\u064a &quot;Awarte&quot;","block_context":{"text":"Awarte","link":"https:\/\/hskurd.org\/?cat=848&lang=ku"},"img":{"alt_text":"","src":"https:\/\/i0.wp.com\/hskurd.org\/wp-content\/uploads\/2023\/09\/374203029_614110440884259_7169837901949093302_n-1.jpg?fit=1080%2C674&ssl=1&resize=350%2C200","width":350,"height":200,"srcset":"https:\/\/i0.wp.com\/hskurd.org\/wp-content\/uploads\/2023\/09\/374203029_614110440884259_7169837901949093302_n-1.jpg?fit=1080%2C674&ssl=1&resize=350%2C200 1x, https:\/\/i0.wp.com\/hskurd.org\/wp-content\/uploads\/2023\/09\/374203029_614110440884259_7169837901949093302_n-1.jpg?fit=1080%2C674&ssl=1&resize=525%2C300 1.5x, https:\/\/i0.wp.com\/hskurd.org\/wp-content\/uploads\/2023\/09\/374203029_614110440884259_7169837901949093302_n-1.jpg?fit=1080%2C674&ssl=1&resize=700%2C400 2x, https:\/\/i0.wp.com\/hskurd.org\/wp-content\/uploads\/2023\/09\/374203029_614110440884259_7169837901949093302_n-1.jpg?fit=1080%2C674&ssl=1&resize=1050%2C600 3x"},"classes":[]}],"jetpack_sharing_enabled":true,"_links":{"self":[{"href":"https:\/\/hskurd.org\/index.php?rest_route=\/wp\/v2\/posts\/7829","targetHints":{"allow":["GET"]}}],"collection":[{"href":"https:\/\/hskurd.org\/index.php?rest_route=\/wp\/v2\/posts"}],"about":[{"href":"https:\/\/hskurd.org\/index.php?rest_route=\/wp\/v2\/types\/post"}],"author":[{"embeddable":true,"href":"https:\/\/hskurd.org\/index.php?rest_route=\/wp\/v2\/users\/1"}],"replies":[{"embeddable":true,"href":"https:\/\/hskurd.org\/index.php?rest_route=%2Fwp%2Fv2%2Fcomments&post=7829"}],"version-history":[{"count":2,"href":"https:\/\/hskurd.org\/index.php?rest_route=\/wp\/v2\/posts\/7829\/revisions"}],"predecessor-version":[{"id":7831,"href":"https:\/\/hskurd.org\/index.php?rest_route=\/wp\/v2\/posts\/7829\/revisions\/7831"}],"wp:featuredmedia":[{"embeddable":true,"href":"https:\/\/hskurd.org\/index.php?rest_route=\/wp\/v2\/media\/7793"}],"wp:attachment":[{"href":"https:\/\/hskurd.org\/index.php?rest_route=%2Fwp%2Fv2%2Fmedia&parent=7829"}],"wp:term":[{"taxonomy":"category","embeddable":true,"href":"https:\/\/hskurd.org\/index.php?rest_route=%2Fwp%2Fv2%2Fcategories&post=7829"},{"taxonomy":"post_tag","embeddable":true,"href":"https:\/\/hskurd.org\/index.php?rest_route=%2Fwp%2Fv2%2Ftags&post=7829"}],"curies":[{"name":"wp","href":"https:\/\/api.w.org\/{rel}","templated":true}]}}