{"id":7800,"date":"2023-10-25T10:28:10","date_gmt":"2023-10-25T07:28:10","guid":{"rendered":"https:\/\/hskurd.org\/?p=7800"},"modified":"2023-10-25T10:28:29","modified_gmt":"2023-10-25T07:28:29","slug":"bi-heviya-ku-sahi-vegere-dile-fereh-a-bicuk","status":"publish","type":"post","link":"https:\/\/hskurd.org\/?p=7800&lang=ku","title":{"rendered":"Bi h\u00eaviya ku \u015fah\u00ee vegere dil\u00ea Fereh a bi\u00e7\u00fbk"},"content":{"rendered":"<p><span class=\"embed-youtube\" style=\"text-align:center; display: block;\"><iframe loading=\"lazy\" class=\"youtube-player\" width=\"1500\" height=\"844\" src=\"https:\/\/www.youtube.com\/embed\/XWBO03FPP6s?version=3&#038;rel=1&#038;showsearch=0&#038;showinfo=1&#038;iv_load_policy=1&#038;fs=1&#038;hl=ar&#038;autohide=2&#038;wmode=transparent\" allowfullscreen=\"true\" style=\"border:0;\" sandbox=\"allow-scripts allow-same-origin allow-popups allow-presentation allow-popups-to-escape-sandbox\"><\/iframe><\/span><\/p>\n<p>hedefgirtina her\u00eam\u00ean siv\u00eel  pir\u00ea caran dibe encama gelek windah\u00ee  \u00fb bir\u00eendariy\u00ean giran di nava siv\u00eelan de \u00fb pi\u015ft\u00ee topbarana b\u00easer\u00fbber ji aliy\u00ea dewleta Tirk ve  li dij\u00ee binsaz\u00ee \u00fb her\u00eam\u00ean siv\u00eel \u00ean Bakur \u00fb Rojhilat\u00ea S\u00fbriy\u00ea di 4 -10 &#8211; 2023&#8217;an de ku \u00e7end rojan dewam kir, gelek qurban\u00ee \u00fb bir\u00eendar b\u00fbn, yek ji wan j\u00ee  Fereh a \u00e7ardeh sal\u00ee b\u00fb ku ji gund\u00ea xwe El-Xeybi\u015f \u00ea gir\u00eaday\u00ee Til Tem\u00eer\u00ea tev\u00ee d\u00ea \u00fb bav\u00ean xwe ko\u00e7ber b\u00fbn dema bajar\u00ea Ser\u00eakaniy\u00ea hate dagirkirin,  \u00fb ew her\u00eam dihat topebaran kirin.<br \/>\nCareke din toparan pey w\u00ea ket dema w\u00ea li gund\u00ea El-Bi\u015f\u00earya \u00ea gir\u00eaday\u00ee  bajar\u00ea Dirb\u00easiy\u00ea  al\u00eekarya dayika xwe di komkirina pembo de dikir rok\u00eatek  di 5-10-2023an de li wan ket  \u00fb di encam\u00ea de herd\u00fb ling\u00ean xwe winda kir .<br \/>\n Ferah ji mil\u00ea t\u00eema rew\u015f\u00ean awarte \u00fb lezg\u00een ve ya Heyva Sor a Kurd li Dirb\u00easiy\u00ea hat rakirin ji nexwe\u015fxaneyek\u00ea re li bajar\u00ea Hesek\u00ea \u00fb t\u00eemeke bij\u00ee\u015fk\u00ee gir\u00eaday\u00ee Heyva Sor a Kurd ku ji  bij\u00ee\u015fk\u00ea hest\u00ee , fizyoterapist \u00fb ek\u00eebeke pi\u015ftgrya der\u00fbn\u00ee p\u00eak t\u00ea hate erkdarkirin ku rew\u015fa tedaw\u00ee kirina w\u00ea bi\u015fop\u00eenin \u00fb pi\u015ftevaniya w\u00ea bikin  heta avakirina protez\u00ean j\u00ear\u00een ji bo w\u00ea \u00fb bi h\u00eaviya ku \u015fah\u00ee vegere dil\u00ea Fereh<\/p>\n","protected":false},"excerpt":{"rendered":"<p>hedefgirtina her\u00eam\u00ean siv\u00eel pir\u00ea caran dibe encama gelek windah\u00ee \u00fb bir\u00eendariy\u00ean giran di nava siv\u00eelan de \u00fb pi\u015ft\u00ee topbarana b\u00easer\u00fbber ji aliy\u00ea dewleta Tirk ve li dij\u00ee binsaz\u00ee \u00fb her\u00eam\u00ean siv\u00eel \u00ean Bakur \u00fb Rojhilat\u00ea S\u00fbriy\u00ea di 4 -10 &#8211; 2023&#8217;an de ku \u00e7end rojan dewam kir, gelek qurban\u00ee \u00fb bir\u00eendar b\u00fbn, yek ji wan [&hellip;]<\/p>\n","protected":false},"author":1,"featured_media":7787,"comment_status":"open","ping_status":"open","sticky":false,"template":"","format":"standard","meta":{"give_campaign_id":0,"ngg_post_thumbnail":0,"jetpack_post_was_ever_published":false,"_jetpack_newsletter_access":"","_jetpack_dont_email_post_to_subs":false,"_jetpack_newsletter_tier_id":0,"_jetpack_memberships_contains_paywalled_content":false,"_jetpack_memberships_contains_paid_content":false,"footnotes":"","jetpack_publicize_message":"","jetpack_publicize_feature_enabled":true,"jetpack_social_post_already_shared":true,"jetpack_social_options":{"image_generator_settings":{"template":"highway","default_image_id":0,"font":"","enabled":false},"version":2},"_links_to":"","_links_to_target":""},"categories":[848,831,1486,846],"tags":[],"class_list":["post-7800","post","type-post","status-publish","format-standard","has-post-thumbnail","hentry","category-awarte","category-cirok","category-pistgirya-pskologik","category-tenduristi"],"jetpack_publicize_connections":[],"jetpack_featured_media_url":"https:\/\/i0.wp.com\/hskurd.org\/wp-content\/uploads\/2023\/10\/%D9%81%D8%B1%D8%AD.png?fit=664%2C356&ssl=1","jetpack-related-posts":[{"id":7819,"url":"https:\/\/hskurd.org\/?p=7819&lang=ku","url_meta":{"origin":7800,"position":0},"title":"Bi h\u00eaviya ku \u015fah\u00ee vegere dil\u00ea Fereh a bi\u00e7\u00fbk","author":"neruda","date":"25 \u0623\u0643\u062a\u0648\u0628\u0631\u060c 2023","format":false,"excerpt":"https:\/\/www.youtube.com\/watch?v=XWBO03FPP6s&t=14s hedefgirtina her\u00eam\u00ean siv\u00eel pir\u00ea caran dibe encama gelek windah\u00ee \u00fb bir\u00eendariy\u00ean giran di nava siv\u00eelan de \u00fb pi\u015ft\u00ee topbarana b\u00easer\u00fbber ji aliy\u00ea dewleta Tirk ve li dij\u00ee binsaz\u00ee \u00fb her\u00eam\u00ean siv\u00eel \u00ean Bakur \u00fb Rojhilat\u00ea S\u00fbriy\u00ea di 4 -10 - 2023'an de ku \u00e7end rojan dewam kir, gelek qurban\u00ee\u2026","rel":"","context":"\u0641\u064a &quot;\u00c7\u00eerok&quot;","block_context":{"text":"\u00c7\u00eerok","link":"https:\/\/hskurd.org\/?cat=831&lang=ku"},"img":{"alt_text":"","src":"https:\/\/i0.wp.com\/hskurd.org\/wp-content\/uploads\/2023\/10\/%D9%81%D8%B1%D8%AD.png?fit=664%2C356&ssl=1&resize=350%2C200","width":350,"height":200,"srcset":"https:\/\/i0.wp.com\/hskurd.org\/wp-content\/uploads\/2023\/10\/%D9%81%D8%B1%D8%AD.png?fit=664%2C356&ssl=1&resize=350%2C200 1x, https:\/\/i0.wp.com\/hskurd.org\/wp-content\/uploads\/2023\/10\/%D9%81%D8%B1%D8%AD.png?fit=664%2C356&ssl=1&resize=525%2C300 1.5x"},"classes":[]},{"id":7428,"url":"https:\/\/hskurd.org\/?p=7428&lang=ku","url_meta":{"origin":7800,"position":1},"title":"Baran\u00ea zarok ji bajar\u00ea Koban\u00ee pi\u015ft\u00ee ku navenda protez t\u0131\u015ft\u00ean w\u00ee y\u00ean ku ji ber teq\u00eena bermah\u0131yeke DAI\u015e\u00ea li pey xwe hi\u015ftib\u00fb, vegerandin ji n\u00fbve bi ken vedigere qada l\u00eestik\u00ea.","author":"heyvasorakurd","date":"1 \u0623\u063a\u0633\u0637\u0633\u060c 2023","format":false,"excerpt":"Baran\u00ea zarok b\u0131 ken\u00ea xwe vedigere qada l\u00eestik\u00ea Bermahiy\u00ean \u015fer gelek caran mexd\u00fbr\u00ean siv\u00eel l\u0131 d\u00fb xwe ve dih\u00ealin, bi piran\u00ee zarok, ku haya wan ji wan xeterey\u00ean tune ye. Yek ji qurbaniy\u00ean van may\u00eenan Baran Mazen Qar\u00ee y\u00ea 10 sal\u00ee ye. Di 18\u2019\u00ea Sibata 2023\u2019an de tev\u00ee malbata xwe\u2026","rel":"","context":"\u0641\u064a &quot;\u00c7\u00eerok&quot;","block_context":{"text":"\u00c7\u00eerok","link":"https:\/\/hskurd.org\/?cat=831&lang=ku"},"img":{"alt_text":"","src":"https:\/\/i0.wp.com\/hskurd.org\/wp-content\/uploads\/2023\/08\/952A8898-copy-scaled.webp?fit=1200%2C800&ssl=1&resize=350%2C200","width":350,"height":200,"srcset":"https:\/\/i0.wp.com\/hskurd.org\/wp-content\/uploads\/2023\/08\/952A8898-copy-scaled.webp?fit=1200%2C800&ssl=1&resize=350%2C200 1x, https:\/\/i0.wp.com\/hskurd.org\/wp-content\/uploads\/2023\/08\/952A8898-copy-scaled.webp?fit=1200%2C800&ssl=1&resize=525%2C300 1.5x, https:\/\/i0.wp.com\/hskurd.org\/wp-content\/uploads\/2023\/08\/952A8898-copy-scaled.webp?fit=1200%2C800&ssl=1&resize=700%2C400 2x, https:\/\/i0.wp.com\/hskurd.org\/wp-content\/uploads\/2023\/08\/952A8898-copy-scaled.webp?fit=1200%2C800&ssl=1&resize=1050%2C600 3x"},"classes":[]},{"id":7578,"url":"https:\/\/hskurd.org\/?p=7578&lang=ku","url_meta":{"origin":7800,"position":2},"title":"Al\u00eekariya lezk\u00een ji bo du zarokan Ji ber teq\u00eena bermahiy\u00ean \u015fer li Tel Temr\u00ea","author":"heyvasorakurd","date":"6 \u0633\u0628\u062a\u0645\u0628\u0631\u060c 2023","format":false,"excerpt":"Duh, Du\u015fem\u00ea, Heyva Sor a Kurd, di encama teq\u00eena may\u00een\u00ean \u015fer de, al\u00eekariya yekem \u00fb bilez p\u00ea\u015fk\u00ea\u015f\u00ee du zarok\u00ean ji gund\u00ea El-Selamsa li gundewar\u00ea Til Temir\u00ea kirin, ku piraniya bir\u00eenan di zik \u00fb ling\u00ean wan de b\u00fbn. Pi\u015ft\u00ee p\u00ea\u015fk\u00ea\u015fkirina al\u00eekariy\u00ean lezg\u00een \u00fb p\u00eaw\u00eest, ji bo dermankirin\u00ea bo nexwe\u015fxaney\u00ean bajar\u00ea Hesek\u00ea\u2026","rel":"","context":"\u0641\u064a &quot;Awarte&quot;","block_context":{"text":"Awarte","link":"https:\/\/hskurd.org\/?cat=848&lang=ku"},"img":{"alt_text":"","src":"https:\/\/i0.wp.com\/hskurd.org\/wp-content\/uploads\/2023\/09\/374203029_614110440884259_7169837901949093302_n-1.jpg?fit=1080%2C674&ssl=1&resize=350%2C200","width":350,"height":200,"srcset":"https:\/\/i0.wp.com\/hskurd.org\/wp-content\/uploads\/2023\/09\/374203029_614110440884259_7169837901949093302_n-1.jpg?fit=1080%2C674&ssl=1&resize=350%2C200 1x, https:\/\/i0.wp.com\/hskurd.org\/wp-content\/uploads\/2023\/09\/374203029_614110440884259_7169837901949093302_n-1.jpg?fit=1080%2C674&ssl=1&resize=525%2C300 1.5x, https:\/\/i0.wp.com\/hskurd.org\/wp-content\/uploads\/2023\/09\/374203029_614110440884259_7169837901949093302_n-1.jpg?fit=1080%2C674&ssl=1&resize=700%2C400 2x, https:\/\/i0.wp.com\/hskurd.org\/wp-content\/uploads\/2023\/09\/374203029_614110440884259_7169837901949093302_n-1.jpg?fit=1080%2C674&ssl=1&resize=1050%2C600 3x"},"classes":[]},{"id":11975,"url":"https:\/\/hskurd.org\/?p=11975&lang=ku","url_meta":{"origin":7800,"position":3},"title":"bangewaz\u00ee ji t\u00eema Heyva Sor a Kurd li Koban\u00ee ji r\u00eaxistin\u00ean mirov\u00ee re","author":"user55","date":"2 \u0645\u0627\u0631\u0633\u060c 2026","format":false,"excerpt":"Bangek ji t\u00eem\u00ea Heyva Sor a Kurd\u00ee li Koban\u00ea bo r\u00eaxistin\u00ean mirovah\u00ee \u00fb bo Netewey\u00ean Yekb\u00fby\u00ee, bi taybet\u00ee bi r\u00eaberiya Kom\u00eeser\u00ea Bilind \u00ea Netewey\u00ean Yekb\u00fby\u00ee ji bo Penaberan, Barham Salih: Bajar\u00ea Koban\u00ea \u00fb gundewar\u00ean w\u00ea ji \u00e7end rojan ve di bin kampanyayek le\u015fker\u00ee ya tund \u00fb dorp\u00ea\u00e7kirineke giran de ne,\u2026","rel":"","context":"\u0641\u064a &quot;News&quot;","block_context":{"text":"News","link":"https:\/\/hskurd.org\/?cat=2171&lang=ku"},"img":{"alt_text":"","src":"https:\/\/i0.wp.com\/hskurd.org\/wp-content\/uploads\/2026\/03\/618809254_1183190350642929_5401222983079782706_n.jpg?fit=512%2C640&ssl=1&resize=350%2C200","width":350,"height":200},"classes":[]},{"id":8390,"url":"https:\/\/hskurd.org\/?p=8390&lang=ku","url_meta":{"origin":7800,"position":4},"title":"Daxuyan\u00ee di der bar\u00ea hedefgirtina t\u00eem\u00ean me y\u00ean tenduristiy\u00ea de","author":"neruda","date":"1 \u064a\u0648\u0646\u064a\u0648\u060c 2024","format":false,"excerpt":"Iroj careke din her\u00eam\u00ean bakur \u00fb rojhilat\u00ea Suriy\u00ea li gelek cihan rast\u00ee \u00ear\u00ee\u015f\u00ean dron\u00ean dewleta tirk hatin, li gor w\u00ea, girop\u00ean me y\u00ean rew\u015f\u00ean awarte ketin tevger\u00ea ji bo dermankirin \u00fb veguhestina bir\u00eendar \u00fb \u015feh\u00eedan. Di dema ku gr\u00fbpek me ya tendurist\u00ee bi erk\u00ea xwe y\u00ea mirov\u00ee radib\u00fb li gund\u00ea\u2026","rel":"","context":"\u0641\u064a &quot;Awarte&quot;","block_context":{"text":"Awarte","link":"https:\/\/hskurd.org\/?cat=848&lang=ku"},"img":{"alt_text":"","src":"https:\/\/i0.wp.com\/hskurd.org\/wp-content\/uploads\/2024\/06\/444487447_760765556218746_3264267915091801621_n.jpg?fit=552%2C508&ssl=1&resize=350%2C200","width":350,"height":200,"srcset":"https:\/\/i0.wp.com\/hskurd.org\/wp-content\/uploads\/2024\/06\/444487447_760765556218746_3264267915091801621_n.jpg?fit=552%2C508&ssl=1&resize=350%2C200 1x, https:\/\/i0.wp.com\/hskurd.org\/wp-content\/uploads\/2024\/06\/444487447_760765556218746_3264267915091801621_n.jpg?fit=552%2C508&ssl=1&resize=525%2C300 1.5x"},"classes":[]},{"id":6264,"url":"https:\/\/hskurd.org\/?p=6264&lang=ku","url_meta":{"origin":7800,"position":5},"title":"Ken\u00ea wan ji bo me berdewam\u00ee ye","author":"Sozdar","date":"3 \u064a\u0648\u0644\u064a\u0648\u060c 2022","format":false,"excerpt":"Nav: Fed\u00eela Xidir El-El\u00ee Temen: 7 sal Cih: Kampa Wa\u015fokan\u00ee Rew\u015fa w\u00ea a tendurst\u00ee : hewcedariya la\u015f\u00ee Sedema hewcedariy\u00ea: derketina gir\u00eakek\u00ea li ser derzika pi\u015fta w\u00ea \u00fb di dema emel\u00eekirina w\u00ea de tevgera herdu ling\u00ean xwe wunda kir. Nekar\u00eeb\u00fbna Fed\u00eela di tevger \u00fb p\u00eakvejiyana bi heval\u00ean xwe re, \u00ea\u015fa ko\u00e7beriy\u00ea\u2026","rel":"","context":"\u0641\u064a &quot;\u00c7\u00eerok&quot;","block_context":{"text":"\u00c7\u00eerok","link":"https:\/\/hskurd.org\/?cat=831&lang=ku"},"img":{"alt_text":"","src":"https:\/\/i0.wp.com\/hskurd.org\/wp-content\/uploads\/2022\/07\/02-1-scaled.jpg?fit=1200%2C800&ssl=1&resize=350%2C200","width":350,"height":200,"srcset":"https:\/\/i0.wp.com\/hskurd.org\/wp-content\/uploads\/2022\/07\/02-1-scaled.jpg?fit=1200%2C800&ssl=1&resize=350%2C200 1x, https:\/\/i0.wp.com\/hskurd.org\/wp-content\/uploads\/2022\/07\/02-1-scaled.jpg?fit=1200%2C800&ssl=1&resize=525%2C300 1.5x, https:\/\/i0.wp.com\/hskurd.org\/wp-content\/uploads\/2022\/07\/02-1-scaled.jpg?fit=1200%2C800&ssl=1&resize=700%2C400 2x, https:\/\/i0.wp.com\/hskurd.org\/wp-content\/uploads\/2022\/07\/02-1-scaled.jpg?fit=1200%2C800&ssl=1&resize=1050%2C600 3x"},"classes":[]}],"jetpack_sharing_enabled":true,"_links":{"self":[{"href":"https:\/\/hskurd.org\/index.php?rest_route=\/wp\/v2\/posts\/7800","targetHints":{"allow":["GET"]}}],"collection":[{"href":"https:\/\/hskurd.org\/index.php?rest_route=\/wp\/v2\/posts"}],"about":[{"href":"https:\/\/hskurd.org\/index.php?rest_route=\/wp\/v2\/types\/post"}],"author":[{"embeddable":true,"href":"https:\/\/hskurd.org\/index.php?rest_route=\/wp\/v2\/users\/1"}],"replies":[{"embeddable":true,"href":"https:\/\/hskurd.org\/index.php?rest_route=%2Fwp%2Fv2%2Fcomments&post=7800"}],"version-history":[{"count":1,"href":"https:\/\/hskurd.org\/index.php?rest_route=\/wp\/v2\/posts\/7800\/revisions"}],"predecessor-version":[{"id":7801,"href":"https:\/\/hskurd.org\/index.php?rest_route=\/wp\/v2\/posts\/7800\/revisions\/7801"}],"wp:featuredmedia":[{"embeddable":true,"href":"https:\/\/hskurd.org\/index.php?rest_route=\/wp\/v2\/media\/7787"}],"wp:attachment":[{"href":"https:\/\/hskurd.org\/index.php?rest_route=%2Fwp%2Fv2%2Fmedia&parent=7800"}],"wp:term":[{"taxonomy":"category","embeddable":true,"href":"https:\/\/hskurd.org\/index.php?rest_route=%2Fwp%2Fv2%2Fcategories&post=7800"},{"taxonomy":"post_tag","embeddable":true,"href":"https:\/\/hskurd.org\/index.php?rest_route=%2Fwp%2Fv2%2Ftags&post=7800"}],"curies":[{"name":"wp","href":"https:\/\/api.w.org\/{rel}","templated":true}]}}