{"id":7670,"date":"2023-09-24T10:28:19","date_gmt":"2023-09-24T07:28:19","guid":{"rendered":"https:\/\/hskurd.org\/?p=7670"},"modified":"2023-09-24T10:28:19","modified_gmt":"2023-09-24T07:28:19","slug":"bi-peydakirina-leniherina-tenduristi-a-rast-re-nexwesiya-sekir-te-derbaskirin","status":"publish","type":"post","link":"https:\/\/hskurd.org\/?p=7670&lang=ku","title":{"rendered":"Bi peydakirina l\u00eanih\u00ear\u00eena tendurist\u00ee a rast re,  nexwe\u015fiya \u015fekir t\u00ea derbaskirin"},"content":{"rendered":"<p>Em li Heyva Sor a Kurd l\u00eaner\u00eena tend\u00fbrist\u00ee \u00fb peydakirina xizmet\u00ean bij\u00ee\u015fk\u00ee weke armanca xwe ya sereke dinirx\u00eenin, \u00cebrah\u00eem Xidir El-Hem\u00fbd \u00ea 50 sal\u00ee ji \u015f\u00eaniy\u00ean bajar\u00ea Ser\u00eakaniy\u00ea \u00fb li kampa Ser\u00eakaniy\u00ea ya &#8220;Tela&#8217;i&#8221; ya rojhilat\u00ea bajar\u00ea Hesek\u00ea dim\u00eene. Nexwe\u015f\u00ea \u015fekir e ku bandor li ling\u00ea w\u00ee y\u00ea rast\u00ea kiriye. Ew ji nuqteya Heyva Sor a Kurd l\u00eanih\u00ear\u00een\u00ea werdigire, ku ek\u00eeba bij\u00ee\u015fk\u00ee dem bi dem serdana w\u00ee dike da ku l\u00eanih\u00ear\u00een\u00ea di be\u015fa ambulans\u00ea de werdigire, ji wan paqijkirin \u00fb sterilkirina ling\u00ea bi bandor, peydakirina derman\u00ean \u015fekir \u00fb ant\u00ee-byotik ji dermanxaneya noqtey\u00ea, pi\u015ft\u00ee l\u00eakol\u00een\u00fbn \u00fb r\u00eawerz\u00ean par\u00eaz\u00ea ji kl\u00een\u00eeka hundir\u00een , bir\u00eaz \u00cebrah\u00eem d\u00eesa li ser ling\u00ean xwe dime\u015fe, ber bi kon\u00ea xwe ve di\u00e7e, wek\u00ee ku ji nexwe\u015fiy\u00ea re bib\u00eaje &#8220;ez \u00ea zora te bibim.&#8221;<\/p>\n<p>ttps:\/\/www.youtube.com\/watch?v=UrwpJn3uWjA<\/p>\n","protected":false},"excerpt":{"rendered":"<p>Em li Heyva Sor a Kurd l\u00eaner\u00eena tend\u00fbrist\u00ee \u00fb peydakirina xizmet\u00ean bij\u00ee\u015fk\u00ee weke armanca xwe ya sereke dinirx\u00eenin, \u00cebrah\u00eem Xidir El-Hem\u00fbd \u00ea 50 sal\u00ee ji \u015f\u00eaniy\u00ean bajar\u00ea Ser\u00eakaniy\u00ea \u00fb li kampa Ser\u00eakaniy\u00ea ya &#8220;Tela&#8217;i&#8221; ya rojhilat\u00ea bajar\u00ea Hesek\u00ea dim\u00eene. Nexwe\u015f\u00ea \u015fekir e ku bandor li ling\u00ea w\u00ee y\u00ea rast\u00ea kiriye. Ew ji nuqteya Heyva Sor [&hellip;]<\/p>\n","protected":false},"author":2,"featured_media":7664,"comment_status":"open","ping_status":"open","sticky":false,"template":"","format":"standard","meta":{"give_campaign_id":0,"ngg_post_thumbnail":0,"jetpack_post_was_ever_published":false,"_jetpack_newsletter_access":"","_jetpack_dont_email_post_to_subs":false,"_jetpack_newsletter_tier_id":0,"_jetpack_memberships_contains_paywalled_content":false,"_jetpack_memberships_contains_paid_content":false,"footnotes":"","jetpack_publicize_message":"","jetpack_publicize_feature_enabled":true,"jetpack_social_post_already_shared":true,"jetpack_social_options":{"image_generator_settings":{"template":"highway","default_image_id":0,"font":"","enabled":false},"version":2},"_links_to":"","_links_to_target":""},"categories":[831,846],"tags":[1672],"class_list":["post-7670","post","type-post","status-publish","format-standard","has-post-thumbnail","hentry","category-cirok","category-tenduristi","tag-parastina_saxlemiye"],"jetpack_publicize_connections":[],"jetpack_featured_media_url":"https:\/\/i0.wp.com\/hskurd.org\/wp-content\/uploads\/2023\/09\/IMG-20230924-WA0014-1.jpg?fit=1600%2C1066&ssl=1","jetpack-related-posts":[{"id":6458,"url":"https:\/\/hskurd.org\/?p=6458&lang=ku","url_meta":{"origin":7670,"position":0},"title":"\u00c7\u00eerokeke n\u00fb ya serkeftin\u00ea li Navenda Prot\u00eaz\u00eek\u00ea","author":"Sozdar","date":"19 \u0633\u0628\u062a\u0645\u0628\u0631\u060c 2022","format":false,"excerpt":"Xwe\u015fb\u00fbna d\u00eetna dilxwe\u015fiya zarok\u00eak\u00ee ku karibe tevgera xwe veger\u00eene, bi dan\u00eena lingek\u00ee protez\u00eek, da ku ew zarok karibe \u00e7alakiy\u00ean xwe y\u00ean rojane bi rehet\u00ee p\u00eak b\u00eene, ji bil\u00ee w\u00ea j\u00ee pi\u015ftgiriya w\u00ee bike \u00fb xwebaweriya w\u00ee z\u00eade bike ,\u00fb bi heval\u00ean xwe re be\u015fdar\u00ee perwerdey\u00ea bibe,ku k\u00eam h\u00eazb\u00fbna w\u00ee bibe\u2026","rel":"","context":"\u0641\u064a &quot;\u00c7\u00eerok&quot;","block_context":{"text":"\u00c7\u00eerok","link":"https:\/\/hskurd.org\/?cat=831&lang=ku"},"img":{"alt_text":"","src":"https:\/\/i0.wp.com\/hskurd.org\/wp-content\/uploads\/2022\/09\/952A8989-copy-300x200.jpg?resize=350%2C200","width":350,"height":200},"classes":[]},{"id":7819,"url":"https:\/\/hskurd.org\/?p=7819&lang=ku","url_meta":{"origin":7670,"position":1},"title":"Bi h\u00eaviya ku \u015fah\u00ee vegere dil\u00ea Fereh a bi\u00e7\u00fbk","author":"neruda","date":"25 \u0623\u0643\u062a\u0648\u0628\u0631\u060c 2023","format":false,"excerpt":"https:\/\/www.youtube.com\/watch?v=XWBO03FPP6s&t=14s hedefgirtina her\u00eam\u00ean siv\u00eel pir\u00ea caran dibe encama gelek windah\u00ee \u00fb bir\u00eendariy\u00ean giran di nava siv\u00eelan de \u00fb pi\u015ft\u00ee topbarana b\u00easer\u00fbber ji aliy\u00ea dewleta Tirk ve li dij\u00ee binsaz\u00ee \u00fb her\u00eam\u00ean siv\u00eel \u00ean Bakur \u00fb Rojhilat\u00ea S\u00fbriy\u00ea di 4 -10 - 2023'an de ku \u00e7end rojan dewam kir, gelek qurban\u00ee\u2026","rel":"","context":"\u0641\u064a &quot;\u00c7\u00eerok&quot;","block_context":{"text":"\u00c7\u00eerok","link":"https:\/\/hskurd.org\/?cat=831&lang=ku"},"img":{"alt_text":"","src":"https:\/\/i0.wp.com\/hskurd.org\/wp-content\/uploads\/2023\/10\/%D9%81%D8%B1%D8%AD.png?fit=664%2C356&ssl=1&resize=350%2C200","width":350,"height":200,"srcset":"https:\/\/i0.wp.com\/hskurd.org\/wp-content\/uploads\/2023\/10\/%D9%81%D8%B1%D8%AD.png?fit=664%2C356&ssl=1&resize=350%2C200 1x, https:\/\/i0.wp.com\/hskurd.org\/wp-content\/uploads\/2023\/10\/%D9%81%D8%B1%D8%AD.png?fit=664%2C356&ssl=1&resize=525%2C300 1.5x"},"classes":[]},{"id":7800,"url":"https:\/\/hskurd.org\/?p=7800&lang=ku","url_meta":{"origin":7670,"position":2},"title":"Bi h\u00eaviya ku \u015fah\u00ee vegere dil\u00ea Fereh a bi\u00e7\u00fbk","author":"neruda","date":"25 \u0623\u0643\u062a\u0648\u0628\u0631\u060c 2023","format":false,"excerpt":"https:\/\/www.youtube.com\/watch?v=XWBO03FPP6s hedefgirtina her\u00eam\u00ean siv\u00eel pir\u00ea caran dibe encama gelek windah\u00ee \u00fb bir\u00eendariy\u00ean giran di nava siv\u00eelan de \u00fb pi\u015ft\u00ee topbarana b\u00easer\u00fbber ji aliy\u00ea dewleta Tirk ve li dij\u00ee binsaz\u00ee \u00fb her\u00eam\u00ean siv\u00eel \u00ean Bakur \u00fb Rojhilat\u00ea S\u00fbriy\u00ea di 4 -10 - 2023'an de ku \u00e7end rojan dewam kir, gelek qurban\u00ee\u2026","rel":"","context":"\u0641\u064a &quot;Awarte&quot;","block_context":{"text":"Awarte","link":"https:\/\/hskurd.org\/?cat=848&lang=ku"},"img":{"alt_text":"","src":"https:\/\/i0.wp.com\/hskurd.org\/wp-content\/uploads\/2023\/10\/%D9%81%D8%B1%D8%AD.png?fit=664%2C356&ssl=1&resize=350%2C200","width":350,"height":200,"srcset":"https:\/\/i0.wp.com\/hskurd.org\/wp-content\/uploads\/2023\/10\/%D9%81%D8%B1%D8%AD.png?fit=664%2C356&ssl=1&resize=350%2C200 1x, https:\/\/i0.wp.com\/hskurd.org\/wp-content\/uploads\/2023\/10\/%D9%81%D8%B1%D8%AD.png?fit=664%2C356&ssl=1&resize=525%2C300 1.5x"},"classes":[]},{"id":7428,"url":"https:\/\/hskurd.org\/?p=7428&lang=ku","url_meta":{"origin":7670,"position":3},"title":"Baran\u00ea zarok ji bajar\u00ea Koban\u00ee pi\u015ft\u00ee ku navenda protez t\u0131\u015ft\u00ean w\u00ee y\u00ean ku ji ber teq\u00eena bermah\u0131yeke DAI\u015e\u00ea li pey xwe hi\u015ftib\u00fb, vegerandin ji n\u00fbve bi ken vedigere qada l\u00eestik\u00ea.","author":"heyvasorakurd","date":"1 \u0623\u063a\u0633\u0637\u0633\u060c 2023","format":false,"excerpt":"Baran\u00ea zarok b\u0131 ken\u00ea xwe vedigere qada l\u00eestik\u00ea Bermahiy\u00ean \u015fer gelek caran mexd\u00fbr\u00ean siv\u00eel l\u0131 d\u00fb xwe ve dih\u00ealin, bi piran\u00ee zarok, ku haya wan ji wan xeterey\u00ean tune ye. Yek ji qurbaniy\u00ean van may\u00eenan Baran Mazen Qar\u00ee y\u00ea 10 sal\u00ee ye. Di 18\u2019\u00ea Sibata 2023\u2019an de tev\u00ee malbata xwe\u2026","rel":"","context":"\u0641\u064a &quot;\u00c7\u00eerok&quot;","block_context":{"text":"\u00c7\u00eerok","link":"https:\/\/hskurd.org\/?cat=831&lang=ku"},"img":{"alt_text":"","src":"https:\/\/i0.wp.com\/hskurd.org\/wp-content\/uploads\/2023\/08\/952A8898-copy-scaled.webp?fit=1200%2C800&ssl=1&resize=350%2C200","width":350,"height":200,"srcset":"https:\/\/i0.wp.com\/hskurd.org\/wp-content\/uploads\/2023\/08\/952A8898-copy-scaled.webp?fit=1200%2C800&ssl=1&resize=350%2C200 1x, https:\/\/i0.wp.com\/hskurd.org\/wp-content\/uploads\/2023\/08\/952A8898-copy-scaled.webp?fit=1200%2C800&ssl=1&resize=525%2C300 1.5x, https:\/\/i0.wp.com\/hskurd.org\/wp-content\/uploads\/2023\/08\/952A8898-copy-scaled.webp?fit=1200%2C800&ssl=1&resize=700%2C400 2x, https:\/\/i0.wp.com\/hskurd.org\/wp-content\/uploads\/2023\/08\/952A8898-copy-scaled.webp?fit=1200%2C800&ssl=1&resize=1050%2C600 3x"},"classes":[]},{"id":7901,"url":"https:\/\/hskurd.org\/?p=7901&lang=ku","url_meta":{"origin":7670,"position":4},"title":"Heyva Sor a Kurd konferansa xwe ya s\u00eayem\u00een li darx\u0131st \u00fb hevserokatiyeke n\u00fb hilb\u0131jart","author":"neruda","date":"24 \u0646\u0648\u0641\u0645\u0628\u0631\u060c 2023","format":false,"excerpt":"\u00cero \u00cen\u00ea, R\u00eaxistina Heyva Sor a Kurd li bajar\u00ea Qami\u015flo s\u00eayem\u00een konferansa xwe bi d\u0131ru\u015fmeya \u201cBi h\u00eav\u00ee \u00fb hevkar\u00ee ji bo avakirina pa\u015ferojeke b\u0131 ron\u00ee \u201d l\u0131 darx\u0131st bi amadeb\u00fbna endam, kadroy\u00ean bij\u00ee\u015fk\u00ee \u00fb r\u00eaxistin\u00ean hevkar di xebat\u00ean mirov\u00ee de li. Tev\u00ee hejmarek ji berpirs\u00ean R\u00eaveberiya Xweser a Bakur \u00fb\u2026","rel":"","context":"\u0641\u064a &quot;Ge\u015fep\u00eadan&quot;","block_context":{"text":"Ge\u015fep\u00eadan","link":"https:\/\/hskurd.org\/?cat=862&lang=ku"},"img":{"alt_text":"","src":"https:\/\/i0.wp.com\/hskurd.org\/wp-content\/uploads\/2023\/11\/952A0191-copy-scaled.jpg?fit=1200%2C800&ssl=1&resize=350%2C200","width":350,"height":200,"srcset":"https:\/\/i0.wp.com\/hskurd.org\/wp-content\/uploads\/2023\/11\/952A0191-copy-scaled.jpg?fit=1200%2C800&ssl=1&resize=350%2C200 1x, https:\/\/i0.wp.com\/hskurd.org\/wp-content\/uploads\/2023\/11\/952A0191-copy-scaled.jpg?fit=1200%2C800&ssl=1&resize=525%2C300 1.5x, https:\/\/i0.wp.com\/hskurd.org\/wp-content\/uploads\/2023\/11\/952A0191-copy-scaled.jpg?fit=1200%2C800&ssl=1&resize=700%2C400 2x, https:\/\/i0.wp.com\/hskurd.org\/wp-content\/uploads\/2023\/11\/952A0191-copy-scaled.jpg?fit=1200%2C800&ssl=1&resize=1050%2C600 3x"},"classes":[]},{"id":8660,"url":"https:\/\/hskurd.org\/?p=8660&lang=ku","url_meta":{"origin":7670,"position":5},"title":"&#8221; Em ji bo nexwe\u015f\u00ean pence\u015f\u00ear\u00ea \u00fb telas\u00eemiyay\u00ea bibin al\u00eekar &#8220;","author":"neruda","date":"19 \u0633\u0628\u062a\u0645\u0628\u0631\u060c 2024","format":false,"excerpt":"https:\/\/www.youtube.com\/watch?v=NgMvX8IsKx0 \u00a0 https:\/\/www.youtube.com\/watch?v=NgMvX8IsKx0 Bi armanca peydakirina p\u00eadiviy\u00ean bij\u00ee\u015fk\u00ee y\u00ean z\u00eadebuy\u00ee \u00fb bi taybet ji bo nexwe\u015f\u00ean pence\u015f\u00ear\u00ea \u00fb zarok\u00ean telas\u00eemiyay\u00ea li Bakur \u00fb Rojhilat\u00ea S\u00fbriy\u00ea, R\u00eaxistina Heyva Sor a Kurd desp\u00eakirina r\u00eabazeke pi\u015ftgiriya civak\u00ee ji bo nexwe\u015fxaneya Onkoloj\u00ee, Telas\u00eemiyay\u00ea \u00fb \u015fewat\u00ea a li bajar\u00ea Qami\u015flo radigh\u00eene. Pi\u015ftgiriya civak\u00ee, ku sindoq\u00ean\u2026","rel":"","context":"\u0641\u064a &quot;Perwerdehiya tendurist\u00ee&quot;","block_context":{"text":"Perwerdehiya tendurist\u00ee","link":"https:\/\/hskurd.org\/?cat=844&lang=ku"},"img":{"alt_text":"","src":"https:\/\/i0.wp.com\/hskurd.org\/wp-content\/uploads\/2024\/09\/MVI_3438-copy.jpg?fit=1200%2C675&ssl=1&resize=350%2C200","width":350,"height":200,"srcset":"https:\/\/i0.wp.com\/hskurd.org\/wp-content\/uploads\/2024\/09\/MVI_3438-copy.jpg?fit=1200%2C675&ssl=1&resize=350%2C200 1x, https:\/\/i0.wp.com\/hskurd.org\/wp-content\/uploads\/2024\/09\/MVI_3438-copy.jpg?fit=1200%2C675&ssl=1&resize=525%2C300 1.5x, https:\/\/i0.wp.com\/hskurd.org\/wp-content\/uploads\/2024\/09\/MVI_3438-copy.jpg?fit=1200%2C675&ssl=1&resize=700%2C400 2x, https:\/\/i0.wp.com\/hskurd.org\/wp-content\/uploads\/2024\/09\/MVI_3438-copy.jpg?fit=1200%2C675&ssl=1&resize=1050%2C600 3x"},"classes":[]}],"jetpack_sharing_enabled":true,"_links":{"self":[{"href":"https:\/\/hskurd.org\/index.php?rest_route=\/wp\/v2\/posts\/7670","targetHints":{"allow":["GET"]}}],"collection":[{"href":"https:\/\/hskurd.org\/index.php?rest_route=\/wp\/v2\/posts"}],"about":[{"href":"https:\/\/hskurd.org\/index.php?rest_route=\/wp\/v2\/types\/post"}],"author":[{"embeddable":true,"href":"https:\/\/hskurd.org\/index.php?rest_route=\/wp\/v2\/users\/2"}],"replies":[{"embeddable":true,"href":"https:\/\/hskurd.org\/index.php?rest_route=%2Fwp%2Fv2%2Fcomments&post=7670"}],"version-history":[{"count":2,"href":"https:\/\/hskurd.org\/index.php?rest_route=\/wp\/v2\/posts\/7670\/revisions"}],"predecessor-version":[{"id":7672,"href":"https:\/\/hskurd.org\/index.php?rest_route=\/wp\/v2\/posts\/7670\/revisions\/7672"}],"wp:featuredmedia":[{"embeddable":true,"href":"https:\/\/hskurd.org\/index.php?rest_route=\/wp\/v2\/media\/7664"}],"wp:attachment":[{"href":"https:\/\/hskurd.org\/index.php?rest_route=%2Fwp%2Fv2%2Fmedia&parent=7670"}],"wp:term":[{"taxonomy":"category","embeddable":true,"href":"https:\/\/hskurd.org\/index.php?rest_route=%2Fwp%2Fv2%2Fcategories&post=7670"},{"taxonomy":"post_tag","embeddable":true,"href":"https:\/\/hskurd.org\/index.php?rest_route=%2Fwp%2Fv2%2Ftags&post=7670"}],"curies":[{"name":"wp","href":"https:\/\/api.w.org\/{rel}","templated":true}]}}