{"id":7578,"date":"2023-09-06T09:54:15","date_gmt":"2023-09-06T06:54:15","guid":{"rendered":"https:\/\/hskurd.org\/?p=7578"},"modified":"2023-09-06T09:54:15","modified_gmt":"2023-09-06T06:54:15","slug":"alikariya-lezkin-ji-bo-du-zarokan-ji-ber-teqina-bermahiyen-ser-li-tel-temre","status":"publish","type":"post","link":"https:\/\/hskurd.org\/?p=7578&lang=ku","title":{"rendered":"Al\u00eekariya lezk\u00een ji bo du zarokan Ji ber teq\u00eena bermahiy\u00ean \u015fer li Tel Temr\u00ea"},"content":{"rendered":"<div class=\"x11i5rnm xat24cr x1mh8g0r x1vvkbs xtlvy1s x126k92a\">\n<div dir=\"auto\">Duh, Du\u015fem\u00ea, Heyva Sor a Kurd, di encama teq\u00eena may\u00een\u00ean \u015fer de, al\u00eekariya yekem \u00fb bilez p\u00ea\u015fk\u00ea\u015f\u00ee du zarok\u00ean ji gund\u00ea El-Selamsa li gundewar\u00ea Til Temir\u00ea kirin, ku piraniya bir\u00eenan di zik \u00fb ling\u00ean wan de b\u00fbn.<\/div>\n<\/div>\n<div class=\"x11i5rnm xat24cr x1mh8g0r x1vvkbs xtlvy1s x126k92a\">\n<div dir=\"auto\">Pi\u015ft\u00ee p\u00ea\u015fk\u00ea\u015fkirina al\u00eekariy\u00ean lezg\u00een \u00fb p\u00eaw\u00eest, ji bo dermankirin\u00ea bo nexwe\u015fxaney\u00ean bajar\u00ea Hesek\u00ea hatin veguhestin.<\/div>\n<\/div>\n<div class=\"x11i5rnm xat24cr x1mh8g0r x1vvkbs xtlvy1s x126k92a\">\n<div dir=\"auto\">Heyva Sor a Kurd xebat\u00ean xwe y\u00ean ji bo al\u00eekariya mexd\u00fbran didom\u00eene, \u00fb di dema p\u00eaw\u00eest de xizmet\u00ean sewq\u00ea ji bo dermankirina piz\u00ee\u015fk\u00ee \u00fb pi\u015ftgiriya der\u00fbn\u00ee ya civak\u00ee p\u00ea\u015fk\u00ea\u015f dike.<\/div>\n<\/div>\n<div class=\"x11i5rnm xat24cr x1mh8g0r x1vvkbs xtlvy1s x126k92a\">\n<div dir=\"auto\">Heyva Sor a Kurd her wiha daxwaza bilezkirin \u00fb xurtkirina hem\u00fb hewl\u00ean ji bo rakirina mayin \u00fb cebilxaney\u00ean neteqiyay\u00ee \u00fb bih\u00eazkirina al\u00eekariy\u00ea j\u0131 bo &#8220;Mexd\u00fbran&#8221;, \u00fb pi\u015ftgir\u00ee ji maf\u00ea zarokan d\u0131 derdoreke ewle \u00fb parast\u00ee j\u0131 bo rewstand\u0131na d\u00fbbareb\u00fbna van b\u00fbyer\u00ean nexwest\u00ee ji ber cebilxane \u00fb \u00e7ek\u00ean ku kom\u00ean \u00e7ekdar li pey xwe hi\u015ftine di dema dag\u0131rker\u0131ya wan de li ser herem\u00ea dibe ku her k\u00eal\u00ee siv\u00eelan \u00fb taybet zarokan bikuje.<img data-recalc-dims=\"1\" loading=\"lazy\" decoding=\"async\" data-attachment-id=\"7579\" data-permalink=\"https:\/\/hskurd.org\/?attachment_id=7579\" data-orig-file=\"https:\/\/i0.wp.com\/hskurd.org\/wp-content\/uploads\/2023\/09\/374661910_614110514217585_2696658027979725168_n-1.jpg?fit=1080%2C809&amp;ssl=1\" data-orig-size=\"1080,809\" data-comments-opened=\"0\" data-image-meta=\"{&quot;aperture&quot;:&quot;0&quot;,&quot;credit&quot;:&quot;&quot;,&quot;camera&quot;:&quot;&quot;,&quot;caption&quot;:&quot;&quot;,&quot;created_timestamp&quot;:&quot;0&quot;,&quot;copyright&quot;:&quot;&quot;,&quot;focal_length&quot;:&quot;0&quot;,&quot;iso&quot;:&quot;0&quot;,&quot;shutter_speed&quot;:&quot;0&quot;,&quot;title&quot;:&quot;&quot;,&quot;orientation&quot;:&quot;0&quot;}\" data-image-title=\"374661910_614110514217585_2696658027979725168_n\" data-image-description=\"\" data-image-caption=\"\" data-medium-file=\"https:\/\/i0.wp.com\/hskurd.org\/wp-content\/uploads\/2023\/09\/374661910_614110514217585_2696658027979725168_n-1.jpg?fit=300%2C225&amp;ssl=1\" data-large-file=\"https:\/\/i0.wp.com\/hskurd.org\/wp-content\/uploads\/2023\/09\/374661910_614110514217585_2696658027979725168_n-1.jpg?fit=1030%2C772&amp;ssl=1\" class=\"alignnone size-large wp-image-7579\" src=\"https:\/\/i0.wp.com\/hskurd.org\/wp-content\/uploads\/2023\/09\/374661910_614110514217585_2696658027979725168_n-1-1030x772.jpg?resize=1030%2C772\" alt=\"\" width=\"1030\" height=\"772\" srcset=\"https:\/\/i0.wp.com\/hskurd.org\/wp-content\/uploads\/2023\/09\/374661910_614110514217585_2696658027979725168_n-1.jpg?resize=1030%2C772&amp;ssl=1 1030w, https:\/\/i0.wp.com\/hskurd.org\/wp-content\/uploads\/2023\/09\/374661910_614110514217585_2696658027979725168_n-1.jpg?resize=300%2C225&amp;ssl=1 300w, https:\/\/i0.wp.com\/hskurd.org\/wp-content\/uploads\/2023\/09\/374661910_614110514217585_2696658027979725168_n-1.jpg?resize=768%2C575&amp;ssl=1 768w, https:\/\/i0.wp.com\/hskurd.org\/wp-content\/uploads\/2023\/09\/374661910_614110514217585_2696658027979725168_n-1.jpg?resize=705%2C528&amp;ssl=1 705w, https:\/\/i0.wp.com\/hskurd.org\/wp-content\/uploads\/2023\/09\/374661910_614110514217585_2696658027979725168_n-1.jpg?w=1080&amp;ssl=1 1080w\" sizes=\"auto, (max-width: 1030px) 100vw, 1030px\" \/><\/div>\n<\/div>\n","protected":false},"excerpt":{"rendered":"<p>Duh, Du\u015fem\u00ea, Heyva Sor a Kurd, di encama teq\u00eena may\u00een\u00ean \u015fer de, al\u00eekariya yekem \u00fb bilez p\u00ea\u015fk\u00ea\u015f\u00ee du zarok\u00ean ji gund\u00ea El-Selamsa li gundewar\u00ea Til Temir\u00ea kirin, ku piraniya bir\u00eenan di zik \u00fb ling\u00ean wan de b\u00fbn. Pi\u015ft\u00ee p\u00ea\u015fk\u00ea\u015fkirina al\u00eekariy\u00ean lezg\u00een \u00fb p\u00eaw\u00eest, ji bo dermankirin\u00ea bo nexwe\u015fxaney\u00ean bajar\u00ea Hesek\u00ea hatin veguhestin. Heyva Sor a [&hellip;]<\/p>\n","protected":false},"author":2,"featured_media":7580,"comment_status":"open","ping_status":"open","sticky":false,"template":"","format":"standard","meta":{"give_campaign_id":0,"ngg_post_thumbnail":0,"jetpack_post_was_ever_published":false,"_jetpack_newsletter_access":"","_jetpack_dont_email_post_to_subs":false,"_jetpack_newsletter_tier_id":0,"_jetpack_memberships_contains_paywalled_content":false,"_jetpack_memberships_contains_paid_content":false,"footnotes":"","jetpack_publicize_message":"","jetpack_publicize_feature_enabled":true,"jetpack_social_post_already_shared":true,"jetpack_social_options":{"image_generator_settings":{"template":"highway","default_image_id":0,"font":"","enabled":false},"version":2},"_links_to":"","_links_to_target":""},"categories":[848],"tags":[1649],"class_list":["post-7578","post","type-post","status-publish","format-standard","has-post-thumbnail","hentry","category-awarte","tag-tal_tamer"],"jetpack_publicize_connections":[],"jetpack_featured_media_url":"https:\/\/i0.wp.com\/hskurd.org\/wp-content\/uploads\/2023\/09\/374203029_614110440884259_7169837901949093302_n-1.jpg?fit=1080%2C674&ssl=1","jetpack-related-posts":[{"id":11223,"url":"https:\/\/hskurd.org\/?p=11223&lang=ku","url_meta":{"origin":7578,"position":0},"title":"Roja p\u00eerikan a c\u00eehan\u00ee","author":"user55","date":"5 \u0645\u0627\u064a\u0648\u060c 2025","format":false,"excerpt":"https:\/\/youtu.be\/YcVBjZRTbeo Her sal di p\u00eanc\u00ea heyva gulan\u00ea de, c\u00eehan roja p\u00eerkan a c\u00eehan\u00ee p\u00eeroz dike , \u00fb nirxandina rola wan di pi\u015ftgiriya tenduristiya dayik \u00fb zarokan de , p\u00ea\u015fxistina hi\u015fmendiya gir\u00eengiya xizmet\u00ean jidayikb\u00fbn\u00ea \u00fb l\u00eaner\u00eena tenduristiya gi\u015ft\u00ee \u00fb al\u00eekariya k\u00eamkirina r\u00eajey\u00ean mirina dayik \u00fb zaroka w\u00ea di qeyranan de dike.\u2026","rel":"","context":"\u0641\u064a &quot;Awarte&quot;","block_context":{"text":"Awarte","link":"https:\/\/hskurd.org\/?cat=848&lang=ku"},"img":{"alt_text":"","src":"https:\/\/i0.wp.com\/hskurd.org\/wp-content\/uploads\/2025\/05\/%D9%84%D9%82%D8%B7%D8%A9-%D8%B4%D8%A7%D8%B4%D8%A9-2025-05-05-095512.png?fit=1200%2C626&ssl=1&resize=350%2C200","width":350,"height":200,"srcset":"https:\/\/i0.wp.com\/hskurd.org\/wp-content\/uploads\/2025\/05\/%D9%84%D9%82%D8%B7%D8%A9-%D8%B4%D8%A7%D8%B4%D8%A9-2025-05-05-095512.png?fit=1200%2C626&ssl=1&resize=350%2C200 1x, https:\/\/i0.wp.com\/hskurd.org\/wp-content\/uploads\/2025\/05\/%D9%84%D9%82%D8%B7%D8%A9-%D8%B4%D8%A7%D8%B4%D8%A9-2025-05-05-095512.png?fit=1200%2C626&ssl=1&resize=525%2C300 1.5x, https:\/\/i0.wp.com\/hskurd.org\/wp-content\/uploads\/2025\/05\/%D9%84%D9%82%D8%B7%D8%A9-%D8%B4%D8%A7%D8%B4%D8%A9-2025-05-05-095512.png?fit=1200%2C626&ssl=1&resize=700%2C400 2x, https:\/\/i0.wp.com\/hskurd.org\/wp-content\/uploads\/2025\/05\/%D9%84%D9%82%D8%B7%D8%A9-%D8%B4%D8%A7%D8%B4%D8%A9-2025-05-05-095512.png?fit=1200%2C626&ssl=1&resize=1050%2C600 3x"},"classes":[]},{"id":6935,"url":"https:\/\/hskurd.org\/?p=6935&lang=ku","url_meta":{"origin":7578,"position":1},"title":"Ji bo raya gi\u015ft\u00ee ya c\u00eehan\u00ee","author":"Sozdar","date":"22 \u0641\u0628\u0631\u0627\u064a\u0631\u060c 2023","format":false,"excerpt":"Erdheja ku di 6 sibats 2023an de r\u00fbda ,b\u00fb sedema karesateke mirov\u00ee \u00fb zirareke mezin ji bo xelk\u00ean her\u00eam\u00ea ku heta v\u00ea gav\u00ea di aloziyeke ji\u0131yan\u00ee de mane. Li ser v\u00ea yek\u00ea mirovahiya c\u00eehan\u00ee \u00fb ya her\u00eam\u00ea ket nava hewldana el\u00eekariyeke pir mezin a mad\u00ee \u00fb manew\u00ee ji bo xelk\u00ean\u2026","rel":"","context":"\u0641\u064a &quot;Rapor&quot;","block_context":{"text":"Rapor","link":"https:\/\/hskurd.org\/?cat=206&lang=ku"},"img":{"alt_text":"","src":"https:\/\/i0.wp.com\/hskurd.org\/wp-content\/uploads\/2023\/02\/%D8%A8%D8%AF%D9%88%D9%86-%D8%A7%D8%B3%D9%85325_20230222135539.png?fit=1200%2C1200&ssl=1&resize=350%2C200","width":350,"height":200,"srcset":"https:\/\/i0.wp.com\/hskurd.org\/wp-content\/uploads\/2023\/02\/%D8%A8%D8%AF%D9%88%D9%86-%D8%A7%D8%B3%D9%85325_20230222135539.png?fit=1200%2C1200&ssl=1&resize=350%2C200 1x, https:\/\/i0.wp.com\/hskurd.org\/wp-content\/uploads\/2023\/02\/%D8%A8%D8%AF%D9%88%D9%86-%D8%A7%D8%B3%D9%85325_20230222135539.png?fit=1200%2C1200&ssl=1&resize=525%2C300 1.5x, https:\/\/i0.wp.com\/hskurd.org\/wp-content\/uploads\/2023\/02\/%D8%A8%D8%AF%D9%88%D9%86-%D8%A7%D8%B3%D9%85325_20230222135539.png?fit=1200%2C1200&ssl=1&resize=700%2C400 2x, https:\/\/i0.wp.com\/hskurd.org\/wp-content\/uploads\/2023\/02\/%D8%A8%D8%AF%D9%88%D9%86-%D8%A7%D8%B3%D9%85325_20230222135539.png?fit=1200%2C1200&ssl=1&resize=1050%2C600 3x"},"classes":[]},{"id":8752,"url":"https:\/\/hskurd.org\/?p=8752&lang=ku","url_meta":{"origin":7578,"position":2},"title":"Bi hevkar\u00ee \u00fb hezkirin\u00ea em dikarin al\u00eekariy\u00ea ji ko\u00e7ber\u00ean Lubnan\u00ea p\u00ea\u015fk\u00ea\u015f bikin","author":"neruda","date":"8 \u0623\u0643\u062a\u0648\u0628\u0631\u060c 2024","format":false,"excerpt":"Di kr\u00eez\u00ean mirovah\u00ee de, gir\u00eengiya xebat\u00ean kom\u00ee \u00fb hevgirtina civak\u00ee t\u00ea n\u00ee\u015fandan, ev yek j\u00ee Heyva Sor a Kurd di rew\u015fa daw\u00ee de di kampanyay\u00ean xwe y\u00ean mirov\u00ee de ji bo al\u00eekariya ko\u00e7ber\u00ean ji Lubnan\u00ea t\u00ean, p\u00eak t\u00eene. R\u00eaxistina Heyva Sor a Kurd di bin silogana \"Bi hevkar\u00ee \u00fb hezkirin\u00ea\u2026","rel":"","context":"\u0641\u064a &quot;Parastin&quot;","block_context":{"text":"Parastin","link":"https:\/\/hskurd.org\/?cat=840&lang=ku"},"img":{"alt_text":"","src":"https:\/\/i0.wp.com\/hskurd.org\/wp-content\/uploads\/2024\/10\/DSC_1845-scaled.jpg?fit=1200%2C800&ssl=1&resize=350%2C200","width":350,"height":200,"srcset":"https:\/\/i0.wp.com\/hskurd.org\/wp-content\/uploads\/2024\/10\/DSC_1845-scaled.jpg?fit=1200%2C800&ssl=1&resize=350%2C200 1x, https:\/\/i0.wp.com\/hskurd.org\/wp-content\/uploads\/2024\/10\/DSC_1845-scaled.jpg?fit=1200%2C800&ssl=1&resize=525%2C300 1.5x, https:\/\/i0.wp.com\/hskurd.org\/wp-content\/uploads\/2024\/10\/DSC_1845-scaled.jpg?fit=1200%2C800&ssl=1&resize=700%2C400 2x, https:\/\/i0.wp.com\/hskurd.org\/wp-content\/uploads\/2024\/10\/DSC_1845-scaled.jpg?fit=1200%2C800&ssl=1&resize=1050%2C600 3x"},"classes":[]},{"id":8757,"url":"https:\/\/hskurd.org\/?p=8757&lang=ku","url_meta":{"origin":7578,"position":3},"title":"Bi hevkar\u00ee \u00fb hezkirin\u00ea em dikarin al\u00eekariy\u00ea ji ko\u00e7ber\u00ean Lubnan\u00ea p\u00ea\u015fk\u00ea\u015f bikin","author":"neruda","date":"8 \u0623\u0643\u062a\u0648\u0628\u0631\u060c 2024","format":false,"excerpt":"Di kr\u00eez\u00ean mirovah\u00ee de, gir\u00eengiya xebat\u00ean kom\u00ee \u00fb hevgirtina civak\u00ee t\u00ea n\u00ee\u015fandan, ev yek j\u00ee Heyva Sor a Kurd di rew\u015fa daw\u00ee de di kampanyay\u00ean xwe y\u00ean mirov\u00ee de ji bo al\u00eekariya ko\u00e7ber\u00ean ji Lubnan\u00ea t\u00ean, p\u00eak t\u00eene. R\u00eaxistina Heyva Sor a Kurd di bin silogana \"Bi hevkar\u00ee \u00fb hezkirin\u00ea\u2026","rel":"","context":"\u0641\u064a &quot;Parastin&quot;","block_context":{"text":"Parastin","link":"https:\/\/hskurd.org\/?cat=840&lang=ku"},"img":{"alt_text":"","src":"https:\/\/i0.wp.com\/hskurd.org\/wp-content\/uploads\/2024\/10\/DSC_1845-scaled.jpg?fit=1200%2C800&ssl=1&resize=350%2C200","width":350,"height":200,"srcset":"https:\/\/i0.wp.com\/hskurd.org\/wp-content\/uploads\/2024\/10\/DSC_1845-scaled.jpg?fit=1200%2C800&ssl=1&resize=350%2C200 1x, https:\/\/i0.wp.com\/hskurd.org\/wp-content\/uploads\/2024\/10\/DSC_1845-scaled.jpg?fit=1200%2C800&ssl=1&resize=525%2C300 1.5x, https:\/\/i0.wp.com\/hskurd.org\/wp-content\/uploads\/2024\/10\/DSC_1845-scaled.jpg?fit=1200%2C800&ssl=1&resize=700%2C400 2x, https:\/\/i0.wp.com\/hskurd.org\/wp-content\/uploads\/2024\/10\/DSC_1845-scaled.jpg?fit=1200%2C800&ssl=1&resize=1050%2C600 3x"},"classes":[]},{"id":627,"url":"https:\/\/hskurd.org\/?p=627&lang=ku","url_meta":{"origin":7578,"position":4},"title":"Heyva sor a kurd li \u015f\u00earawel","author":"heyvasorakurd","date":"23 \u0623\u0628\u0631\u064a\u0644\u060c 2017","format":false,"excerpt":"\u015e\u00earewe her\u00eamek ji her\u00eam\u00ean y\u00ea ku heyva sor akurd ji aliy\u00ea tendirust\u00ee din\u00fbxm\u00eene , t\u00ea de hem\u00fb navend \u00fb xal\u00ean tendirust\u00ee hat avakirin weke\u00a0 Navenda Berad\u00ea ya tendirust\u00ee : ev navend di 10.8.2015'an de hatib\u00fb vekirin ,t\u00ea de s\u00ea bij\u00ee\u015fk \u00fb al\u00eekarek di roj\u00ean \u00a0( \u015eem\u00ee , D\u00fb\u015fem \u00fb p\u00eac\u015fem\u2026","rel":"","context":"\u0641\u064a &quot;b\u00ea kategoriyan&quot;","block_context":{"text":"b\u00ea kategoriyan","link":"https:\/\/hskurd.org\/?cat=85&lang=ku"},"img":{"alt_text":"","src":"https:\/\/i0.wp.com\/hskurd.org\/wp-content\/uploads\/2017\/04\/1-2.jpg?fit=800%2C480&ssl=1&resize=350%2C200","width":350,"height":200,"srcset":"https:\/\/i0.wp.com\/hskurd.org\/wp-content\/uploads\/2017\/04\/1-2.jpg?fit=800%2C480&ssl=1&resize=350%2C200 1x, https:\/\/i0.wp.com\/hskurd.org\/wp-content\/uploads\/2017\/04\/1-2.jpg?fit=800%2C480&ssl=1&resize=525%2C300 1.5x, https:\/\/i0.wp.com\/hskurd.org\/wp-content\/uploads\/2017\/04\/1-2.jpg?fit=800%2C480&ssl=1&resize=700%2C400 2x"},"classes":[]},{"id":11655,"url":"https:\/\/hskurd.org\/?p=11655&lang=ku","url_meta":{"origin":7578,"position":5},"title":"Projeya Av \u00fb J\u00eengeh\u00ea: Ber bi Perwerde \u00fb Tenduristiya saxlem ve","author":"user55","date":"9 \u0633\u0628\u062a\u0645\u0628\u0631\u060c 2025","format":false,"excerpt":"https:\/\/youtu.be\/-wl__LMHsPg?si=a3OmyZY_NOXmj07b Heyva Sor a Kurd, bi pi\u015ftgiriya \"Area Metropolitana de Barcelona (AMB)\", Projeya Av \u00fb J\u00eengeh\u00ea ji bo Civak \u00fb Navend\u00ean Perwerdehiy\u00ea di sala 2024\/2025 an de bi daw\u00ee kir. Di v\u00ea projey\u00ea de: \u2022 N\u00fbjenkirina 15 bax\u00e7ey\u00ean zarokan li Kantona Cez\u00eer\u00ea \u00fb du dibistan\u00ean li \u015eahbay\u00ea. \u2022 Xebitandina b\u00eerek\u2026","rel":"","context":"\u0641\u064a &quot;Be\u015f\u00ea WASH&quot;","block_context":{"text":"Be\u015f\u00ea WASH","link":"https:\/\/hskurd.org\/?cat=855&lang=ku"},"img":{"alt_text":"","src":"https:\/\/i0.wp.com\/hskurd.org\/wp-content\/uploads\/2025\/09\/%D9%A2%D9%A0%D9%A2%D9%A5%D9%A0%D9%A5%D9%A1%D9%A8_%D9%A0%D9%A9%D9%A5%D9%A7%D9%A4%D9%A0-scaled.jpg?fit=1200%2C675&ssl=1&resize=350%2C200","width":350,"height":200,"srcset":"https:\/\/i0.wp.com\/hskurd.org\/wp-content\/uploads\/2025\/09\/%D9%A2%D9%A0%D9%A2%D9%A5%D9%A0%D9%A5%D9%A1%D9%A8_%D9%A0%D9%A9%D9%A5%D9%A7%D9%A4%D9%A0-scaled.jpg?fit=1200%2C675&ssl=1&resize=350%2C200 1x, https:\/\/i0.wp.com\/hskurd.org\/wp-content\/uploads\/2025\/09\/%D9%A2%D9%A0%D9%A2%D9%A5%D9%A0%D9%A5%D9%A1%D9%A8_%D9%A0%D9%A9%D9%A5%D9%A7%D9%A4%D9%A0-scaled.jpg?fit=1200%2C675&ssl=1&resize=525%2C300 1.5x, https:\/\/i0.wp.com\/hskurd.org\/wp-content\/uploads\/2025\/09\/%D9%A2%D9%A0%D9%A2%D9%A5%D9%A0%D9%A5%D9%A1%D9%A8_%D9%A0%D9%A9%D9%A5%D9%A7%D9%A4%D9%A0-scaled.jpg?fit=1200%2C675&ssl=1&resize=700%2C400 2x, https:\/\/i0.wp.com\/hskurd.org\/wp-content\/uploads\/2025\/09\/%D9%A2%D9%A0%D9%A2%D9%A5%D9%A0%D9%A5%D9%A1%D9%A8_%D9%A0%D9%A9%D9%A5%D9%A7%D9%A4%D9%A0-scaled.jpg?fit=1200%2C675&ssl=1&resize=1050%2C600 3x"},"classes":[]}],"jetpack_sharing_enabled":true,"_links":{"self":[{"href":"https:\/\/hskurd.org\/index.php?rest_route=\/wp\/v2\/posts\/7578","targetHints":{"allow":["GET"]}}],"collection":[{"href":"https:\/\/hskurd.org\/index.php?rest_route=\/wp\/v2\/posts"}],"about":[{"href":"https:\/\/hskurd.org\/index.php?rest_route=\/wp\/v2\/types\/post"}],"author":[{"embeddable":true,"href":"https:\/\/hskurd.org\/index.php?rest_route=\/wp\/v2\/users\/2"}],"replies":[{"embeddable":true,"href":"https:\/\/hskurd.org\/index.php?rest_route=%2Fwp%2Fv2%2Fcomments&post=7578"}],"version-history":[{"count":2,"href":"https:\/\/hskurd.org\/index.php?rest_route=\/wp\/v2\/posts\/7578\/revisions"}],"predecessor-version":[{"id":7582,"href":"https:\/\/hskurd.org\/index.php?rest_route=\/wp\/v2\/posts\/7578\/revisions\/7582"}],"wp:featuredmedia":[{"embeddable":true,"href":"https:\/\/hskurd.org\/index.php?rest_route=\/wp\/v2\/media\/7580"}],"wp:attachment":[{"href":"https:\/\/hskurd.org\/index.php?rest_route=%2Fwp%2Fv2%2Fmedia&parent=7578"}],"wp:term":[{"taxonomy":"category","embeddable":true,"href":"https:\/\/hskurd.org\/index.php?rest_route=%2Fwp%2Fv2%2Fcategories&post=7578"},{"taxonomy":"post_tag","embeddable":true,"href":"https:\/\/hskurd.org\/index.php?rest_route=%2Fwp%2Fv2%2Ftags&post=7578"}],"curies":[{"name":"wp","href":"https:\/\/api.w.org\/{rel}","templated":true}]}}