{"id":7510,"date":"2023-08-16T13:19:32","date_gmt":"2023-08-16T10:19:32","guid":{"rendered":"https:\/\/hskurd.org\/?p=7510"},"modified":"2023-08-16T13:19:32","modified_gmt":"2023-08-16T10:19:32","slug":"isal-hijmara-nexwsen-lesmanya-ye-sifir-bu-li-til-temre-u-derdorawedi","status":"publish","type":"post","link":"https:\/\/hskurd.org\/?p=7510&lang=ku","title":{"rendered":"\u00cesal h\u0131jmara nexw\u015f\u00ean le\u015fmanya y\u00ea SIFIR b\u00fb l\u0131 T\u0131l temr\u00ea \u00fb derdoraw\u00eaDi"},"content":{"rendered":"<p>sala 2022an de li bajar\u00ea Tel Temr\u00ea \u00fb gundewar\u00ea w\u00ea gehi\u015ft\u00ee b\u00fb n\u00eaz\u00ee 20,000 halet\u00ean nexwe\u015fiya le\u015fmanya y\u00ea \u00ea, ji ber qir\u00eaj\u0131ya ava \u00e7em\u00ea Xab\u00fbr\u00ea ew j\u00ee j\u0131 ber qutk\u0131r\u0131na av\u00ea j\u0131 al\u0131y\u00ea dewlet t\u0131rk , ji bil\u00ee nezan\u00eena xelk\u00ea b\u0131 g\u0131rt\u0131na tedb\u00eer\u00ean li dij\u00ee le\u015fmaniya y\u00ea \u00fb \u00e7awan\u0131ya dermankirin w\u00ea.<br \/>\nNavenda Heyva Sor a Kurd di encama xebat\u00ean t\u00eema perwerdehiya tenduristiy\u00ea \u00fb gera xwe ya li malan ya di nava salek\u00ea de, \u00eesal b\u00fb sedem ku ev belay\u00ea hew derb\u0131keve, ji xwe Heyva Sor a Kurd di sala bor\u00ee de gelek x\u0131zmet der bar\u00ea peydak\u0131r\u0131na dermanan \u00fb \u00eelack\u0131r\u0131n p\u00ea\u015fk\u00ea\u015f kir.<br \/>\n\u00fb ji ber ku hinan ser\u00ee li derman\u00ean kevne\u015fop\u00ee \u00fb nebat\u00ee y\u00ean ku nexwe\u015f\u0131yan aloztir k\u0131r, t\u00eem\u00ean bij\u00ee\u015fk\u00ee \u015f\u00eeret dikin ku van adet\u00ean \u015fa\u015f dubare nekin, \u00fb ber\u00ea xwe b\u0131d\u0131ne navend\u00ea j\u0131b o derman \u00fb \u00eelack\u0131r\u0131n eger re\u015feke v\u00ea nexwe\u015f\u0131y\u00ea carek d\u0131n derkeve hole.<\/p>\n<p><span class=\"embed-youtube\" style=\"text-align:center; display: block;\"><iframe loading=\"lazy\" class=\"youtube-player\" width=\"1500\" height=\"844\" src=\"https:\/\/www.youtube.com\/embed\/qPRVWEuWZb4?version=3&#038;rel=1&#038;showsearch=0&#038;showinfo=1&#038;iv_load_policy=1&#038;fs=1&#038;hl=ar&#038;autohide=2&#038;wmode=transparent\" allowfullscreen=\"true\" style=\"border:0;\" sandbox=\"allow-scripts allow-same-origin allow-popups allow-presentation allow-popups-to-escape-sandbox\"><\/iframe><\/span><\/p>\n","protected":false},"excerpt":{"rendered":"<p>sala 2022an de li bajar\u00ea Tel Temr\u00ea \u00fb gundewar\u00ea w\u00ea gehi\u015ft\u00ee b\u00fb n\u00eaz\u00ee 20,000 halet\u00ean nexwe\u015fiya le\u015fmanya y\u00ea \u00ea, ji ber qir\u00eaj\u0131ya ava \u00e7em\u00ea Xab\u00fbr\u00ea ew j\u00ee j\u0131 ber qutk\u0131r\u0131na av\u00ea j\u0131 al\u0131y\u00ea dewlet t\u0131rk , ji bil\u00ee nezan\u00eena xelk\u00ea b\u0131 g\u0131rt\u0131na tedb\u00eer\u00ean li dij\u00ee le\u015fmaniya y\u00ea \u00fb \u00e7awan\u0131ya dermankirin w\u00ea. Navenda Heyva Sor a [&hellip;]<\/p>\n","protected":false},"author":2,"featured_media":7501,"comment_status":"open","ping_status":"open","sticky":false,"template":"","format":"standard","meta":{"give_campaign_id":0,"ngg_post_thumbnail":0,"jetpack_post_was_ever_published":false,"_jetpack_newsletter_access":"","_jetpack_dont_email_post_to_subs":false,"_jetpack_newsletter_tier_id":0,"_jetpack_memberships_contains_paywalled_content":false,"_jetpack_memberships_contains_paid_content":false,"footnotes":"","jetpack_publicize_message":"","jetpack_publicize_feature_enabled":true,"jetpack_social_post_already_shared":true,"jetpack_social_options":{"image_generator_settings":{"template":"highway","default_image_id":0,"font":"","enabled":false},"version":2},"_links_to":"","_links_to_target":""},"categories":[844,846],"tags":[1625],"class_list":["post-7510","post","type-post","status-publish","format-standard","has-post-thumbnail","hentry","category-perwerdehiya-tenduristi","category-tenduristi","tag-nvenda_til_temir"],"jetpack_publicize_connections":[],"jetpack_featured_media_url":"https:\/\/i0.wp.com\/hskurd.org\/wp-content\/uploads\/2023\/08\/952A9926-scaled.webp?fit=2560%2C1707&ssl=1","jetpack-related-posts":[{"id":7428,"url":"https:\/\/hskurd.org\/?p=7428&lang=ku","url_meta":{"origin":7510,"position":0},"title":"Baran\u00ea zarok ji bajar\u00ea Koban\u00ee pi\u015ft\u00ee ku navenda protez t\u0131\u015ft\u00ean w\u00ee y\u00ean ku ji ber teq\u00eena bermah\u0131yeke DAI\u015e\u00ea li pey xwe hi\u015ftib\u00fb, vegerandin ji n\u00fbve bi ken vedigere qada l\u00eestik\u00ea.","author":"heyvasorakurd","date":"1 \u0623\u063a\u0633\u0637\u0633\u060c 2023","format":false,"excerpt":"Baran\u00ea zarok b\u0131 ken\u00ea xwe vedigere qada l\u00eestik\u00ea Bermahiy\u00ean \u015fer gelek caran mexd\u00fbr\u00ean siv\u00eel l\u0131 d\u00fb xwe ve dih\u00ealin, bi piran\u00ee zarok, ku haya wan ji wan xeterey\u00ean tune ye. Yek ji qurbaniy\u00ean van may\u00eenan Baran Mazen Qar\u00ee y\u00ea 10 sal\u00ee ye. Di 18\u2019\u00ea Sibata 2023\u2019an de tev\u00ee malbata xwe\u2026","rel":"","context":"\u0641\u064a &quot;\u00c7\u00eerok&quot;","block_context":{"text":"\u00c7\u00eerok","link":"https:\/\/hskurd.org\/?cat=831&lang=ku"},"img":{"alt_text":"","src":"https:\/\/i0.wp.com\/hskurd.org\/wp-content\/uploads\/2023\/08\/952A8898-copy-scaled.webp?fit=1200%2C800&ssl=1&resize=350%2C200","width":350,"height":200,"srcset":"https:\/\/i0.wp.com\/hskurd.org\/wp-content\/uploads\/2023\/08\/952A8898-copy-scaled.webp?fit=1200%2C800&ssl=1&resize=350%2C200 1x, https:\/\/i0.wp.com\/hskurd.org\/wp-content\/uploads\/2023\/08\/952A8898-copy-scaled.webp?fit=1200%2C800&ssl=1&resize=525%2C300 1.5x, https:\/\/i0.wp.com\/hskurd.org\/wp-content\/uploads\/2023\/08\/952A8898-copy-scaled.webp?fit=1200%2C800&ssl=1&resize=700%2C400 2x, https:\/\/i0.wp.com\/hskurd.org\/wp-content\/uploads\/2023\/08\/952A8898-copy-scaled.webp?fit=1200%2C800&ssl=1&resize=1050%2C600 3x"},"classes":[]},{"id":6935,"url":"https:\/\/hskurd.org\/?p=6935&lang=ku","url_meta":{"origin":7510,"position":1},"title":"Ji bo raya gi\u015ft\u00ee ya c\u00eehan\u00ee","author":"Sozdar","date":"22 \u0641\u0628\u0631\u0627\u064a\u0631\u060c 2023","format":false,"excerpt":"Erdheja ku di 6 sibats 2023an de r\u00fbda ,b\u00fb sedema karesateke mirov\u00ee \u00fb zirareke mezin ji bo xelk\u00ean her\u00eam\u00ea ku heta v\u00ea gav\u00ea di aloziyeke ji\u0131yan\u00ee de mane. Li ser v\u00ea yek\u00ea mirovahiya c\u00eehan\u00ee \u00fb ya her\u00eam\u00ea ket nava hewldana el\u00eekariyeke pir mezin a mad\u00ee \u00fb manew\u00ee ji bo xelk\u00ean\u2026","rel":"","context":"\u0641\u064a &quot;Rapor&quot;","block_context":{"text":"Rapor","link":"https:\/\/hskurd.org\/?cat=206&lang=ku"},"img":{"alt_text":"","src":"https:\/\/i0.wp.com\/hskurd.org\/wp-content\/uploads\/2023\/02\/%D8%A8%D8%AF%D9%88%D9%86-%D8%A7%D8%B3%D9%85325_20230222135539.png?fit=1200%2C1200&ssl=1&resize=350%2C200","width":350,"height":200,"srcset":"https:\/\/i0.wp.com\/hskurd.org\/wp-content\/uploads\/2023\/02\/%D8%A8%D8%AF%D9%88%D9%86-%D8%A7%D8%B3%D9%85325_20230222135539.png?fit=1200%2C1200&ssl=1&resize=350%2C200 1x, https:\/\/i0.wp.com\/hskurd.org\/wp-content\/uploads\/2023\/02\/%D8%A8%D8%AF%D9%88%D9%86-%D8%A7%D8%B3%D9%85325_20230222135539.png?fit=1200%2C1200&ssl=1&resize=525%2C300 1.5x, https:\/\/i0.wp.com\/hskurd.org\/wp-content\/uploads\/2023\/02\/%D8%A8%D8%AF%D9%88%D9%86-%D8%A7%D8%B3%D9%85325_20230222135539.png?fit=1200%2C1200&ssl=1&resize=700%2C400 2x, https:\/\/i0.wp.com\/hskurd.org\/wp-content\/uploads\/2023\/02\/%D8%A8%D8%AF%D9%88%D9%86-%D8%A7%D8%B3%D9%85325_20230222135539.png?fit=1200%2C1200&ssl=1&resize=1050%2C600 3x"},"classes":[]},{"id":8152,"url":"https:\/\/hskurd.org\/?p=8152&lang=ku","url_meta":{"origin":7510,"position":2},"title":"W\u00eesam \u00e7areke din zaroktiya xwe di nav heval\u00ean xwe de dij\u00ee","author":"neruda","date":"22 \u0641\u0628\u0631\u0627\u064a\u0631\u060c 2024","format":false,"excerpt":"\u00a0 \u00ca\u015fa \u00a0W\u00eesam \u00fb malbata w\u00ee dest p\u00ea kir dema kur\u00ea bi\u00e7\u00fbk ling\u00ea xwe y\u00ea rast\u00ea winda kir ji ber l\u00eestina bi bermahiy\u00ean \u015fer li gund\u00ea w\u00ee y\u00ea gir\u00eaday\u00ee bajarok\u00ea Hol\u00ea di sala 2015an ku \u00ead\u00ee nikarib\u00fb jiyana xwe bi awayek\u00ee asay\u00ee berdewam bike, heta ku bi bav\u00ea xwe re\u2026","rel":"","context":"\u0641\u064a &quot;\u00c7\u00eerok&quot;","block_context":{"text":"\u00c7\u00eerok","link":"https:\/\/hskurd.org\/?cat=831&lang=ku"},"img":{"alt_text":"","src":"https:\/\/i0.wp.com\/hskurd.org\/wp-content\/uploads\/2024\/02\/952A9702-copy-scaled.jpg?fit=1200%2C800&ssl=1&resize=350%2C200","width":350,"height":200,"srcset":"https:\/\/i0.wp.com\/hskurd.org\/wp-content\/uploads\/2024\/02\/952A9702-copy-scaled.jpg?fit=1200%2C800&ssl=1&resize=350%2C200 1x, https:\/\/i0.wp.com\/hskurd.org\/wp-content\/uploads\/2024\/02\/952A9702-copy-scaled.jpg?fit=1200%2C800&ssl=1&resize=525%2C300 1.5x, https:\/\/i0.wp.com\/hskurd.org\/wp-content\/uploads\/2024\/02\/952A9702-copy-scaled.jpg?fit=1200%2C800&ssl=1&resize=700%2C400 2x, https:\/\/i0.wp.com\/hskurd.org\/wp-content\/uploads\/2024\/02\/952A9702-copy-scaled.jpg?fit=1200%2C800&ssl=1&resize=1050%2C600 3x"},"classes":[]},{"id":8062,"url":"https:\/\/hskurd.org\/?p=8062&lang=ku","url_meta":{"origin":7510,"position":3},"title":"Panorama xebata Heyva Sor a Kurd di sala 2023an de","author":"neruda","date":"22 \u064a\u0646\u0627\u064a\u0631\u060c 2024","format":false,"excerpt":"D\u0131 sala bor\u00ee de ku her\u00eam d\u0131 nav \u015fert \u00fb merc\u00ean dijwar de derbas b\u00fb, Heyva Sor a Kurd bi hem\u00fb h\u00eaz \u00fb \u00eemkan\u00ean xwe ve bi dilsoz\u00ee xizmet\u00ean xwe b\u00ea\u015fk\u00ea\u015f\u00ee civak\u00ea d\u0131k\u0131r. Heyva Sor a Kurd di sala 2023\u2019an de gelek xizmet\u00ean mirov\u00ee \u00fb tenduristiy\u00ea p\u00ea\u015fk\u00ea\u015f\u00ee (1,215,216) j\u0131 mirov\u00ean\u2026","rel":"","context":"\u0641\u064a &quot;Awarte&quot;","block_context":{"text":"Awarte","link":"https:\/\/hskurd.org\/?cat=848&lang=ku"},"img":{"alt_text":"","src":"https:\/\/i0.wp.com\/hskurd.org\/wp-content\/uploads\/2024\/01\/340906367_5853929001403135_3164753987753713282_n.jpg?fit=1200%2C800&ssl=1&resize=350%2C200","width":350,"height":200,"srcset":"https:\/\/i0.wp.com\/hskurd.org\/wp-content\/uploads\/2024\/01\/340906367_5853929001403135_3164753987753713282_n.jpg?fit=1200%2C800&ssl=1&resize=350%2C200 1x, https:\/\/i0.wp.com\/hskurd.org\/wp-content\/uploads\/2024\/01\/340906367_5853929001403135_3164753987753713282_n.jpg?fit=1200%2C800&ssl=1&resize=525%2C300 1.5x, https:\/\/i0.wp.com\/hskurd.org\/wp-content\/uploads\/2024\/01\/340906367_5853929001403135_3164753987753713282_n.jpg?fit=1200%2C800&ssl=1&resize=700%2C400 2x, https:\/\/i0.wp.com\/hskurd.org\/wp-content\/uploads\/2024\/01\/340906367_5853929001403135_3164753987753713282_n.jpg?fit=1200%2C800&ssl=1&resize=1050%2C600 3x"},"classes":[]},{"id":7532,"url":"https:\/\/hskurd.org\/?p=7532&lang=ku","url_meta":{"origin":7510,"position":4},"title":"li ser gir\u00eengiya \u015f\u00eerdana xwezay\u00ee perwerde berdewam e","author":"heyvasorakurd","date":"29 \u0623\u063a\u0633\u0637\u0633\u060c 2023","format":false,"excerpt":"\u015e\u00eerkirin yek ji ba\u015ftir\u00een veberh\u00eanan\u00ean jiyan\u00ea ye. Bi taybet\u00ee p\u00ea\u015fxistina tendurist\u00ee, civak\u00ee \u00fb abor\u00ee. Di \u00e7ar\u00e7oveya \u00e7alakiy\u00ean Hefteya \u015e\u00eerk\u0131r\u0131na xwezey\u00ee de di meha Tebax\u00ea de, t\u00eem\u00ean perwerdeya tenduristiy\u00ea li nuqtey\u00ean Heyva Sor a Kurd \u00ean li kamp\u00ean Bakur \u00fb Rojhilat\u00ea S\u00fbriy\u00ea li ser day\u00eena agah\u00ee \u00fb \u015f\u00eeretan p\u00ea\u015fk\u00ea\u015f\u00ee dayikan d\u0131k\u0131n\u2026","rel":"","context":"\u0641\u064a &quot;Perwerdehiya tendurist\u00ee&quot;","block_context":{"text":"Perwerdehiya tendurist\u00ee","link":"https:\/\/hskurd.org\/?cat=844&lang=ku"},"img":{"alt_text":"","src":"https:\/\/i0.wp.com\/hskurd.org\/wp-content\/uploads\/2023\/08\/369646238_610683281226975_7929031299978735792_n.webp?fit=1200%2C800&ssl=1&resize=350%2C200","width":350,"height":200,"srcset":"https:\/\/i0.wp.com\/hskurd.org\/wp-content\/uploads\/2023\/08\/369646238_610683281226975_7929031299978735792_n.webp?fit=1200%2C800&ssl=1&resize=350%2C200 1x, https:\/\/i0.wp.com\/hskurd.org\/wp-content\/uploads\/2023\/08\/369646238_610683281226975_7929031299978735792_n.webp?fit=1200%2C800&ssl=1&resize=525%2C300 1.5x, https:\/\/i0.wp.com\/hskurd.org\/wp-content\/uploads\/2023\/08\/369646238_610683281226975_7929031299978735792_n.webp?fit=1200%2C800&ssl=1&resize=700%2C400 2x, https:\/\/i0.wp.com\/hskurd.org\/wp-content\/uploads\/2023\/08\/369646238_610683281226975_7929031299978735792_n.webp?fit=1200%2C800&ssl=1&resize=1050%2C600 3x"},"classes":[]},{"id":503,"url":"https:\/\/hskurd.org\/?p=503&lang=ku","url_meta":{"origin":7510,"position":5},"title":"Navenda \u015e\u00eax Meqs\u00fbd","author":"heyvasorakurd","date":"11 \u0641\u0628\u0631\u0627\u064a\u0631\u060c 2017","format":false,"excerpt":"Di aloziya suriy\u00ea de ya ku ziran\u00ean xwezay\u00ee ,mirovah\u00ee , \u00fb k\u00eamb\u00fbna derfet\u00ean jiyan\u00ea ya rojane \u00fb zehmetiya hey\u00eena wan di tax \u00fb her\u00eaman de ,para her\u00ee mezin ji van aloziyan di taxa \u015e\u00eax Meqs\u00fbd de p\u00eakhat , ji ber w\u00ea ,r\u00eaxistina Heyva Sor A Kurd navendeke tendirust\u00ee di dibistana\u2026","rel":"","context":"\u0641\u064a &quot;b\u00ea kategoriyan&quot;","block_context":{"text":"b\u00ea kategoriyan","link":"https:\/\/hskurd.org\/?cat=85&lang=ku"},"img":{"alt_text":"","src":"https:\/\/i0.wp.com\/hskurd.org\/wp-content\/uploads\/2017\/02\/9-1.jpg?fit=817%2C613&ssl=1&resize=350%2C200","width":350,"height":200,"srcset":"https:\/\/i0.wp.com\/hskurd.org\/wp-content\/uploads\/2017\/02\/9-1.jpg?fit=817%2C613&ssl=1&resize=350%2C200 1x, https:\/\/i0.wp.com\/hskurd.org\/wp-content\/uploads\/2017\/02\/9-1.jpg?fit=817%2C613&ssl=1&resize=525%2C300 1.5x, https:\/\/i0.wp.com\/hskurd.org\/wp-content\/uploads\/2017\/02\/9-1.jpg?fit=817%2C613&ssl=1&resize=700%2C400 2x"},"classes":[]}],"jetpack_sharing_enabled":true,"_links":{"self":[{"href":"https:\/\/hskurd.org\/index.php?rest_route=\/wp\/v2\/posts\/7510","targetHints":{"allow":["GET"]}}],"collection":[{"href":"https:\/\/hskurd.org\/index.php?rest_route=\/wp\/v2\/posts"}],"about":[{"href":"https:\/\/hskurd.org\/index.php?rest_route=\/wp\/v2\/types\/post"}],"author":[{"embeddable":true,"href":"https:\/\/hskurd.org\/index.php?rest_route=\/wp\/v2\/users\/2"}],"replies":[{"embeddable":true,"href":"https:\/\/hskurd.org\/index.php?rest_route=%2Fwp%2Fv2%2Fcomments&post=7510"}],"version-history":[{"count":2,"href":"https:\/\/hskurd.org\/index.php?rest_route=\/wp\/v2\/posts\/7510\/revisions"}],"predecessor-version":[{"id":7512,"href":"https:\/\/hskurd.org\/index.php?rest_route=\/wp\/v2\/posts\/7510\/revisions\/7512"}],"wp:featuredmedia":[{"embeddable":true,"href":"https:\/\/hskurd.org\/index.php?rest_route=\/wp\/v2\/media\/7501"}],"wp:attachment":[{"href":"https:\/\/hskurd.org\/index.php?rest_route=%2Fwp%2Fv2%2Fmedia&parent=7510"}],"wp:term":[{"taxonomy":"category","embeddable":true,"href":"https:\/\/hskurd.org\/index.php?rest_route=%2Fwp%2Fv2%2Fcategories&post=7510"},{"taxonomy":"post_tag","embeddable":true,"href":"https:\/\/hskurd.org\/index.php?rest_route=%2Fwp%2Fv2%2Ftags&post=7510"}],"curies":[{"name":"wp","href":"https:\/\/api.w.org\/{rel}","templated":true}]}}