{"id":7496,"date":"2023-08-10T09:45:35","date_gmt":"2023-08-10T06:45:35","guid":{"rendered":"https:\/\/hskurd.org\/?p=7496"},"modified":"2023-08-10T09:45:35","modified_gmt":"2023-08-10T06:45:35","slug":"bi-pistgiriya-medico-international-swisre-heyva-sor-a-kurd-bi-reya-kliniken-gerok-peskeskirina-xizmeten-bijiski-ji-xelke-gunden-duri-gundeware-tebqaye-re-berdewam-dike","status":"publish","type":"post","link":"https:\/\/hskurd.org\/?p=7496&lang=ku","title":{"rendered":"Bi pi\u015ftgiriya Medico International Sw\u00eesre, Heyva Sor a Kurd bi r\u00eaya kl\u00een\u00eek\u00ean gerok p\u00ea\u015fk\u00ea\u015fkirina xizmet\u00ean bij\u00ee\u015fk\u00ee ji xelk\u00ea gund\u00ean d\u00fbr\u00ee gundewar\u00ea Tebqay\u00ea re berdewam dike"},"content":{"rendered":"<p>Xizmet\u00ean Heyva Sor a Kurd li her\u00eam\u00ean d\u00fbr \u00ean Tebqay\u00ea dewam dikin<br \/>\nGih\u00ee\u015ftina dever\u00ean d\u00fbr \u00fb gundewar\u00ee, bi taybet\u00ee y\u00ean ku rast\u00ee gelek qeyranan hatine, di nav de neb\u00fbna xizmetguzariy\u00ean piz\u00ee\u015fk\u00ee ji ber d\u00fbrb\u00fbna wan ji navend\u00ean bajaran, yek ji mezintir\u00een kelem\u00ean ku rast\u00ee p\u00ea\u015fk\u00ea\u015fk\u0131r\u0131na l\u00eaner\u00eena tenduristiy\u00ea ye.<br \/>\nEv e ya ku Heyva Sor a Kurd ji sala 2016an ve hi\u015ft ku xizmetguzariyan p\u00ea\u015fk\u00ea\u015f\u00ee van deveran bike ku di nav l\u00eesteya p\u00ea\u015fan\u00ee \u00fb armancan w\u00ea de b\u00fb, ku bi sedan gund\u00ean d\u00fbr hatine armanckirin \u00fb xizmetguzariy\u00ean l\u00ean\u00ear\u00eena tenduristiy\u00ea y\u00ean seretay\u00ee p\u00ea\u015fk\u00ea\u015f\u00ee wan t\u00ea kirin, \u00fb y\u00ean ji bo jin \u00fb zarokan bi r\u00eaya gelek kl\u00een\u00eek\u00ean gerok ku p\u00ea re b\u00fbn. ji aliy\u00ea amb\u00fblans \u00fb t\u00eem\u00ean piz\u00ee\u015fk\u00ee ve ev yek bi r\u00eaya bernamey\u00ean sab\u00eet p\u00eak t\u00ea, \u00fb yek ji wan dever\u00ean armanckir\u00ee gundewar\u00ea Tebqay\u00ea b\u00fb, ku t\u00eema kl\u00een\u00eeka gerok &#8211; ku niha ji aliy\u00ea Medico International Sw\u00eesra ve t\u00ea pi\u015ftgir\u00eekirin &#8211; serdana \u00e7end gundan dike, ku hinek ji wan n\u00eaz\u00eek\u00ee 65 km d\u00fbr\u00ee navenda baj\u00ear e, j\u0131 xwe ev xebat berdewame d\u0131 demek\u00ea de ku xelk\u00ean wan Her\u00eaman pey tu x\u0131zmet\u00ean p\u0131z\u00ee\u015fk\u00ee b\u00fbn.<\/p>\n<p><span class=\"embed-youtube\" style=\"text-align:center; display: block;\"><iframe loading=\"lazy\" class=\"youtube-player\" width=\"1500\" height=\"844\" src=\"https:\/\/www.youtube.com\/embed\/8j2Zn7KyWPY?version=3&#038;rel=1&#038;showsearch=0&#038;showinfo=1&#038;iv_load_policy=1&#038;fs=1&#038;hl=ar&#038;autohide=2&#038;wmode=transparent\" allowfullscreen=\"true\" style=\"border:0;\" sandbox=\"allow-scripts allow-same-origin allow-popups allow-presentation allow-popups-to-escape-sandbox\"><\/iframe><\/span><\/p>\n","protected":false},"excerpt":{"rendered":"<p>Xizmet\u00ean Heyva Sor a Kurd li her\u00eam\u00ean d\u00fbr \u00ean Tebqay\u00ea dewam dikin Gih\u00ee\u015ftina dever\u00ean d\u00fbr \u00fb gundewar\u00ee, bi taybet\u00ee y\u00ean ku rast\u00ee gelek qeyranan hatine, di nav de neb\u00fbna xizmetguzariy\u00ean piz\u00ee\u015fk\u00ee ji ber d\u00fbrb\u00fbna wan ji navend\u00ean bajaran, yek ji mezintir\u00een kelem\u00ean ku rast\u00ee p\u00ea\u015fk\u00ea\u015fk\u0131r\u0131na l\u00eaner\u00eena tenduristiy\u00ea ye. Ev e ya ku Heyva Sor a [&hellip;]<\/p>\n","protected":false},"author":2,"featured_media":7490,"comment_status":"open","ping_status":"open","sticky":false,"template":"","format":"standard","meta":{"give_campaign_id":0,"ngg_post_thumbnail":0,"jetpack_post_was_ever_published":false,"_jetpack_newsletter_access":"","_jetpack_dont_email_post_to_subs":false,"_jetpack_newsletter_tier_id":0,"_jetpack_memberships_contains_paywalled_content":false,"_jetpack_memberships_contains_paid_content":false,"footnotes":"","jetpack_publicize_message":"","jetpack_publicize_feature_enabled":true,"jetpack_social_post_already_shared":true,"jetpack_social_options":{"image_generator_settings":{"template":"highway","default_image_id":0,"font":"","enabled":false},"version":2},"_links_to":"","_links_to_target":""},"categories":[846],"tags":[1620],"class_list":["post-7496","post","type-post","status-publish","format-standard","has-post-thumbnail","hentry","category-tenduristi","tag-klinika_jinan_a_gerok"],"jetpack_publicize_connections":[],"jetpack_featured_media_url":"https:\/\/i0.wp.com\/hskurd.org\/wp-content\/uploads\/2023\/08\/DSC_0134-copy-scaled.webp?fit=2560%2C1707&ssl=1","jetpack-related-posts":[{"id":12678,"url":"https:\/\/hskurd.org\/?p=12678&lang=ku","url_meta":{"origin":7496,"position":0},"title":"Heyva Sor a Kurd kampanyaya kl\u00een\u00eek\u00ean gerok li gund\u00ean D\u00earik, Qami\u015flo, Am\u00fbd\u00ea \u00fb girk\u00ea leg\u00ea dest p\u00ea kir","author":"user55","date":"20 \u0623\u0628\u0631\u064a\u0644\u060c 2026","format":false,"excerpt":"https:\/\/youtube.com\/shorts\/GJHWMIQPmP8?si=DVwR4l8mBb12ZTBn Di \u00e7ar\u00e7oveya hewldan\u00ean me y\u00ean berdewam de ji bo gih\u00ee\u015ftina gel\u00ea me y\u00ean gundewaran, Heyva Sor a Kurd dest bi kampanya kl\u00een\u00eek\u00ean gerok li gund\u00ean D\u00earik, Qami\u015flo, Am\u00fbd\u00ea \u00fb Girk\u00ea Leg\u00ea kir. Ev kl\u00een\u00eek xizmet\u00ean tenduristiy\u00ea y\u00ean cuda p\u00ea\u015fk\u00ea\u015f dikin, di nav de l\u00eaner\u00een, derman\u00ean ji bo nexwe\u015fiy\u00ean gi\u015ft\u00ee\u2026","rel":"","context":"\u0641\u064a &quot;Al\u00eekar\u00ee&quot;","block_context":{"text":"Al\u00eekar\u00ee","link":"https:\/\/hskurd.org\/?cat=2169&lang=ku"},"img":{"alt_text":"","src":"https:\/\/i0.wp.com\/img.youtube.com\/vi\/\/0.jpg?resize=350%2C200","width":350,"height":200},"classes":[]},{"id":8493,"url":"https:\/\/hskurd.org\/?p=8493&lang=ku","url_meta":{"origin":7496,"position":1},"title":"Navenda Tendurist\u00ee  li bajarok\u00ea \u015eedad\u00ea","author":"neruda","date":"25 \u064a\u0648\u0644\u064a\u0648\u060c 2024","format":false,"excerpt":"\u00a0 Saziy\u00ean bij\u00eejk\u00ee di peydakirina l\u00eanih\u00ear\u00eena tendurist\u00ee ji civakan re rolek gir\u00eeng dil\u00eezin. Bi taybet\u00ee li her\u00eam\u00ean ku xizmet\u00ean bingeh\u00een li wan peyda nabin. Di v\u00ee war\u00ee de, R\u00eaxistina Heyva Sor a Kurd erkek\u00ee xurt n\u00ee\u015fan dide ji bo p\u00ea\u015fk\u00ea\u015fkirina xizmet\u00ean piz\u00ee\u015fk\u00ee \u00fb tenduristiy\u00ea ji ni\u015fteciy\u00ean Bakur \u00fb Rojhilat\u00ea S\u00fbriy\u00ea\u2026","rel":"","context":"\u0641\u064a &quot;Awarte&quot;","block_context":{"text":"Awarte","link":"https:\/\/hskurd.org\/?cat=848&lang=ku"},"img":{"alt_text":"","src":"https:\/\/i0.wp.com\/hskurd.org\/wp-content\/uploads\/2024\/07\/%D8%B4%D8%AF%D8%A7%D8%AF%D8%A9-%D8%A8.png?fit=1028%2C804&ssl=1&resize=350%2C200","width":350,"height":200,"srcset":"https:\/\/i0.wp.com\/hskurd.org\/wp-content\/uploads\/2024\/07\/%D8%B4%D8%AF%D8%A7%D8%AF%D8%A9-%D8%A8.png?fit=1028%2C804&ssl=1&resize=350%2C200 1x, https:\/\/i0.wp.com\/hskurd.org\/wp-content\/uploads\/2024\/07\/%D8%B4%D8%AF%D8%A7%D8%AF%D8%A9-%D8%A8.png?fit=1028%2C804&ssl=1&resize=525%2C300 1.5x, https:\/\/i0.wp.com\/hskurd.org\/wp-content\/uploads\/2024\/07\/%D8%B4%D8%AF%D8%A7%D8%AF%D8%A9-%D8%A8.png?fit=1028%2C804&ssl=1&resize=700%2C400 2x"},"classes":[]},{"id":5835,"url":"https:\/\/hskurd.org\/?p=5835&lang=ku","url_meta":{"origin":7496,"position":2},"title":"Navenda Minbic\u00ea m\u00eenakeke zind\u00ee ye di l\u00eaner\u00eena tenduristiy\u00ea ya seretay\u00ee de","author":"Sozdar","date":"29 \u062f\u064a\u0633\u0645\u0628\u0631\u060c 2021","format":false,"excerpt":"\u00a0 Xizmet\u00ean l\u00eaner\u00eena tendurist\u00ee ya seretay\u00ee li gor hewcedariy\u00ean kes, malbat \u00fb civakan ji bo \u00e7areserkirin \u00fb refahiya tendurist\u00ee di mil\u00ea la\u015f\u00ee, der\u00fbn\u00ee \u00fb civak\u00ee y\u00ean berfireh bi hev ve gir\u00eaday\u00ee ye, ku l\u00eaner\u00eena kesan bi gi\u015ft\u00ee \u00fb bi hem\u00fb hewcedariy\u00ean tenduristiy\u00ea di hem\u00fb jiyan\u00ea de, ne bi komek nexwe\u015fiy\u00ean\u2026","rel":"","context":"\u0641\u064a &quot;Ge\u015fep\u00eadan&quot;","block_context":{"text":"Ge\u015fep\u00eadan","link":"https:\/\/hskurd.org\/?cat=862&lang=ku"},"img":{"alt_text":"","src":"https:\/\/i0.wp.com\/hskurd.org\/wp-content\/uploads\/2021\/12\/952A1641-copy-2-scaled.jpg?fit=1200%2C800&ssl=1&resize=350%2C200","width":350,"height":200,"srcset":"https:\/\/i0.wp.com\/hskurd.org\/wp-content\/uploads\/2021\/12\/952A1641-copy-2-scaled.jpg?fit=1200%2C800&ssl=1&resize=350%2C200 1x, https:\/\/i0.wp.com\/hskurd.org\/wp-content\/uploads\/2021\/12\/952A1641-copy-2-scaled.jpg?fit=1200%2C800&ssl=1&resize=525%2C300 1.5x, https:\/\/i0.wp.com\/hskurd.org\/wp-content\/uploads\/2021\/12\/952A1641-copy-2-scaled.jpg?fit=1200%2C800&ssl=1&resize=700%2C400 2x, https:\/\/i0.wp.com\/hskurd.org\/wp-content\/uploads\/2021\/12\/952A1641-copy-2-scaled.jpg?fit=1200%2C800&ssl=1&resize=1050%2C600 3x"},"classes":[]},{"id":8430,"url":"https:\/\/hskurd.org\/?p=8430&lang=ku","url_meta":{"origin":7496,"position":3},"title":"Xizmet\u00ean Navenda L\u00eanih\u00ear\u00eena Tenduristiya Seretay\u00ee ya Cirniy\u00ea","author":"neruda","date":"9 \u064a\u0648\u0646\u064a\u0648\u060c 2024","format":false,"excerpt":"https:\/\/www.youtube.com\/watch?v=0HUD6aaFaAU&t=2s Navenda Heyva Sor a Kurd ku xizmeta \u015f\u00eaniy\u00ean nav\u00e7eya El-Cerniye \u00fb 69 gund\u00ean derdora w\u00ea dike, yek ji aliy\u00ean ku xizmet\u00ean tenduristiy\u00ea y\u00ean seretay\u00ee y\u00ean ba\u015f p\u00ea\u015fk\u00ea\u015f dike, hejmara \u015f\u00eaniy\u00ean ku ji van xizmetguzariyan s\u00fbd werdigirin. N\u00eaz\u00eek\u00ee 43 hezar kes\u00ee ne, \u00fb rojane n\u00eaz\u00eek\u00ee 200 nexwe\u015f li be\u015f\u00ean cuda\u2026","rel":"","context":"\u0641\u064a &quot;Awarte&quot;","block_context":{"text":"Awarte","link":"https:\/\/hskurd.org\/?cat=848&lang=ku"},"img":{"alt_text":"","src":"https:\/\/i0.wp.com\/hskurd.org\/wp-content\/uploads\/2024\/06\/f-1.png?fit=773%2C432&ssl=1&resize=350%2C200","width":350,"height":200,"srcset":"https:\/\/i0.wp.com\/hskurd.org\/wp-content\/uploads\/2024\/06\/f-1.png?fit=773%2C432&ssl=1&resize=350%2C200 1x, https:\/\/i0.wp.com\/hskurd.org\/wp-content\/uploads\/2024\/06\/f-1.png?fit=773%2C432&ssl=1&resize=525%2C300 1.5x, https:\/\/i0.wp.com\/hskurd.org\/wp-content\/uploads\/2024\/06\/f-1.png?fit=773%2C432&ssl=1&resize=700%2C400 2x"},"classes":[]},{"id":8378,"url":"https:\/\/hskurd.org\/?p=8378&lang=ku","url_meta":{"origin":7496,"position":4},"title":"Heyva Sor a Kurd xizmet\u00ean xwe p\u00ea\u015fk\u00ea\u015f\u00ee her\u00eam\u00ean her\u00ee d\u00fbr j\u00ee dike","author":"neruda","date":"16 \u0645\u0627\u064a\u0648\u060c 2024","format":false,"excerpt":"Ji ber ku peydakirina xizmet \u00fb l\u00eanih\u00ear\u00eena tendurist\u00ee \u00fb piz\u00ee\u015fk\u00ee ya berdest e xaleke serekeye, taybet li dever\u00ean her\u00ee d\u00fbr j\u00ee, kl\u00een\u00eek\u00ean Navenda Heyva Sor a Kurd (hundir\u00een - jin \u2013 zarok- rew\u015f\u00ean awerte) li kampa Eb\u00fb Xe\u015feb ku li gundewar\u00ea bakur\u00ea rojavay\u00ea D\u00earezor\u00ea dikeve ,xizmet\u00ean xwe p\u00ea\u015fk\u00ea\u015f dikin. ji\u2026","rel":"","context":"\u0641\u064a &quot;Awarte&quot;","block_context":{"text":"Awarte","link":"https:\/\/hskurd.org\/?cat=848&lang=ku"},"img":{"alt_text":"","src":"https:\/\/i0.wp.com\/hskurd.org\/wp-content\/uploads\/2024\/05\/442437327_749794957315806_1622463212780214570_n.jpg?fit=1200%2C800&ssl=1&resize=350%2C200","width":350,"height":200,"srcset":"https:\/\/i0.wp.com\/hskurd.org\/wp-content\/uploads\/2024\/05\/442437327_749794957315806_1622463212780214570_n.jpg?fit=1200%2C800&ssl=1&resize=350%2C200 1x, https:\/\/i0.wp.com\/hskurd.org\/wp-content\/uploads\/2024\/05\/442437327_749794957315806_1622463212780214570_n.jpg?fit=1200%2C800&ssl=1&resize=525%2C300 1.5x, https:\/\/i0.wp.com\/hskurd.org\/wp-content\/uploads\/2024\/05\/442437327_749794957315806_1622463212780214570_n.jpg?fit=1200%2C800&ssl=1&resize=700%2C400 2x, https:\/\/i0.wp.com\/hskurd.org\/wp-content\/uploads\/2024\/05\/442437327_749794957315806_1622463212780214570_n.jpg?fit=1200%2C800&ssl=1&resize=1050%2C600 3x"},"classes":[]},{"id":12062,"url":"https:\/\/hskurd.org\/?p=12062&lang=ku","url_meta":{"origin":7496,"position":5},"title":"Heyva Sor a Kurd bi r\u00eaya kl\u00een\u00eek\u00ean gerok xizmet\u00ean xwe y\u00ean bij\u00ee\u015fk\u00ee berdewam dike.","author":"user55","date":"3 \u0645\u0627\u0631\u0633\u060c 2026","format":false,"excerpt":"T\u00eema Hesek\u00ea ya Heyva Sor a Kurd bi r\u00eaya kl\u00een\u00eek\u00ean xwe y\u00ean gerok xizmet\u00ean bij\u00ee\u015fk\u00ee \u00fb mirov\u00ee ji bo xelk\u00ea me y\u00ean ko\u00e7ber peyda dikin. Kl\u00een\u00eeka Jinan Kl\u00een\u00eeka Gi\u015ft\u00ee (Tenduristiya Hundir\u00een\/Ped\u00eeatr\u00ee) R\u00fbni\u015ftin\u00ean Pi\u015ftgiriya Der\u00fbn\u00ee.","rel":"","context":"\u0641\u064a &quot;Al\u00eekar\u00ee&quot;","block_context":{"text":"Al\u00eekar\u00ee","link":"https:\/\/hskurd.org\/?cat=2169&lang=ku"},"img":{"alt_text":"","src":"https:\/\/i0.wp.com\/hskurd.org\/wp-content\/uploads\/2026\/03\/632711591_1201491615479469_3317696494194008597_n.jpg?fit=900%2C1200&ssl=1&resize=350%2C200","width":350,"height":200,"srcset":"https:\/\/i0.wp.com\/hskurd.org\/wp-content\/uploads\/2026\/03\/632711591_1201491615479469_3317696494194008597_n.jpg?fit=900%2C1200&ssl=1&resize=350%2C200 1x, https:\/\/i0.wp.com\/hskurd.org\/wp-content\/uploads\/2026\/03\/632711591_1201491615479469_3317696494194008597_n.jpg?fit=900%2C1200&ssl=1&resize=525%2C300 1.5x, https:\/\/i0.wp.com\/hskurd.org\/wp-content\/uploads\/2026\/03\/632711591_1201491615479469_3317696494194008597_n.jpg?fit=900%2C1200&ssl=1&resize=700%2C400 2x"},"classes":[]}],"jetpack_sharing_enabled":true,"_links":{"self":[{"href":"https:\/\/hskurd.org\/index.php?rest_route=\/wp\/v2\/posts\/7496","targetHints":{"allow":["GET"]}}],"collection":[{"href":"https:\/\/hskurd.org\/index.php?rest_route=\/wp\/v2\/posts"}],"about":[{"href":"https:\/\/hskurd.org\/index.php?rest_route=\/wp\/v2\/types\/post"}],"author":[{"embeddable":true,"href":"https:\/\/hskurd.org\/index.php?rest_route=\/wp\/v2\/users\/2"}],"replies":[{"embeddable":true,"href":"https:\/\/hskurd.org\/index.php?rest_route=%2Fwp%2Fv2%2Fcomments&post=7496"}],"version-history":[{"count":2,"href":"https:\/\/hskurd.org\/index.php?rest_route=\/wp\/v2\/posts\/7496\/revisions"}],"predecessor-version":[{"id":7498,"href":"https:\/\/hskurd.org\/index.php?rest_route=\/wp\/v2\/posts\/7496\/revisions\/7498"}],"wp:featuredmedia":[{"embeddable":true,"href":"https:\/\/hskurd.org\/index.php?rest_route=\/wp\/v2\/media\/7490"}],"wp:attachment":[{"href":"https:\/\/hskurd.org\/index.php?rest_route=%2Fwp%2Fv2%2Fmedia&parent=7496"}],"wp:term":[{"taxonomy":"category","embeddable":true,"href":"https:\/\/hskurd.org\/index.php?rest_route=%2Fwp%2Fv2%2Fcategories&post=7496"},{"taxonomy":"post_tag","embeddable":true,"href":"https:\/\/hskurd.org\/index.php?rest_route=%2Fwp%2Fv2%2Ftags&post=7496"}],"curies":[{"name":"wp","href":"https:\/\/api.w.org\/{rel}","templated":true}]}}