{"id":7428,"date":"2023-08-01T12:01:53","date_gmt":"2023-08-01T09:01:53","guid":{"rendered":"https:\/\/hskurd.org\/?p=7428"},"modified":"2023-08-03T14:11:37","modified_gmt":"2023-08-03T11:11:37","slug":"barane-zarok-ji-bajare-kobani-pisti-ku-navenda-protez-tisten-wi-yen-ku-ji-ber-teqina-bermahiyeke-daise-li-pey-xwe-histibu-vegerandin-ji-nuve-bi-ken-vedigere-qada-listike","status":"publish","type":"post","link":"https:\/\/hskurd.org\/?p=7428&lang=ku","title":{"rendered":"Baran\u00ea zarok ji bajar\u00ea Koban\u00ee pi\u015ft\u00ee ku navenda protez t\u0131\u015ft\u00ean w\u00ee y\u00ean ku ji ber teq\u00eena bermah\u0131yeke DAI\u015e\u00ea li pey xwe hi\u015ftib\u00fb, vegerandin ji n\u00fbve bi ken vedigere qada l\u00eestik\u00ea."},"content":{"rendered":"<div dir=\"auto\">Baran\u00ea zarok b\u0131 ken\u00ea xwe vedigere qada l\u00eestik\u00ea<\/div>\n<div dir=\"auto\">Bermahiy\u00ean \u015fer gelek caran mexd\u00fbr\u00ean siv\u00eel l\u0131 d\u00fb xwe ve dih\u00ealin, bi piran\u00ee zarok, ku haya wan ji wan xeterey\u00ean tune ye.<\/div>\n<div dir=\"auto\">Yek ji qurbaniy\u00ean van may\u00eenan Baran Mazen Qar\u00ee y\u00ea 10 sal\u00ee ye.<\/div>\n<div dir=\"auto\">Di 18\u2019\u00ea Sibata 2023\u2019an de tev\u00ee malbata xwe ji bajar\u00ea Koban\u00ee ber bi gund\u00ea xwe \u201cYaraman\u201d ve ko\u00e7ber b\u00fb, ji bo ku xwe ji encam\u00ean erdheja ku li her\u00eam\u00ea qewim\u00ee b\u00fb d\u00fbr b\u0131kev\u0131n.<\/div>\n<div dir=\"auto\">L\u00ea Baran nizanib\u00fb ku qedereke din li benda w\u00ee ye, dema ku bi heval\u00ean xwe re dil\u00eest, bombeya go\u015fey\u00ee ya ku DAI\u015e&#8217;\u00ea li pey xwe hi\u015ftib\u00fb li derdora gund d\u00eetin. Dema d\u0131teqe l\u0131ng \u00fb dest\u00ea xwe y\u00ea \u00e7ep\u00ea wendad\u0131ke ji bil\u00ee bir\u00een\u00ean ku w\u00ee gihandin ber mirin\u00ea.<\/div>\n<div dir=\"auto\">Bi ba\u015fb\u00fbna Baran, \u00fb p\u00eada\u00e7\u00fbna navenda protez a Heyva Sor a Kurd li bajar\u00ea Qami\u015flo, \u00fb bi dir\u00eajahiya \u00e7end rojan,\u015fopand\u0131na f\u00eez\u00eek\u00ee \u00fb al\u00eekar\u0131ya der\u00fbn\u00ee ji w\u00ee re hat p\u00ea\u015fk\u00ea\u015fkirin.<\/div>\n<div dir=\"auto\">da ku Baran bikaribe ti\u015ft\u00ean ku di encama teq\u00eena w\u00ea bomb\u00ea de ji dest daye veger\u00eene \u00fb d\u00eesa bi heval\u00ean xwe re veger\u0131ya qada l\u00eestik\u00ea \u00fb bi kenek ku hema hema winda kirib\u00fb, zarokatiya xwe d\u0131kare j\u0131 n\u0131ha \u00fb b\u00ea ve w\u00ea berdewamd\u0131ke.<\/div>\n<p><span class=\"embed-youtube\" style=\"text-align:center; display: block;\"><iframe loading=\"lazy\" class=\"youtube-player\" width=\"1500\" height=\"844\" src=\"https:\/\/www.youtube.com\/embed\/MTmnVF1qbWA?version=3&#038;rel=1&#038;showsearch=0&#038;showinfo=1&#038;iv_load_policy=1&#038;fs=1&#038;hl=ar&#038;autohide=2&#038;wmode=transparent\" allowfullscreen=\"true\" style=\"border:0;\" sandbox=\"allow-scripts allow-same-origin allow-popups allow-presentation allow-popups-to-escape-sandbox\"><\/iframe><\/span><\/p>\n","protected":false},"excerpt":{"rendered":"<p>Baran\u00ea zarok b\u0131 ken\u00ea xwe vedigere qada l\u00eestik\u00ea Bermahiy\u00ean \u015fer gelek caran mexd\u00fbr\u00ean siv\u00eel l\u0131 d\u00fb xwe ve dih\u00ealin, bi piran\u00ee zarok, ku haya wan ji wan xeterey\u00ean tune ye. Yek ji qurbaniy\u00ean van may\u00eenan Baran Mazen Qar\u00ee y\u00ea 10 sal\u00ee ye. Di 18\u2019\u00ea Sibata 2023\u2019an de tev\u00ee malbata xwe ji bajar\u00ea Koban\u00ee ber bi [&hellip;]<\/p>\n","protected":false},"author":2,"featured_media":7421,"comment_status":"open","ping_status":"open","sticky":false,"template":"","format":"standard","meta":{"give_campaign_id":0,"ngg_post_thumbnail":0,"jetpack_post_was_ever_published":false,"_jetpack_newsletter_access":"","_jetpack_dont_email_post_to_subs":false,"_jetpack_newsletter_tier_id":0,"_jetpack_memberships_contains_paywalled_content":false,"_jetpack_memberships_contains_paid_content":false,"footnotes":"","jetpack_publicize_message":"","jetpack_publicize_feature_enabled":true,"jetpack_social_post_already_shared":true,"jetpack_social_options":{"image_generator_settings":{"template":"highway","default_image_id":0,"font":"","enabled":false},"version":2},"_links_to":"","_links_to_target":""},"categories":[831],"tags":[1577],"class_list":["post-7428","post","type-post","status-publish","format-standard","has-post-thumbnail","hentry","category-cirok","tag-navenda_protez"],"jetpack_publicize_connections":[],"jetpack_featured_media_url":"https:\/\/i0.wp.com\/hskurd.org\/wp-content\/uploads\/2023\/08\/952A8898-copy-scaled.webp?fit=2560%2C1707&ssl=1","jetpack-related-posts":[{"id":8152,"url":"https:\/\/hskurd.org\/?p=8152&lang=ku","url_meta":{"origin":7428,"position":0},"title":"W\u00eesam \u00e7areke din zaroktiya xwe di nav heval\u00ean xwe de dij\u00ee","author":"neruda","date":"22 \u0641\u0628\u0631\u0627\u064a\u0631\u060c 2024","format":false,"excerpt":"\u00a0 \u00ca\u015fa \u00a0W\u00eesam \u00fb malbata w\u00ee dest p\u00ea kir dema kur\u00ea bi\u00e7\u00fbk ling\u00ea xwe y\u00ea rast\u00ea winda kir ji ber l\u00eestina bi bermahiy\u00ean \u015fer li gund\u00ea w\u00ee y\u00ea gir\u00eaday\u00ee bajarok\u00ea Hol\u00ea di sala 2015an ku \u00ead\u00ee nikarib\u00fb jiyana xwe bi awayek\u00ee asay\u00ee berdewam bike, heta ku bi bav\u00ea xwe re\u2026","rel":"","context":"\u0641\u064a &quot;\u00c7\u00eerok&quot;","block_context":{"text":"\u00c7\u00eerok","link":"https:\/\/hskurd.org\/?cat=831&lang=ku"},"img":{"alt_text":"","src":"https:\/\/i0.wp.com\/hskurd.org\/wp-content\/uploads\/2024\/02\/952A9702-copy-scaled.jpg?fit=1200%2C800&ssl=1&resize=350%2C200","width":350,"height":200,"srcset":"https:\/\/i0.wp.com\/hskurd.org\/wp-content\/uploads\/2024\/02\/952A9702-copy-scaled.jpg?fit=1200%2C800&ssl=1&resize=350%2C200 1x, https:\/\/i0.wp.com\/hskurd.org\/wp-content\/uploads\/2024\/02\/952A9702-copy-scaled.jpg?fit=1200%2C800&ssl=1&resize=525%2C300 1.5x, https:\/\/i0.wp.com\/hskurd.org\/wp-content\/uploads\/2024\/02\/952A9702-copy-scaled.jpg?fit=1200%2C800&ssl=1&resize=700%2C400 2x, https:\/\/i0.wp.com\/hskurd.org\/wp-content\/uploads\/2024\/02\/952A9702-copy-scaled.jpg?fit=1200%2C800&ssl=1&resize=1050%2C600 3x"},"classes":[]},{"id":5885,"url":"https:\/\/hskurd.org\/?p=5885&lang=ku","url_meta":{"origin":7428,"position":1},"title":"\u015eeh\u00eed Basim Muhemed &#8221; \u015eeh\u00eed\u00ea Mirovatiy\u00ea &#8220;","author":"Sozdar","date":"30 \u064a\u0646\u0627\u064a\u0631\u060c 2022","format":false,"excerpt":"Bi xemg\u00eeniyeke mezin me n\u00fb\u00e7eya \u015feh\u00eedb\u00fbna heval\u00ea xwe Basem Mihemed wergirt, ku di encama gulebaranek\u00ea de dema ku w\u00ee li navenda sereke ya Heyva Sor a Kurd li Kampa Hol\u00ea erk\u00ea xwe ye mirov\u00ee p\u00eak di an\u00ee. Tev\u00ee hem\u00fb hewldan\u00ean ku heval\u00ean me dan ta Basim jiyana xwe ji dest\u2026","rel":"","context":"\u0641\u064a &quot;Awarte&quot;","block_context":{"text":"Awarte","link":"https:\/\/hskurd.org\/?cat=848&lang=ku"},"img":{"alt_text":"","src":"https:\/\/i0.wp.com\/hskurd.org\/wp-content\/uploads\/2022\/01\/g.jpg?fit=800%2C1200&ssl=1&resize=350%2C200","width":350,"height":200,"srcset":"https:\/\/i0.wp.com\/hskurd.org\/wp-content\/uploads\/2022\/01\/g.jpg?fit=800%2C1200&ssl=1&resize=350%2C200 1x, https:\/\/i0.wp.com\/hskurd.org\/wp-content\/uploads\/2022\/01\/g.jpg?fit=800%2C1200&ssl=1&resize=525%2C300 1.5x, https:\/\/i0.wp.com\/hskurd.org\/wp-content\/uploads\/2022\/01\/g.jpg?fit=800%2C1200&ssl=1&resize=700%2C400 2x"},"classes":[]},{"id":6458,"url":"https:\/\/hskurd.org\/?p=6458&lang=ku","url_meta":{"origin":7428,"position":2},"title":"\u00c7\u00eerokeke n\u00fb ya serkeftin\u00ea li Navenda Prot\u00eaz\u00eek\u00ea","author":"Sozdar","date":"19 \u0633\u0628\u062a\u0645\u0628\u0631\u060c 2022","format":false,"excerpt":"Xwe\u015fb\u00fbna d\u00eetna dilxwe\u015fiya zarok\u00eak\u00ee ku karibe tevgera xwe veger\u00eene, bi dan\u00eena lingek\u00ee protez\u00eek, da ku ew zarok karibe \u00e7alakiy\u00ean xwe y\u00ean rojane bi rehet\u00ee p\u00eak b\u00eene, ji bil\u00ee w\u00ea j\u00ee pi\u015ftgiriya w\u00ee bike \u00fb xwebaweriya w\u00ee z\u00eade bike ,\u00fb bi heval\u00ean xwe re be\u015fdar\u00ee perwerdey\u00ea bibe,ku k\u00eam h\u00eazb\u00fbna w\u00ee bibe\u2026","rel":"","context":"\u0641\u064a &quot;\u00c7\u00eerok&quot;","block_context":{"text":"\u00c7\u00eerok","link":"https:\/\/hskurd.org\/?cat=831&lang=ku"},"img":{"alt_text":"","src":"https:\/\/i0.wp.com\/hskurd.org\/wp-content\/uploads\/2022\/09\/952A8989-copy-300x200.jpg?resize=350%2C200","width":350,"height":200},"classes":[]},{"id":10877,"url":"https:\/\/hskurd.org\/?p=10877&lang=ku","url_meta":{"origin":7428,"position":3},"title":"Gir\u00eengiya rola malbat\u00ea di pi\u015ftgiriya zarok\u00ean xwed\u00ee p\u00eadiviy\u00ean taybet de","author":"user55","date":"9 \u0641\u0628\u0631\u0627\u064a\u0631\u060c 2025","format":false,"excerpt":"Zarok\u00ean xwed\u00ee p\u00eadiviy\u00ean taybet, p\u00eaw\u00eestiya wan bi t\u00eagihi\u015ftineke k\u00fbr ji hewcedariy\u00ean wan re \u00fb r\u00eavebirineke pak ji malbat\u00ean wan, heye. Malbat ne ten\u00ea j\u00eengeha yekem e ku zarok t\u00ea de mezin dibe, l\u00ea ew \u00e7avkaniya bingeh\u00een a ragirtin \u00fb pi\u015ftgiriya hestyar\u00ee ye j\u00ee. Ev pi\u015ftgir\u00ee dan\u00fbstendina bibandor bi civak\u00ea re\u2026","rel":"","context":"\u0641\u064a &quot;\u00c7\u00eerok&quot;","block_context":{"text":"\u00c7\u00eerok","link":"https:\/\/hskurd.org\/?cat=831&lang=ku"},"img":{"alt_text":"","src":"https:\/\/i0.wp.com\/hskurd.org\/wp-content\/uploads\/2025\/02\/IMG_8269-scaled.jpg?fit=1200%2C800&ssl=1&resize=350%2C200","width":350,"height":200,"srcset":"https:\/\/i0.wp.com\/hskurd.org\/wp-content\/uploads\/2025\/02\/IMG_8269-scaled.jpg?fit=1200%2C800&ssl=1&resize=350%2C200 1x, https:\/\/i0.wp.com\/hskurd.org\/wp-content\/uploads\/2025\/02\/IMG_8269-scaled.jpg?fit=1200%2C800&ssl=1&resize=525%2C300 1.5x, https:\/\/i0.wp.com\/hskurd.org\/wp-content\/uploads\/2025\/02\/IMG_8269-scaled.jpg?fit=1200%2C800&ssl=1&resize=700%2C400 2x, https:\/\/i0.wp.com\/hskurd.org\/wp-content\/uploads\/2025\/02\/IMG_8269-scaled.jpg?fit=1200%2C800&ssl=1&resize=1050%2C600 3x"},"classes":[]},{"id":11321,"url":"https:\/\/hskurd.org\/?p=11321&lang=ku","url_meta":{"origin":7428,"position":4},"title":"Navenda prot\u00eaz, f\u00eez\u00eek\u00ee \u00fb pi\u015ftgiriya ps\u00eekoloj\u00eek, xizmet\u00ean xwe b\u00eapere p\u00ea\u015fk\u00ea\u015f\u00ee her kes\u00ee dike.","author":"user55","date":"16 \u064a\u0648\u0646\u064a\u0648\u060c 2025","format":false,"excerpt":"Her endamek prot\u00eaz destp\u00eaka qonaxeke n\u00fb ye, tevger \u00fb baweriy\u00ea dide xwediy\u00ea xwe. Her r\u00fbni\u015ftinek pi\u015ftgiriya der\u00fbn\u00ee ne ten\u00ea barbuh\u00earek e, l\u00ea kevireke bingeh\u00een di her veguher\u00eeneke er\u00ean\u00ee de ye \u00fb Bi tedawiya fiz\u00eek\u00ee \u00fb bi hewildan\u00ean pispor\u00ean dilsoz, em bi hev re r\u00eave, tevger \u00fb derbaskirina \u00ea\u015f\u00ea ji n\u00fb\u2026","rel":"","context":"\u0641\u064a &quot;Ge\u015fep\u00eadan&quot;","block_context":{"text":"Ge\u015fep\u00eadan","link":"https:\/\/hskurd.org\/?cat=862&lang=ku"},"img":{"alt_text":"","src":"https:\/\/i0.wp.com\/hskurd.org\/wp-content\/uploads\/2025\/06\/506955758_1012323007729665_3548175058015773898_n.jpg?fit=960%2C1200&ssl=1&resize=350%2C200","width":350,"height":200,"srcset":"https:\/\/i0.wp.com\/hskurd.org\/wp-content\/uploads\/2025\/06\/506955758_1012323007729665_3548175058015773898_n.jpg?fit=960%2C1200&ssl=1&resize=350%2C200 1x, https:\/\/i0.wp.com\/hskurd.org\/wp-content\/uploads\/2025\/06\/506955758_1012323007729665_3548175058015773898_n.jpg?fit=960%2C1200&ssl=1&resize=525%2C300 1.5x, https:\/\/i0.wp.com\/hskurd.org\/wp-content\/uploads\/2025\/06\/506955758_1012323007729665_3548175058015773898_n.jpg?fit=960%2C1200&ssl=1&resize=700%2C400 2x"},"classes":[]},{"id":10062,"url":"https:\/\/hskurd.org\/?p=10062&lang=ku","url_meta":{"origin":7428,"position":5},"title":"Kir\u00eeza mirov\u00ee li Heleb \u00fb \u015eehbay\u00ea, bangewaziya hevgirtin \u00fb al\u00eekariy\u00ea","author":"neruda","date":"2 \u062f\u064a\u0633\u0645\u0628\u0631\u060c 2024","format":false,"excerpt":"Kir\u00eeza mirov\u00ee li Heleb \u00fb \u015eehbay\u00ea, bangewaziya hevgirtin \u00fb al\u00eekariy\u00ea Bajar\u00ea Heleb\u00ea, gundewar\u00ea w\u00ea \u00fb her\u00eama \u015eehbay\u00ea rast\u00ee kir\u00eezeke mirov\u00ee ya mezin t\u00ea, ku di b\u00fbyer\u00ean le\u015fker\u00ee y\u00ean daw\u00ee li wan her\u00eaman ,ev kir\u00eez dijwartir dibe. Ev yek j\u00ee b\u00fb sedem ku bi hezaran malbat tev\u00ee hejmareke z\u00eade ji zarok,\u2026","rel":"","context":"\u0641\u064a &quot;Awarte&quot;","block_context":{"text":"Awarte","link":"https:\/\/hskurd.org\/?cat=848&lang=ku"},"img":{"alt_text":"","src":"https:\/\/i0.wp.com\/hskurd.org\/wp-content\/uploads\/2024\/12\/9e3403b7-e3d0-44f4-b257-1441566e50c9.jpg?fit=1200%2C800&ssl=1&resize=350%2C200","width":350,"height":200,"srcset":"https:\/\/i0.wp.com\/hskurd.org\/wp-content\/uploads\/2024\/12\/9e3403b7-e3d0-44f4-b257-1441566e50c9.jpg?fit=1200%2C800&ssl=1&resize=350%2C200 1x, https:\/\/i0.wp.com\/hskurd.org\/wp-content\/uploads\/2024\/12\/9e3403b7-e3d0-44f4-b257-1441566e50c9.jpg?fit=1200%2C800&ssl=1&resize=525%2C300 1.5x, https:\/\/i0.wp.com\/hskurd.org\/wp-content\/uploads\/2024\/12\/9e3403b7-e3d0-44f4-b257-1441566e50c9.jpg?fit=1200%2C800&ssl=1&resize=700%2C400 2x, https:\/\/i0.wp.com\/hskurd.org\/wp-content\/uploads\/2024\/12\/9e3403b7-e3d0-44f4-b257-1441566e50c9.jpg?fit=1200%2C800&ssl=1&resize=1050%2C600 3x"},"classes":[]}],"jetpack_sharing_enabled":true,"_links":{"self":[{"href":"https:\/\/hskurd.org\/index.php?rest_route=\/wp\/v2\/posts\/7428","targetHints":{"allow":["GET"]}}],"collection":[{"href":"https:\/\/hskurd.org\/index.php?rest_route=\/wp\/v2\/posts"}],"about":[{"href":"https:\/\/hskurd.org\/index.php?rest_route=\/wp\/v2\/types\/post"}],"author":[{"embeddable":true,"href":"https:\/\/hskurd.org\/index.php?rest_route=\/wp\/v2\/users\/2"}],"replies":[{"embeddable":true,"href":"https:\/\/hskurd.org\/index.php?rest_route=%2Fwp%2Fv2%2Fcomments&post=7428"}],"version-history":[{"count":3,"href":"https:\/\/hskurd.org\/index.php?rest_route=\/wp\/v2\/posts\/7428\/revisions"}],"predecessor-version":[{"id":7456,"href":"https:\/\/hskurd.org\/index.php?rest_route=\/wp\/v2\/posts\/7428\/revisions\/7456"}],"wp:featuredmedia":[{"embeddable":true,"href":"https:\/\/hskurd.org\/index.php?rest_route=\/wp\/v2\/media\/7421"}],"wp:attachment":[{"href":"https:\/\/hskurd.org\/index.php?rest_route=%2Fwp%2Fv2%2Fmedia&parent=7428"}],"wp:term":[{"taxonomy":"category","embeddable":true,"href":"https:\/\/hskurd.org\/index.php?rest_route=%2Fwp%2Fv2%2Fcategories&post=7428"},{"taxonomy":"post_tag","embeddable":true,"href":"https:\/\/hskurd.org\/index.php?rest_route=%2Fwp%2Fv2%2Ftags&post=7428"}],"curies":[{"name":"wp","href":"https:\/\/api.w.org\/{rel}","templated":true}]}}