{"id":7393,"date":"2023-07-31T09:44:41","date_gmt":"2023-07-31T06:44:41","guid":{"rendered":"https:\/\/hskurd.org\/?p=7393"},"modified":"2023-07-31T09:44:41","modified_gmt":"2023-07-31T06:44:41","slug":"rapora-salane-a-heyva-sor-a-kurd-2022","status":"publish","type":"post","link":"https:\/\/hskurd.org\/?p=7393&lang=ku","title":{"rendered":"Rapora salane a Heyva Sor a Kurd &#8211; 2022"},"content":{"rendered":"<p><a href=\"https:\/\/hskurd.org\/wp-content\/uploads\/2023\/07\/ELECTRONIC_\u200f\u200f\u200f\u200fKRC-2022-report-Kurdi.pdf\">ELECTRONIC_\u200f\u200f\u200f\u200fKRC 2022 report &#8211; Kurdi<\/a><\/p>\n","protected":false},"excerpt":{"rendered":"<p>ELECTRONIC_\u200f\u200f\u200f\u200fKRC 2022 report &#8211; Kurdi<\/p>\n","protected":false},"author":2,"featured_media":7395,"comment_status":"open","ping_status":"open","sticky":false,"template":"","format":"standard","meta":{"give_campaign_id":0,"ngg_post_thumbnail":0,"jetpack_post_was_ever_published":false,"_jetpack_newsletter_access":"","_jetpack_dont_email_post_to_subs":false,"_jetpack_newsletter_tier_id":0,"_jetpack_memberships_contains_paywalled_content":false,"_jetpack_memberships_contains_paid_content":false,"footnotes":"","jetpack_publicize_message":"","jetpack_publicize_feature_enabled":true,"jetpack_social_post_already_shared":true,"jetpack_social_options":{"image_generator_settings":{"template":"highway","default_image_id":0,"font":"","enabled":false},"version":2},"_links_to":"","_links_to_target":""},"categories":[206],"tags":[1599],"class_list":["post-7393","post","type-post","status-publish","format-standard","has-post-thumbnail","hentry","category-rapor","tag-rapora_salane"],"jetpack_publicize_connections":[],"jetpack_featured_media_url":"https:\/\/i0.wp.com\/hskurd.org\/wp-content\/uploads\/2023\/07\/rapora-salane-2022.jpg?fit=547%2C778&ssl=1","jetpack-related-posts":[{"id":8166,"url":"https:\/\/hskurd.org\/?p=8166&lang=ku","url_meta":{"origin":7393,"position":0},"title":"Rapora Salane 2023","author":"neruda","date":"5 \u0645\u0627\u0631\u0633\u060c 2024","format":false,"excerpt":"Rapora salane ya Heyva Sor a Kurd a sala 2023","rel":"","context":"\u0641\u064a &quot;Rapor&quot;","block_context":{"text":"Rapor","link":"https:\/\/hskurd.org\/?cat=206&lang=ku"},"img":{"alt_text":"","src":"https:\/\/i0.wp.com\/hskurd.org\/wp-content\/uploads\/2023\/03\/333820655_204877968859542_7015146274371498430_n.jpg?fit=1200%2C800&ssl=1&resize=350%2C200","width":350,"height":200,"srcset":"https:\/\/i0.wp.com\/hskurd.org\/wp-content\/uploads\/2023\/03\/333820655_204877968859542_7015146274371498430_n.jpg?fit=1200%2C800&ssl=1&resize=350%2C200 1x, https:\/\/i0.wp.com\/hskurd.org\/wp-content\/uploads\/2023\/03\/333820655_204877968859542_7015146274371498430_n.jpg?fit=1200%2C800&ssl=1&resize=525%2C300 1.5x, https:\/\/i0.wp.com\/hskurd.org\/wp-content\/uploads\/2023\/03\/333820655_204877968859542_7015146274371498430_n.jpg?fit=1200%2C800&ssl=1&resize=700%2C400 2x, https:\/\/i0.wp.com\/hskurd.org\/wp-content\/uploads\/2023\/03\/333820655_204877968859542_7015146274371498430_n.jpg?fit=1200%2C800&ssl=1&resize=1050%2C600 3x"},"classes":[]},{"id":9878,"url":"https:\/\/hskurd.org\/?p=9878&lang=ku","url_meta":{"origin":7393,"position":1},"title":"Rapora Heyva Sor a Kurd li ser \u00ear\u00ee\u015f\u00ean dewleta Turkiy\u00ea \u00fb ziyan\u00ean w\u00ea li her\u00eam\u00ean Bakur \u00fb Rojhilat\u00ea Suriy\u00ea \u2013 Cotmeha 2024","author":"neruda","date":"3 \u0646\u0648\u0641\u0645\u0628\u0631\u060c 2024","format":false,"excerpt":"rapora \u00ear\u00ee\u015fan \u00e7otmeha 2024","rel":"","context":"\u0641\u064a &quot;Rapor&quot;","block_context":{"text":"Rapor","link":"https:\/\/hskurd.org\/?cat=206&lang=ku"},"img":{"alt_text":"","src":"https:\/\/i0.wp.com\/hskurd.org\/wp-content\/uploads\/2024\/11\/IMG_5252-scaled.jpg?fit=1200%2C800&ssl=1&resize=350%2C200","width":350,"height":200,"srcset":"https:\/\/i0.wp.com\/hskurd.org\/wp-content\/uploads\/2024\/11\/IMG_5252-scaled.jpg?fit=1200%2C800&ssl=1&resize=350%2C200 1x, https:\/\/i0.wp.com\/hskurd.org\/wp-content\/uploads\/2024\/11\/IMG_5252-scaled.jpg?fit=1200%2C800&ssl=1&resize=525%2C300 1.5x, https:\/\/i0.wp.com\/hskurd.org\/wp-content\/uploads\/2024\/11\/IMG_5252-scaled.jpg?fit=1200%2C800&ssl=1&resize=700%2C400 2x, https:\/\/i0.wp.com\/hskurd.org\/wp-content\/uploads\/2024\/11\/IMG_5252-scaled.jpg?fit=1200%2C800&ssl=1&resize=1050%2C600 3x"},"classes":[]},{"id":6400,"url":"https:\/\/hskurd.org\/?p=6400&lang=ku","url_meta":{"origin":7393,"position":2},"title":"Nexwe\u015fiya gur\u00e7ikan&#8230; \u00c7\u00eerok\u00ean h\u00eaviy\u00ea li ber \u00ea\u015f\u00ea","author":"Sozdar","date":"6 \u0633\u0628\u062a\u0645\u0628\u0631\u060c 2022","format":false,"excerpt":"Nexwe\u015fiya gur\u00e7ik\u00ea salane dibe sedema mirina bi hezaran, belk\u00ee j\u00ee bi milyonan kesan, li seranser\u00ea c\u00eehan\u00ea ku h\u00ead\u00ee h\u00ead\u00ee kar\u00ean gur\u00e7ik\u00ea winda dibe \u00fb dibe ku kar\u00ea w\u00ea raweste, lewra navend\u00ean me y\u00ean Heyva Sor a Kurd salane n\u00eaz\u00ee 5 hezar nexwe\u015f\u00ean gur\u00e7ikan digirin, ku yek ji wan nexwe\u015f\u00ean serkeft\u00ee\u2026","rel":"","context":"\u0641\u064a &quot;Tendurist\u00ee&quot;","block_context":{"text":"Tendurist\u00ee","link":"https:\/\/hskurd.org\/?cat=846&lang=ku"},"img":{"alt_text":"","src":"https:\/\/i0.wp.com\/hskurd.org\/wp-content\/uploads\/2022\/09\/%D8%A7%D9%84%D8%AA%D9%82%D8%A7%D8%B7.JPG2_.jpg?fit=1052%2C594&ssl=1&resize=350%2C200","width":350,"height":200,"srcset":"https:\/\/i0.wp.com\/hskurd.org\/wp-content\/uploads\/2022\/09\/%D8%A7%D9%84%D8%AA%D9%82%D8%A7%D8%B7.JPG2_.jpg?fit=1052%2C594&ssl=1&resize=350%2C200 1x, https:\/\/i0.wp.com\/hskurd.org\/wp-content\/uploads\/2022\/09\/%D8%A7%D9%84%D8%AA%D9%82%D8%A7%D8%B7.JPG2_.jpg?fit=1052%2C594&ssl=1&resize=525%2C300 1.5x, https:\/\/i0.wp.com\/hskurd.org\/wp-content\/uploads\/2022\/09\/%D8%A7%D9%84%D8%AA%D9%82%D8%A7%D8%B7.JPG2_.jpg?fit=1052%2C594&ssl=1&resize=700%2C400 2x, https:\/\/i0.wp.com\/hskurd.org\/wp-content\/uploads\/2022\/09\/%D8%A7%D9%84%D8%AA%D9%82%D8%A7%D8%B7.JPG2_.jpg?fit=1052%2C594&ssl=1&resize=1050%2C600 3x"},"classes":[]},{"id":6071,"url":"https:\/\/hskurd.org\/?p=6071&lang=ku","url_meta":{"origin":7393,"position":3},"title":"li hember\u00ee hem\u00ee zehmet\u00eeyan al\u00eekariya heyva sor a kurd\u00ee berdewame","author":"Sozdar","date":"16 \u0645\u0627\u064a\u0648\u060c 2022","format":false,"excerpt":"Nevegera\u00a0 penaber\u00ean kampan\u00a0 ji war\u00ean\u00a0 xwe re heta niha, wan\u00a0 ne\u00e7ar dike ku\u00a0 bi rew\u015fen c\u00fbda re h\u00een bibin \u00e7i di demsala hav\u00een\u00ea yan\u00a0 zivistan\u00ee de be , ti\u015ft\u00ea ku me dik\u015f\u00eene berdewam kirina pi\u015ftgir\u00eeya kamp\u00ean penap\u00earan \u00fb p\u00ea\u015fk\u00ea\u015f kirina xizmet\u00ean tendurist\u00ee , al\u00eekar\u00ee \u00fb Hi\u015fmend\u00ee ji b\u00fb wan ku\u2026","rel":"","context":"\u0641\u064a &quot;Perwerdehiya tendurist\u00ee&quot;","block_context":{"text":"Perwerdehiya tendurist\u00ee","link":"https:\/\/hskurd.org\/?cat=844&lang=ku"},"img":{"alt_text":"","src":"https:\/\/i0.wp.com\/hskurd.org\/wp-content\/uploads\/2022\/05\/IMG_5662-2-scaled.jpg?fit=1200%2C800&ssl=1&resize=350%2C200","width":350,"height":200,"srcset":"https:\/\/i0.wp.com\/hskurd.org\/wp-content\/uploads\/2022\/05\/IMG_5662-2-scaled.jpg?fit=1200%2C800&ssl=1&resize=350%2C200 1x, https:\/\/i0.wp.com\/hskurd.org\/wp-content\/uploads\/2022\/05\/IMG_5662-2-scaled.jpg?fit=1200%2C800&ssl=1&resize=525%2C300 1.5x, https:\/\/i0.wp.com\/hskurd.org\/wp-content\/uploads\/2022\/05\/IMG_5662-2-scaled.jpg?fit=1200%2C800&ssl=1&resize=700%2C400 2x, https:\/\/i0.wp.com\/hskurd.org\/wp-content\/uploads\/2022\/05\/IMG_5662-2-scaled.jpg?fit=1200%2C800&ssl=1&resize=1050%2C600 3x"},"classes":[]},{"id":6093,"url":"https:\/\/hskurd.org\/?p=6093&lang=ku","url_meta":{"origin":7393,"position":4},"title":"li hember\u00ee hem\u00ee zehmet\u00eeyan al\u00eekariya heyva sor a kurd\u00ee  berdewame","author":"Sozdar","date":"16 \u0645\u0627\u064a\u0648\u060c 2022","format":false,"excerpt":"Nevegera\u00a0 penaber\u00ean kampan\u00a0 ji war\u00ean\u00a0 xwe re heta niha, wan\u00a0 ne\u00e7ar dike ku\u00a0 bi rew\u015fen c\u00fbda re h\u00een bibin \u00e7i di demsala hav\u00een\u00ea yan\u00a0 zivistan\u00ee de be , ti\u015ft\u00ea ku me dik\u015f\u00eene berdewam kirina pi\u015ftgir\u00eeya kamp\u00ean penap\u00earan \u00fb p\u00ea\u015fk\u00ea\u015f kirina xizmet\u00ean tendurist\u00ee , al\u00eekar\u00ee \u00fb Hi\u015fmend\u00ee ji b\u00fb wan ku\u2026","rel":"","context":"\u0641\u064a &quot;Awarte&quot;","block_context":{"text":"Awarte","link":"https:\/\/hskurd.org\/?cat=848&lang=ku"},"img":{"alt_text":"","src":"https:\/\/i0.wp.com\/hskurd.org\/wp-content\/uploads\/2022\/05\/IMG_5662-2-scaled.jpg?fit=1200%2C800&ssl=1&resize=350%2C200","width":350,"height":200,"srcset":"https:\/\/i0.wp.com\/hskurd.org\/wp-content\/uploads\/2022\/05\/IMG_5662-2-scaled.jpg?fit=1200%2C800&ssl=1&resize=350%2C200 1x, https:\/\/i0.wp.com\/hskurd.org\/wp-content\/uploads\/2022\/05\/IMG_5662-2-scaled.jpg?fit=1200%2C800&ssl=1&resize=525%2C300 1.5x, https:\/\/i0.wp.com\/hskurd.org\/wp-content\/uploads\/2022\/05\/IMG_5662-2-scaled.jpg?fit=1200%2C800&ssl=1&resize=700%2C400 2x, https:\/\/i0.wp.com\/hskurd.org\/wp-content\/uploads\/2022\/05\/IMG_5662-2-scaled.jpg?fit=1200%2C800&ssl=1&resize=1050%2C600 3x"},"classes":[]},{"id":7901,"url":"https:\/\/hskurd.org\/?p=7901&lang=ku","url_meta":{"origin":7393,"position":5},"title":"Heyva Sor a Kurd konferansa xwe ya s\u00eayem\u00een li darx\u0131st \u00fb hevserokatiyeke n\u00fb hilb\u0131jart","author":"neruda","date":"24 \u0646\u0648\u0641\u0645\u0628\u0631\u060c 2023","format":false,"excerpt":"\u00cero \u00cen\u00ea, R\u00eaxistina Heyva Sor a Kurd li bajar\u00ea Qami\u015flo s\u00eayem\u00een konferansa xwe bi d\u0131ru\u015fmeya \u201cBi h\u00eav\u00ee \u00fb hevkar\u00ee ji bo avakirina pa\u015ferojeke b\u0131 ron\u00ee \u201d l\u0131 darx\u0131st bi amadeb\u00fbna endam, kadroy\u00ean bij\u00ee\u015fk\u00ee \u00fb r\u00eaxistin\u00ean hevkar di xebat\u00ean mirov\u00ee de li. Tev\u00ee hejmarek ji berpirs\u00ean R\u00eaveberiya Xweser a Bakur \u00fb\u2026","rel":"","context":"\u0641\u064a &quot;Ge\u015fep\u00eadan&quot;","block_context":{"text":"Ge\u015fep\u00eadan","link":"https:\/\/hskurd.org\/?cat=862&lang=ku"},"img":{"alt_text":"","src":"https:\/\/i0.wp.com\/hskurd.org\/wp-content\/uploads\/2023\/11\/952A0191-copy-scaled.jpg?fit=1200%2C800&ssl=1&resize=350%2C200","width":350,"height":200,"srcset":"https:\/\/i0.wp.com\/hskurd.org\/wp-content\/uploads\/2023\/11\/952A0191-copy-scaled.jpg?fit=1200%2C800&ssl=1&resize=350%2C200 1x, https:\/\/i0.wp.com\/hskurd.org\/wp-content\/uploads\/2023\/11\/952A0191-copy-scaled.jpg?fit=1200%2C800&ssl=1&resize=525%2C300 1.5x, https:\/\/i0.wp.com\/hskurd.org\/wp-content\/uploads\/2023\/11\/952A0191-copy-scaled.jpg?fit=1200%2C800&ssl=1&resize=700%2C400 2x, https:\/\/i0.wp.com\/hskurd.org\/wp-content\/uploads\/2023\/11\/952A0191-copy-scaled.jpg?fit=1200%2C800&ssl=1&resize=1050%2C600 3x"},"classes":[]}],"jetpack_sharing_enabled":true,"_links":{"self":[{"href":"https:\/\/hskurd.org\/index.php?rest_route=\/wp\/v2\/posts\/7393","targetHints":{"allow":["GET"]}}],"collection":[{"href":"https:\/\/hskurd.org\/index.php?rest_route=\/wp\/v2\/posts"}],"about":[{"href":"https:\/\/hskurd.org\/index.php?rest_route=\/wp\/v2\/types\/post"}],"author":[{"embeddable":true,"href":"https:\/\/hskurd.org\/index.php?rest_route=\/wp\/v2\/users\/2"}],"replies":[{"embeddable":true,"href":"https:\/\/hskurd.org\/index.php?rest_route=%2Fwp%2Fv2%2Fcomments&post=7393"}],"version-history":[{"count":2,"href":"https:\/\/hskurd.org\/index.php?rest_route=\/wp\/v2\/posts\/7393\/revisions"}],"predecessor-version":[{"id":7397,"href":"https:\/\/hskurd.org\/index.php?rest_route=\/wp\/v2\/posts\/7393\/revisions\/7397"}],"wp:featuredmedia":[{"embeddable":true,"href":"https:\/\/hskurd.org\/index.php?rest_route=\/wp\/v2\/media\/7395"}],"wp:attachment":[{"href":"https:\/\/hskurd.org\/index.php?rest_route=%2Fwp%2Fv2%2Fmedia&parent=7393"}],"wp:term":[{"taxonomy":"category","embeddable":true,"href":"https:\/\/hskurd.org\/index.php?rest_route=%2Fwp%2Fv2%2Fcategories&post=7393"},{"taxonomy":"post_tag","embeddable":true,"href":"https:\/\/hskurd.org\/index.php?rest_route=%2Fwp%2Fv2%2Ftags&post=7393"}],"curies":[{"name":"wp","href":"https:\/\/api.w.org\/{rel}","templated":true}]}}