{"id":7289,"date":"2023-07-06T09:46:27","date_gmt":"2023-07-06T06:46:27","guid":{"rendered":"https:\/\/hskurd.org\/?p=7289"},"modified":"2023-07-06T09:46:27","modified_gmt":"2023-07-06T06:46:27","slug":"navenda-protez","status":"publish","type":"post","link":"https:\/\/hskurd.org\/?p=7289&lang=ku","title":{"rendered":"Navenda Protez"},"content":{"rendered":"<p>Erdheja ku Sibat\u00ea li her\u00eam\u00ea r\u00fb da b\u00fb sedema gelek xisar\u00ean mirov\u00ee \u00fb mad\u00ee \u00fb bir\u00eendarb\u00fbna mayinde ya mirovan, Ya her\u00ee z\u00eade j\u00ee ew b\u00fb q\u00fbtb\u00fbna lebatan ku bir\u00eedar bi saet\u00ean dir\u00eaj di bin kavilan de diman \u00fb yek ji wan kesan j\u00ee bir\u00eaz Ebdulrezaq Hesen b\u00fb ku ji me re \u00e7\u00eeroka rizgarkirina jiyana w\u00ee \u00fb dermankirina xwe di nav Navenda Heyva Sor a Kurd a Protez, Dermankirina Fiz\u00eek\u00ee \u00fb Pi\u015ftgiriya Ps\u00eekoloj\u00eek de vedib\u00eaje.<\/p>\n<p>&nbsp;<\/p>\n<p><a href=\"https:\/\/www.youtube.com\/watch?v=4-xq70Rmv-U\">https:\/\/www.youtube.com\/watch?v=4-xq70Rmv-U<\/a><\/p>\n","protected":false},"excerpt":{"rendered":"<p>Erdheja ku Sibat\u00ea li her\u00eam\u00ea r\u00fb da b\u00fb sedema gelek xisar\u00ean mirov\u00ee \u00fb mad\u00ee \u00fb bir\u00eendarb\u00fbna mayinde ya mirovan, Ya her\u00ee z\u00eade j\u00ee ew b\u00fb q\u00fbtb\u00fbna lebatan ku bir\u00eedar bi saet\u00ean dir\u00eaj di bin kavilan de diman \u00fb yek ji wan kesan j\u00ee bir\u00eaz Ebdulrezaq Hesen b\u00fb ku ji me re \u00e7\u00eeroka rizgarkirina jiyana w\u00ee [&hellip;]<\/p>\n","protected":false},"author":2,"featured_media":7283,"comment_status":"open","ping_status":"open","sticky":false,"template":"","format":"standard","meta":{"give_campaign_id":0,"ngg_post_thumbnail":0,"jetpack_post_was_ever_published":false,"_jetpack_newsletter_access":"","_jetpack_dont_email_post_to_subs":false,"_jetpack_newsletter_tier_id":0,"_jetpack_memberships_contains_paywalled_content":false,"_jetpack_memberships_contains_paid_content":false,"footnotes":"","jetpack_publicize_message":"","jetpack_publicize_feature_enabled":true,"jetpack_social_post_already_shared":true,"jetpack_social_options":{"image_generator_settings":{"template":"highway","default_image_id":0,"font":"","enabled":false},"version":2},"_links_to":"","_links_to_target":""},"categories":[831],"tags":[1577],"class_list":["post-7289","post","type-post","status-publish","format-standard","has-post-thumbnail","hentry","category-cirok","tag-navenda_protez"],"jetpack_publicize_connections":[],"jetpack_featured_media_url":"https:\/\/i0.wp.com\/hskurd.org\/wp-content\/uploads\/2023\/07\/952A7784-copy-scaled.jpg?fit=2560%2C1440&ssl=1","jetpack-related-posts":[{"id":10877,"url":"https:\/\/hskurd.org\/?p=10877&lang=ku","url_meta":{"origin":7289,"position":0},"title":"Gir\u00eengiya rola malbat\u00ea di pi\u015ftgiriya zarok\u00ean xwed\u00ee p\u00eadiviy\u00ean taybet de","author":"user55","date":"9 \u0641\u0628\u0631\u0627\u064a\u0631\u060c 2025","format":false,"excerpt":"Zarok\u00ean xwed\u00ee p\u00eadiviy\u00ean taybet, p\u00eaw\u00eestiya wan bi t\u00eagihi\u015ftineke k\u00fbr ji hewcedariy\u00ean wan re \u00fb r\u00eavebirineke pak ji malbat\u00ean wan, heye. Malbat ne ten\u00ea j\u00eengeha yekem e ku zarok t\u00ea de mezin dibe, l\u00ea ew \u00e7avkaniya bingeh\u00een a ragirtin \u00fb pi\u015ftgiriya hestyar\u00ee ye j\u00ee. Ev pi\u015ftgir\u00ee dan\u00fbstendina bibandor bi civak\u00ea re\u2026","rel":"","context":"\u0641\u064a &quot;\u00c7\u00eerok&quot;","block_context":{"text":"\u00c7\u00eerok","link":"https:\/\/hskurd.org\/?cat=831&lang=ku"},"img":{"alt_text":"","src":"https:\/\/i0.wp.com\/hskurd.org\/wp-content\/uploads\/2025\/02\/IMG_8269-scaled.jpg?fit=1200%2C800&ssl=1&resize=350%2C200","width":350,"height":200,"srcset":"https:\/\/i0.wp.com\/hskurd.org\/wp-content\/uploads\/2025\/02\/IMG_8269-scaled.jpg?fit=1200%2C800&ssl=1&resize=350%2C200 1x, https:\/\/i0.wp.com\/hskurd.org\/wp-content\/uploads\/2025\/02\/IMG_8269-scaled.jpg?fit=1200%2C800&ssl=1&resize=525%2C300 1.5x, https:\/\/i0.wp.com\/hskurd.org\/wp-content\/uploads\/2025\/02\/IMG_8269-scaled.jpg?fit=1200%2C800&ssl=1&resize=700%2C400 2x, https:\/\/i0.wp.com\/hskurd.org\/wp-content\/uploads\/2025\/02\/IMG_8269-scaled.jpg?fit=1200%2C800&ssl=1&resize=1050%2C600 3x"},"classes":[]},{"id":7428,"url":"https:\/\/hskurd.org\/?p=7428&lang=ku","url_meta":{"origin":7289,"position":1},"title":"Baran\u00ea zarok ji bajar\u00ea Koban\u00ee pi\u015ft\u00ee ku navenda protez t\u0131\u015ft\u00ean w\u00ee y\u00ean ku ji ber teq\u00eena bermah\u0131yeke DAI\u015e\u00ea li pey xwe hi\u015ftib\u00fb, vegerandin ji n\u00fbve bi ken vedigere qada l\u00eestik\u00ea.","author":"heyvasorakurd","date":"1 \u0623\u063a\u0633\u0637\u0633\u060c 2023","format":false,"excerpt":"Baran\u00ea zarok b\u0131 ken\u00ea xwe vedigere qada l\u00eestik\u00ea Bermahiy\u00ean \u015fer gelek caran mexd\u00fbr\u00ean siv\u00eel l\u0131 d\u00fb xwe ve dih\u00ealin, bi piran\u00ee zarok, ku haya wan ji wan xeterey\u00ean tune ye. Yek ji qurbaniy\u00ean van may\u00eenan Baran Mazen Qar\u00ee y\u00ea 10 sal\u00ee ye. Di 18\u2019\u00ea Sibata 2023\u2019an de tev\u00ee malbata xwe\u2026","rel":"","context":"\u0641\u064a &quot;\u00c7\u00eerok&quot;","block_context":{"text":"\u00c7\u00eerok","link":"https:\/\/hskurd.org\/?cat=831&lang=ku"},"img":{"alt_text":"","src":"https:\/\/i0.wp.com\/hskurd.org\/wp-content\/uploads\/2023\/08\/952A8898-copy-scaled.webp?fit=1200%2C800&ssl=1&resize=350%2C200","width":350,"height":200,"srcset":"https:\/\/i0.wp.com\/hskurd.org\/wp-content\/uploads\/2023\/08\/952A8898-copy-scaled.webp?fit=1200%2C800&ssl=1&resize=350%2C200 1x, https:\/\/i0.wp.com\/hskurd.org\/wp-content\/uploads\/2023\/08\/952A8898-copy-scaled.webp?fit=1200%2C800&ssl=1&resize=525%2C300 1.5x, https:\/\/i0.wp.com\/hskurd.org\/wp-content\/uploads\/2023\/08\/952A8898-copy-scaled.webp?fit=1200%2C800&ssl=1&resize=700%2C400 2x, https:\/\/i0.wp.com\/hskurd.org\/wp-content\/uploads\/2023\/08\/952A8898-copy-scaled.webp?fit=1200%2C800&ssl=1&resize=1050%2C600 3x"},"classes":[]},{"id":503,"url":"https:\/\/hskurd.org\/?p=503&lang=ku","url_meta":{"origin":7289,"position":2},"title":"Navenda \u015e\u00eax Meqs\u00fbd","author":"heyvasorakurd","date":"11 \u0641\u0628\u0631\u0627\u064a\u0631\u060c 2017","format":false,"excerpt":"Di aloziya suriy\u00ea de ya ku ziran\u00ean xwezay\u00ee ,mirovah\u00ee , \u00fb k\u00eamb\u00fbna derfet\u00ean jiyan\u00ea ya rojane \u00fb zehmetiya hey\u00eena wan di tax \u00fb her\u00eaman de ,para her\u00ee mezin ji van aloziyan di taxa \u015e\u00eax Meqs\u00fbd de p\u00eakhat , ji ber w\u00ea ,r\u00eaxistina Heyva Sor A Kurd navendeke tendirust\u00ee di dibistana\u2026","rel":"","context":"\u0641\u064a &quot;b\u00ea kategoriyan&quot;","block_context":{"text":"b\u00ea kategoriyan","link":"https:\/\/hskurd.org\/?cat=85&lang=ku"},"img":{"alt_text":"","src":"https:\/\/i0.wp.com\/hskurd.org\/wp-content\/uploads\/2017\/02\/9-1.jpg?fit=817%2C613&ssl=1&resize=350%2C200","width":350,"height":200,"srcset":"https:\/\/i0.wp.com\/hskurd.org\/wp-content\/uploads\/2017\/02\/9-1.jpg?fit=817%2C613&ssl=1&resize=350%2C200 1x, https:\/\/i0.wp.com\/hskurd.org\/wp-content\/uploads\/2017\/02\/9-1.jpg?fit=817%2C613&ssl=1&resize=525%2C300 1.5x, https:\/\/i0.wp.com\/hskurd.org\/wp-content\/uploads\/2017\/02\/9-1.jpg?fit=817%2C613&ssl=1&resize=700%2C400 2x"},"classes":[]},{"id":8561,"url":"https:\/\/hskurd.org\/?p=8561&lang=ku","url_meta":{"origin":7289,"position":3},"title":"Navenda rew\u015f\u00ean awarte \u00fb Lezg\u00een li Reqay\u00ea","author":"neruda","date":"8 \u0623\u063a\u0633\u0637\u0633\u060c 2024","format":false,"excerpt":"https:\/\/www.youtube.com\/watch?v=AE0bppjUJT0 \u00a0 S\u00eestema amb\u00fblans \u00fb hawar\u00e7\u00fbn\u00ea ya Heyva Sor a Kurd li bajar\u00ea Reqay\u00ea wek kevir\u00ea bingeh\u00een t\u00ea d\u00eetin di bersivday\u00eena lezg\u00een \u00fb r\u00eakar\u00ean pij\u00ee\u015fk\u00ee y\u00ean p\u00eaw\u00eest ji bo rizgarkirina jiyan\u00ea ji destp\u00eaka rizgarkirina bajar \u00fb gundewar\u00ean w\u00ea di sala 2018an de. Ku di v\u00ea dem\u00ea de gelek asteng\u00ee hat\u2026","rel":"","context":"\u0641\u064a &quot;Awarte&quot;","block_context":{"text":"Awarte","link":"https:\/\/hskurd.org\/?cat=848&lang=ku"},"img":{"alt_text":"","src":"https:\/\/i0.wp.com\/hskurd.org\/wp-content\/uploads\/2024\/08\/reqa.png?fit=1095%2C500&ssl=1&resize=350%2C200","width":350,"height":200,"srcset":"https:\/\/i0.wp.com\/hskurd.org\/wp-content\/uploads\/2024\/08\/reqa.png?fit=1095%2C500&ssl=1&resize=350%2C200 1x, https:\/\/i0.wp.com\/hskurd.org\/wp-content\/uploads\/2024\/08\/reqa.png?fit=1095%2C500&ssl=1&resize=525%2C300 1.5x, https:\/\/i0.wp.com\/hskurd.org\/wp-content\/uploads\/2024\/08\/reqa.png?fit=1095%2C500&ssl=1&resize=700%2C400 2x, https:\/\/i0.wp.com\/hskurd.org\/wp-content\/uploads\/2024\/08\/reqa.png?fit=1095%2C500&ssl=1&resize=1050%2C600 3x"},"classes":[]},{"id":5146,"url":"https:\/\/hskurd.org\/?p=5146&lang=ku","url_meta":{"origin":7289,"position":4},"title":"kar\u00ea Heyva Sor akurd di 2020an de","author":"Sozdar","date":"15 \u064a\u0646\u0627\u064a\u0631\u060c 2021","format":false,"excerpt":"https:\/\/www.youtube.com\/watch?v=Ge5ptSwLiWk&pbjreload=101 \u00a0 2020 Salake awarte li ser kar\u00ea me di be\u015f\u00ea tendurst\u00ee de b\u00fb, bi belavb\u00fbna vayrosa Kov\u00eed-19 re me di Heyva Sor aKurd de cihek giring \u00fb fireh da bergirtina nexwe\u015fiy\u00ea di riya \u00e7end meken\u00eezman, girngtir\u00een\u00ea w\u00ea bir\u00eavebirina rew\u015fan di riya amadekirina navendan (3navend) be\u015f\u00ean di (5nexwe\u015fxaneyan )de \u00fb\u2026","rel":"","context":"\u0641\u064a &quot;Rapor&quot;","block_context":{"text":"Rapor","link":"https:\/\/hskurd.org\/?cat=206&lang=ku"},"img":{"alt_text":"","src":"https:\/\/i0.wp.com\/hskurd.org\/wp-content\/uploads\/2021\/01\/cropped-%D8%AC%D8%AF%D9%8A%D8%AF-%D9%87%D9%84%D8%A7%D9%84-%D8%A7%D8%AD%D9%85%D8%B1-1-2.jpg?fit=1030%2C1030&ssl=1&resize=350%2C200","width":350,"height":200,"srcset":"https:\/\/i0.wp.com\/hskurd.org\/wp-content\/uploads\/2021\/01\/cropped-%D8%AC%D8%AF%D9%8A%D8%AF-%D9%87%D9%84%D8%A7%D9%84-%D8%A7%D8%AD%D9%85%D8%B1-1-2.jpg?fit=1030%2C1030&ssl=1&resize=350%2C200 1x, https:\/\/i0.wp.com\/hskurd.org\/wp-content\/uploads\/2021\/01\/cropped-%D8%AC%D8%AF%D9%8A%D8%AF-%D9%87%D9%84%D8%A7%D9%84-%D8%A7%D8%AD%D9%85%D8%B1-1-2.jpg?fit=1030%2C1030&ssl=1&resize=525%2C300 1.5x, https:\/\/i0.wp.com\/hskurd.org\/wp-content\/uploads\/2021\/01\/cropped-%D8%AC%D8%AF%D9%8A%D8%AF-%D9%87%D9%84%D8%A7%D9%84-%D8%A7%D8%AD%D9%85%D8%B1-1-2.jpg?fit=1030%2C1030&ssl=1&resize=700%2C400 2x"},"classes":[]},{"id":11453,"url":"https:\/\/hskurd.org\/?p=11453&lang=ku","url_meta":{"origin":7289,"position":5},"title":"R\u00eaw\u00eetiya Ber Bi Vej\u00een\u00ea Ve","author":"user55","date":"17 \u0623\u063a\u0633\u0637\u0633\u060c 2025","format":false,"excerpt":"https:\/\/youtu.be\/DbOX51rnYg4?si=fPhkupwCq3Qi4sPp Ibtisam Muhyedd\u00een Y\u00fbsif, jina 25 sal\u00ee, pi\u015ft\u00ee ku ji ber nexwe\u015fiya pence\u015f\u00ear\u00ea ling\u00ea w\u00ea y\u00ea rast\u00ea qutkirin, heft meh bi \u00ea\u015f \u00fb dijwar\u00eeyan derbas kir. L\u00ea r\u00eaw\u00eetiya Ibtisam n\u00ee\u015fan da ku bi h\u00eav\u00ee, \u00eerade \u00fb al\u00eekariya rast, dikare jiyaneke n\u00fb destp\u00ea bike. Pi\u015ft\u00ee serdana navenda protez ya Heyva Sor\u2026","rel":"","context":"\u0641\u064a &quot;\u00c7\u00eerok&quot;","block_context":{"text":"\u00c7\u00eerok","link":"https:\/\/hskurd.org\/?cat=831&lang=ku"},"img":{"alt_text":"","src":"https:\/\/i0.wp.com\/hskurd.org\/wp-content\/uploads\/2025\/08\/IMG_6262-scaled.jpg?fit=1200%2C742&ssl=1&resize=350%2C200","width":350,"height":200,"srcset":"https:\/\/i0.wp.com\/hskurd.org\/wp-content\/uploads\/2025\/08\/IMG_6262-scaled.jpg?fit=1200%2C742&ssl=1&resize=350%2C200 1x, https:\/\/i0.wp.com\/hskurd.org\/wp-content\/uploads\/2025\/08\/IMG_6262-scaled.jpg?fit=1200%2C742&ssl=1&resize=525%2C300 1.5x, https:\/\/i0.wp.com\/hskurd.org\/wp-content\/uploads\/2025\/08\/IMG_6262-scaled.jpg?fit=1200%2C742&ssl=1&resize=700%2C400 2x, https:\/\/i0.wp.com\/hskurd.org\/wp-content\/uploads\/2025\/08\/IMG_6262-scaled.jpg?fit=1200%2C742&ssl=1&resize=1050%2C600 3x"},"classes":[]}],"jetpack_sharing_enabled":true,"_links":{"self":[{"href":"https:\/\/hskurd.org\/index.php?rest_route=\/wp\/v2\/posts\/7289","targetHints":{"allow":["GET"]}}],"collection":[{"href":"https:\/\/hskurd.org\/index.php?rest_route=\/wp\/v2\/posts"}],"about":[{"href":"https:\/\/hskurd.org\/index.php?rest_route=\/wp\/v2\/types\/post"}],"author":[{"embeddable":true,"href":"https:\/\/hskurd.org\/index.php?rest_route=\/wp\/v2\/users\/2"}],"replies":[{"embeddable":true,"href":"https:\/\/hskurd.org\/index.php?rest_route=%2Fwp%2Fv2%2Fcomments&post=7289"}],"version-history":[{"count":2,"href":"https:\/\/hskurd.org\/index.php?rest_route=\/wp\/v2\/posts\/7289\/revisions"}],"predecessor-version":[{"id":7291,"href":"https:\/\/hskurd.org\/index.php?rest_route=\/wp\/v2\/posts\/7289\/revisions\/7291"}],"wp:featuredmedia":[{"embeddable":true,"href":"https:\/\/hskurd.org\/index.php?rest_route=\/wp\/v2\/media\/7283"}],"wp:attachment":[{"href":"https:\/\/hskurd.org\/index.php?rest_route=%2Fwp%2Fv2%2Fmedia&parent=7289"}],"wp:term":[{"taxonomy":"category","embeddable":true,"href":"https:\/\/hskurd.org\/index.php?rest_route=%2Fwp%2Fv2%2Fcategories&post=7289"},{"taxonomy":"post_tag","embeddable":true,"href":"https:\/\/hskurd.org\/index.php?rest_route=%2Fwp%2Fv2%2Ftags&post=7289"}],"curies":[{"name":"wp","href":"https:\/\/api.w.org\/{rel}","templated":true}]}}