{"id":7255,"date":"2023-06-13T13:15:39","date_gmt":"2023-06-13T10:15:39","guid":{"rendered":"https:\/\/hskurd.org\/?p=7255"},"modified":"2023-06-13T13:15:39","modified_gmt":"2023-06-13T10:15:39","slug":"navenda-resid-li-reqa","status":"publish","type":"post","link":"https:\/\/hskurd.org\/?p=7255&lang=ku","title":{"rendered":"Navenda Re\u015f\u00eed li Reqa"},"content":{"rendered":"<div class=\"xdj266r x11i5rnm xat24cr x1mh8g0r x1vvkbs x126k92a\">\n<div dir=\"auto\">Li Navenda Re\u015f\u00eed li Reqa mehane n\u00eaz\u00ee 5000 Kes s\u00fbd\u00ea digirin.<\/div>\n<\/div>\n<div class=\"x11i5rnm xat24cr x1mh8g0r x1vvkbs xtlvy1s x126k92a\">\n<div dir=\"auto\">Li Navenda Re\u015f\u00eed li bajar\u00ea Reqay\u00ea 24 saetan xizmet\u00ean lezg\u00een \u00fb tenduristiy\u00ea p\u00ea\u015fk\u00ea\u015f dike, navenda Re\u015f\u00eed mehane 4500-5000 s\u00fbdmend hene.<\/div>\n<\/div>\n<div class=\"x11i5rnm xat24cr x1mh8g0r x1vvkbs xtlvy1s x126k92a\">\n<div dir=\"auto\">Ev l\u00ean\u00ear\u00een\u00ea s\u00ea kl\u00een\u00eek dihew\u00eene ( ya zarokan, ya jinan, ku j\u00fbreyek jidayikb\u00fbn\u00ea ya xwezay\u00ee heye, \u00fb ya hundur\u00een), ji bil\u00ee p\u00ea\u015fk\u00ea\u015fkirina anal\u00eezan di laboratuar\u00ea de, \u00fb derman\u00ean ji dermanxaney\u00ea, \u00fb du odey\u00ean ac\u00eel \u00fb j\u00fbreyek Sedm\u00ea hene.<\/div>\n<\/div>\n<div class=\"x11i5rnm xat24cr x1mh8g0r x1vvkbs xtlvy1s x126k92a\">\n<div dir=\"auto\">Li k\u00ealeka hem\u00fb van xizmetan di navenda Re\u015f\u00eed de xizmet\u00ean b\u00fbroya Parastin\u00ea \u00fb perwerdehiya tenduristiy\u00ea ya berdewam ji bo kes\u00ean serdan dikin p\u00ea\u015fk\u00ea\u015f dibe.<\/div>\n<\/div>\n<div class=\"x11i5rnm xat24cr x1mh8g0r x1vvkbs xtlvy1s x126k92a\">\n<div dir=\"auto\">Li derve j\u00ee, amb\u00fblans \u00fb awerte ku ji bo her qeza \u00fb ac\u00eelek\u00ee amade ye.<\/div>\n<\/div>\n<div dir=\"auto\">&nbsp;<\/div>\n<div dir=\"auto\">https:\/\/www.youtube.com\/watch?v=VTOqzt9GX1U<\/div>\n","protected":false},"excerpt":{"rendered":"<p>Li Navenda Re\u015f\u00eed li Reqa mehane n\u00eaz\u00ee 5000 Kes s\u00fbd\u00ea digirin. Li Navenda Re\u015f\u00eed li bajar\u00ea Reqay\u00ea 24 saetan xizmet\u00ean lezg\u00een \u00fb tenduristiy\u00ea p\u00ea\u015fk\u00ea\u015f dike, navenda Re\u015f\u00eed mehane 4500-5000 s\u00fbdmend hene. Ev l\u00ean\u00ear\u00een\u00ea s\u00ea kl\u00een\u00eek dihew\u00eene ( ya zarokan, ya jinan, ku j\u00fbreyek jidayikb\u00fbn\u00ea ya xwezay\u00ee heye, \u00fb ya hundur\u00een), ji bil\u00ee p\u00ea\u015fk\u00ea\u015fkirina anal\u00eezan di [&hellip;]<\/p>\n","protected":false},"author":2,"featured_media":7246,"comment_status":"open","ping_status":"open","sticky":false,"template":"","format":"standard","meta":{"give_campaign_id":0,"ngg_post_thumbnail":0,"jetpack_post_was_ever_published":false,"_jetpack_newsletter_access":"","_jetpack_dont_email_post_to_subs":false,"_jetpack_newsletter_tier_id":0,"_jetpack_memberships_contains_paywalled_content":false,"_jetpack_memberships_contains_paid_content":false,"footnotes":"","jetpack_publicize_message":"","jetpack_publicize_feature_enabled":true,"jetpack_social_post_already_shared":true,"jetpack_social_options":{"image_generator_settings":{"template":"highway","default_image_id":0,"font":"","enabled":false},"version":2},"_links_to":"","_links_to_target":""},"categories":[846],"tags":[1568],"class_list":["post-7255","post","type-post","status-publish","format-standard","has-post-thumbnail","hentry","category-tenduristi","tag-navenda_resid_li_reqa"],"jetpack_publicize_connections":[],"jetpack_featured_media_url":"https:\/\/i0.wp.com\/hskurd.org\/wp-content\/uploads\/2023\/06\/DSC_0009-scaled.webp?fit=2560%2C1707&ssl=1","jetpack-related-posts":[{"id":8697,"url":"https:\/\/hskurd.org\/?p=8697&lang=ku","url_meta":{"origin":7255,"position":0},"title":"Li her\u00eama Sebah El X\u00ear\u00ea navenda rew\u015f\u00ean awarte \u00fb lezg\u00een hat vekirin","author":"neruda","date":"1 \u0623\u0643\u062a\u0648\u0628\u0631\u060c 2024","format":false,"excerpt":"Di \u00e7ar\u00e7oveya berdewamiya hewldan\u00ean ji bo ba\u015ftirkirina xizmet\u00ean piz\u00ee\u015fk\u00ee \u00fb tenduristiy\u00ea, vekirina navendek n\u00fb ya lezg\u00een ji aliy\u00ea Heyva Sor a Kurd ve li devera Sebah El-X\u00ear, gaveke gir\u00eeng e ji bo bih\u00eazkirina bersiva piz\u00ee\u015fk\u00ee ya bilez li dever\u00ean ku p\u00eaw\u00eest\u0131ya wan b\u0131 van xizmet\u00ean heya. Ev navend li cihek\u00ee\u2026","rel":"","context":"\u0641\u064a &quot;Awarte&quot;","block_context":{"text":"Awarte","link":"https:\/\/hskurd.org\/?cat=848&lang=ku"},"img":{"alt_text":"","src":"https:\/\/i0.wp.com\/hskurd.org\/wp-content\/uploads\/2024\/09\/461113795_831525005809467_2368347656913464966_n.jpg?fit=1200%2C800&ssl=1&resize=350%2C200","width":350,"height":200,"srcset":"https:\/\/i0.wp.com\/hskurd.org\/wp-content\/uploads\/2024\/09\/461113795_831525005809467_2368347656913464966_n.jpg?fit=1200%2C800&ssl=1&resize=350%2C200 1x, https:\/\/i0.wp.com\/hskurd.org\/wp-content\/uploads\/2024\/09\/461113795_831525005809467_2368347656913464966_n.jpg?fit=1200%2C800&ssl=1&resize=525%2C300 1.5x, https:\/\/i0.wp.com\/hskurd.org\/wp-content\/uploads\/2024\/09\/461113795_831525005809467_2368347656913464966_n.jpg?fit=1200%2C800&ssl=1&resize=700%2C400 2x, https:\/\/i0.wp.com\/hskurd.org\/wp-content\/uploads\/2024\/09\/461113795_831525005809467_2368347656913464966_n.jpg?fit=1200%2C800&ssl=1&resize=1050%2C600 3x"},"classes":[]},{"id":8430,"url":"https:\/\/hskurd.org\/?p=8430&lang=ku","url_meta":{"origin":7255,"position":1},"title":"Xizmet\u00ean Navenda L\u00eanih\u00ear\u00eena Tenduristiya Seretay\u00ee ya Cirniy\u00ea","author":"neruda","date":"9 \u064a\u0648\u0646\u064a\u0648\u060c 2024","format":false,"excerpt":"https:\/\/www.youtube.com\/watch?v=0HUD6aaFaAU&t=2s Navenda Heyva Sor a Kurd ku xizmeta \u015f\u00eaniy\u00ean nav\u00e7eya El-Cerniye \u00fb 69 gund\u00ean derdora w\u00ea dike, yek ji aliy\u00ean ku xizmet\u00ean tenduristiy\u00ea y\u00ean seretay\u00ee y\u00ean ba\u015f p\u00ea\u015fk\u00ea\u015f dike, hejmara \u015f\u00eaniy\u00ean ku ji van xizmetguzariyan s\u00fbd werdigirin. N\u00eaz\u00eek\u00ee 43 hezar kes\u00ee ne, \u00fb rojane n\u00eaz\u00eek\u00ee 200 nexwe\u015f li be\u015f\u00ean cuda\u2026","rel":"","context":"\u0641\u064a &quot;Awarte&quot;","block_context":{"text":"Awarte","link":"https:\/\/hskurd.org\/?cat=848&lang=ku"},"img":{"alt_text":"","src":"https:\/\/i0.wp.com\/hskurd.org\/wp-content\/uploads\/2024\/06\/f-1.png?fit=773%2C432&ssl=1&resize=350%2C200","width":350,"height":200,"srcset":"https:\/\/i0.wp.com\/hskurd.org\/wp-content\/uploads\/2024\/06\/f-1.png?fit=773%2C432&ssl=1&resize=350%2C200 1x, https:\/\/i0.wp.com\/hskurd.org\/wp-content\/uploads\/2024\/06\/f-1.png?fit=773%2C432&ssl=1&resize=525%2C300 1.5x, https:\/\/i0.wp.com\/hskurd.org\/wp-content\/uploads\/2024\/06\/f-1.png?fit=773%2C432&ssl=1&resize=700%2C400 2x"},"classes":[]},{"id":5835,"url":"https:\/\/hskurd.org\/?p=5835&lang=ku","url_meta":{"origin":7255,"position":2},"title":"Navenda Minbic\u00ea m\u00eenakeke zind\u00ee ye di l\u00eaner\u00eena tenduristiy\u00ea ya seretay\u00ee de","author":"Sozdar","date":"29 \u062f\u064a\u0633\u0645\u0628\u0631\u060c 2021","format":false,"excerpt":"\u00a0 Xizmet\u00ean l\u00eaner\u00eena tendurist\u00ee ya seretay\u00ee li gor hewcedariy\u00ean kes, malbat \u00fb civakan ji bo \u00e7areserkirin \u00fb refahiya tendurist\u00ee di mil\u00ea la\u015f\u00ee, der\u00fbn\u00ee \u00fb civak\u00ee y\u00ean berfireh bi hev ve gir\u00eaday\u00ee ye, ku l\u00eaner\u00eena kesan bi gi\u015ft\u00ee \u00fb bi hem\u00fb hewcedariy\u00ean tenduristiy\u00ea di hem\u00fb jiyan\u00ea de, ne bi komek nexwe\u015fiy\u00ean\u2026","rel":"","context":"\u0641\u064a &quot;Ge\u015fep\u00eadan&quot;","block_context":{"text":"Ge\u015fep\u00eadan","link":"https:\/\/hskurd.org\/?cat=862&lang=ku"},"img":{"alt_text":"","src":"https:\/\/i0.wp.com\/hskurd.org\/wp-content\/uploads\/2021\/12\/952A1641-copy-2-scaled.jpg?fit=1200%2C800&ssl=1&resize=350%2C200","width":350,"height":200,"srcset":"https:\/\/i0.wp.com\/hskurd.org\/wp-content\/uploads\/2021\/12\/952A1641-copy-2-scaled.jpg?fit=1200%2C800&ssl=1&resize=350%2C200 1x, https:\/\/i0.wp.com\/hskurd.org\/wp-content\/uploads\/2021\/12\/952A1641-copy-2-scaled.jpg?fit=1200%2C800&ssl=1&resize=525%2C300 1.5x, https:\/\/i0.wp.com\/hskurd.org\/wp-content\/uploads\/2021\/12\/952A1641-copy-2-scaled.jpg?fit=1200%2C800&ssl=1&resize=700%2C400 2x, https:\/\/i0.wp.com\/hskurd.org\/wp-content\/uploads\/2021\/12\/952A1641-copy-2-scaled.jpg?fit=1200%2C800&ssl=1&resize=1050%2C600 3x"},"classes":[]},{"id":8493,"url":"https:\/\/hskurd.org\/?p=8493&lang=ku","url_meta":{"origin":7255,"position":3},"title":"Navenda Tendurist\u00ee  li bajarok\u00ea \u015eedad\u00ea","author":"neruda","date":"25 \u064a\u0648\u0644\u064a\u0648\u060c 2024","format":false,"excerpt":"\u00a0 Saziy\u00ean bij\u00eejk\u00ee di peydakirina l\u00eanih\u00ear\u00eena tendurist\u00ee ji civakan re rolek gir\u00eeng dil\u00eezin. Bi taybet\u00ee li her\u00eam\u00ean ku xizmet\u00ean bingeh\u00een li wan peyda nabin. Di v\u00ee war\u00ee de, R\u00eaxistina Heyva Sor a Kurd erkek\u00ee xurt n\u00ee\u015fan dide ji bo p\u00ea\u015fk\u00ea\u015fkirina xizmet\u00ean piz\u00ee\u015fk\u00ee \u00fb tenduristiy\u00ea ji ni\u015fteciy\u00ean Bakur \u00fb Rojhilat\u00ea S\u00fbriy\u00ea\u2026","rel":"","context":"\u0641\u064a &quot;Awarte&quot;","block_context":{"text":"Awarte","link":"https:\/\/hskurd.org\/?cat=848&lang=ku"},"img":{"alt_text":"","src":"https:\/\/i0.wp.com\/hskurd.org\/wp-content\/uploads\/2024\/07\/%D8%B4%D8%AF%D8%A7%D8%AF%D8%A9-%D8%A8.png?fit=1028%2C804&ssl=1&resize=350%2C200","width":350,"height":200,"srcset":"https:\/\/i0.wp.com\/hskurd.org\/wp-content\/uploads\/2024\/07\/%D8%B4%D8%AF%D8%A7%D8%AF%D8%A9-%D8%A8.png?fit=1028%2C804&ssl=1&resize=350%2C200 1x, https:\/\/i0.wp.com\/hskurd.org\/wp-content\/uploads\/2024\/07\/%D8%B4%D8%AF%D8%A7%D8%AF%D8%A9-%D8%A8.png?fit=1028%2C804&ssl=1&resize=525%2C300 1.5x, https:\/\/i0.wp.com\/hskurd.org\/wp-content\/uploads\/2024\/07\/%D8%B4%D8%AF%D8%A7%D8%AF%D8%A9-%D8%A8.png?fit=1028%2C804&ssl=1&resize=700%2C400 2x"},"classes":[]},{"id":8598,"url":"https:\/\/hskurd.org\/?p=8598&lang=ku","url_meta":{"origin":7255,"position":4},"title":"Xizmet\u00ean Navenda Tenduristiy\u00ea ya Li bajarok\u00ea Eb\u00fb Qelqel","author":"neruda","date":"21 \u0623\u063a\u0633\u0637\u0633\u060c 2024","format":false,"excerpt":"https:\/\/youtu.be\/HflYiAoeYqw Noqtey\u00ean bij\u00ee\u015fk\u00ee roleke gir\u00eeng di xurtkirina pakb\u00fbna l\u00eanih\u00ear\u00eena tenduristiy\u00ea \u00fb p\u00ea\u015fxistina kal\u00eeteya jiyan\u00ea de dil\u00eezin , di nav de Navenda L\u00eanih\u00ear\u00eena Tenduristiy\u00ea ya #Heyva_Sor_a_Kurd li bajarok\u00ea Eb\u00fb Qelqel ku tekane navenda her\u00eam\u00ea ye , al\u00eekariya lezg\u00een, dermankirina bingeh\u00een, l\u00eaner\u00eena dewr\u00ee p\u00ea\u015fk\u00ea\u015f\u00ee malbatan dike , ji bil\u00ee gelek xizmet\u00ean tendurist\u00ee\u2026","rel":"","context":"\u0641\u064a &quot;Parastin&quot;","block_context":{"text":"Parastin","link":"https:\/\/hskurd.org\/?cat=840&lang=ku"},"img":{"alt_text":"","src":"https:\/\/i0.wp.com\/hskurd.org\/wp-content\/uploads\/2024\/08\/%D8%A7%D8%A8%D9%88-%D9%82%D9%84%D9%82%D9%84.png?fit=1200%2C625&ssl=1&resize=350%2C200","width":350,"height":200,"srcset":"https:\/\/i0.wp.com\/hskurd.org\/wp-content\/uploads\/2024\/08\/%D8%A7%D8%A8%D9%88-%D9%82%D9%84%D9%82%D9%84.png?fit=1200%2C625&ssl=1&resize=350%2C200 1x, https:\/\/i0.wp.com\/hskurd.org\/wp-content\/uploads\/2024\/08\/%D8%A7%D8%A8%D9%88-%D9%82%D9%84%D9%82%D9%84.png?fit=1200%2C625&ssl=1&resize=525%2C300 1.5x, https:\/\/i0.wp.com\/hskurd.org\/wp-content\/uploads\/2024\/08\/%D8%A7%D8%A8%D9%88-%D9%82%D9%84%D9%82%D9%84.png?fit=1200%2C625&ssl=1&resize=700%2C400 2x, https:\/\/i0.wp.com\/hskurd.org\/wp-content\/uploads\/2024\/08\/%D8%A7%D8%A8%D9%88-%D9%82%D9%84%D9%82%D9%84.png?fit=1200%2C625&ssl=1&resize=1050%2C600 3x"},"classes":[]},{"id":627,"url":"https:\/\/hskurd.org\/?p=627&lang=ku","url_meta":{"origin":7255,"position":5},"title":"Heyva sor a kurd li \u015f\u00earawel","author":"heyvasorakurd","date":"23 \u0623\u0628\u0631\u064a\u0644\u060c 2017","format":false,"excerpt":"\u015e\u00earewe her\u00eamek ji her\u00eam\u00ean y\u00ea ku heyva sor akurd ji aliy\u00ea tendirust\u00ee din\u00fbxm\u00eene , t\u00ea de hem\u00fb navend \u00fb xal\u00ean tendirust\u00ee hat avakirin weke\u00a0 Navenda Berad\u00ea ya tendirust\u00ee : ev navend di 10.8.2015'an de hatib\u00fb vekirin ,t\u00ea de s\u00ea bij\u00ee\u015fk \u00fb al\u00eekarek di roj\u00ean \u00a0( \u015eem\u00ee , D\u00fb\u015fem \u00fb p\u00eac\u015fem\u2026","rel":"","context":"\u0641\u064a &quot;b\u00ea kategoriyan&quot;","block_context":{"text":"b\u00ea kategoriyan","link":"https:\/\/hskurd.org\/?cat=85&lang=ku"},"img":{"alt_text":"","src":"https:\/\/i0.wp.com\/hskurd.org\/wp-content\/uploads\/2017\/04\/1-2.jpg?fit=800%2C480&ssl=1&resize=350%2C200","width":350,"height":200,"srcset":"https:\/\/i0.wp.com\/hskurd.org\/wp-content\/uploads\/2017\/04\/1-2.jpg?fit=800%2C480&ssl=1&resize=350%2C200 1x, https:\/\/i0.wp.com\/hskurd.org\/wp-content\/uploads\/2017\/04\/1-2.jpg?fit=800%2C480&ssl=1&resize=525%2C300 1.5x, https:\/\/i0.wp.com\/hskurd.org\/wp-content\/uploads\/2017\/04\/1-2.jpg?fit=800%2C480&ssl=1&resize=700%2C400 2x"},"classes":[]}],"jetpack_sharing_enabled":true,"_links":{"self":[{"href":"https:\/\/hskurd.org\/index.php?rest_route=\/wp\/v2\/posts\/7255","targetHints":{"allow":["GET"]}}],"collection":[{"href":"https:\/\/hskurd.org\/index.php?rest_route=\/wp\/v2\/posts"}],"about":[{"href":"https:\/\/hskurd.org\/index.php?rest_route=\/wp\/v2\/types\/post"}],"author":[{"embeddable":true,"href":"https:\/\/hskurd.org\/index.php?rest_route=\/wp\/v2\/users\/2"}],"replies":[{"embeddable":true,"href":"https:\/\/hskurd.org\/index.php?rest_route=%2Fwp%2Fv2%2Fcomments&post=7255"}],"version-history":[{"count":1,"href":"https:\/\/hskurd.org\/index.php?rest_route=\/wp\/v2\/posts\/7255\/revisions"}],"predecessor-version":[{"id":7256,"href":"https:\/\/hskurd.org\/index.php?rest_route=\/wp\/v2\/posts\/7255\/revisions\/7256"}],"wp:featuredmedia":[{"embeddable":true,"href":"https:\/\/hskurd.org\/index.php?rest_route=\/wp\/v2\/media\/7246"}],"wp:attachment":[{"href":"https:\/\/hskurd.org\/index.php?rest_route=%2Fwp%2Fv2%2Fmedia&parent=7255"}],"wp:term":[{"taxonomy":"category","embeddable":true,"href":"https:\/\/hskurd.org\/index.php?rest_route=%2Fwp%2Fv2%2Fcategories&post=7255"},{"taxonomy":"post_tag","embeddable":true,"href":"https:\/\/hskurd.org\/index.php?rest_route=%2Fwp%2Fv2%2Ftags&post=7255"}],"curies":[{"name":"wp","href":"https:\/\/api.w.org\/{rel}","templated":true}]}}