{"id":7195,"date":"2023-05-04T14:49:32","date_gmt":"2023-05-04T11:49:32","guid":{"rendered":"https:\/\/hskurd.org\/?p=7195"},"modified":"2023-05-04T14:49:32","modified_gmt":"2023-05-04T11:49:32","slug":"kampanyeke-paqijiye-li-bakur-u-rojhilate-suriye","status":"publish","type":"post","link":"https:\/\/hskurd.org\/?p=7195&lang=ku","title":{"rendered":"kampanyeke paqijiy\u00ea li Bakur \u00fb Rojhilat\u00ea Suriy\u00ea"},"content":{"rendered":"<div dir=\"auto\">Bi boneya roja kedkaran a c\u00eehan\u00ee \u00fb di bin duri\u015fmeya &#8221;Bi rih\u00ea kedkar\u00ean Gulan\u00ea em \u00ea bajar\u00ean xwe paqij bih\u00ealin&#8221; Kom\u00eeteya Jin a Heyva Sor a Kurd \u00eero S\u00ea\u015fem\u00ea kampaniya paqijkirin\u00ea li kolan\u00ean bajar\u00ean (Qami\u015flo &#8211; Hesek\u00ea &#8211; D\u00eairk &#8211; Minbic &#8211; Reqa) bi hevkariya Desteya \u015earedariyan p\u00eakan\u00ee ,armanca v\u00ea kampaniy\u00ea ku keda karker\u00ean paqijiy\u00ea bidin xwuyakirin \u00fb te\u015fw\u00eeqkirina gel li ser parastina paqijiya bajar\u00ean xwe.<\/div>\n<div dir=\"auto\"><a class=\"x1i10hfl xjbqb8w x6umtig x1b1mbwd xaqea5y xav7gou x9f619 x1ypdohk xt0psk2 xe8uvvx xdj266r x11i5rnm xat24cr x1mh8g0r xexx8yu x4uap5 x18d9i69 xkhd6sd x16tdsg8 x1hl2dhg xggy1nq x1a2a7pz xt0b8zv x1qq9wsj xo1l8bm\" tabindex=\"0\" role=\"link\" href=\"https:\/\/www.facebook.com\/hashtag\/heyva_sor_akurd?__eep__=6&amp;__cft__[0]=AZWJ_v2MIEw45eGPtAOIMjjhxK8jisXmD_odnbh9cXDYFhUF2dO1k-1q-2_1c2dJHiOVTkByAElXCZWyyvpzBr8dsmt0zCR-08dDKP-2vl1RReXdvkNnI0k00LjJ9p69h2w5FmDYbTfnR0vWK9fmqM-CPJ24ntEOWJ1JMy_uWYyWfcpG1tlsrqiqODpcooNamMA&amp;__tn__=*NK-R\">#Heyva_Sor_akurd<\/a><\/div>\n<div dir=\"auto\">&nbsp;<\/div>\n<div dir=\"auto\"><img data-recalc-dims=\"1\" loading=\"lazy\" decoding=\"async\" data-attachment-id=\"7190\" data-permalink=\"https:\/\/hskurd.org\/?attachment_id=7190\" data-orig-file=\"https:\/\/i0.wp.com\/hskurd.org\/wp-content\/uploads\/2023\/05\/952A6290-scaled.jpg?fit=2560%2C1707&amp;ssl=1\" data-orig-size=\"2560,1707\" data-comments-opened=\"0\" data-image-meta=\"{&quot;aperture&quot;:&quot;10&quot;,&quot;credit&quot;:&quot;&quot;,&quot;camera&quot;:&quot;Canon EOS 5D Mark III&quot;,&quot;caption&quot;:&quot;&quot;,&quot;created_timestamp&quot;:&quot;1683019141&quot;,&quot;copyright&quot;:&quot;&quot;,&quot;focal_length&quot;:&quot;24&quot;,&quot;iso&quot;:&quot;100&quot;,&quot;shutter_speed&quot;:&quot;0.005&quot;,&quot;title&quot;:&quot;&quot;,&quot;orientation&quot;:&quot;1&quot;}\" data-image-title=\"952A6290\" data-image-description=\"\" data-image-caption=\"\" data-medium-file=\"https:\/\/i0.wp.com\/hskurd.org\/wp-content\/uploads\/2023\/05\/952A6290-scaled.jpg?fit=300%2C200&amp;ssl=1\" data-large-file=\"https:\/\/i0.wp.com\/hskurd.org\/wp-content\/uploads\/2023\/05\/952A6290-scaled.jpg?fit=1030%2C687&amp;ssl=1\" class=\"alignnone size-medium wp-image-7190\" src=\"https:\/\/i0.wp.com\/hskurd.org\/wp-content\/uploads\/2023\/05\/952A6290-300x200.jpg?resize=300%2C200\" alt=\"\" width=\"300\" height=\"200\" srcset=\"https:\/\/i0.wp.com\/hskurd.org\/wp-content\/uploads\/2023\/05\/952A6290-scaled.jpg?resize=300%2C200&amp;ssl=1 300w, https:\/\/i0.wp.com\/hskurd.org\/wp-content\/uploads\/2023\/05\/952A6290-scaled.jpg?resize=1030%2C687&amp;ssl=1 1030w, https:\/\/i0.wp.com\/hskurd.org\/wp-content\/uploads\/2023\/05\/952A6290-scaled.jpg?resize=768%2C512&amp;ssl=1 768w, https:\/\/i0.wp.com\/hskurd.org\/wp-content\/uploads\/2023\/05\/952A6290-scaled.jpg?resize=1536%2C1024&amp;ssl=1 1536w\" sizes=\"auto, (max-width: 300px) 100vw, 300px\" \/> <img data-recalc-dims=\"1\" loading=\"lazy\" decoding=\"async\" data-attachment-id=\"7189\" data-permalink=\"https:\/\/hskurd.org\/?attachment_id=7189\" data-orig-file=\"https:\/\/i0.wp.com\/hskurd.org\/wp-content\/uploads\/2023\/05\/952A6234-scaled.jpg?fit=2560%2C1707&amp;ssl=1\" data-orig-size=\"2560,1707\" data-comments-opened=\"0\" data-image-meta=\"{&quot;aperture&quot;:&quot;8&quot;,&quot;credit&quot;:&quot;&quot;,&quot;camera&quot;:&quot;Canon EOS 5D Mark III&quot;,&quot;caption&quot;:&quot;&quot;,&quot;created_timestamp&quot;:&quot;1683018403&quot;,&quot;copyright&quot;:&quot;&quot;,&quot;focal_length&quot;:&quot;92&quot;,&quot;iso&quot;:&quot;100&quot;,&quot;shutter_speed&quot;:&quot;0.003125&quot;,&quot;title&quot;:&quot;&quot;,&quot;orientation&quot;:&quot;1&quot;}\" data-image-title=\"952A6234\" data-image-description=\"\" data-image-caption=\"\" data-medium-file=\"https:\/\/i0.wp.com\/hskurd.org\/wp-content\/uploads\/2023\/05\/952A6234-scaled.jpg?fit=300%2C200&amp;ssl=1\" data-large-file=\"https:\/\/i0.wp.com\/hskurd.org\/wp-content\/uploads\/2023\/05\/952A6234-scaled.jpg?fit=1030%2C687&amp;ssl=1\" class=\"alignnone size-medium wp-image-7189\" src=\"https:\/\/i0.wp.com\/hskurd.org\/wp-content\/uploads\/2023\/05\/952A6234-300x200.jpg?resize=300%2C200\" alt=\"\" width=\"300\" height=\"200\" srcset=\"https:\/\/i0.wp.com\/hskurd.org\/wp-content\/uploads\/2023\/05\/952A6234-scaled.jpg?resize=300%2C200&amp;ssl=1 300w, https:\/\/i0.wp.com\/hskurd.org\/wp-content\/uploads\/2023\/05\/952A6234-scaled.jpg?resize=1030%2C687&amp;ssl=1 1030w, https:\/\/i0.wp.com\/hskurd.org\/wp-content\/uploads\/2023\/05\/952A6234-scaled.jpg?resize=768%2C512&amp;ssl=1 768w, https:\/\/i0.wp.com\/hskurd.org\/wp-content\/uploads\/2023\/05\/952A6234-scaled.jpg?resize=1536%2C1024&amp;ssl=1 1536w\" sizes=\"auto, (max-width: 300px) 100vw, 300px\" \/> <img data-recalc-dims=\"1\" loading=\"lazy\" decoding=\"async\" data-attachment-id=\"7188\" data-permalink=\"https:\/\/hskurd.org\/?attachment_id=7188\" data-orig-file=\"https:\/\/i0.wp.com\/hskurd.org\/wp-content\/uploads\/2023\/05\/952A6227-scaled.jpg?fit=2560%2C1707&amp;ssl=1\" data-orig-size=\"2560,1707\" data-comments-opened=\"0\" data-image-meta=\"{&quot;aperture&quot;:&quot;7.1&quot;,&quot;credit&quot;:&quot;&quot;,&quot;camera&quot;:&quot;Canon EOS 5D Mark III&quot;,&quot;caption&quot;:&quot;&quot;,&quot;created_timestamp&quot;:&quot;1683018339&quot;,&quot;copyright&quot;:&quot;&quot;,&quot;focal_length&quot;:&quot;105&quot;,&quot;iso&quot;:&quot;100&quot;,&quot;shutter_speed&quot;:&quot;0.003125&quot;,&quot;title&quot;:&quot;&quot;,&quot;orientation&quot;:&quot;1&quot;}\" data-image-title=\"952A6227\" data-image-description=\"\" data-image-caption=\"\" data-medium-file=\"https:\/\/i0.wp.com\/hskurd.org\/wp-content\/uploads\/2023\/05\/952A6227-scaled.jpg?fit=300%2C200&amp;ssl=1\" data-large-file=\"https:\/\/i0.wp.com\/hskurd.org\/wp-content\/uploads\/2023\/05\/952A6227-scaled.jpg?fit=1030%2C687&amp;ssl=1\" class=\"alignnone size-medium wp-image-7188\" src=\"https:\/\/i0.wp.com\/hskurd.org\/wp-content\/uploads\/2023\/05\/952A6227-300x200.jpg?resize=300%2C200\" alt=\"\" width=\"300\" height=\"200\" srcset=\"https:\/\/i0.wp.com\/hskurd.org\/wp-content\/uploads\/2023\/05\/952A6227-scaled.jpg?resize=300%2C200&amp;ssl=1 300w, https:\/\/i0.wp.com\/hskurd.org\/wp-content\/uploads\/2023\/05\/952A6227-scaled.jpg?resize=1030%2C687&amp;ssl=1 1030w, https:\/\/i0.wp.com\/hskurd.org\/wp-content\/uploads\/2023\/05\/952A6227-scaled.jpg?resize=768%2C512&amp;ssl=1 768w, https:\/\/i0.wp.com\/hskurd.org\/wp-content\/uploads\/2023\/05\/952A6227-scaled.jpg?resize=1536%2C1024&amp;ssl=1 1536w\" sizes=\"auto, (max-width: 300px) 100vw, 300px\" \/><\/div>\n","protected":false},"excerpt":{"rendered":"<p>Bi boneya roja kedkaran a c\u00eehan\u00ee \u00fb di bin duri\u015fmeya &#8221;Bi rih\u00ea kedkar\u00ean Gulan\u00ea em \u00ea bajar\u00ean xwe paqij bih\u00ealin&#8221; Kom\u00eeteya Jin a Heyva Sor a Kurd \u00eero S\u00ea\u015fem\u00ea kampaniya paqijkirin\u00ea li kolan\u00ean bajar\u00ean (Qami\u015flo &#8211; Hesek\u00ea &#8211; D\u00eairk &#8211; Minbic &#8211; Reqa) bi hevkariya Desteya \u015earedariyan p\u00eakan\u00ee ,armanca v\u00ea kampaniy\u00ea ku keda karker\u00ean paqijiy\u00ea [&hellip;]<\/p>\n","protected":false},"author":3,"featured_media":7187,"comment_status":"open","ping_status":"open","sticky":false,"template":"","format":"standard","meta":{"give_campaign_id":0,"ngg_post_thumbnail":0,"jetpack_post_was_ever_published":false,"_jetpack_newsletter_access":"","_jetpack_dont_email_post_to_subs":false,"_jetpack_newsletter_tier_id":0,"_jetpack_memberships_contains_paywalled_content":false,"_jetpack_memberships_contains_paid_content":false,"footnotes":"","jetpack_publicize_message":"","jetpack_publicize_feature_enabled":true,"jetpack_social_post_already_shared":true,"jetpack_social_options":{"image_generator_settings":{"template":"highway","default_image_id":0,"font":"","enabled":false},"version":2},"_links_to":"","_links_to_target":""},"categories":[855,831,862],"tags":[1552],"class_list":["post-7195","post","type-post","status-publish","format-standard","has-post-thumbnail","hentry","category-bese-wash","category-cirok","category-gesepedan","tag-qomita_jin"],"jetpack_publicize_connections":[],"jetpack_featured_media_url":"https:\/\/i0.wp.com\/hskurd.org\/wp-content\/uploads\/2023\/05\/952A6327-scaled.jpg?fit=2560%2C1707&ssl=1","jetpack-related-posts":[{"id":10484,"url":"https:\/\/hskurd.org\/?p=10484&lang=ku","url_meta":{"origin":7195,"position":0},"title":"belavlkirina \u015fir\u00ea zarokan li ser malbat\u00ean penaber ji Efr\u00een \u015eehbay\u00ea","author":"neruda","date":"5 \u064a\u0646\u0627\u064a\u0631\u060c 2025","format":false,"excerpt":"Peydakirina \u015f\u00eer\u00ea zarokan di dema kir\u00eez\u00ean mirov\u00ee de mijareke gir\u00eeng e \u00fb p\u00eaw\u00eestiya w\u00ea bi baldariyeke taybet heye, ji ber ku b\u00eatir\u00ee xwe bandor\u00ea li ser tendurist\u00ee \u00fb mezinbuna zarokan dike. Rew\u015fa dijwar a ku ko\u00e7ber jiyan dikin, bandorek ney\u00een\u00ee li kar\u00eena dayikan di peydakirina p\u00eadiviy\u00ean bingeh\u00een \u00ean xwarin\u00ea y\u00ean\u2026","rel":"","context":"\u0641\u064a &quot;Perwerdehiya tendurist\u00ee&quot;","block_context":{"text":"Perwerdehiya tendurist\u00ee","link":"https:\/\/hskurd.org\/?cat=844&lang=ku"},"img":{"alt_text":"","src":"https:\/\/i0.wp.com\/hskurd.org\/wp-content\/uploads\/2025\/01\/5dece72f-435d-4f9c-995b-a43b1f14d820.jpg?fit=1200%2C900&ssl=1&resize=350%2C200","width":350,"height":200,"srcset":"https:\/\/i0.wp.com\/hskurd.org\/wp-content\/uploads\/2025\/01\/5dece72f-435d-4f9c-995b-a43b1f14d820.jpg?fit=1200%2C900&ssl=1&resize=350%2C200 1x, https:\/\/i0.wp.com\/hskurd.org\/wp-content\/uploads\/2025\/01\/5dece72f-435d-4f9c-995b-a43b1f14d820.jpg?fit=1200%2C900&ssl=1&resize=525%2C300 1.5x, https:\/\/i0.wp.com\/hskurd.org\/wp-content\/uploads\/2025\/01\/5dece72f-435d-4f9c-995b-a43b1f14d820.jpg?fit=1200%2C900&ssl=1&resize=700%2C400 2x, https:\/\/i0.wp.com\/hskurd.org\/wp-content\/uploads\/2025\/01\/5dece72f-435d-4f9c-995b-a43b1f14d820.jpg?fit=1200%2C900&ssl=1&resize=1050%2C600 3x"},"classes":[]},{"id":8845,"url":"https:\/\/hskurd.org\/?p=8845&lang=ku","url_meta":{"origin":7195,"position":1},"title":"penaberiya ji Lubnan\u00ea ber bi her\u00eama \u015eehbay\u00ea ve, zordariyeke n\u00fb li zordariy\u00ean penaberiy\u00ea \u00fb ko\u00e7beriy\u00ea y\u00ean kevin z\u00eade dike","author":"neruda","date":"24 \u0623\u0643\u062a\u0648\u0628\u0631\u060c 2024","format":false,"excerpt":"Rew\u015fa penaberiya ji Lubnan\u00ea ber bi her\u00eama \u015eehbay\u00ea ve, zordariyeke n\u00fb li zordariy\u00ean penaberiy\u00ea \u00fb ko\u00e7beriy\u00ea y\u00ean kevin z\u00eade dike. Gelek kes ji wan b\u00fbne \u015fahid\u00ean heman senaryoy\u00ea ku ber\u00ea di encama dagirkeriya Tirkiy\u00ea de ne\u00e7ar man ji bajar\u00ea Efr\u00een\u00ea dekevin , ku pa\u015f\u00ea xwe di kamp\u00ean li bajar\u00ean wek\u00ee\u2026","rel":"","context":"\u0641\u064a &quot;\u00c7\u00eerok&quot;","block_context":{"text":"\u00c7\u00eerok","link":"https:\/\/hskurd.org\/?cat=831&lang=ku"},"img":{"alt_text":"","src":"https:\/\/i0.wp.com\/hskurd.org\/wp-content\/uploads\/2024\/10\/464067460_850832190545415_6507049548074775190_n.jpg?fit=1200%2C800&ssl=1&resize=350%2C200","width":350,"height":200,"srcset":"https:\/\/i0.wp.com\/hskurd.org\/wp-content\/uploads\/2024\/10\/464067460_850832190545415_6507049548074775190_n.jpg?fit=1200%2C800&ssl=1&resize=350%2C200 1x, https:\/\/i0.wp.com\/hskurd.org\/wp-content\/uploads\/2024\/10\/464067460_850832190545415_6507049548074775190_n.jpg?fit=1200%2C800&ssl=1&resize=525%2C300 1.5x, https:\/\/i0.wp.com\/hskurd.org\/wp-content\/uploads\/2024\/10\/464067460_850832190545415_6507049548074775190_n.jpg?fit=1200%2C800&ssl=1&resize=700%2C400 2x, https:\/\/i0.wp.com\/hskurd.org\/wp-content\/uploads\/2024\/10\/464067460_850832190545415_6507049548074775190_n.jpg?fit=1200%2C800&ssl=1&resize=1050%2C600 3x"},"classes":[]},{"id":12753,"url":"https:\/\/hskurd.org\/?p=12753&lang=ku","url_meta":{"origin":7195,"position":2},"title":"P\u00ea\u015fvebirina paqijiy\u00ea li stargehan: Heyva Sor a Kurd pi\u015ftgiriya xwe ji bo kes\u00ean ko\u00e7ber berdewam dike.","author":"user55","date":"27 \u0623\u0628\u0631\u064a\u0644\u060c 2026","format":false,"excerpt":"https:\/\/youtube.com\/shorts\/GkDMgDWlYKA?si=ZBzuDYG_6sWyt0f8 Bi armanca avakirina haw\u00eerdor\u00eak tendurist \u00fb ewle di nav stargeh\u00ean demk\u00ee de, t\u00eema WASH ya Heyva Sor a Kurd bi hevkariya Mecl\u00eesa Ko\u00e7ber\u00ean Efr\u00een\u00ea, 8 stargeh\u00ean bi am\u00fbr \u00fb malzemey\u00ean paqijiy\u00ea \u00fb \u00e7op\u00ea p\u00ea\u015fk\u00ea\u015f kir.","rel":"","context":"\u0641\u064a &quot;Al\u00eekar\u00ee&quot;","block_context":{"text":"Al\u00eekar\u00ee","link":"https:\/\/hskurd.org\/?cat=2169&lang=ku"},"img":{"alt_text":"","src":"https:\/\/i0.wp.com\/img.youtube.com\/vi\/\/0.jpg?resize=350%2C200","width":350,"height":200},"classes":[]},{"id":1047,"url":"https:\/\/hskurd.org\/?p=1047&lang=ku","url_meta":{"origin":7195,"position":3},"title":"Di kampaniya em Ba\u015f\u00fbr \u00fb Rojhilat bi ten\u00ea nah\u00ealin Gel\u00ea Rojava 129200$ p\u00ea\u015fk\u00ea\u015fkir","author":"heyvasorakurd","date":"25 \u062f\u064a\u0633\u0645\u0628\u0631\u060c 2017","format":false,"excerpt":"Di 12 heyva 11 an 2017 de, erdhej\u00eeneke mezin li rojhilat \u00fb ba\u015f\u00fbr\u00ea kurdistan\u00ea r\u00fb da \u00fb b\u00fb sedem ku bi sedan welat\u00ee ji van her\u00eaman jiyana xwe ji dest bidin \u00fb gelek avah\u00ee bi awayeke gi\u015ft\u00ee\u00a0 yan n\u00eav\u00e7\u00ee tevl\u00ee bingeh\u00ean jiyan\u00ee \u00fb c\u0131h\u00ean x\u0131zmetguzar\u0131y\u00ea\u00a0 di her\u00eam\u00ea de wer\u0131n hilwe\u015fandin\u2026","rel":"","context":"\u0641\u064a &quot;b\u00ea kategoriyan&quot;","block_context":{"text":"b\u00ea kategoriyan","link":"https:\/\/hskurd.org\/?cat=85&lang=ku"},"img":{"alt_text":"","src":"https:\/\/i0.wp.com\/hskurd.org\/wp-content\/uploads\/2017\/12\/IMG-20171222-WA0003-1.jpg?fit=960%2C540&ssl=1&resize=350%2C200","width":350,"height":200,"srcset":"https:\/\/i0.wp.com\/hskurd.org\/wp-content\/uploads\/2017\/12\/IMG-20171222-WA0003-1.jpg?fit=960%2C540&ssl=1&resize=350%2C200 1x, https:\/\/i0.wp.com\/hskurd.org\/wp-content\/uploads\/2017\/12\/IMG-20171222-WA0003-1.jpg?fit=960%2C540&ssl=1&resize=525%2C300 1.5x, https:\/\/i0.wp.com\/hskurd.org\/wp-content\/uploads\/2017\/12\/IMG-20171222-WA0003-1.jpg?fit=960%2C540&ssl=1&resize=700%2C400 2x"},"classes":[]},{"id":7294,"url":"https:\/\/hskurd.org\/?p=7294&lang=ku","url_meta":{"origin":7195,"position":4},"title":"Bi armanca belavkirina \u015fah\u00ee \u00fb k\u00eafxwe\u015fiy\u00ea","author":"heyvasorakurd","date":"18 \u064a\u0648\u0644\u064a\u0648\u060c 2023","format":false,"excerpt":"Bi armanca belavkirina \u015fah\u00ee \u00fb k\u00eafxwe\u015fiy\u00ea di dil\u00ea zarokan de \u00fb x\u00eazk\u0131r\u0131na ken li ser r\u00fby\u00ean wan, Heyva Sor a Kurd bi pi\u015ftevaniya R\u00eaxistina Parw\u00een \u00fb bi al\u00eekar\u0131ya Kom\u00eeteya \u015el\u00ear a Zarokan komek diyar\u00ee \u00fb l\u00eestik p\u00ea\u015fk\u00ea\u015f kirin. , ji bil\u00ee p\u00ea\u015fk\u00ea\u015fkirina vexwarin \u00fb \u015f\u00earan\u0131y\u00ea l\u0131 h\u0131jmareke zarok\u00ean ku temen\u00ea\u2026","rel":"","context":"\u0641\u064a &quot;Pi\u015ftgirya pskolog\u00eek&quot;","block_context":{"text":"Pi\u015ftgirya pskolog\u00eek","link":"https:\/\/hskurd.org\/?cat=1486&lang=ku"},"img":{"alt_text":"","src":"https:\/\/i0.wp.com\/hskurd.org\/wp-content\/uploads\/2023\/07\/952A8415-scaled.webp?fit=1200%2C800&ssl=1&resize=350%2C200","width":350,"height":200,"srcset":"https:\/\/i0.wp.com\/hskurd.org\/wp-content\/uploads\/2023\/07\/952A8415-scaled.webp?fit=1200%2C800&ssl=1&resize=350%2C200 1x, https:\/\/i0.wp.com\/hskurd.org\/wp-content\/uploads\/2023\/07\/952A8415-scaled.webp?fit=1200%2C800&ssl=1&resize=525%2C300 1.5x, https:\/\/i0.wp.com\/hskurd.org\/wp-content\/uploads\/2023\/07\/952A8415-scaled.webp?fit=1200%2C800&ssl=1&resize=700%2C400 2x, https:\/\/i0.wp.com\/hskurd.org\/wp-content\/uploads\/2023\/07\/952A8415-scaled.webp?fit=1200%2C800&ssl=1&resize=1050%2C600 3x"},"classes":[]},{"id":6197,"url":"https:\/\/hskurd.org\/?p=6197&lang=ku","url_meta":{"origin":7195,"position":5},"title":"Al\u00eekariya B\u00ea S\u00eenor Asoy\u00ean w\u00ea berdewamin","author":"Sozdar","date":"19 \u0645\u0627\u064a\u0648\u060c 2022","format":false,"excerpt":"Wek pi\u015ftgiriyek\u00ea ji bo peydekirina nan li her\u00eam\u00ea \u00fb bi armanca sivikrina bar\u00ea firina, Heyva Sor a Kurd bi al\u00eekariya r\u00eaveberiya Aboriya Bakur rojhilat\u00ea S\u00fbriy\u00ea 300 ton genim radest\u00ee r\u00eaveberiya a\u015fan\u00a0 li bajar\u00ean(D\u00ear\u00eek-Qami\u015flo, Hesek\u00ea, Reqa \u00fb D\u00earezor\u00ea) kir. \u00a0 \u00a0 \u00a0 \u00a0 \u00a0 \u00a0 \u00a0 \u00a0 \u00a0 \u00a0 \u00a0","rel":"","context":"\u0641\u064a &quot;Ge\u015fep\u00eadan&quot;","block_context":{"text":"Ge\u015fep\u00eadan","link":"https:\/\/hskurd.org\/?cat=862&lang=ku"},"img":{"alt_text":"","src":"https:\/\/i0.wp.com\/hskurd.org\/wp-content\/uploads\/2022\/05\/952A6323-scaled.jpg?fit=1200%2C800&ssl=1&resize=350%2C200","width":350,"height":200,"srcset":"https:\/\/i0.wp.com\/hskurd.org\/wp-content\/uploads\/2022\/05\/952A6323-scaled.jpg?fit=1200%2C800&ssl=1&resize=350%2C200 1x, https:\/\/i0.wp.com\/hskurd.org\/wp-content\/uploads\/2022\/05\/952A6323-scaled.jpg?fit=1200%2C800&ssl=1&resize=525%2C300 1.5x, https:\/\/i0.wp.com\/hskurd.org\/wp-content\/uploads\/2022\/05\/952A6323-scaled.jpg?fit=1200%2C800&ssl=1&resize=700%2C400 2x, https:\/\/i0.wp.com\/hskurd.org\/wp-content\/uploads\/2022\/05\/952A6323-scaled.jpg?fit=1200%2C800&ssl=1&resize=1050%2C600 3x"},"classes":[]}],"jetpack_sharing_enabled":true,"_links":{"self":[{"href":"https:\/\/hskurd.org\/index.php?rest_route=\/wp\/v2\/posts\/7195","targetHints":{"allow":["GET"]}}],"collection":[{"href":"https:\/\/hskurd.org\/index.php?rest_route=\/wp\/v2\/posts"}],"about":[{"href":"https:\/\/hskurd.org\/index.php?rest_route=\/wp\/v2\/types\/post"}],"author":[{"embeddable":true,"href":"https:\/\/hskurd.org\/index.php?rest_route=\/wp\/v2\/users\/3"}],"replies":[{"embeddable":true,"href":"https:\/\/hskurd.org\/index.php?rest_route=%2Fwp%2Fv2%2Fcomments&post=7195"}],"version-history":[{"count":2,"href":"https:\/\/hskurd.org\/index.php?rest_route=\/wp\/v2\/posts\/7195\/revisions"}],"predecessor-version":[{"id":7200,"href":"https:\/\/hskurd.org\/index.php?rest_route=\/wp\/v2\/posts\/7195\/revisions\/7200"}],"wp:featuredmedia":[{"embeddable":true,"href":"https:\/\/hskurd.org\/index.php?rest_route=\/wp\/v2\/media\/7187"}],"wp:attachment":[{"href":"https:\/\/hskurd.org\/index.php?rest_route=%2Fwp%2Fv2%2Fmedia&parent=7195"}],"wp:term":[{"taxonomy":"category","embeddable":true,"href":"https:\/\/hskurd.org\/index.php?rest_route=%2Fwp%2Fv2%2Fcategories&post=7195"},{"taxonomy":"post_tag","embeddable":true,"href":"https:\/\/hskurd.org\/index.php?rest_route=%2Fwp%2Fv2%2Ftags&post=7195"}],"curies":[{"name":"wp","href":"https:\/\/api.w.org\/{rel}","templated":true}]}}