{"id":7179,"date":"2023-04-26T12:23:09","date_gmt":"2023-04-26T09:23:09","guid":{"rendered":"https:\/\/hskurd.org\/?p=7179"},"modified":"2023-04-26T12:23:09","modified_gmt":"2023-04-26T09:23:09","slug":"kampanya-bersiva-heviye-di-dayina-we-de-ye-berdewam-e","status":"publish","type":"post","link":"https:\/\/hskurd.org\/?p=7179&lang=ku","title":{"rendered":"kampanya &#8220;Bersiva h\u00eaviy\u00ea di day\u00eena we de ye&#8221; berdewam e"},"content":{"rendered":"<p><span class=\"embed-youtube\" style=\"text-align:center; display: block;\"><iframe loading=\"lazy\" class=\"youtube-player\" width=\"1500\" height=\"844\" src=\"https:\/\/www.youtube.com\/embed\/fgW0zvQLd2I?version=3&#038;rel=1&#038;showsearch=0&#038;showinfo=1&#038;iv_load_policy=1&#038;fs=1&#038;hl=ar&#038;autohide=2&#038;wmode=transparent\" allowfullscreen=\"true\" style=\"border:0;\" sandbox=\"allow-scripts allow-same-origin allow-popups allow-presentation allow-popups-to-escape-sandbox\"><\/iframe><\/span><\/p>\n","protected":false},"excerpt":{"rendered":"","protected":false},"author":3,"featured_media":7130,"comment_status":"open","ping_status":"open","sticky":false,"template":"","format":"standard","meta":{"give_campaign_id":0,"ngg_post_thumbnail":0,"jetpack_post_was_ever_published":false,"_jetpack_newsletter_access":"","_jetpack_dont_email_post_to_subs":false,"_jetpack_newsletter_tier_id":0,"_jetpack_memberships_contains_paywalled_content":false,"_jetpack_memberships_contains_paid_content":false,"footnotes":"","jetpack_publicize_message":"","jetpack_publicize_feature_enabled":true,"jetpack_social_post_already_shared":true,"jetpack_social_options":{"image_generator_settings":{"template":"highway","default_image_id":0,"font":"","enabled":false},"version":2},"_links_to":"","_links_to_target":""},"categories":[862],"tags":[],"class_list":["post-7179","post","type-post","status-publish","format-standard","has-post-thumbnail","hentry","category-gesepedan"],"jetpack_publicize_connections":[],"jetpack_featured_media_url":"https:\/\/i0.wp.com\/hskurd.org\/wp-content\/uploads\/2023\/04\/IMG-20230411-WA0159-scaled.jpg?fit=2560%2C1152&ssl=1","jetpack-related-posts":[{"id":7096,"url":"https:\/\/hskurd.org\/?p=7096&lang=ku","url_meta":{"origin":7179,"position":0},"title":"&#8220;Bersiva h\u00eaviy\u00ea di day\u00eena we de ye&#8221;","author":"heyvasorakurd","date":"23 \u0645\u0627\u0631\u0633\u060c 2023","format":false,"excerpt":"Bersiva h\u00eaviy\u00ea di day\u00eena we de ye\" Fitre \u00fb zekata xwe bidin ji bo kes\u00ean p\u00eadiviya wan bi al\u00eekariy\u00ea heye Ji Bo Gel\u00ean Me \u00fb Hem\u00fb P\u00eakhatye Musilman li Bakur \u00fb Rojhilat\u00ea Sur\u00ee Erk\u00ea hem\u00fb bawermenda ye bi hatina rojiya remezan\u00ea ya p\u00eeroz re , hem\u00fb kes\u00ean ku p\u00eaw\u00eestiya wan\u2026","rel":"","context":"\u0641\u064a &quot;b\u00ea kategoriyan&quot;","block_context":{"text":"b\u00ea kategoriyan","link":"https:\/\/hskurd.org\/?cat=85&lang=ku"},"img":{"alt_text":"","src":"https:\/\/i0.wp.com\/hskurd.org\/wp-content\/uploads\/2023\/03\/%D9%81%D9%8A%D9%84%D9%83%D8%B3-%D8%B2%D9%83%D8%A7%D8%A9-%D8%A7%D9%84%D9%81%D8%B7%D8%B1-3-scaled.jpg?fit=1200%2C800&ssl=1&resize=350%2C200","width":350,"height":200,"srcset":"https:\/\/i0.wp.com\/hskurd.org\/wp-content\/uploads\/2023\/03\/%D9%81%D9%8A%D9%84%D9%83%D8%B3-%D8%B2%D9%83%D8%A7%D8%A9-%D8%A7%D9%84%D9%81%D8%B7%D8%B1-3-scaled.jpg?fit=1200%2C800&ssl=1&resize=350%2C200 1x, https:\/\/i0.wp.com\/hskurd.org\/wp-content\/uploads\/2023\/03\/%D9%81%D9%8A%D9%84%D9%83%D8%B3-%D8%B2%D9%83%D8%A7%D8%A9-%D8%A7%D9%84%D9%81%D8%B7%D8%B1-3-scaled.jpg?fit=1200%2C800&ssl=1&resize=525%2C300 1.5x, https:\/\/i0.wp.com\/hskurd.org\/wp-content\/uploads\/2023\/03\/%D9%81%D9%8A%D9%84%D9%83%D8%B3-%D8%B2%D9%83%D8%A7%D8%A9-%D8%A7%D9%84%D9%81%D8%B7%D8%B1-3-scaled.jpg?fit=1200%2C800&ssl=1&resize=700%2C400 2x, https:\/\/i0.wp.com\/hskurd.org\/wp-content\/uploads\/2023\/03\/%D9%81%D9%8A%D9%84%D9%83%D8%B3-%D8%B2%D9%83%D8%A7%D8%A9-%D8%A7%D9%84%D9%81%D8%B7%D8%B1-3-scaled.jpg?fit=1200%2C800&ssl=1&resize=1050%2C600 3x"},"classes":[]},{"id":7532,"url":"https:\/\/hskurd.org\/?p=7532&lang=ku","url_meta":{"origin":7179,"position":1},"title":"li ser gir\u00eengiya \u015f\u00eerdana xwezay\u00ee perwerde berdewam e","author":"heyvasorakurd","date":"29 \u0623\u063a\u0633\u0637\u0633\u060c 2023","format":false,"excerpt":"\u015e\u00eerkirin yek ji ba\u015ftir\u00een veberh\u00eanan\u00ean jiyan\u00ea ye. Bi taybet\u00ee p\u00ea\u015fxistina tendurist\u00ee, civak\u00ee \u00fb abor\u00ee. Di \u00e7ar\u00e7oveya \u00e7alakiy\u00ean Hefteya \u015e\u00eerk\u0131r\u0131na xwezey\u00ee de di meha Tebax\u00ea de, t\u00eem\u00ean perwerdeya tenduristiy\u00ea li nuqtey\u00ean Heyva Sor a Kurd \u00ean li kamp\u00ean Bakur \u00fb Rojhilat\u00ea S\u00fbriy\u00ea li ser day\u00eena agah\u00ee \u00fb \u015f\u00eeretan p\u00ea\u015fk\u00ea\u015f\u00ee dayikan d\u0131k\u0131n\u2026","rel":"","context":"\u0641\u064a &quot;Perwerdehiya tendurist\u00ee&quot;","block_context":{"text":"Perwerdehiya tendurist\u00ee","link":"https:\/\/hskurd.org\/?cat=844&lang=ku"},"img":{"alt_text":"","src":"https:\/\/i0.wp.com\/hskurd.org\/wp-content\/uploads\/2023\/08\/369646238_610683281226975_7929031299978735792_n.webp?fit=1200%2C800&ssl=1&resize=350%2C200","width":350,"height":200,"srcset":"https:\/\/i0.wp.com\/hskurd.org\/wp-content\/uploads\/2023\/08\/369646238_610683281226975_7929031299978735792_n.webp?fit=1200%2C800&ssl=1&resize=350%2C200 1x, https:\/\/i0.wp.com\/hskurd.org\/wp-content\/uploads\/2023\/08\/369646238_610683281226975_7929031299978735792_n.webp?fit=1200%2C800&ssl=1&resize=525%2C300 1.5x, https:\/\/i0.wp.com\/hskurd.org\/wp-content\/uploads\/2023\/08\/369646238_610683281226975_7929031299978735792_n.webp?fit=1200%2C800&ssl=1&resize=700%2C400 2x, https:\/\/i0.wp.com\/hskurd.org\/wp-content\/uploads\/2023\/08\/369646238_610683281226975_7929031299978735792_n.webp?fit=1200%2C800&ssl=1&resize=1050%2C600 3x"},"classes":[]},{"id":11689,"url":"https:\/\/hskurd.org\/?p=11689&lang=ku","url_meta":{"origin":7179,"position":2},"title":"Heval\u00ean Talasemiy\u00ea","author":"user55","date":"21 \u0633\u0628\u062a\u0645\u0628\u0631\u060c 2025","format":false,"excerpt":"https:\/\/youtu.be\/H5ozb3S8sdA?si=58l316O99igRok9r Ji dil\u00ea Nexwe\u015fxaneya Heyva Sor a Kurd heval\u00ean thlasimya y\u00ea ji mere dib\u00eajin: \"Piraniy\u00ea nexwe\u015fiyan em ji bo saxlemiy\u00ea li himber wan \u015fer dikin, l\u00ea nexwe\u015fiya talasemiya div\u00ea em p\u00eare bibin heval da ku em jiyana xwe k\u00eafxwe\u015f bidom\u00eenin\". Ev zarok ne ten\u00ea bi nexwe\u015fiya xwe re jiyan dikin,\u2026","rel":"","context":"\u0641\u064a &quot;b\u00ea kategoriyan&quot;","block_context":{"text":"b\u00ea kategoriyan","link":"https:\/\/hskurd.org\/?cat=85&lang=ku"},"img":{"alt_text":"","src":"https:\/\/i0.wp.com\/hskurd.org\/wp-content\/uploads\/2025\/09\/21.png?fit=1200%2C675&ssl=1&resize=350%2C200","width":350,"height":200,"srcset":"https:\/\/i0.wp.com\/hskurd.org\/wp-content\/uploads\/2025\/09\/21.png?fit=1200%2C675&ssl=1&resize=350%2C200 1x, https:\/\/i0.wp.com\/hskurd.org\/wp-content\/uploads\/2025\/09\/21.png?fit=1200%2C675&ssl=1&resize=525%2C300 1.5x, https:\/\/i0.wp.com\/hskurd.org\/wp-content\/uploads\/2025\/09\/21.png?fit=1200%2C675&ssl=1&resize=700%2C400 2x, https:\/\/i0.wp.com\/hskurd.org\/wp-content\/uploads\/2025\/09\/21.png?fit=1200%2C675&ssl=1&resize=1050%2C600 3x"},"classes":[]},{"id":12712,"url":"https:\/\/hskurd.org\/?p=12712&lang=ku","url_meta":{"origin":7179,"position":3},"title":"Perwerdehiyek p\u00ea\u015fket\u00ee di r\u00eaveberiya karesatan \u00fb ba\u015fkirina bersiva bilez de li Qam\u00ee\u015flo bi pi\u015ftgiriya Medico International","author":"user55","date":"22 \u0623\u0628\u0631\u064a\u0644\u060c 2026","format":false,"excerpt":"https:\/\/youtu.be\/kC7JYuFvbiM?si=rs6eea_dUVTZMS0z Di nav s\u00ea rojan de li Qami\u015flo, t\u00eem\u00ea Parastina Siv\u00eel ya Heyva Sor a Kurd, bi pi\u015ftgiriya Medico International, perwerdehiya p\u00ea\u015fkeft\u00ee da endam\u00ean \u015faredariy\u00ea y\u00ean pispor, li ser r\u00eaveberiya karesatan \u00fb r\u00eabaz\u00ean destwerdan\u00ea. Em berdewam in di xebat\u00ean xwe de ji bo bilindkirina amadeb\u00fbn\u00ea \u00fb xurtkirina kapas\u00eeteya t\u00eem\u00ean her\u00eam\u00ee,\u2026","rel":"","context":"\u0641\u064a &quot;Ge\u015fep\u00eadan&quot;","block_context":{"text":"Ge\u015fep\u00eadan","link":"https:\/\/hskurd.org\/?cat=862&lang=ku"},"img":{"alt_text":"","src":"https:\/\/i0.wp.com\/img.youtube.com\/vi\/kC7JYuFvbiM\/0.jpg?resize=350%2C200","width":350,"height":200},"classes":[]},{"id":7159,"url":"https:\/\/hskurd.org\/?p=7159&lang=ku","url_meta":{"origin":7179,"position":4},"title":"belavkirina al\u00eekariyan li gund\u00ean \u015eehbay\u00ea berdewam e","author":"Sozdar","date":"26 \u0623\u0628\u0631\u064a\u0644\u060c 2023","format":false,"excerpt":"\u00a0 T\u00eem\u00ean me di Heyva Sor a Kurd de al\u00eekar\u00ee \u00fb p\u00eadiviy\u00ean li ser malbat \u00fb ko\u00e7ber\u00ean li gund\u00ean (Herbel - Um El-Housh - Um El-Qura) y\u00ean gir\u00eaday\u00ee \u015eehba belav kirin, hifad\u00ean zatrokan, \u00fb (1200) par\u00ean birinc. H\u00eajay\u00ee bib\u00eerxistin\u00ea ye ku ji dema erdheja 6 sibata bor\u00ee de, xebat\u00ean Heyva\u2026","rel":"","context":"\u0641\u064a &quot;Ge\u015fep\u00eadan&quot;","block_context":{"text":"Ge\u015fep\u00eadan","link":"https:\/\/hskurd.org\/?cat=862&lang=ku"},"img":{"alt_text":"","src":"https:\/\/i0.wp.com\/hskurd.org\/wp-content\/uploads\/2023\/04\/IMG_7306-scaled.jpg?fit=1200%2C800&ssl=1&resize=350%2C200","width":350,"height":200,"srcset":"https:\/\/i0.wp.com\/hskurd.org\/wp-content\/uploads\/2023\/04\/IMG_7306-scaled.jpg?fit=1200%2C800&ssl=1&resize=350%2C200 1x, https:\/\/i0.wp.com\/hskurd.org\/wp-content\/uploads\/2023\/04\/IMG_7306-scaled.jpg?fit=1200%2C800&ssl=1&resize=525%2C300 1.5x, https:\/\/i0.wp.com\/hskurd.org\/wp-content\/uploads\/2023\/04\/IMG_7306-scaled.jpg?fit=1200%2C800&ssl=1&resize=700%2C400 2x, https:\/\/i0.wp.com\/hskurd.org\/wp-content\/uploads\/2023\/04\/IMG_7306-scaled.jpg?fit=1200%2C800&ssl=1&resize=1050%2C600 3x"},"classes":[]},{"id":12678,"url":"https:\/\/hskurd.org\/?p=12678&lang=ku","url_meta":{"origin":7179,"position":5},"title":"Heyva Sor a Kurd kampanyaya kl\u00een\u00eek\u00ean gerok li gund\u00ean D\u00earik, Qami\u015flo, Am\u00fbd\u00ea \u00fb girk\u00ea leg\u00ea dest p\u00ea kir","author":"user55","date":"20 \u0623\u0628\u0631\u064a\u0644\u060c 2026","format":false,"excerpt":"https:\/\/youtube.com\/shorts\/GJHWMIQPmP8?si=DVwR4l8mBb12ZTBn Di \u00e7ar\u00e7oveya hewldan\u00ean me y\u00ean berdewam de ji bo gih\u00ee\u015ftina gel\u00ea me y\u00ean gundewaran, Heyva Sor a Kurd dest bi kampanya kl\u00een\u00eek\u00ean gerok li gund\u00ean D\u00earik, Qami\u015flo, Am\u00fbd\u00ea \u00fb Girk\u00ea Leg\u00ea kir. Ev kl\u00een\u00eek xizmet\u00ean tenduristiy\u00ea y\u00ean cuda p\u00ea\u015fk\u00ea\u015f dikin, di nav de l\u00eaner\u00een, derman\u00ean ji bo nexwe\u015fiy\u00ean gi\u015ft\u00ee\u2026","rel":"","context":"\u0641\u064a &quot;Al\u00eekar\u00ee&quot;","block_context":{"text":"Al\u00eekar\u00ee","link":"https:\/\/hskurd.org\/?cat=2169&lang=ku"},"img":{"alt_text":"","src":"https:\/\/i0.wp.com\/img.youtube.com\/vi\/\/0.jpg?resize=350%2C200","width":350,"height":200},"classes":[]}],"jetpack_sharing_enabled":true,"_links":{"self":[{"href":"https:\/\/hskurd.org\/index.php?rest_route=\/wp\/v2\/posts\/7179","targetHints":{"allow":["GET"]}}],"collection":[{"href":"https:\/\/hskurd.org\/index.php?rest_route=\/wp\/v2\/posts"}],"about":[{"href":"https:\/\/hskurd.org\/index.php?rest_route=\/wp\/v2\/types\/post"}],"author":[{"embeddable":true,"href":"https:\/\/hskurd.org\/index.php?rest_route=\/wp\/v2\/users\/3"}],"replies":[{"embeddable":true,"href":"https:\/\/hskurd.org\/index.php?rest_route=%2Fwp%2Fv2%2Fcomments&post=7179"}],"version-history":[{"count":2,"href":"https:\/\/hskurd.org\/index.php?rest_route=\/wp\/v2\/posts\/7179\/revisions"}],"predecessor-version":[{"id":7181,"href":"https:\/\/hskurd.org\/index.php?rest_route=\/wp\/v2\/posts\/7179\/revisions\/7181"}],"wp:featuredmedia":[{"embeddable":true,"href":"https:\/\/hskurd.org\/index.php?rest_route=\/wp\/v2\/media\/7130"}],"wp:attachment":[{"href":"https:\/\/hskurd.org\/index.php?rest_route=%2Fwp%2Fv2%2Fmedia&parent=7179"}],"wp:term":[{"taxonomy":"category","embeddable":true,"href":"https:\/\/hskurd.org\/index.php?rest_route=%2Fwp%2Fv2%2Fcategories&post=7179"},{"taxonomy":"post_tag","embeddable":true,"href":"https:\/\/hskurd.org\/index.php?rest_route=%2Fwp%2Fv2%2Ftags&post=7179"}],"curies":[{"name":"wp","href":"https:\/\/api.w.org\/{rel}","templated":true}]}}