{"id":7159,"date":"2023-04-26T11:23:34","date_gmt":"2023-04-26T08:23:34","guid":{"rendered":"https:\/\/hskurd.org\/?p=7159"},"modified":"2023-04-26T11:23:34","modified_gmt":"2023-04-26T08:23:34","slug":"belavkirina-alikariyan-li-gunden-sehbaye-berdewam-e","status":"publish","type":"post","link":"https:\/\/hskurd.org\/?p=7159&lang=ku","title":{"rendered":"belavkirina al\u00eekariyan li gund\u00ean \u015eehbay\u00ea berdewam e"},"content":{"rendered":"<div dir=\"auto\">&nbsp;<\/div>\n<div dir=\"auto\">T\u00eem\u00ean me di Heyva Sor a Kurd de al\u00eekar\u00ee \u00fb p\u00eadiviy\u00ean li ser malbat \u00fb ko\u00e7ber\u00ean li gund\u00ean (Herbel &#8211; Um El-Housh &#8211; Um El-Qura) y\u00ean gir\u00eaday\u00ee \u015eehba belav kirin, hifad\u00ean zatrokan, \u00fb (1200) par\u00ean birinc.<\/div>\n<div dir=\"auto\">H\u00eajay\u00ee bib\u00eerxistin\u00ea ye ku ji dema erdheja 6 sibata bor\u00ee de, xebat\u00ean Heyva Sor a Kurd ji bo xedmet\u00ean tendurist\u00ee \u00fb al\u00eekar\u00ee berdewam e.<\/div>\n<div dir=\"auto\"><a class=\"x1i10hfl xjbqb8w x6umtig x1b1mbwd xaqea5y xav7gou x9f619 x1ypdohk xt0psk2 xe8uvvx xdj266r x11i5rnm xat24cr x1mh8g0r xexx8yu x4uap5 x18d9i69 xkhd6sd x16tdsg8 x1hl2dhg xggy1nq x1a2a7pz xt0b8zv x1qq9wsj xo1l8bm\" tabindex=\"0\" role=\"link\" href=\"https:\/\/www.facebook.com\/hashtag\/heyva_sorakurd?__eep__=6&amp;__cft__[0]=AZUz_dYzSBNDym0TV3m8nt6I8owJUXf-lfAcllXr2BmNDKwjBkKG2ZXsQWZViwcDykMg_r70LgRnStpMFiQKyf8r07uPYzyoCViYkpqoeOO0TYActAjRUbknRDhcH9XuTS2hVXNSrrFdvITOx296pdWplprsI4phe_JTB6rZ49nFchEuRm9BN5HnXW1oANx7SVs&amp;__tn__=*NK-R\">#heyva_sorakurd<\/a><\/div>\n","protected":false},"excerpt":{"rendered":"<p>&nbsp; T\u00eem\u00ean me di Heyva Sor a Kurd de al\u00eekar\u00ee \u00fb p\u00eadiviy\u00ean li ser malbat \u00fb ko\u00e7ber\u00ean li gund\u00ean (Herbel &#8211; Um El-Housh &#8211; Um El-Qura) y\u00ean gir\u00eaday\u00ee \u015eehba belav kirin, hifad\u00ean zatrokan, \u00fb (1200) par\u00ean birinc. H\u00eajay\u00ee bib\u00eerxistin\u00ea ye ku ji dema erdheja 6 sibata bor\u00ee de, xebat\u00ean Heyva Sor a Kurd ji bo [&hellip;]<\/p>\n","protected":false},"author":3,"featured_media":7136,"comment_status":"open","ping_status":"open","sticky":false,"template":"","format":"standard","meta":{"give_campaign_id":0,"ngg_post_thumbnail":0,"jetpack_post_was_ever_published":false,"_jetpack_newsletter_access":"","_jetpack_dont_email_post_to_subs":false,"_jetpack_newsletter_tier_id":0,"_jetpack_memberships_contains_paywalled_content":false,"_jetpack_memberships_contains_paid_content":false,"footnotes":"","jetpack_publicize_message":"","jetpack_publicize_feature_enabled":true,"jetpack_social_post_already_shared":true,"jetpack_social_options":{"image_generator_settings":{"template":"highway","default_image_id":0,"font":"","enabled":false},"version":2},"_links_to":"","_links_to_target":""},"categories":[862],"tags":[1537],"class_list":["post-7159","post","type-post","status-publish","format-standard","has-post-thumbnail","hentry","category-gesepedan","tag-sehba"],"jetpack_publicize_connections":[],"jetpack_featured_media_url":"https:\/\/i0.wp.com\/hskurd.org\/wp-content\/uploads\/2023\/04\/IMG_7306-scaled.jpg?fit=2560%2C1707&ssl=1","jetpack-related-posts":[{"id":12678,"url":"https:\/\/hskurd.org\/?p=12678&lang=ku","url_meta":{"origin":7159,"position":0},"title":"Heyva Sor a Kurd kampanyaya kl\u00een\u00eek\u00ean gerok li gund\u00ean D\u00earik, Qami\u015flo, Am\u00fbd\u00ea \u00fb girk\u00ea leg\u00ea dest p\u00ea kir","author":"user55","date":"20 \u0623\u0628\u0631\u064a\u0644\u060c 2026","format":false,"excerpt":"https:\/\/youtube.com\/shorts\/GJHWMIQPmP8?si=DVwR4l8mBb12ZTBn Di \u00e7ar\u00e7oveya hewldan\u00ean me y\u00ean berdewam de ji bo gih\u00ee\u015ftina gel\u00ea me y\u00ean gundewaran, Heyva Sor a Kurd dest bi kampanya kl\u00een\u00eek\u00ean gerok li gund\u00ean D\u00earik, Qami\u015flo, Am\u00fbd\u00ea \u00fb Girk\u00ea Leg\u00ea kir. Ev kl\u00een\u00eek xizmet\u00ean tenduristiy\u00ea y\u00ean cuda p\u00ea\u015fk\u00ea\u015f dikin, di nav de l\u00eaner\u00een, derman\u00ean ji bo nexwe\u015fiy\u00ean gi\u015ft\u00ee\u2026","rel":"","context":"\u0641\u064a &quot;Al\u00eekar\u00ee&quot;","block_context":{"text":"Al\u00eekar\u00ee","link":"https:\/\/hskurd.org\/?cat=2169&lang=ku"},"img":{"alt_text":"","src":"https:\/\/i0.wp.com\/img.youtube.com\/vi\/\/0.jpg?resize=350%2C200","width":350,"height":200},"classes":[]},{"id":12208,"url":"https:\/\/hskurd.org\/?p=12208&lang=ku","url_meta":{"origin":7159,"position":1},"title":"Heyva Sor a Kurd belavkirina al\u00eekariy\u00ean xwarin\u00ea ji bo ko\u00e7ber\u00ean li tax\u00ean Hesek\u00ea berdewam dike.","author":"user55","date":"11 \u0645\u0627\u0631\u0633\u060c 2026","format":false,"excerpt":"Kampanyay\u00ean belavkirina al\u00eekariya mirov\u00ee ji bo pi\u015ftgiriya xelk\u00ea me y\u00ea ko\u00e7ber berdewam dikin. Di \u00e7ar\u00e7oveya van hewldanan de, t\u00eema Heyva Sor a Kurd selik\u00ean xwarin\u00ea li malbat\u00ean ji Ser\u00ea kaniy\u00ea \u00fb Efr\u00een ko\u00e7ber b\u00fbne li tax\u00ean Mu\u015feyrfa, el-Dahiya, el-Muft\u00ee \u00fb el-Salihiya li Hesek\u00ea belav kir. Bi van destp\u00ea\u015fxeriyan, em pabend\u2026","rel":"","context":"\u0641\u064a &quot;Al\u00eekar\u00ee&quot;","block_context":{"text":"Al\u00eekar\u00ee","link":"https:\/\/hskurd.org\/?cat=2169&lang=ku"},"img":{"alt_text":"","src":"https:\/\/i0.wp.com\/hskurd.org\/wp-content\/uploads\/2026\/03\/635667099_1204844291810868_6329629479239249029_n.jpg?fit=1200%2C540&ssl=1&resize=350%2C200","width":350,"height":200,"srcset":"https:\/\/i0.wp.com\/hskurd.org\/wp-content\/uploads\/2026\/03\/635667099_1204844291810868_6329629479239249029_n.jpg?fit=1200%2C540&ssl=1&resize=350%2C200 1x, https:\/\/i0.wp.com\/hskurd.org\/wp-content\/uploads\/2026\/03\/635667099_1204844291810868_6329629479239249029_n.jpg?fit=1200%2C540&ssl=1&resize=525%2C300 1.5x, https:\/\/i0.wp.com\/hskurd.org\/wp-content\/uploads\/2026\/03\/635667099_1204844291810868_6329629479239249029_n.jpg?fit=1200%2C540&ssl=1&resize=700%2C400 2x, https:\/\/i0.wp.com\/hskurd.org\/wp-content\/uploads\/2026\/03\/635667099_1204844291810868_6329629479239249029_n.jpg?fit=1200%2C540&ssl=1&resize=1050%2C600 3x"},"classes":[]},{"id":12734,"url":"https:\/\/hskurd.org\/?p=12734&lang=ku","url_meta":{"origin":7159,"position":2},"title":"Em \u00ea di her \u015fert \u00fb merc\u00ee de li k\u00ealeka gel\u00ea xwe bin.","author":"user55","date":"23 \u0623\u0628\u0631\u064a\u0644\u060c 2026","format":false,"excerpt":"Bi pi\u015ftgiriya Medico International T\u00eem\u00ean Heyva Sor a Kurd berdewam dikin di xebat\u00ean xwe y\u00ean mirovah\u00ee de, ku li gund\u00ean Koban\u00ea ronahiya roj\u00ea (LED) hat belavkirin, ji bo ba\u015ftirkirina \u015fert \u00fb merc\u00ean jiyan\u00ea \u00fb peydakirina ronahiyeke ewledar \u00fb domdar ji bo gel\u00ea me.","rel":"","context":"\u0641\u064a &quot;Al\u00eekar\u00ee&quot;","block_context":{"text":"Al\u00eekar\u00ee","link":"https:\/\/hskurd.org\/?cat=2169&lang=ku"},"img":{"alt_text":"","src":"https:\/\/i0.wp.com\/hskurd.org\/wp-content\/uploads\/2026\/04\/678233831_1255586223403341_6640205540770610317_n.jpg?fit=900%2C1200&ssl=1&resize=350%2C200","width":350,"height":200,"srcset":"https:\/\/i0.wp.com\/hskurd.org\/wp-content\/uploads\/2026\/04\/678233831_1255586223403341_6640205540770610317_n.jpg?fit=900%2C1200&ssl=1&resize=350%2C200 1x, https:\/\/i0.wp.com\/hskurd.org\/wp-content\/uploads\/2026\/04\/678233831_1255586223403341_6640205540770610317_n.jpg?fit=900%2C1200&ssl=1&resize=525%2C300 1.5x, https:\/\/i0.wp.com\/hskurd.org\/wp-content\/uploads\/2026\/04\/678233831_1255586223403341_6640205540770610317_n.jpg?fit=900%2C1200&ssl=1&resize=700%2C400 2x"},"classes":[]},{"id":12399,"url":"https:\/\/hskurd.org\/?p=12399&lang=ku","url_meta":{"origin":7159,"position":3},"title":"Bi pi\u015ftgiriya bij\u00ee\u015fk\u00ean Kurd \u00ean li Almanya, li kampa El Tela\u00ee derman\u00ean bela\u015f berdewam dikin.","author":"user55","date":"26 \u0645\u0627\u0631\u0633\u060c 2026","format":false,"excerpt":"Ji meha \u015eubat \u00fb Adar 2026\u2019an ve, t\u00eem\u00ean me y\u00ean Heyva Sor a Kurd li kampa Talayi\u2019\u00ea berdewam in di p\u00ea\u015fk\u00ea\u015fkirina derman\u00ean bela\u015f de, ji bo malbat\u00ean ko\u00e7ber \u00fb kes\u00ean hewcedar. Ev al\u00eekar\u00ee bi pi\u015ftgir\u00eeya Yek\u00eetiya Doktor\u00ean Kurd li Almanyay\u00ea t\u00ea p\u00eakan\u00een, ku di van \u015fert\u00ean dijwar de rolek gir\u00eeng\u2026","rel":"","context":"\u0641\u064a &quot;Awarte&quot;","block_context":{"text":"Awarte","link":"https:\/\/hskurd.org\/?cat=848&lang=ku"},"img":{"alt_text":"","src":"https:\/\/i0.wp.com\/hskurd.org\/wp-content\/uploads\/2026\/03\/656932321_1233581665603797_2890264084198238375_n.jpg?fit=1200%2C540&ssl=1&resize=350%2C200","width":350,"height":200,"srcset":"https:\/\/i0.wp.com\/hskurd.org\/wp-content\/uploads\/2026\/03\/656932321_1233581665603797_2890264084198238375_n.jpg?fit=1200%2C540&ssl=1&resize=350%2C200 1x, https:\/\/i0.wp.com\/hskurd.org\/wp-content\/uploads\/2026\/03\/656932321_1233581665603797_2890264084198238375_n.jpg?fit=1200%2C540&ssl=1&resize=525%2C300 1.5x, https:\/\/i0.wp.com\/hskurd.org\/wp-content\/uploads\/2026\/03\/656932321_1233581665603797_2890264084198238375_n.jpg?fit=1200%2C540&ssl=1&resize=700%2C400 2x, https:\/\/i0.wp.com\/hskurd.org\/wp-content\/uploads\/2026\/03\/656932321_1233581665603797_2890264084198238375_n.jpg?fit=1200%2C540&ssl=1&resize=1050%2C600 3x"},"classes":[]},{"id":10937,"url":"https:\/\/hskurd.org\/?p=10937&lang=ku","url_meta":{"origin":7159,"position":4},"title":"belavkirina ava paqij li bajar\u00ea Hesek\u00ea","author":"user55","date":"12 \u0645\u0627\u0631\u0633\u060c 2025","format":false,"excerpt":"Ji ber dubarekirina qutkirina av\u00ea ji stsiyona Elok li ser bajar\u00ea Hesek\u00ea \u00fb ji bo k\u00eamkirina aloziy\u00ean welatiyan di peydakirina ava paqij ,taybet penaber\u00ea Heleb \u00fb \u015eehba ku di wargehan de dim\u00eenin , T\u00eema WASH a Heyva Sor a Kurd di \u00e7ar\u00e7oveya pirojeya \"Medico Switzerland\" belavkirina ava paqij berdewam dike.\u2026","rel":"","context":"\u0641\u064a &quot;Be\u015f\u00ea WASH&quot;","block_context":{"text":"Be\u015f\u00ea WASH","link":"https:\/\/hskurd.org\/?cat=855&lang=ku"},"img":{"alt_text":"","src":"https:\/\/i0.wp.com\/hskurd.org\/wp-content\/uploads\/2025\/03\/f868fc37-ef4c-4b02-acba-6908c9c066ef.jpeg?fit=1040%2C780&ssl=1&resize=350%2C200","width":350,"height":200,"srcset":"https:\/\/i0.wp.com\/hskurd.org\/wp-content\/uploads\/2025\/03\/f868fc37-ef4c-4b02-acba-6908c9c066ef.jpeg?fit=1040%2C780&ssl=1&resize=350%2C200 1x, https:\/\/i0.wp.com\/hskurd.org\/wp-content\/uploads\/2025\/03\/f868fc37-ef4c-4b02-acba-6908c9c066ef.jpeg?fit=1040%2C780&ssl=1&resize=525%2C300 1.5x, https:\/\/i0.wp.com\/hskurd.org\/wp-content\/uploads\/2025\/03\/f868fc37-ef4c-4b02-acba-6908c9c066ef.jpeg?fit=1040%2C780&ssl=1&resize=700%2C400 2x"},"classes":[]},{"id":7496,"url":"https:\/\/hskurd.org\/?p=7496&lang=ku","url_meta":{"origin":7159,"position":5},"title":"Bi pi\u015ftgiriya Medico International Sw\u00eesre, Heyva Sor a Kurd bi r\u00eaya kl\u00een\u00eek\u00ean gerok p\u00ea\u015fk\u00ea\u015fkirina xizmet\u00ean bij\u00ee\u015fk\u00ee ji xelk\u00ea gund\u00ean d\u00fbr\u00ee gundewar\u00ea Tebqay\u00ea re berdewam dike","author":"heyvasorakurd","date":"10 \u0623\u063a\u0633\u0637\u0633\u060c 2023","format":false,"excerpt":"Xizmet\u00ean Heyva Sor a Kurd li her\u00eam\u00ean d\u00fbr \u00ean Tebqay\u00ea dewam dikin Gih\u00ee\u015ftina dever\u00ean d\u00fbr \u00fb gundewar\u00ee, bi taybet\u00ee y\u00ean ku rast\u00ee gelek qeyranan hatine, di nav de neb\u00fbna xizmetguzariy\u00ean piz\u00ee\u015fk\u00ee ji ber d\u00fbrb\u00fbna wan ji navend\u00ean bajaran, yek ji mezintir\u00een kelem\u00ean ku rast\u00ee p\u00ea\u015fk\u00ea\u015fk\u0131r\u0131na l\u00eaner\u00eena tenduristiy\u00ea ye. Ev e\u2026","rel":"","context":"\u0641\u064a &quot;Tendurist\u00ee&quot;","block_context":{"text":"Tendurist\u00ee","link":"https:\/\/hskurd.org\/?cat=846&lang=ku"},"img":{"alt_text":"","src":"https:\/\/i0.wp.com\/hskurd.org\/wp-content\/uploads\/2023\/08\/DSC_0134-copy-scaled.webp?fit=1200%2C800&ssl=1&resize=350%2C200","width":350,"height":200,"srcset":"https:\/\/i0.wp.com\/hskurd.org\/wp-content\/uploads\/2023\/08\/DSC_0134-copy-scaled.webp?fit=1200%2C800&ssl=1&resize=350%2C200 1x, https:\/\/i0.wp.com\/hskurd.org\/wp-content\/uploads\/2023\/08\/DSC_0134-copy-scaled.webp?fit=1200%2C800&ssl=1&resize=525%2C300 1.5x, https:\/\/i0.wp.com\/hskurd.org\/wp-content\/uploads\/2023\/08\/DSC_0134-copy-scaled.webp?fit=1200%2C800&ssl=1&resize=700%2C400 2x, https:\/\/i0.wp.com\/hskurd.org\/wp-content\/uploads\/2023\/08\/DSC_0134-copy-scaled.webp?fit=1200%2C800&ssl=1&resize=1050%2C600 3x"},"classes":[]}],"jetpack_sharing_enabled":true,"_links":{"self":[{"href":"https:\/\/hskurd.org\/index.php?rest_route=\/wp\/v2\/posts\/7159","targetHints":{"allow":["GET"]}}],"collection":[{"href":"https:\/\/hskurd.org\/index.php?rest_route=\/wp\/v2\/posts"}],"about":[{"href":"https:\/\/hskurd.org\/index.php?rest_route=\/wp\/v2\/types\/post"}],"author":[{"embeddable":true,"href":"https:\/\/hskurd.org\/index.php?rest_route=\/wp\/v2\/users\/3"}],"replies":[{"embeddable":true,"href":"https:\/\/hskurd.org\/index.php?rest_route=%2Fwp%2Fv2%2Fcomments&post=7159"}],"version-history":[{"count":2,"href":"https:\/\/hskurd.org\/index.php?rest_route=\/wp\/v2\/posts\/7159\/revisions"}],"predecessor-version":[{"id":7161,"href":"https:\/\/hskurd.org\/index.php?rest_route=\/wp\/v2\/posts\/7159\/revisions\/7161"}],"wp:featuredmedia":[{"embeddable":true,"href":"https:\/\/hskurd.org\/index.php?rest_route=\/wp\/v2\/media\/7136"}],"wp:attachment":[{"href":"https:\/\/hskurd.org\/index.php?rest_route=%2Fwp%2Fv2%2Fmedia&parent=7159"}],"wp:term":[{"taxonomy":"category","embeddable":true,"href":"https:\/\/hskurd.org\/index.php?rest_route=%2Fwp%2Fv2%2Fcategories&post=7159"},{"taxonomy":"post_tag","embeddable":true,"href":"https:\/\/hskurd.org\/index.php?rest_route=%2Fwp%2Fv2%2Ftags&post=7159"}],"curies":[{"name":"wp","href":"https:\/\/api.w.org\/{rel}","templated":true}]}}