{"id":7152,"date":"2023-04-24T14:19:28","date_gmt":"2023-04-24T11:19:28","guid":{"rendered":"https:\/\/hskurd.org\/?p=7152"},"modified":"2023-04-24T14:30:30","modified_gmt":"2023-04-24T11:30:30","slug":"peskeskirina-alikariya-abori-ji-bo-1864-malbaten-kampen-sehba","status":"publish","type":"post","link":"https:\/\/hskurd.org\/?p=7152&lang=ku","title":{"rendered":"P\u00ea\u015fk\u00ea\u015fkirina al\u00eekariya abor\u00ee ji bo 1864 malbat\u00ean kamp\u00ean \u015eehba"},"content":{"rendered":"<p>Bi hat\u0131na meha Remezan\u00ea \u00fb di \u00e7ar\u00e7oveya kampanyaya me ya &#8220;Bers\u0131va H\u00eaviya d\u0131 day\u00eena we de ye &#8221; al\u00eekar\u00ee \u00fb zekata fitr\u00ea dewam dike ji aliy\u00ea kes, mecl\u00ees, kom\u00een \u00fb navend\u00ean Heyva Sor a Kurd ve,j\u0131 wan t\u00eem\u00ean me al\u00eekariya mad\u00ee 1864 malbat\u00ean hewcedar \u00ean li 6 kamp\u00ean ko\u00e7ber\u0131y\u00ea \u00ean l\u0131 her\u00eama \u015eahba dij\u00een p\u00ea\u015fk\u00ea\u015fk\u0131r.<\/p>\n<p>&nbsp;<\/p>\n<p>&nbsp;<\/p>\n","protected":false},"excerpt":{"rendered":"<p>Bi hat\u0131na meha Remezan\u00ea \u00fb di \u00e7ar\u00e7oveya kampanyaya me ya &#8220;Bers\u0131va H\u00eaviya d\u0131 day\u00eena we de ye &#8221; al\u00eekar\u00ee \u00fb zekata fitr\u00ea dewam dike ji aliy\u00ea kes, mecl\u00ees, kom\u00een \u00fb navend\u00ean Heyva Sor a Kurd ve,j\u0131 wan t\u00eem\u00ean me al\u00eekariya mad\u00ee 1864 malbat\u00ean hewcedar \u00ean li 6 kamp\u00ean ko\u00e7ber\u0131y\u00ea \u00ean l\u0131 her\u00eama \u015eahba dij\u00een p\u00ea\u015fk\u00ea\u015fk\u0131r. [&hellip;]<\/p>\n","protected":false},"author":3,"featured_media":7131,"comment_status":"open","ping_status":"open","sticky":false,"template":"","format":"standard","meta":{"give_campaign_id":0,"ngg_post_thumbnail":0,"jetpack_post_was_ever_published":false,"_jetpack_newsletter_access":"","_jetpack_dont_email_post_to_subs":false,"_jetpack_newsletter_tier_id":0,"_jetpack_memberships_contains_paywalled_content":false,"_jetpack_memberships_contains_paid_content":false,"footnotes":"","jetpack_publicize_message":"","jetpack_publicize_feature_enabled":true,"jetpack_social_post_already_shared":true,"jetpack_social_options":{"image_generator_settings":{"template":"highway","default_image_id":0,"font":"","enabled":false},"version":2},"_links_to":"","_links_to_target":""},"categories":[862],"tags":[],"class_list":["post-7152","post","type-post","status-publish","format-standard","has-post-thumbnail","hentry","category-gesepedan"],"jetpack_publicize_connections":[],"jetpack_featured_media_url":"https:\/\/i0.wp.com\/hskurd.org\/wp-content\/uploads\/2023\/04\/IMG_6971-Copy-scaled.jpg?fit=2560%2C1707&ssl=1","jetpack-related-posts":[{"id":6022,"url":"https:\/\/hskurd.org\/?p=6022&lang=ku","url_meta":{"origin":7152,"position":0},"title":"Kampaniya bergirtina belavb\u00fbna spiyan li \u015eehbay\u00ea","author":"Sozdar","date":"25 \u0623\u0628\u0631\u064a\u0644\u060c 2022","format":false,"excerpt":"Spiy\u00ean seriyan yek ji nexwe\u015fiy\u00ean \u00e7erm\u00ee \u00ean her\u00ee belavbuy\u00ee di nav zarokan de ku metirsiyeke z\u00eade li gel wan \u00fb malbat\u00ean wan ji ber zehmetiy\u00ean t\u00eakbuy\u00eena wan de derdikeve. Ji bo bergirtina v\u00ea vegirtin\u00ea t\u00eem\u00ean me y\u00ean tendurst\u00ee li \u015eehbay\u00ea derman li zark\u00ean dibistanan belavkirin li kamp\u00ean (Berxwedan \u2013Serdem \u2013\u2026","rel":"","context":"\u0641\u064a &quot;Perwerdehiya tendurist\u00ee&quot;","block_context":{"text":"Perwerdehiya tendurist\u00ee","link":"https:\/\/hskurd.org\/?cat=844&lang=ku"},"img":{"alt_text":"","src":"https:\/\/i0.wp.com\/hskurd.org\/wp-content\/uploads\/2022\/04\/278821403_3173745649571141_4244101359402325532_n.jpg?fit=1080%2C720&ssl=1&resize=350%2C200","width":350,"height":200,"srcset":"https:\/\/i0.wp.com\/hskurd.org\/wp-content\/uploads\/2022\/04\/278821403_3173745649571141_4244101359402325532_n.jpg?fit=1080%2C720&ssl=1&resize=350%2C200 1x, https:\/\/i0.wp.com\/hskurd.org\/wp-content\/uploads\/2022\/04\/278821403_3173745649571141_4244101359402325532_n.jpg?fit=1080%2C720&ssl=1&resize=525%2C300 1.5x, https:\/\/i0.wp.com\/hskurd.org\/wp-content\/uploads\/2022\/04\/278821403_3173745649571141_4244101359402325532_n.jpg?fit=1080%2C720&ssl=1&resize=700%2C400 2x, https:\/\/i0.wp.com\/hskurd.org\/wp-content\/uploads\/2022\/04\/278821403_3173745649571141_4244101359402325532_n.jpg?fit=1080%2C720&ssl=1&resize=1050%2C600 3x"},"classes":[]},{"id":12179,"url":"https:\/\/hskurd.org\/?p=12179&lang=ku","url_meta":{"origin":7152,"position":1},"title":"T\u00eem\u00ean me y\u00ean meydan\u00ee pi\u015ftgiriya malbat\u00ean ko\u00e7ber \u00ean ji Ser\u00ea Kaniy\u00ea \u00fb Efr\u00eena ku li Hesek\u00ea dij\u00een dikin","author":"user55","date":"5 \u0645\u0627\u0631\u0633\u060c 2026","format":false,"excerpt":"T\u00eem\u00ean me y\u00ean meydan\u00ee, ji ber baweriya me bi erk\u00ea ku di her \u015fert \u00fb merc\u00ee de li k\u00ealeka gel\u00ea xwe bisekinin, bi dab\u00eenkirina al\u00eekariy\u00ea \u00fb dab\u00eenkirina p\u00eadiviy\u00ean wan \u00ean bingeh\u00een, pi\u015ftgiriya malbat\u00ean ko\u00e7ber \u00ean ji Res\u00fbl\u00eayn \u00fb Efr\u00een \u00ean li Hesek\u00ea dikin.","rel":"","context":"\u0641\u064a &quot;Ge\u015fep\u00eadan&quot;","block_context":{"text":"Ge\u015fep\u00eadan","link":"https:\/\/hskurd.org\/?cat=862&lang=ku"},"img":{"alt_text":"","src":"https:\/\/i0.wp.com\/hskurd.org\/wp-content\/uploads\/2026\/03\/633505198_1203257158636248_8422840867162292056_n.jpg?fit=1200%2C900&ssl=1&resize=350%2C200","width":350,"height":200,"srcset":"https:\/\/i0.wp.com\/hskurd.org\/wp-content\/uploads\/2026\/03\/633505198_1203257158636248_8422840867162292056_n.jpg?fit=1200%2C900&ssl=1&resize=350%2C200 1x, https:\/\/i0.wp.com\/hskurd.org\/wp-content\/uploads\/2026\/03\/633505198_1203257158636248_8422840867162292056_n.jpg?fit=1200%2C900&ssl=1&resize=525%2C300 1.5x, https:\/\/i0.wp.com\/hskurd.org\/wp-content\/uploads\/2026\/03\/633505198_1203257158636248_8422840867162292056_n.jpg?fit=1200%2C900&ssl=1&resize=700%2C400 2x, https:\/\/i0.wp.com\/hskurd.org\/wp-content\/uploads\/2026\/03\/633505198_1203257158636248_8422840867162292056_n.jpg?fit=1200%2C900&ssl=1&resize=1050%2C600 3x"},"classes":[]},{"id":8845,"url":"https:\/\/hskurd.org\/?p=8845&lang=ku","url_meta":{"origin":7152,"position":2},"title":"penaberiya ji Lubnan\u00ea ber bi her\u00eama \u015eehbay\u00ea ve, zordariyeke n\u00fb li zordariy\u00ean penaberiy\u00ea \u00fb ko\u00e7beriy\u00ea y\u00ean kevin z\u00eade dike","author":"neruda","date":"24 \u0623\u0643\u062a\u0648\u0628\u0631\u060c 2024","format":false,"excerpt":"Rew\u015fa penaberiya ji Lubnan\u00ea ber bi her\u00eama \u015eehbay\u00ea ve, zordariyeke n\u00fb li zordariy\u00ean penaberiy\u00ea \u00fb ko\u00e7beriy\u00ea y\u00ean kevin z\u00eade dike. Gelek kes ji wan b\u00fbne \u015fahid\u00ean heman senaryoy\u00ea ku ber\u00ea di encama dagirkeriya Tirkiy\u00ea de ne\u00e7ar man ji bajar\u00ea Efr\u00een\u00ea dekevin , ku pa\u015f\u00ea xwe di kamp\u00ean li bajar\u00ean wek\u00ee\u2026","rel":"","context":"\u0641\u064a &quot;\u00c7\u00eerok&quot;","block_context":{"text":"\u00c7\u00eerok","link":"https:\/\/hskurd.org\/?cat=831&lang=ku"},"img":{"alt_text":"","src":"https:\/\/i0.wp.com\/hskurd.org\/wp-content\/uploads\/2024\/10\/464067460_850832190545415_6507049548074775190_n.jpg?fit=1200%2C800&ssl=1&resize=350%2C200","width":350,"height":200,"srcset":"https:\/\/i0.wp.com\/hskurd.org\/wp-content\/uploads\/2024\/10\/464067460_850832190545415_6507049548074775190_n.jpg?fit=1200%2C800&ssl=1&resize=350%2C200 1x, https:\/\/i0.wp.com\/hskurd.org\/wp-content\/uploads\/2024\/10\/464067460_850832190545415_6507049548074775190_n.jpg?fit=1200%2C800&ssl=1&resize=525%2C300 1.5x, https:\/\/i0.wp.com\/hskurd.org\/wp-content\/uploads\/2024\/10\/464067460_850832190545415_6507049548074775190_n.jpg?fit=1200%2C800&ssl=1&resize=700%2C400 2x, https:\/\/i0.wp.com\/hskurd.org\/wp-content\/uploads\/2024\/10\/464067460_850832190545415_6507049548074775190_n.jpg?fit=1200%2C800&ssl=1&resize=1050%2C600 3x"},"classes":[]},{"id":12573,"url":"https:\/\/hskurd.org\/?p=12573&lang=ku","url_meta":{"origin":7152,"position":3},"title":"Belavkirina \u015f\u00eer \u00fb p\u00ea\u00e7ikan ji bo zarok\u00ean li stargeh\u00ean bajar\u00ea Qam\u00ee\u015floy\u00ea bi pi\u015ftgiriya mirov\u00ee ya berdewam","author":"user55","date":"14 \u0623\u0628\u0631\u064a\u0644\u060c 2026","format":false,"excerpt":"Di \u00e7ar\u00e7oveya bersivdana mirovah\u00ee ya domdar de, \u00eero \u015f\u00eer \u00fb pampers ji bo zarok\u00ean malbat\u00ean ko\u00e7ber \u00ean li navenda bicihkirin\u00ea li Qami\u015floy\u00ea hatin belavkirin, bi pi\u015ftgiriya Heyva Sor a Kurdistan\u00ea. Ev gav ji bo bersivdana hewcedariy\u00ean bingeh\u00een \u00ean zarokan \u00fb k\u00eamkirina zehmetiya malbat\u00ean ko\u00e7ber t\u00ea av\u00eatin, di \u00e7ar\u00e7oveya hewildan\u00ean me\u2026","rel":"","context":"\u0641\u064a &quot;Al\u00eekar\u00ee&quot;","block_context":{"text":"Al\u00eekar\u00ee","link":"https:\/\/hskurd.org\/?cat=2169&lang=ku"},"img":{"alt_text":"","src":"https:\/\/i0.wp.com\/hskurd.org\/wp-content\/uploads\/2026\/04\/IMG_8742-scaled.jpg?fit=1200%2C901&ssl=1&resize=350%2C200","width":350,"height":200,"srcset":"https:\/\/i0.wp.com\/hskurd.org\/wp-content\/uploads\/2026\/04\/IMG_8742-scaled.jpg?fit=1200%2C901&ssl=1&resize=350%2C200 1x, https:\/\/i0.wp.com\/hskurd.org\/wp-content\/uploads\/2026\/04\/IMG_8742-scaled.jpg?fit=1200%2C901&ssl=1&resize=525%2C300 1.5x, https:\/\/i0.wp.com\/hskurd.org\/wp-content\/uploads\/2026\/04\/IMG_8742-scaled.jpg?fit=1200%2C901&ssl=1&resize=700%2C400 2x, https:\/\/i0.wp.com\/hskurd.org\/wp-content\/uploads\/2026\/04\/IMG_8742-scaled.jpg?fit=1200%2C901&ssl=1&resize=1050%2C600 3x"},"classes":[]},{"id":12527,"url":"https:\/\/hskurd.org\/?p=12527&lang=ku","url_meta":{"origin":7152,"position":4},"title":"Kampanyayeke mirov\u00ee li Qam\u00ee\u015flo bi pi\u015ftgiriya 2,800 malbat\u00ean ko\u00e7ber bi daw\u00ee b\u00fb \u00fb belavkirin li dever\u00ean din j\u00ee berdewam dike.","author":"user55","date":"13 \u0623\u0628\u0631\u064a\u0644\u060c 2026","format":false,"excerpt":"https:\/\/youtube.com\/shorts\/FaK9AS8uUk4?si=1rYjAktV3Cf4-tmL Bi daw\u00eeb\u00fbna kampanyaya me ya mirovah\u00ee li bajar\u00ea Qami\u015flo, em gih\u00ee\u015ftin 2800 malbat\u00ean ji gel\u00ea me y\u00ean ko\u00e7ber \u00ean Efr\u00een\u00ea, di nav 114 navend\u00ean wargeh\u00ea de li hundir\u00ea baj\u00ear. Di van roj\u00ean kampanyay\u00ea de, armanca me ew b\u00fb ku li k\u00ealeka her malbatek ku hewcedar e bin \u00fb bi\u2026","rel":"","context":"\u0641\u064a &quot;Al\u00eekar\u00ee&quot;","block_context":{"text":"Al\u00eekar\u00ee","link":"https:\/\/hskurd.org\/?cat=2169&lang=ku"},"img":{"alt_text":"","src":"https:\/\/i0.wp.com\/img.youtube.com\/vi\/\/0.jpg?resize=350%2C200","width":350,"height":200},"classes":[]},{"id":6071,"url":"https:\/\/hskurd.org\/?p=6071&lang=ku","url_meta":{"origin":7152,"position":5},"title":"li hember\u00ee hem\u00ee zehmet\u00eeyan al\u00eekariya heyva sor a kurd\u00ee berdewame","author":"Sozdar","date":"16 \u0645\u0627\u064a\u0648\u060c 2022","format":false,"excerpt":"Nevegera\u00a0 penaber\u00ean kampan\u00a0 ji war\u00ean\u00a0 xwe re heta niha, wan\u00a0 ne\u00e7ar dike ku\u00a0 bi rew\u015fen c\u00fbda re h\u00een bibin \u00e7i di demsala hav\u00een\u00ea yan\u00a0 zivistan\u00ee de be , ti\u015ft\u00ea ku me dik\u015f\u00eene berdewam kirina pi\u015ftgir\u00eeya kamp\u00ean penap\u00earan \u00fb p\u00ea\u015fk\u00ea\u015f kirina xizmet\u00ean tendurist\u00ee , al\u00eekar\u00ee \u00fb Hi\u015fmend\u00ee ji b\u00fb wan ku\u2026","rel":"","context":"\u0641\u064a &quot;Perwerdehiya tendurist\u00ee&quot;","block_context":{"text":"Perwerdehiya tendurist\u00ee","link":"https:\/\/hskurd.org\/?cat=844&lang=ku"},"img":{"alt_text":"","src":"https:\/\/i0.wp.com\/hskurd.org\/wp-content\/uploads\/2022\/05\/IMG_5662-2-scaled.jpg?fit=1200%2C800&ssl=1&resize=350%2C200","width":350,"height":200,"srcset":"https:\/\/i0.wp.com\/hskurd.org\/wp-content\/uploads\/2022\/05\/IMG_5662-2-scaled.jpg?fit=1200%2C800&ssl=1&resize=350%2C200 1x, https:\/\/i0.wp.com\/hskurd.org\/wp-content\/uploads\/2022\/05\/IMG_5662-2-scaled.jpg?fit=1200%2C800&ssl=1&resize=525%2C300 1.5x, https:\/\/i0.wp.com\/hskurd.org\/wp-content\/uploads\/2022\/05\/IMG_5662-2-scaled.jpg?fit=1200%2C800&ssl=1&resize=700%2C400 2x, https:\/\/i0.wp.com\/hskurd.org\/wp-content\/uploads\/2022\/05\/IMG_5662-2-scaled.jpg?fit=1200%2C800&ssl=1&resize=1050%2C600 3x"},"classes":[]}],"jetpack_sharing_enabled":true,"_links":{"self":[{"href":"https:\/\/hskurd.org\/index.php?rest_route=\/wp\/v2\/posts\/7152","targetHints":{"allow":["GET"]}}],"collection":[{"href":"https:\/\/hskurd.org\/index.php?rest_route=\/wp\/v2\/posts"}],"about":[{"href":"https:\/\/hskurd.org\/index.php?rest_route=\/wp\/v2\/types\/post"}],"author":[{"embeddable":true,"href":"https:\/\/hskurd.org\/index.php?rest_route=\/wp\/v2\/users\/3"}],"replies":[{"embeddable":true,"href":"https:\/\/hskurd.org\/index.php?rest_route=%2Fwp%2Fv2%2Fcomments&post=7152"}],"version-history":[{"count":2,"href":"https:\/\/hskurd.org\/index.php?rest_route=\/wp\/v2\/posts\/7152\/revisions"}],"predecessor-version":[{"id":7155,"href":"https:\/\/hskurd.org\/index.php?rest_route=\/wp\/v2\/posts\/7152\/revisions\/7155"}],"wp:featuredmedia":[{"embeddable":true,"href":"https:\/\/hskurd.org\/index.php?rest_route=\/wp\/v2\/media\/7131"}],"wp:attachment":[{"href":"https:\/\/hskurd.org\/index.php?rest_route=%2Fwp%2Fv2%2Fmedia&parent=7152"}],"wp:term":[{"taxonomy":"category","embeddable":true,"href":"https:\/\/hskurd.org\/index.php?rest_route=%2Fwp%2Fv2%2Fcategories&post=7152"},{"taxonomy":"post_tag","embeddable":true,"href":"https:\/\/hskurd.org\/index.php?rest_route=%2Fwp%2Fv2%2Ftags&post=7152"}],"curies":[{"name":"wp","href":"https:\/\/api.w.org\/{rel}","templated":true}]}}