{"id":7096,"date":"2023-03-23T15:34:37","date_gmt":"2023-03-23T12:34:37","guid":{"rendered":"https:\/\/hskurd.org\/?p=7096"},"modified":"2023-03-23T15:39:56","modified_gmt":"2023-03-23T12:39:56","slug":"bersiva-heviye-di-dayina-we-de-ye","status":"publish","type":"post","link":"https:\/\/hskurd.org\/?p=7096&lang=ku","title":{"rendered":"&#8220;Bersiva h\u00eaviy\u00ea di day\u00eena we de ye&#8221;"},"content":{"rendered":"<p>Bersiva h\u00eaviy\u00ea di day\u00eena we de ye&#8221;<\/p>\n<p>Fitre \u00fb zekata xwe bidin ji bo kes\u00ean p\u00eadiviya wan bi al\u00eekariy\u00ea heye<\/p>\n<p>Ji Bo Gel\u00ean Me \u00fb Hem\u00fb P\u00eakhatye Musilman li Bakur \u00fb Rojhilat\u00ea Sur\u00ee<\/p>\n<p>Erk\u00ea hem\u00fb bawermenda ye bi hatina rojiya remezan\u00ea ya p\u00eeroz re , hem\u00fb kes\u00ean ku p\u00eaw\u00eestiya wan bi al\u00eekariy\u00ea hey\u00ee li b\u00eera xwe b\u00eene . herwiha weke n\u00eaz\u00eekatiyek ya mirov\u00ee \u00fb wjdan\u00ee dest\u00ea al\u00eekariy\u00ea dir\u00eaj\u00ee wan kesan bikin.<br \/>\nWeke t\u00ea zan\u00een di encama salin dir\u00eaj \u00ean \u015fer\u00ea li Bakur \u00fb Rojhilat\u00ea Suriya me\u015fiyaye, gelek mirov ji cih \u00fb war\u00ea xwe b\u00fbn \u00fb li dever\u00ean c\u00fbda jiyan dikin.<br \/>\nHer \u00e7iqas\u00ee pi\u015ft\u00ee demeke dir\u00eaj ji \u015fer, ewleh\u00ee \u00fb aramiyek di her\u00eam\u00ea de hatibe destxistin j\u00ee , dagirkeriya ku di sal\u00ean daw\u00ee de p\u00eakhat\u00ee bi sed hezaran mirov ne\u00e7arkirin cih \u00fb war\u00ea xwe bih\u00ealin ,di kampan de \u00fb di \u015fert \u00fb merc\u00ea pir giran de jiyan bikin. M\u00eenaka w\u00ea ya her\u00ee ber bi \u00e7av pi\u015ft\u00ee dagirkirna Efr\u00een ,Gir\u00ea sp\u00ee \u00fb Ser\u00ea Kan\u0131y\u00ea kamp\u00ean \u015eehba ,Ser\u00ea Kan\u00ee ,Washokan\u00ee \u00fb &#8230;.HWK \u015fert \u00fb merc\u00ean ku \u00eero t\u00eade jiyan dikin e. Taybet pi\u015ft\u00ee erdheja 6 meha 2an 2023 de r\u00fbdaye , ev \u015fert \u00fb merc\u00ean jiyan\u00ea di van her\u00eaman de h\u00een zehmetir kiriye \u00fb bi xwe re gelek p\u00eaw\u00eestiy\u00ean n\u00fb \u00ean jiyan\u00ee afirandiye .<br \/>\nDerfetek\u00ee mezine ku em bi fitre , sedeqe \u00fb zekat\u00ean xwe bibin bersiv ji gelek p\u00eaw\u00eestiy\u00ean van kes\u00ean hewcedar re. Bi v\u00ea derfet\u00ea mirov\u00ean me y\u00ea bawermend dikarin x\u00ear \u00fb erk\u00ean xwe y\u00ean exlaq\u00ee di v\u00ea rojiya remezan\u00ea de b\u00eenin cih . werin em dest\u00ea al\u00eekariy\u00ea bidin hev ji kes\u00ean hewcedar re \u00fb bibin bersiv \u00fb k\u00eamek j\u00ee be bir\u00eenin wan bip\u00ea\u00e7in .<br \/>\nLi ser v\u00ee bingeh\u00ee hun dikarin li ser Heyva Sor a Kurd re hem\u00fb fitre,sedeqe \u00fb zekat\u00ean xwe bigh\u00eenin cih\u00ea muhtac \u00fb p\u00eaw\u00eest. di v\u00ee al\u00ee de Heyva Sor a Kurd bi xebata xwe ya mirov\u00ee \u00fb wjdan\u00ee xwed\u00ee ezm\u00fbnek h\u00eaja \u00fb serkeftiye.<br \/>\nHun dikarin ber\u00ea xwe bidin navend\u00ean Heyva Sor a Kurd ,kom\u00een \u00fb meclisan \u00fb di riya wesilan re fitr\u00ean xwe p\u00ee\u015fke\u015f bikin . em ji d\u00eeroka 1\u00ea remedan\u00ea heta d\u00eeroka 25\u00ea remedan\u00ea van fitran komdikin \u00fb diqed\u00eenin .<br \/>\nLi gor\u00ee kongra \u0130slama demoqrat fitra remezan\u00ea \u00cesal ji bo her kesek\u00ee dike 7500 l\u00eara s\u00fbr\u00ee .<img data-recalc-dims=\"1\" loading=\"lazy\" decoding=\"async\" data-attachment-id=\"7102\" data-permalink=\"https:\/\/hskurd.org\/?attachment_id=7102\" data-orig-file=\"https:\/\/i0.wp.com\/hskurd.org\/wp-content\/uploads\/2023\/03\/10X10-1.jpg%D8%B0%D9%83%D8%A7%D8%A9-%D8%A7%D9%84%D9%81%D8%B7%D8%B1-1.jpg?fit=2362%2C1181&amp;ssl=1\" data-orig-size=\"2362,1181\" data-comments-opened=\"0\" data-image-meta=\"{&quot;aperture&quot;:&quot;0&quot;,&quot;credit&quot;:&quot;&quot;,&quot;camera&quot;:&quot;&quot;,&quot;caption&quot;:&quot;&quot;,&quot;created_timestamp&quot;:&quot;0&quot;,&quot;copyright&quot;:&quot;&quot;,&quot;focal_length&quot;:&quot;0&quot;,&quot;iso&quot;:&quot;0&quot;,&quot;shutter_speed&quot;:&quot;0&quot;,&quot;title&quot;:&quot;&quot;,&quot;orientation&quot;:&quot;1&quot;}\" data-image-title=\"10X10.jpg\u0630\u0643\u0627\u0629 \u0627\u0644\u0641\u0637\u0631\" data-image-description=\"\" data-image-caption=\"\" data-medium-file=\"https:\/\/i0.wp.com\/hskurd.org\/wp-content\/uploads\/2023\/03\/10X10-1.jpg%D8%B0%D9%83%D8%A7%D8%A9-%D8%A7%D9%84%D9%81%D8%B7%D8%B1-1.jpg?fit=300%2C150&amp;ssl=1\" data-large-file=\"https:\/\/i0.wp.com\/hskurd.org\/wp-content\/uploads\/2023\/03\/10X10-1.jpg%D8%B0%D9%83%D8%A7%D8%A9-%D8%A7%D9%84%D9%81%D8%B7%D8%B1-1.jpg?fit=1030%2C515&amp;ssl=1\" class=\"alignnone size-large wp-image-7102\" src=\"https:\/\/i0.wp.com\/hskurd.org\/wp-content\/uploads\/2023\/03\/10X10-1.jpg%D8%B0%D9%83%D8%A7%D8%A9-%D8%A7%D9%84%D9%81%D8%B7%D8%B1-1-1030x515.jpg?resize=1030%2C515\" alt=\"\" width=\"1030\" height=\"515\" srcset=\"https:\/\/i0.wp.com\/hskurd.org\/wp-content\/uploads\/2023\/03\/10X10-1.jpg%D8%B0%D9%83%D8%A7%D8%A9-%D8%A7%D9%84%D9%81%D8%B7%D8%B1-1.jpg?resize=1030%2C515&amp;ssl=1 1030w, https:\/\/i0.wp.com\/hskurd.org\/wp-content\/uploads\/2023\/03\/10X10-1.jpg%D8%B0%D9%83%D8%A7%D8%A9-%D8%A7%D9%84%D9%81%D8%B7%D8%B1-1.jpg?resize=300%2C150&amp;ssl=1 300w, https:\/\/i0.wp.com\/hskurd.org\/wp-content\/uploads\/2023\/03\/10X10-1.jpg%D8%B0%D9%83%D8%A7%D8%A9-%D8%A7%D9%84%D9%81%D8%B7%D8%B1-1.jpg?resize=768%2C384&amp;ssl=1 768w, https:\/\/i0.wp.com\/hskurd.org\/wp-content\/uploads\/2023\/03\/10X10-1.jpg%D8%B0%D9%83%D8%A7%D8%A9-%D8%A7%D9%84%D9%81%D8%B7%D8%B1-1.jpg?resize=1536%2C768&amp;ssl=1 1536w, https:\/\/i0.wp.com\/hskurd.org\/wp-content\/uploads\/2023\/03\/10X10-1.jpg%D8%B0%D9%83%D8%A7%D8%A9-%D8%A7%D9%84%D9%81%D8%B7%D8%B1-1.jpg?resize=2048%2C1024&amp;ssl=1 2048w, https:\/\/i0.wp.com\/hskurd.org\/wp-content\/uploads\/2023\/03\/10X10-1.jpg%D8%B0%D9%83%D8%A7%D8%A9-%D8%A7%D9%84%D9%81%D8%B7%D8%B1-1.jpg?resize=1500%2C750&amp;ssl=1 1500w, https:\/\/i0.wp.com\/hskurd.org\/wp-content\/uploads\/2023\/03\/10X10-1.jpg%D8%B0%D9%83%D8%A7%D8%A9-%D8%A7%D9%84%D9%81%D8%B7%D8%B1-1.jpg?resize=705%2C353&amp;ssl=1 705w\" sizes=\"auto, (max-width: 1030px) 100vw, 1030px\" \/><\/p>\n","protected":false},"excerpt":{"rendered":"<p>Bersiva h\u00eaviy\u00ea di day\u00eena we de ye&#8221; Fitre \u00fb zekata xwe bidin ji bo kes\u00ean p\u00eadiviya wan bi al\u00eekariy\u00ea heye Ji Bo Gel\u00ean Me \u00fb Hem\u00fb P\u00eakhatye Musilman li Bakur \u00fb Rojhilat\u00ea Sur\u00ee Erk\u00ea hem\u00fb bawermenda ye bi hatina rojiya remezan\u00ea ya p\u00eeroz re , hem\u00fb kes\u00ean ku p\u00eaw\u00eestiya wan bi al\u00eekariy\u00ea hey\u00ee li b\u00eera [&hellip;]<\/p>\n","protected":false},"author":2,"featured_media":7097,"comment_status":"open","ping_status":"open","sticky":false,"template":"","format":"standard","meta":{"give_campaign_id":0,"ngg_post_thumbnail":0,"jetpack_post_was_ever_published":false,"_jetpack_newsletter_access":"","_jetpack_dont_email_post_to_subs":false,"_jetpack_newsletter_tier_id":0,"_jetpack_memberships_contains_paywalled_content":false,"_jetpack_memberships_contains_paid_content":false,"footnotes":"","jetpack_publicize_message":"","jetpack_publicize_feature_enabled":true,"jetpack_social_post_already_shared":true,"jetpack_social_options":{"image_generator_settings":{"template":"highway","default_image_id":0,"font":"","enabled":false},"version":2},"_links_to":"","_links_to_target":""},"categories":[85],"tags":[1523],"class_list":["post-7096","post","type-post","status-publish","format-standard","has-post-thumbnail","hentry","category-be-kategoriyan","tag-bersiva-heviye_di_dayina_we_de-ye"],"jetpack_publicize_connections":[],"jetpack_featured_media_url":"https:\/\/i0.wp.com\/hskurd.org\/wp-content\/uploads\/2023\/03\/%D9%81%D9%8A%D9%84%D9%83%D8%B3-%D8%B2%D9%83%D8%A7%D8%A9-%D8%A7%D9%84%D9%81%D8%B7%D8%B1-3-scaled.jpg?fit=2560%2C1707&ssl=1","jetpack-related-posts":[{"id":6917,"url":"https:\/\/hskurd.org\/?p=6917&lang=ku","url_meta":{"origin":7096,"position":0},"title":"Ji bo Raya gi\u015ft\u00ee \u00fb hem\u00fb al\u00ee \u00fb r\u00eaxistin\u00ean mirov\u00ee","author":"Sozdar","date":"12 \u0641\u0628\u0631\u0627\u064a\u0631\u060c 2023","format":false,"excerpt":"Weke t\u00ea zan\u00een, ber dest\u00ea sibeha 6 \u00ea meha sibata 2023 yan de erdhejek di pileya 7.7 \u00fb 7.6 k\u00fb navenda w\u00ea li T\u00fcrkya \u00fb Suriye bi taybet her\u00eam\u00ean k\u00fb k\u00fbrd l\u00ea jiyandikin de r\u00fbda \u00fb b\u00fb sedema karesatek ya mirov\u00ee a pir giran. Jibo v\u00ea karesat\u00ea gelek sazi,yekiti,komele kesayet\u2026","rel":"","context":"\u0641\u064a &quot;Parastin&quot;","block_context":{"text":"Parastin","link":"https:\/\/hskurd.org\/?cat=840&lang=ku"},"img":{"alt_text":"","src":"","width":0,"height":0},"classes":[]},{"id":10062,"url":"https:\/\/hskurd.org\/?p=10062&lang=ku","url_meta":{"origin":7096,"position":1},"title":"Kir\u00eeza mirov\u00ee li Heleb \u00fb \u015eehbay\u00ea, bangewaziya hevgirtin \u00fb al\u00eekariy\u00ea","author":"neruda","date":"2 \u062f\u064a\u0633\u0645\u0628\u0631\u060c 2024","format":false,"excerpt":"Kir\u00eeza mirov\u00ee li Heleb \u00fb \u015eehbay\u00ea, bangewaziya hevgirtin \u00fb al\u00eekariy\u00ea Bajar\u00ea Heleb\u00ea, gundewar\u00ea w\u00ea \u00fb her\u00eama \u015eehbay\u00ea rast\u00ee kir\u00eezeke mirov\u00ee ya mezin t\u00ea, ku di b\u00fbyer\u00ean le\u015fker\u00ee y\u00ean daw\u00ee li wan her\u00eaman ,ev kir\u00eez dijwartir dibe. Ev yek j\u00ee b\u00fb sedem ku bi hezaran malbat tev\u00ee hejmareke z\u00eade ji zarok,\u2026","rel":"","context":"\u0641\u064a &quot;Awarte&quot;","block_context":{"text":"Awarte","link":"https:\/\/hskurd.org\/?cat=848&lang=ku"},"img":{"alt_text":"","src":"https:\/\/i0.wp.com\/hskurd.org\/wp-content\/uploads\/2024\/12\/9e3403b7-e3d0-44f4-b257-1441566e50c9.jpg?fit=1200%2C800&ssl=1&resize=350%2C200","width":350,"height":200,"srcset":"https:\/\/i0.wp.com\/hskurd.org\/wp-content\/uploads\/2024\/12\/9e3403b7-e3d0-44f4-b257-1441566e50c9.jpg?fit=1200%2C800&ssl=1&resize=350%2C200 1x, https:\/\/i0.wp.com\/hskurd.org\/wp-content\/uploads\/2024\/12\/9e3403b7-e3d0-44f4-b257-1441566e50c9.jpg?fit=1200%2C800&ssl=1&resize=525%2C300 1.5x, https:\/\/i0.wp.com\/hskurd.org\/wp-content\/uploads\/2024\/12\/9e3403b7-e3d0-44f4-b257-1441566e50c9.jpg?fit=1200%2C800&ssl=1&resize=700%2C400 2x, https:\/\/i0.wp.com\/hskurd.org\/wp-content\/uploads\/2024\/12\/9e3403b7-e3d0-44f4-b257-1441566e50c9.jpg?fit=1200%2C800&ssl=1&resize=1050%2C600 3x"},"classes":[]},{"id":11689,"url":"https:\/\/hskurd.org\/?p=11689&lang=ku","url_meta":{"origin":7096,"position":2},"title":"Heval\u00ean Talasemiy\u00ea","author":"user55","date":"21 \u0633\u0628\u062a\u0645\u0628\u0631\u060c 2025","format":false,"excerpt":"https:\/\/youtu.be\/H5ozb3S8sdA?si=58l316O99igRok9r Ji dil\u00ea Nexwe\u015fxaneya Heyva Sor a Kurd heval\u00ean thlasimya y\u00ea ji mere dib\u00eajin: \"Piraniy\u00ea nexwe\u015fiyan em ji bo saxlemiy\u00ea li himber wan \u015fer dikin, l\u00ea nexwe\u015fiya talasemiya div\u00ea em p\u00eare bibin heval da ku em jiyana xwe k\u00eafxwe\u015f bidom\u00eenin\". Ev zarok ne ten\u00ea bi nexwe\u015fiya xwe re jiyan dikin,\u2026","rel":"","context":"\u0641\u064a &quot;b\u00ea kategoriyan&quot;","block_context":{"text":"b\u00ea kategoriyan","link":"https:\/\/hskurd.org\/?cat=85&lang=ku"},"img":{"alt_text":"","src":"https:\/\/i0.wp.com\/hskurd.org\/wp-content\/uploads\/2025\/09\/21.png?fit=1200%2C675&ssl=1&resize=350%2C200","width":350,"height":200,"srcset":"https:\/\/i0.wp.com\/hskurd.org\/wp-content\/uploads\/2025\/09\/21.png?fit=1200%2C675&ssl=1&resize=350%2C200 1x, https:\/\/i0.wp.com\/hskurd.org\/wp-content\/uploads\/2025\/09\/21.png?fit=1200%2C675&ssl=1&resize=525%2C300 1.5x, https:\/\/i0.wp.com\/hskurd.org\/wp-content\/uploads\/2025\/09\/21.png?fit=1200%2C675&ssl=1&resize=700%2C400 2x, https:\/\/i0.wp.com\/hskurd.org\/wp-content\/uploads\/2025\/09\/21.png?fit=1200%2C675&ssl=1&resize=1050%2C600 3x"},"classes":[]},{"id":6264,"url":"https:\/\/hskurd.org\/?p=6264&lang=ku","url_meta":{"origin":7096,"position":3},"title":"Ken\u00ea wan ji bo me berdewam\u00ee ye","author":"Sozdar","date":"3 \u064a\u0648\u0644\u064a\u0648\u060c 2022","format":false,"excerpt":"Nav: Fed\u00eela Xidir El-El\u00ee Temen: 7 sal Cih: Kampa Wa\u015fokan\u00ee Rew\u015fa w\u00ea a tendurst\u00ee : hewcedariya la\u015f\u00ee Sedema hewcedariy\u00ea: derketina gir\u00eakek\u00ea li ser derzika pi\u015fta w\u00ea \u00fb di dema emel\u00eekirina w\u00ea de tevgera herdu ling\u00ean xwe wunda kir. Nekar\u00eeb\u00fbna Fed\u00eela di tevger \u00fb p\u00eakvejiyana bi heval\u00ean xwe re, \u00ea\u015fa ko\u00e7beriy\u00ea\u2026","rel":"","context":"\u0641\u064a &quot;\u00c7\u00eerok&quot;","block_context":{"text":"\u00c7\u00eerok","link":"https:\/\/hskurd.org\/?cat=831&lang=ku"},"img":{"alt_text":"","src":"https:\/\/i0.wp.com\/hskurd.org\/wp-content\/uploads\/2022\/07\/02-1-scaled.jpg?fit=1200%2C800&ssl=1&resize=350%2C200","width":350,"height":200,"srcset":"https:\/\/i0.wp.com\/hskurd.org\/wp-content\/uploads\/2022\/07\/02-1-scaled.jpg?fit=1200%2C800&ssl=1&resize=350%2C200 1x, https:\/\/i0.wp.com\/hskurd.org\/wp-content\/uploads\/2022\/07\/02-1-scaled.jpg?fit=1200%2C800&ssl=1&resize=525%2C300 1.5x, https:\/\/i0.wp.com\/hskurd.org\/wp-content\/uploads\/2022\/07\/02-1-scaled.jpg?fit=1200%2C800&ssl=1&resize=700%2C400 2x, https:\/\/i0.wp.com\/hskurd.org\/wp-content\/uploads\/2022\/07\/02-1-scaled.jpg?fit=1200%2C800&ssl=1&resize=1050%2C600 3x"},"classes":[]},{"id":8752,"url":"https:\/\/hskurd.org\/?p=8752&lang=ku","url_meta":{"origin":7096,"position":4},"title":"Bi hevkar\u00ee \u00fb hezkirin\u00ea em dikarin al\u00eekariy\u00ea ji ko\u00e7ber\u00ean Lubnan\u00ea p\u00ea\u015fk\u00ea\u015f bikin","author":"neruda","date":"8 \u0623\u0643\u062a\u0648\u0628\u0631\u060c 2024","format":false,"excerpt":"Di kr\u00eez\u00ean mirovah\u00ee de, gir\u00eengiya xebat\u00ean kom\u00ee \u00fb hevgirtina civak\u00ee t\u00ea n\u00ee\u015fandan, ev yek j\u00ee Heyva Sor a Kurd di rew\u015fa daw\u00ee de di kampanyay\u00ean xwe y\u00ean mirov\u00ee de ji bo al\u00eekariya ko\u00e7ber\u00ean ji Lubnan\u00ea t\u00ean, p\u00eak t\u00eene. R\u00eaxistina Heyva Sor a Kurd di bin silogana \"Bi hevkar\u00ee \u00fb hezkirin\u00ea\u2026","rel":"","context":"\u0641\u064a &quot;Parastin&quot;","block_context":{"text":"Parastin","link":"https:\/\/hskurd.org\/?cat=840&lang=ku"},"img":{"alt_text":"","src":"https:\/\/i0.wp.com\/hskurd.org\/wp-content\/uploads\/2024\/10\/DSC_1845-scaled.jpg?fit=1200%2C800&ssl=1&resize=350%2C200","width":350,"height":200,"srcset":"https:\/\/i0.wp.com\/hskurd.org\/wp-content\/uploads\/2024\/10\/DSC_1845-scaled.jpg?fit=1200%2C800&ssl=1&resize=350%2C200 1x, https:\/\/i0.wp.com\/hskurd.org\/wp-content\/uploads\/2024\/10\/DSC_1845-scaled.jpg?fit=1200%2C800&ssl=1&resize=525%2C300 1.5x, https:\/\/i0.wp.com\/hskurd.org\/wp-content\/uploads\/2024\/10\/DSC_1845-scaled.jpg?fit=1200%2C800&ssl=1&resize=700%2C400 2x, https:\/\/i0.wp.com\/hskurd.org\/wp-content\/uploads\/2024\/10\/DSC_1845-scaled.jpg?fit=1200%2C800&ssl=1&resize=1050%2C600 3x"},"classes":[]},{"id":8757,"url":"https:\/\/hskurd.org\/?p=8757&lang=ku","url_meta":{"origin":7096,"position":5},"title":"Bi hevkar\u00ee \u00fb hezkirin\u00ea em dikarin al\u00eekariy\u00ea ji ko\u00e7ber\u00ean Lubnan\u00ea p\u00ea\u015fk\u00ea\u015f bikin","author":"neruda","date":"8 \u0623\u0643\u062a\u0648\u0628\u0631\u060c 2024","format":false,"excerpt":"Di kr\u00eez\u00ean mirovah\u00ee de, gir\u00eengiya xebat\u00ean kom\u00ee \u00fb hevgirtina civak\u00ee t\u00ea n\u00ee\u015fandan, ev yek j\u00ee Heyva Sor a Kurd di rew\u015fa daw\u00ee de di kampanyay\u00ean xwe y\u00ean mirov\u00ee de ji bo al\u00eekariya ko\u00e7ber\u00ean ji Lubnan\u00ea t\u00ean, p\u00eak t\u00eene. R\u00eaxistina Heyva Sor a Kurd di bin silogana \"Bi hevkar\u00ee \u00fb hezkirin\u00ea\u2026","rel":"","context":"\u0641\u064a &quot;Parastin&quot;","block_context":{"text":"Parastin","link":"https:\/\/hskurd.org\/?cat=840&lang=ku"},"img":{"alt_text":"","src":"https:\/\/i0.wp.com\/hskurd.org\/wp-content\/uploads\/2024\/10\/DSC_1845-scaled.jpg?fit=1200%2C800&ssl=1&resize=350%2C200","width":350,"height":200,"srcset":"https:\/\/i0.wp.com\/hskurd.org\/wp-content\/uploads\/2024\/10\/DSC_1845-scaled.jpg?fit=1200%2C800&ssl=1&resize=350%2C200 1x, https:\/\/i0.wp.com\/hskurd.org\/wp-content\/uploads\/2024\/10\/DSC_1845-scaled.jpg?fit=1200%2C800&ssl=1&resize=525%2C300 1.5x, https:\/\/i0.wp.com\/hskurd.org\/wp-content\/uploads\/2024\/10\/DSC_1845-scaled.jpg?fit=1200%2C800&ssl=1&resize=700%2C400 2x, https:\/\/i0.wp.com\/hskurd.org\/wp-content\/uploads\/2024\/10\/DSC_1845-scaled.jpg?fit=1200%2C800&ssl=1&resize=1050%2C600 3x"},"classes":[]}],"jetpack_sharing_enabled":true,"_links":{"self":[{"href":"https:\/\/hskurd.org\/index.php?rest_route=\/wp\/v2\/posts\/7096","targetHints":{"allow":["GET"]}}],"collection":[{"href":"https:\/\/hskurd.org\/index.php?rest_route=\/wp\/v2\/posts"}],"about":[{"href":"https:\/\/hskurd.org\/index.php?rest_route=\/wp\/v2\/types\/post"}],"author":[{"embeddable":true,"href":"https:\/\/hskurd.org\/index.php?rest_route=\/wp\/v2\/users\/2"}],"replies":[{"embeddable":true,"href":"https:\/\/hskurd.org\/index.php?rest_route=%2Fwp%2Fv2%2Fcomments&post=7096"}],"version-history":[{"count":3,"href":"https:\/\/hskurd.org\/index.php?rest_route=\/wp\/v2\/posts\/7096\/revisions"}],"predecessor-version":[{"id":7099,"href":"https:\/\/hskurd.org\/index.php?rest_route=\/wp\/v2\/posts\/7096\/revisions\/7099"}],"wp:featuredmedia":[{"embeddable":true,"href":"https:\/\/hskurd.org\/index.php?rest_route=\/wp\/v2\/media\/7097"}],"wp:attachment":[{"href":"https:\/\/hskurd.org\/index.php?rest_route=%2Fwp%2Fv2%2Fmedia&parent=7096"}],"wp:term":[{"taxonomy":"category","embeddable":true,"href":"https:\/\/hskurd.org\/index.php?rest_route=%2Fwp%2Fv2%2Fcategories&post=7096"},{"taxonomy":"post_tag","embeddable":true,"href":"https:\/\/hskurd.org\/index.php?rest_route=%2Fwp%2Fv2%2Ftags&post=7096"}],"curies":[{"name":"wp","href":"https:\/\/api.w.org\/{rel}","templated":true}]}}