{"id":6935,"date":"2023-02-22T18:18:48","date_gmt":"2023-02-22T15:18:48","guid":{"rendered":"https:\/\/hskurd.org\/?p=6935"},"modified":"2023-02-22T18:18:48","modified_gmt":"2023-02-22T15:18:48","slug":"ji-bo-raya-gisti-ya-cihani","status":"publish","type":"post","link":"https:\/\/hskurd.org\/?p=6935&lang=ku","title":{"rendered":"Ji bo raya gi\u015ft\u00ee ya c\u00eehan\u00ee"},"content":{"rendered":"<p>Erdheja ku di 6 sibats 2023an de r\u00fbda ,b\u00fb sedema karesateke mirov\u00ee \u00fb zirareke mezin ji bo xelk\u00ean her\u00eam\u00ea ku heta v\u00ea gav\u00ea di aloziyeke ji\u0131yan\u00ee de mane. Li ser v\u00ea yek\u00ea mirovahiya c\u00eehan\u00ee \u00fb ya her\u00eam\u00ea ket nava hewldana el\u00eekariyeke pir mezin a mad\u00ee \u00fb manew\u00ee ji bo xelk\u00ean ku di v\u00ea erdhej\u00ea de bandor b\u00fbne \u00fb ji ber ku Heyva Sor a Kurd cih\u00ea baweriy\u00ea dib\u00cenin xwestin ev al\u00eekar\u00ee li ser riya w\u00ea bigh\u00eajin her\u00eam\u00ean bandor b\u00fbne<br \/>\nMixabin b\u00ea ku sedem\u00ea w\u00ea ji aliy\u00ea me ve were naskirin , astengiy\u00ean pir mezin ji me re t\u00eane derxistin m\u00eenaka w\u00ea ya her\u00ee daw\u00ee doh (21-2-2023) karwanek\u00ee me ya al\u00eekariya mirov\u00ee ji aliy\u00ea r\u00eabenda f\u00ee\u015fxab\u00fbr \u00fb rayedar\u00ean ku ev r\u00eabend gir\u00eaday\u00ee wan e hate astengkirin.<br \/>\nJi ber v\u00ea yek\u00ea j\u00ee em ne\u00e7arin z\u00fbtir\u00een dem hem\u00fb raya c\u00eehan\u00ee ser van astengiyan agahdar bikin. Em wek Heyva Sor a Kurd ev biriyar\u00ean bi v\u00ee reng\u00ee ji bo me cih\u00ea ne qeb\u00fblkirin\u00ea ne  her wiha em b\u00ea wate dib\u00eenin.<br \/>\nMaf\u00ea me y\u00ea her\u00ee xwezay\u00ee ye ku wek Heyva Sor a Kurd civaka ku baweriya xwe bi me aniye em al\u00eekariya wan bigh\u00eenin cih\u00ea p\u00eaw\u00eest.<br \/>\nJi ber v\u00ea yek\u00ea em bi h\u00eav\u00eene demldest ev aliy\u00ean ku astengiyan derdixin li biriyar\u00ean xwe vegerin \u00fb hem\u00fb r\u00ea \u00fb deriy\u00ean mirov\u00ee y\u00ean ji bo al\u00cekariy\u00ea vekin.<br \/>\nHeyva Sor a Kurd<br \/>\n22-2-2023<\/p>\n","protected":false},"excerpt":{"rendered":"<p>Erdheja ku di 6 sibats 2023an de r\u00fbda ,b\u00fb sedema karesateke mirov\u00ee \u00fb zirareke mezin ji bo xelk\u00ean her\u00eam\u00ea ku heta v\u00ea gav\u00ea di aloziyeke ji\u0131yan\u00ee de mane. Li ser v\u00ea yek\u00ea mirovahiya c\u00eehan\u00ee \u00fb ya her\u00eam\u00ea ket nava hewldana el\u00eekariyeke pir mezin a mad\u00ee \u00fb manew\u00ee ji bo xelk\u00ean ku di v\u00ea erdhej\u00ea de [&hellip;]<\/p>\n","protected":false},"author":3,"featured_media":6929,"comment_status":"open","ping_status":"open","sticky":false,"template":"","format":"standard","meta":{"give_campaign_id":0,"ngg_post_thumbnail":0,"jetpack_post_was_ever_published":false,"_jetpack_newsletter_access":"","_jetpack_dont_email_post_to_subs":false,"_jetpack_newsletter_tier_id":0,"_jetpack_memberships_contains_paywalled_content":false,"_jetpack_memberships_contains_paid_content":false,"footnotes":"","jetpack_publicize_message":"","jetpack_publicize_feature_enabled":true,"jetpack_social_post_already_shared":true,"jetpack_social_options":{"image_generator_settings":{"template":"highway","default_image_id":0,"font":"","enabled":false},"version":2},"_links_to":"","_links_to_target":""},"categories":[206],"tags":[1477],"class_list":["post-6935","post","type-post","status-publish","format-standard","has-post-thumbnail","hentry","category-rapor","tag-ji_bo_raya_gist_a-cihani"],"jetpack_publicize_connections":[],"jetpack_featured_media_url":"https:\/\/i0.wp.com\/hskurd.org\/wp-content\/uploads\/2023\/02\/%D8%A8%D8%AF%D9%88%D9%86-%D8%A7%D8%B3%D9%85325_20230222135539.png?fit=1280%2C1280&ssl=1","jetpack-related-posts":[{"id":12043,"url":"https:\/\/hskurd.org\/?p=12043&lang=ku","url_meta":{"origin":6935,"position":0},"title":"Ji bo rayedar\u00ean peywend\u00eedar \u00fb raya gi\u015ft\u00ee:","author":"user55","date":"3 \u0645\u0627\u0631\u0633\u060c 2026","format":false,"excerpt":"Ji bo rayedar\u00ean peywend\u00eedar \u00fb raya gi\u015ft\u00ee: Em bi xemg\u00een\u00ee \u00fb xemg\u00eeniyeke k\u00fbr ji we re diniv\u00eesin \u00fb radigih\u00eenin ku ji saet 2:00 PM ya 18\u00ea \u00c7ileya 2026an vir ve, me t\u00eakiliya xwe bi hevkar\u00ea xwe Taher Rakan Taher, ku bi nav\u00ea \"Enas Amsha\" j\u00ee t\u00ea nas\u00een, qut kiriye. Hevkar\u00ea\u2026","rel":"","context":"\u0641\u064a &quot;News&quot;","block_context":{"text":"News","link":"https:\/\/hskurd.org\/?cat=2171&lang=ku"},"img":{"alt_text":"","src":"https:\/\/i0.wp.com\/hskurd.org\/wp-content\/uploads\/2026\/03\/624721901_1187267790235185_808748452703421968_n.jpg?fit=526%2C705&ssl=1&resize=350%2C200","width":350,"height":200,"srcset":"https:\/\/i0.wp.com\/hskurd.org\/wp-content\/uploads\/2026\/03\/624721901_1187267790235185_808748452703421968_n.jpg?fit=526%2C705&ssl=1&resize=350%2C200 1x, https:\/\/i0.wp.com\/hskurd.org\/wp-content\/uploads\/2026\/03\/624721901_1187267790235185_808748452703421968_n.jpg?fit=526%2C705&ssl=1&resize=525%2C300 1.5x"},"classes":[]},{"id":6917,"url":"https:\/\/hskurd.org\/?p=6917&lang=ku","url_meta":{"origin":6935,"position":1},"title":"Ji bo Raya gi\u015ft\u00ee \u00fb hem\u00fb al\u00ee \u00fb r\u00eaxistin\u00ean mirov\u00ee","author":"Sozdar","date":"12 \u0641\u0628\u0631\u0627\u064a\u0631\u060c 2023","format":false,"excerpt":"Weke t\u00ea zan\u00een, ber dest\u00ea sibeha 6 \u00ea meha sibata 2023 yan de erdhejek di pileya 7.7 \u00fb 7.6 k\u00fb navenda w\u00ea li T\u00fcrkya \u00fb Suriye bi taybet her\u00eam\u00ean k\u00fb k\u00fbrd l\u00ea jiyandikin de r\u00fbda \u00fb b\u00fb sedema karesatek ya mirov\u00ee a pir giran. Jibo v\u00ea karesat\u00ea gelek sazi,yekiti,komele kesayet\u2026","rel":"","context":"\u0641\u064a &quot;Parastin&quot;","block_context":{"text":"Parastin","link":"https:\/\/hskurd.org\/?cat=840&lang=ku"},"img":{"alt_text":"","src":"","width":0,"height":0},"classes":[]},{"id":5025,"url":"https:\/\/hskurd.org\/?p=5025&lang=ku","url_meta":{"origin":6935,"position":2},"title":"Valahiyeke heval ji bo zarokan li campa Wa\u015fokan\u00ee hat vekirin","author":"Sozdar","date":"23 \u0646\u0648\u0641\u0645\u0628\u0631\u060c 2020","format":false,"excerpt":"\u00a0 Ji ber ku zarok mebesta me ya sereke ne \u00fb ew di destp\u00eaka xizmet\u00ean me y\u00ean tendurst\u00ee \u00fb dir\u00fbn\u00ee de ne , em di heyva sor de hewl didin ku \"roja zaroan ya c\u00eehan\u00ee\" wek hem\u00fb rojan derbas nebe. Lewra t\u00eema parastin\u00ea ya HSK \u00fb qom\u00ceteya parastina zarokan li\u2026","rel":"","context":"\u0641\u064a &quot;Parastin&quot;","block_context":{"text":"Parastin","link":"https:\/\/hskurd.org\/?cat=840&lang=ku"},"img":{"alt_text":"","src":"https:\/\/i0.wp.com\/hskurd.org\/wp-content\/uploads\/2020\/11\/%D9%86%D8%AA%D8%A7-2.jpg?fit=1200%2C800&ssl=1&resize=350%2C200","width":350,"height":200,"srcset":"https:\/\/i0.wp.com\/hskurd.org\/wp-content\/uploads\/2020\/11\/%D9%86%D8%AA%D8%A7-2.jpg?fit=1200%2C800&ssl=1&resize=350%2C200 1x, https:\/\/i0.wp.com\/hskurd.org\/wp-content\/uploads\/2020\/11\/%D9%86%D8%AA%D8%A7-2.jpg?fit=1200%2C800&ssl=1&resize=525%2C300 1.5x, https:\/\/i0.wp.com\/hskurd.org\/wp-content\/uploads\/2020\/11\/%D9%86%D8%AA%D8%A7-2.jpg?fit=1200%2C800&ssl=1&resize=700%2C400 2x, https:\/\/i0.wp.com\/hskurd.org\/wp-content\/uploads\/2020\/11\/%D9%86%D8%AA%D8%A7-2.jpg?fit=1200%2C800&ssl=1&resize=1050%2C600 3x"},"classes":[]},{"id":7804,"url":"https:\/\/hskurd.org\/?p=7804&lang=ku","url_meta":{"origin":6935,"position":3},"title":"&#8220;Serl\u00eadana z\u00fb .. gavek bi hezar gav\u00ee ye &#8220;","author":"neruda","date":"25 \u0623\u0643\u062a\u0648\u0628\u0631\u060c 2023","format":false,"excerpt":"https:\/\/www.youtube.com\/watch?v=5OLT3cz3-mQ&t=45s Pence\u015f\u00eara p\u00eas\u00eer\u00ea di c\u00eehan\u00ea de yek ji kansera her\u00ee berbelavbuy\u00ee ye. Ew ne ten\u00ea nexwe\u015fiyek e, li ser jiyan \u00fb tenduristiya jin\u00ea xeteryeke mezin e. Ji ber v\u00ea yek\u00ea, t\u00eagih\u00ee\u015ftina v\u00ea nexwe\u015fiy\u00ea \u00fb hi\u015fyarkirina n\u00ee\u015fan\u00ean w\u00ea \u00fb r\u00eay\u00ean p\u00ea\u015f\u00eel\u00eagirtina w\u00ea ji bo her jinek \u00fb ji bo civak\u00ea bi\u2026","rel":"","context":"\u0641\u064a &quot;Perwerdehiya tendurist\u00ee&quot;","block_context":{"text":"Perwerdehiya tendurist\u00ee","link":"https:\/\/hskurd.org\/?cat=844&lang=ku"},"img":{"alt_text":"","src":"https:\/\/i0.wp.com\/hskurd.org\/wp-content\/uploads\/2023\/10\/%D9%85%D8%A7%D9%85%D9%88.png?fit=1008%2C601&ssl=1&resize=350%2C200","width":350,"height":200,"srcset":"https:\/\/i0.wp.com\/hskurd.org\/wp-content\/uploads\/2023\/10\/%D9%85%D8%A7%D9%85%D9%88.png?fit=1008%2C601&ssl=1&resize=350%2C200 1x, https:\/\/i0.wp.com\/hskurd.org\/wp-content\/uploads\/2023\/10\/%D9%85%D8%A7%D9%85%D9%88.png?fit=1008%2C601&ssl=1&resize=525%2C300 1.5x, https:\/\/i0.wp.com\/hskurd.org\/wp-content\/uploads\/2023\/10\/%D9%85%D8%A7%D9%85%D9%88.png?fit=1008%2C601&ssl=1&resize=700%2C400 2x"},"classes":[]},{"id":1047,"url":"https:\/\/hskurd.org\/?p=1047&lang=ku","url_meta":{"origin":6935,"position":4},"title":"Di kampaniya em Ba\u015f\u00fbr \u00fb Rojhilat bi ten\u00ea nah\u00ealin Gel\u00ea Rojava 129200$ p\u00ea\u015fk\u00ea\u015fkir","author":"heyvasorakurd","date":"25 \u062f\u064a\u0633\u0645\u0628\u0631\u060c 2017","format":false,"excerpt":"Di 12 heyva 11 an 2017 de, erdhej\u00eeneke mezin li rojhilat \u00fb ba\u015f\u00fbr\u00ea kurdistan\u00ea r\u00fb da \u00fb b\u00fb sedem ku bi sedan welat\u00ee ji van her\u00eaman jiyana xwe ji dest bidin \u00fb gelek avah\u00ee bi awayeke gi\u015ft\u00ee\u00a0 yan n\u00eav\u00e7\u00ee tevl\u00ee bingeh\u00ean jiyan\u00ee \u00fb c\u0131h\u00ean x\u0131zmetguzar\u0131y\u00ea\u00a0 di her\u00eam\u00ea de wer\u0131n hilwe\u015fandin\u2026","rel":"","context":"\u0641\u064a &quot;b\u00ea kategoriyan&quot;","block_context":{"text":"b\u00ea kategoriyan","link":"https:\/\/hskurd.org\/?cat=85&lang=ku"},"img":{"alt_text":"","src":"https:\/\/i0.wp.com\/hskurd.org\/wp-content\/uploads\/2017\/12\/IMG-20171222-WA0003-1.jpg?fit=960%2C540&ssl=1&resize=350%2C200","width":350,"height":200,"srcset":"https:\/\/i0.wp.com\/hskurd.org\/wp-content\/uploads\/2017\/12\/IMG-20171222-WA0003-1.jpg?fit=960%2C540&ssl=1&resize=350%2C200 1x, https:\/\/i0.wp.com\/hskurd.org\/wp-content\/uploads\/2017\/12\/IMG-20171222-WA0003-1.jpg?fit=960%2C540&ssl=1&resize=525%2C300 1.5x, https:\/\/i0.wp.com\/hskurd.org\/wp-content\/uploads\/2017\/12\/IMG-20171222-WA0003-1.jpg?fit=960%2C540&ssl=1&resize=700%2C400 2x"},"classes":[]},{"id":920,"url":"https:\/\/hskurd.org\/?p=920&lang=ku","url_meta":{"origin":6935,"position":5},"title":"DAXUYAN\u00ce  J\u0130 BO RAYA G\u0130\u015eT\u00ce","author":"heyvasorakurd","date":"14 \u0646\u0648\u0641\u0645\u0628\u0631\u060c 2017","format":false,"excerpt":"Bi sedema erdhej\u00eena ku li gelek nav\u00e7ey\u00ean Ba\u015f\u00fbr \u00fb Rojhilat\u00ee\u00a0 kurdistan\u00ea r\u00fb daye , gelek zerar \u00a0hat p\u00ea\u015fber\u00ee milet\u00ea Ba\u015f\u00fbr \u00fb Rojhilat \u00fb gelek \u015feh\u00eed \u00e7\u00fbn . Ji bo v\u00ea yek\u00ea Heyva sor a kurd dest bi Qampan\u0131ya danheva al\u00eekariyan ji gel\u00ea Rojava\/Ba\u015f\u00fbr\u00ea S\u00fbriy\u00ea \u00a0kirye \u00a0,lewra em h\u00eaviy\u00ean pir mezin\u2026","rel":"","context":"\u0641\u064a &quot;b\u00ea kategoriyan&quot;","block_context":{"text":"b\u00ea kategoriyan","link":"https:\/\/hskurd.org\/?cat=85&lang=ku"},"img":{"alt_text":"","src":"https:\/\/i0.wp.com\/hskurd.org\/wp-content\/uploads\/2017\/11\/IMG-20171114-WA0009-1.jpg?fit=1080%2C715&ssl=1&resize=350%2C200","width":350,"height":200,"srcset":"https:\/\/i0.wp.com\/hskurd.org\/wp-content\/uploads\/2017\/11\/IMG-20171114-WA0009-1.jpg?fit=1080%2C715&ssl=1&resize=350%2C200 1x, https:\/\/i0.wp.com\/hskurd.org\/wp-content\/uploads\/2017\/11\/IMG-20171114-WA0009-1.jpg?fit=1080%2C715&ssl=1&resize=525%2C300 1.5x, https:\/\/i0.wp.com\/hskurd.org\/wp-content\/uploads\/2017\/11\/IMG-20171114-WA0009-1.jpg?fit=1080%2C715&ssl=1&resize=700%2C400 2x, https:\/\/i0.wp.com\/hskurd.org\/wp-content\/uploads\/2017\/11\/IMG-20171114-WA0009-1.jpg?fit=1080%2C715&ssl=1&resize=1050%2C600 3x"},"classes":[]}],"jetpack_sharing_enabled":true,"_links":{"self":[{"href":"https:\/\/hskurd.org\/index.php?rest_route=\/wp\/v2\/posts\/6935","targetHints":{"allow":["GET"]}}],"collection":[{"href":"https:\/\/hskurd.org\/index.php?rest_route=\/wp\/v2\/posts"}],"about":[{"href":"https:\/\/hskurd.org\/index.php?rest_route=\/wp\/v2\/types\/post"}],"author":[{"embeddable":true,"href":"https:\/\/hskurd.org\/index.php?rest_route=\/wp\/v2\/users\/3"}],"replies":[{"embeddable":true,"href":"https:\/\/hskurd.org\/index.php?rest_route=%2Fwp%2Fv2%2Fcomments&post=6935"}],"version-history":[{"count":2,"href":"https:\/\/hskurd.org\/index.php?rest_route=\/wp\/v2\/posts\/6935\/revisions"}],"predecessor-version":[{"id":6938,"href":"https:\/\/hskurd.org\/index.php?rest_route=\/wp\/v2\/posts\/6935\/revisions\/6938"}],"wp:featuredmedia":[{"embeddable":true,"href":"https:\/\/hskurd.org\/index.php?rest_route=\/wp\/v2\/media\/6929"}],"wp:attachment":[{"href":"https:\/\/hskurd.org\/index.php?rest_route=%2Fwp%2Fv2%2Fmedia&parent=6935"}],"wp:term":[{"taxonomy":"category","embeddable":true,"href":"https:\/\/hskurd.org\/index.php?rest_route=%2Fwp%2Fv2%2Fcategories&post=6935"},{"taxonomy":"post_tag","embeddable":true,"href":"https:\/\/hskurd.org\/index.php?rest_route=%2Fwp%2Fv2%2Ftags&post=6935"}],"curies":[{"name":"wp","href":"https:\/\/api.w.org\/{rel}","templated":true}]}}