{"id":6917,"date":"2023-02-12T00:22:36","date_gmt":"2023-02-11T21:22:36","guid":{"rendered":"https:\/\/hskurd.org\/?p=6917"},"modified":"2023-02-12T00:22:36","modified_gmt":"2023-02-11T21:22:36","slug":"ji-bo-raya-gisti-u-hemu-ali-u-rexistinen-mirovi","status":"publish","type":"post","link":"https:\/\/hskurd.org\/?p=6917&lang=ku","title":{"rendered":"Ji bo Raya gi\u015ft\u00ee \u00fb hem\u00fb al\u00ee \u00fb r\u00eaxistin\u00ean mirov\u00ee"},"content":{"rendered":"<p>Weke t\u00ea zan\u00een, ber dest\u00ea sibeha 6 \u00ea meha sibata 2023 yan de erdhejek di pileya 7.7 \u00fb 7.6 k\u00fb navenda w\u00ea li T\u00fcrkya \u00fb Suriye bi taybet her\u00eam\u00ean k\u00fb k\u00fbrd l\u00ea jiyandikin de r\u00fbda \u00fb b\u00fb sedema karesatek ya mirov\u00ee a pir giran. Jibo v\u00ea karesat\u00ea gelek sazi,yekiti,komele kesayet \u00fb derdor\u00ean x\u00earxwaz y\u00ean her\u00eam\u00ee \u00fb nav cihan\u00ee ketin nav tevgereke lezg\u00een ji bo xwe bigih\u00eenin cih \u00fb war\u00ean k\u00fb ziyan\u00ean mezin y\u00ean mirov\u00ee l\u00ea peyda b\u00fbne Her \u00e7iqas hinek al\u00eekar\u00ee gihi\u015ftibe hinek cihanj\u00ee, h\u00ea j\u00ee li gelek deran mirov dibin kavl \u00fb xirabeyan de li benda rizgarkirin\u00ea ne bi sedhezaran kes pirsgir\u00eaka avah\u00ee, av xwarin, elektrik \u00fb xwe germkirin\u00ea jiyan dikin. mixabin gelik al\u00ee \u00fb h\u00eaz li hember v\u00ea karesat\u00ea hesab\u00ean siyasi xistine p\u00ea\u015fiya b\u00fbyer\u00ea b\u00ea k\u00fb bikevin ferqa berpirsyartiya xwe ya mirovi \u00fb axlaq\u00ee li gelik cihan dibin kelem \u00fb astenk li p\u00ea\u015fiya giha\u015ft\u0131na arikariya mirov\u00ee ya van her\u00eaman.<\/p>\n<p>     Me weke Heyva Sor a Kurd ji desp\u00eaka b\u00fbyer\u00ea de da diyarkirin k\u00fb li her derek\u00ea k\u00fb ziyan l\u00ea hati d\u00eetin em amade ne bi ek\u00eeb \u00fb imkan\u00ean xwe ve bi\u00e7in bi hawara gel ve l\u00ea bel\u00ea weke go ji bo xwe gihandina her\u00eama Efrin Cindir\u00eas \u00fb herwek\u00eedin asteng\u00ee hatin derxistin niha j\u00ee ji bo gihandina al\u00eekariya mirov\u00ee ji bo her\u00eama Heleb \u015e\u00eax Maqsut \u00fb \u015eehba astengiy\u00ean mezin ji aliy\u00ea h\u00fbk\u00fbmeta Suriye ve t\u00eane derxistin.Weke hem\u00fb cihan dizane avahiy\u00ean Heleb\u00ea pi\u015ft\u00ee \u015feriki giran \u00fb \u015f\u00fbnde ji sedi 90\u201d\u00ea xwe ne rew\u015fa k\u00fb mirov bikaribin t\u00eade jiyan bikin \u00fb ne bi ewlene. Jiber v\u00ea sedem\u00eaj\u00ee pi\u015ft\u00ee erdhej\u00ea ev xeteri gihi\u015ftiye astek k\u00fb \u00eadi tukes nikaribe divan avahi \u00fb xaniyande jiyanbikin .Ev ji b\u00fbye sedema k\u00fb bi deh hezaran mirov li derve b\u00ea avahi, xwarin \u00fb av \u00fb nava serm\u00ea de jiyanbikin.<br \/>\nEger z\u00fb xwe gihandinek \u00e7\u00ea nebe w\u00ea karesatek ya mirov\u00ee ji ya erd hej\u00ea mestir wer\u00ea jiyankirin.<br \/>\n       Li ser vi esas\u00ee em wek Heyva Sor a K\u00fbrd gaz\u00ee hem\u00fb mirovahiya x\u00earxwaz, h\u00eaz \u00fb aliy\u00ean xwe bi demokrasi \u00fb mirovahi bi nav dikin, k\u00fb destwerdan \u00fb m\u00fbdaxeleyeke lezgin a her\u00eami \u00fb nav netew\u00ee ji v\u00ea rew\u015f\u00ea re were kirin \u00fb hem\u00fb kor\u00eedor\u00ean mirovi werin ewlekirin jibo hem\u00fb arikariy\u00ean p\u00eawist bigih\u00eajin her\u00eam\u00ean p\u00eadiv\u00eey\u00ean wan hey\u00ee.<\/p>\n<p>Heyva Sor a Kurd <\/p>\n<p>11\/02\/2023<\/p>\n","protected":false},"excerpt":{"rendered":"<p>Weke t\u00ea zan\u00een, ber dest\u00ea sibeha 6 \u00ea meha sibata 2023 yan de erdhejek di pileya 7.7 \u00fb 7.6 k\u00fb navenda w\u00ea li T\u00fcrkya \u00fb Suriye bi taybet her\u00eam\u00ean k\u00fb k\u00fbrd l\u00ea jiyandikin de r\u00fbda \u00fb b\u00fb sedema karesatek ya mirov\u00ee a pir giran. Jibo v\u00ea karesat\u00ea gelek sazi,yekiti,komele kesayet \u00fb derdor\u00ean x\u00earxwaz y\u00ean her\u00eam\u00ee [&hellip;]<\/p>\n","protected":false},"author":3,"featured_media":0,"comment_status":"open","ping_status":"open","sticky":false,"template":"","format":"standard","meta":{"give_campaign_id":0,"ngg_post_thumbnail":0,"jetpack_post_was_ever_published":false,"_jetpack_newsletter_access":"","_jetpack_dont_email_post_to_subs":false,"_jetpack_newsletter_tier_id":0,"_jetpack_memberships_contains_paywalled_content":false,"_jetpack_memberships_contains_paid_content":false,"footnotes":"","jetpack_publicize_message":"","jetpack_publicize_feature_enabled":true,"jetpack_social_post_already_shared":true,"jetpack_social_options":{"image_generator_settings":{"template":"highway","default_image_id":0,"font":"","enabled":false},"version":2},"_links_to":"","_links_to_target":""},"categories":[840,206],"tags":[],"class_list":["post-6917","post","type-post","status-publish","format-standard","hentry","category-parastin","category-rapor"],"jetpack_publicize_connections":[],"jetpack_featured_media_url":"","jetpack-related-posts":[{"id":7096,"url":"https:\/\/hskurd.org\/?p=7096&lang=ku","url_meta":{"origin":6917,"position":0},"title":"&#8220;Bersiva h\u00eaviy\u00ea di day\u00eena we de ye&#8221;","author":"heyvasorakurd","date":"23 \u0645\u0627\u0631\u0633\u060c 2023","format":false,"excerpt":"Bersiva h\u00eaviy\u00ea di day\u00eena we de ye\" Fitre \u00fb zekata xwe bidin ji bo kes\u00ean p\u00eadiviya wan bi al\u00eekariy\u00ea heye Ji Bo Gel\u00ean Me \u00fb Hem\u00fb P\u00eakhatye Musilman li Bakur \u00fb Rojhilat\u00ea Sur\u00ee Erk\u00ea hem\u00fb bawermenda ye bi hatina rojiya remezan\u00ea ya p\u00eeroz re , hem\u00fb kes\u00ean ku p\u00eaw\u00eestiya wan\u2026","rel":"","context":"\u0641\u064a &quot;b\u00ea kategoriyan&quot;","block_context":{"text":"b\u00ea kategoriyan","link":"https:\/\/hskurd.org\/?cat=85&lang=ku"},"img":{"alt_text":"","src":"https:\/\/i0.wp.com\/hskurd.org\/wp-content\/uploads\/2023\/03\/%D9%81%D9%8A%D9%84%D9%83%D8%B3-%D8%B2%D9%83%D8%A7%D8%A9-%D8%A7%D9%84%D9%81%D8%B7%D8%B1-3-scaled.jpg?fit=1200%2C800&ssl=1&resize=350%2C200","width":350,"height":200,"srcset":"https:\/\/i0.wp.com\/hskurd.org\/wp-content\/uploads\/2023\/03\/%D9%81%D9%8A%D9%84%D9%83%D8%B3-%D8%B2%D9%83%D8%A7%D8%A9-%D8%A7%D9%84%D9%81%D8%B7%D8%B1-3-scaled.jpg?fit=1200%2C800&ssl=1&resize=350%2C200 1x, https:\/\/i0.wp.com\/hskurd.org\/wp-content\/uploads\/2023\/03\/%D9%81%D9%8A%D9%84%D9%83%D8%B3-%D8%B2%D9%83%D8%A7%D8%A9-%D8%A7%D9%84%D9%81%D8%B7%D8%B1-3-scaled.jpg?fit=1200%2C800&ssl=1&resize=525%2C300 1.5x, https:\/\/i0.wp.com\/hskurd.org\/wp-content\/uploads\/2023\/03\/%D9%81%D9%8A%D9%84%D9%83%D8%B3-%D8%B2%D9%83%D8%A7%D8%A9-%D8%A7%D9%84%D9%81%D8%B7%D8%B1-3-scaled.jpg?fit=1200%2C800&ssl=1&resize=700%2C400 2x, https:\/\/i0.wp.com\/hskurd.org\/wp-content\/uploads\/2023\/03\/%D9%81%D9%8A%D9%84%D9%83%D8%B3-%D8%B2%D9%83%D8%A7%D8%A9-%D8%A7%D9%84%D9%81%D8%B7%D8%B1-3-scaled.jpg?fit=1200%2C800&ssl=1&resize=1050%2C600 3x"},"classes":[]},{"id":5885,"url":"https:\/\/hskurd.org\/?p=5885&lang=ku","url_meta":{"origin":6917,"position":1},"title":"\u015eeh\u00eed Basim Muhemed &#8221; \u015eeh\u00eed\u00ea Mirovatiy\u00ea &#8220;","author":"Sozdar","date":"30 \u064a\u0646\u0627\u064a\u0631\u060c 2022","format":false,"excerpt":"Bi xemg\u00eeniyeke mezin me n\u00fb\u00e7eya \u015feh\u00eedb\u00fbna heval\u00ea xwe Basem Mihemed wergirt, ku di encama gulebaranek\u00ea de dema ku w\u00ee li navenda sereke ya Heyva Sor a Kurd li Kampa Hol\u00ea erk\u00ea xwe ye mirov\u00ee p\u00eak di an\u00ee. Tev\u00ee hem\u00fb hewldan\u00ean ku heval\u00ean me dan ta Basim jiyana xwe ji dest\u2026","rel":"","context":"\u0641\u064a &quot;Awarte&quot;","block_context":{"text":"Awarte","link":"https:\/\/hskurd.org\/?cat=848&lang=ku"},"img":{"alt_text":"","src":"https:\/\/i0.wp.com\/hskurd.org\/wp-content\/uploads\/2022\/01\/g.jpg?fit=800%2C1200&ssl=1&resize=350%2C200","width":350,"height":200,"srcset":"https:\/\/i0.wp.com\/hskurd.org\/wp-content\/uploads\/2022\/01\/g.jpg?fit=800%2C1200&ssl=1&resize=350%2C200 1x, https:\/\/i0.wp.com\/hskurd.org\/wp-content\/uploads\/2022\/01\/g.jpg?fit=800%2C1200&ssl=1&resize=525%2C300 1.5x, https:\/\/i0.wp.com\/hskurd.org\/wp-content\/uploads\/2022\/01\/g.jpg?fit=800%2C1200&ssl=1&resize=700%2C400 2x"},"classes":[]},{"id":8493,"url":"https:\/\/hskurd.org\/?p=8493&lang=ku","url_meta":{"origin":6917,"position":2},"title":"Navenda Tendurist\u00ee  li bajarok\u00ea \u015eedad\u00ea","author":"neruda","date":"25 \u064a\u0648\u0644\u064a\u0648\u060c 2024","format":false,"excerpt":"\u00a0 Saziy\u00ean bij\u00eejk\u00ee di peydakirina l\u00eanih\u00ear\u00eena tendurist\u00ee ji civakan re rolek gir\u00eeng dil\u00eezin. Bi taybet\u00ee li her\u00eam\u00ean ku xizmet\u00ean bingeh\u00een li wan peyda nabin. Di v\u00ee war\u00ee de, R\u00eaxistina Heyva Sor a Kurd erkek\u00ee xurt n\u00ee\u015fan dide ji bo p\u00ea\u015fk\u00ea\u015fkirina xizmet\u00ean piz\u00ee\u015fk\u00ee \u00fb tenduristiy\u00ea ji ni\u015fteciy\u00ean Bakur \u00fb Rojhilat\u00ea S\u00fbriy\u00ea\u2026","rel":"","context":"\u0641\u064a &quot;Awarte&quot;","block_context":{"text":"Awarte","link":"https:\/\/hskurd.org\/?cat=848&lang=ku"},"img":{"alt_text":"","src":"https:\/\/i0.wp.com\/hskurd.org\/wp-content\/uploads\/2024\/07\/%D8%B4%D8%AF%D8%A7%D8%AF%D8%A9-%D8%A8.png?fit=1028%2C804&ssl=1&resize=350%2C200","width":350,"height":200,"srcset":"https:\/\/i0.wp.com\/hskurd.org\/wp-content\/uploads\/2024\/07\/%D8%B4%D8%AF%D8%A7%D8%AF%D8%A9-%D8%A8.png?fit=1028%2C804&ssl=1&resize=350%2C200 1x, https:\/\/i0.wp.com\/hskurd.org\/wp-content\/uploads\/2024\/07\/%D8%B4%D8%AF%D8%A7%D8%AF%D8%A9-%D8%A8.png?fit=1028%2C804&ssl=1&resize=525%2C300 1.5x, https:\/\/i0.wp.com\/hskurd.org\/wp-content\/uploads\/2024\/07\/%D8%B4%D8%AF%D8%A7%D8%AF%D8%A9-%D8%A8.png?fit=1028%2C804&ssl=1&resize=700%2C400 2x"},"classes":[]},{"id":1047,"url":"https:\/\/hskurd.org\/?p=1047&lang=ku","url_meta":{"origin":6917,"position":3},"title":"Di kampaniya em Ba\u015f\u00fbr \u00fb Rojhilat bi ten\u00ea nah\u00ealin Gel\u00ea Rojava 129200$ p\u00ea\u015fk\u00ea\u015fkir","author":"heyvasorakurd","date":"25 \u062f\u064a\u0633\u0645\u0628\u0631\u060c 2017","format":false,"excerpt":"Di 12 heyva 11 an 2017 de, erdhej\u00eeneke mezin li rojhilat \u00fb ba\u015f\u00fbr\u00ea kurdistan\u00ea r\u00fb da \u00fb b\u00fb sedem ku bi sedan welat\u00ee ji van her\u00eaman jiyana xwe ji dest bidin \u00fb gelek avah\u00ee bi awayeke gi\u015ft\u00ee\u00a0 yan n\u00eav\u00e7\u00ee tevl\u00ee bingeh\u00ean jiyan\u00ee \u00fb c\u0131h\u00ean x\u0131zmetguzar\u0131y\u00ea\u00a0 di her\u00eam\u00ea de wer\u0131n hilwe\u015fandin\u2026","rel":"","context":"\u0641\u064a &quot;b\u00ea kategoriyan&quot;","block_context":{"text":"b\u00ea kategoriyan","link":"https:\/\/hskurd.org\/?cat=85&lang=ku"},"img":{"alt_text":"","src":"https:\/\/i0.wp.com\/hskurd.org\/wp-content\/uploads\/2017\/12\/IMG-20171222-WA0003-1.jpg?fit=960%2C540&ssl=1&resize=350%2C200","width":350,"height":200,"srcset":"https:\/\/i0.wp.com\/hskurd.org\/wp-content\/uploads\/2017\/12\/IMG-20171222-WA0003-1.jpg?fit=960%2C540&ssl=1&resize=350%2C200 1x, https:\/\/i0.wp.com\/hskurd.org\/wp-content\/uploads\/2017\/12\/IMG-20171222-WA0003-1.jpg?fit=960%2C540&ssl=1&resize=525%2C300 1.5x, https:\/\/i0.wp.com\/hskurd.org\/wp-content\/uploads\/2017\/12\/IMG-20171222-WA0003-1.jpg?fit=960%2C540&ssl=1&resize=700%2C400 2x"},"classes":[]},{"id":12043,"url":"https:\/\/hskurd.org\/?p=12043&lang=ku","url_meta":{"origin":6917,"position":4},"title":"Ji bo rayedar\u00ean peywend\u00eedar \u00fb raya gi\u015ft\u00ee:","author":"user55","date":"3 \u0645\u0627\u0631\u0633\u060c 2026","format":false,"excerpt":"Ji bo rayedar\u00ean peywend\u00eedar \u00fb raya gi\u015ft\u00ee: Em bi xemg\u00een\u00ee \u00fb xemg\u00eeniyeke k\u00fbr ji we re diniv\u00eesin \u00fb radigih\u00eenin ku ji saet 2:00 PM ya 18\u00ea \u00c7ileya 2026an vir ve, me t\u00eakiliya xwe bi hevkar\u00ea xwe Taher Rakan Taher, ku bi nav\u00ea \"Enas Amsha\" j\u00ee t\u00ea nas\u00een, qut kiriye. Hevkar\u00ea\u2026","rel":"","context":"\u0641\u064a &quot;News&quot;","block_context":{"text":"News","link":"https:\/\/hskurd.org\/?cat=2171&lang=ku"},"img":{"alt_text":"","src":"https:\/\/i0.wp.com\/hskurd.org\/wp-content\/uploads\/2026\/03\/624721901_1187267790235185_808748452703421968_n.jpg?fit=526%2C705&ssl=1&resize=350%2C200","width":350,"height":200,"srcset":"https:\/\/i0.wp.com\/hskurd.org\/wp-content\/uploads\/2026\/03\/624721901_1187267790235185_808748452703421968_n.jpg?fit=526%2C705&ssl=1&resize=350%2C200 1x, https:\/\/i0.wp.com\/hskurd.org\/wp-content\/uploads\/2026\/03\/624721901_1187267790235185_808748452703421968_n.jpg?fit=526%2C705&ssl=1&resize=525%2C300 1.5x"},"classes":[]},{"id":8390,"url":"https:\/\/hskurd.org\/?p=8390&lang=ku","url_meta":{"origin":6917,"position":5},"title":"Daxuyan\u00ee di der bar\u00ea hedefgirtina t\u00eem\u00ean me y\u00ean tenduristiy\u00ea de","author":"neruda","date":"1 \u064a\u0648\u0646\u064a\u0648\u060c 2024","format":false,"excerpt":"Iroj careke din her\u00eam\u00ean bakur \u00fb rojhilat\u00ea Suriy\u00ea li gelek cihan rast\u00ee \u00ear\u00ee\u015f\u00ean dron\u00ean dewleta tirk hatin, li gor w\u00ea, girop\u00ean me y\u00ean rew\u015f\u00ean awarte ketin tevger\u00ea ji bo dermankirin \u00fb veguhestina bir\u00eendar \u00fb \u015feh\u00eedan. Di dema ku gr\u00fbpek me ya tendurist\u00ee bi erk\u00ea xwe y\u00ea mirov\u00ee radib\u00fb li gund\u00ea\u2026","rel":"","context":"\u0641\u064a &quot;Awarte&quot;","block_context":{"text":"Awarte","link":"https:\/\/hskurd.org\/?cat=848&lang=ku"},"img":{"alt_text":"","src":"https:\/\/i0.wp.com\/hskurd.org\/wp-content\/uploads\/2024\/06\/444487447_760765556218746_3264267915091801621_n.jpg?fit=552%2C508&ssl=1&resize=350%2C200","width":350,"height":200,"srcset":"https:\/\/i0.wp.com\/hskurd.org\/wp-content\/uploads\/2024\/06\/444487447_760765556218746_3264267915091801621_n.jpg?fit=552%2C508&ssl=1&resize=350%2C200 1x, https:\/\/i0.wp.com\/hskurd.org\/wp-content\/uploads\/2024\/06\/444487447_760765556218746_3264267915091801621_n.jpg?fit=552%2C508&ssl=1&resize=525%2C300 1.5x"},"classes":[]}],"jetpack_sharing_enabled":true,"_links":{"self":[{"href":"https:\/\/hskurd.org\/index.php?rest_route=\/wp\/v2\/posts\/6917","targetHints":{"allow":["GET"]}}],"collection":[{"href":"https:\/\/hskurd.org\/index.php?rest_route=\/wp\/v2\/posts"}],"about":[{"href":"https:\/\/hskurd.org\/index.php?rest_route=\/wp\/v2\/types\/post"}],"author":[{"embeddable":true,"href":"https:\/\/hskurd.org\/index.php?rest_route=\/wp\/v2\/users\/3"}],"replies":[{"embeddable":true,"href":"https:\/\/hskurd.org\/index.php?rest_route=%2Fwp%2Fv2%2Fcomments&post=6917"}],"version-history":[{"count":2,"href":"https:\/\/hskurd.org\/index.php?rest_route=\/wp\/v2\/posts\/6917\/revisions"}],"predecessor-version":[{"id":6920,"href":"https:\/\/hskurd.org\/index.php?rest_route=\/wp\/v2\/posts\/6917\/revisions\/6920"}],"wp:attachment":[{"href":"https:\/\/hskurd.org\/index.php?rest_route=%2Fwp%2Fv2%2Fmedia&parent=6917"}],"wp:term":[{"taxonomy":"category","embeddable":true,"href":"https:\/\/hskurd.org\/index.php?rest_route=%2Fwp%2Fv2%2Fcategories&post=6917"},{"taxonomy":"post_tag","embeddable":true,"href":"https:\/\/hskurd.org\/index.php?rest_route=%2Fwp%2Fv2%2Ftags&post=6917"}],"curies":[{"name":"wp","href":"https:\/\/api.w.org\/{rel}","templated":true}]}}