{"id":683,"date":"2017-05-25T19:43:57","date_gmt":"2017-05-25T16:43:57","guid":{"rendered":"https:\/\/hskurd.org\/?p=683"},"modified":"2017-05-25T19:43:57","modified_gmt":"2017-05-25T16:43:57","slug":"heyva-sor-a-kurd-perwerdeya-hewarhatina-yekemin-u-temrid-vedike","status":"publish","type":"post","link":"https:\/\/hskurd.org\/?p=683&lang=ku","title":{"rendered":"Heyva Sor A Kurd perwerdeya Hewarhatina yekem\u00een \u00fb Temr\u00eed vedike"},"content":{"rendered":"<p style=\"direction: ltr;\">Heyva Sor A Kurd radigh\u00eene ku dery\u00ea tomarkirin\u00ea vekiriye ji bo her kes\u00ea buxaze be\u015fdar\u00ee\u00a0 perwerdeya (Hewarhatina yekem\u00een \u00fb Temr\u00eed ) . T\u00ea zan\u00een ku ev perwerde\u00a0 t\u00ean p\u00ea\u015fk\u00ea\u015f kirin b\u00ea pere \u00fb kes\u00ea ku perwerdy\u00ea bi daw\u00ee bike w\u00ea bibe al\u00eekar di nava xebatkar\u00ean Heyva Sor A Kurd de .<\/p>\n<p style=\"direction: ltr;\">Tomarkirin t\u00ea desp\u00ea\u015firin ji roja 1\/6\/2017&#8217;an di navenda r\u00eaveberya Heyva Sor A Kurd de li taxa Korn\u00ee\u015f li bajar\u00ea Qami\u015flo .<\/p>\n<p><span class=\"embed-youtube\" style=\"text-align:center; display: block;\"><iframe loading=\"lazy\" class=\"youtube-player\" width=\"1500\" height=\"844\" src=\"https:\/\/www.youtube.com\/embed\/trlPgRzmzqM?version=3&#038;rel=1&#038;showsearch=0&#038;showinfo=1&#038;iv_load_policy=1&#038;fs=1&#038;hl=ar&#038;autohide=2&#038;wmode=transparent\" allowfullscreen=\"true\" style=\"border:0;\" sandbox=\"allow-scripts allow-same-origin allow-popups allow-presentation allow-popups-to-escape-sandbox\"><\/iframe><\/span><\/p>\n","protected":false},"excerpt":{"rendered":"<p>Heyva Sor A Kurd radigh\u00eene ku dery\u00ea tomarkirin\u00ea vekiriye ji bo her kes\u00ea buxaze be\u015fdar\u00ee\u00a0 perwerdeya (Hewarhatina yekem\u00een \u00fb Temr\u00eed ) . T\u00ea zan\u00een ku ev perwerde\u00a0 t\u00ean p\u00ea\u015fk\u00ea\u015f kirin b\u00ea pere \u00fb kes\u00ea ku perwerdy\u00ea bi daw\u00ee bike w\u00ea bibe al\u00eekar di nava xebatkar\u00ean Heyva Sor A Kurd de . Tomarkirin t\u00ea desp\u00ea\u015firin ji [&hellip;]<\/p>\n","protected":false},"author":2,"featured_media":684,"comment_status":"open","ping_status":"open","sticky":false,"template":"","format":"standard","meta":{"give_campaign_id":0,"ngg_post_thumbnail":0,"jetpack_post_was_ever_published":false,"_jetpack_newsletter_access":"","_jetpack_dont_email_post_to_subs":false,"_jetpack_newsletter_tier_id":0,"_jetpack_memberships_contains_paywalled_content":false,"_jetpack_memberships_contains_paid_content":false,"footnotes":"","jetpack_publicize_message":"","jetpack_publicize_feature_enabled":true,"jetpack_social_post_already_shared":true,"jetpack_social_options":{"image_generator_settings":{"template":"highway","default_image_id":0,"font":"","enabled":false},"version":2},"_links_to":"","_links_to_target":""},"categories":[85],"tags":[330],"class_list":["post-683","post","type-post","status-publish","format-standard","has-post-thumbnail","hentry","category-be-kategoriyan","tag-heyva-sor-a-kurd-perwerdeya-hewarhatina-yekemin-u-temrid-vedike"],"jetpack_publicize_connections":[],"jetpack_featured_media_url":"https:\/\/i0.wp.com\/hskurd.org\/wp-content\/uploads\/2017\/05\/KRC_7368.jpg?fit=4928%2C3264&ssl=1","jetpack-related-posts":[{"id":9978,"url":"https:\/\/hskurd.org\/?p=9978&lang=ku","url_meta":{"origin":683,"position":0},"title":"Desteya Hundir\u00een ,Heyva Sor a Kurd Spas dike","author":"neruda","date":"18 \u0646\u0648\u0641\u0645\u0628\u0631\u060c 2024","format":false,"excerpt":"Desteya Hundir\u00een a kantona Giz\u00eer\u00ea spasnameyek\u00ea ji R\u00eaxistina Heyva Sor a Kurd re p\u00ea\u015fk\u00ea\u015f dike, li ser kar\u00fbbar\u00ean w\u00ea y\u00ean tendurist\u00ee \u00fb mirov\u00ee li her\u00eam\u00ea, taybet li ser xebat\u00ean pewerdekirina civak\u00ea di war\u00ea berevaniya siv\u00eel \u00fb al\u00eekariya yekem\u00een ku endam\u00ean Destey\u00ea j\u00ee t\u00ea de derbas b\u00fbne.","rel":"","context":"\u0641\u064a &quot;Awarte&quot;","block_context":{"text":"Awarte","link":"https:\/\/hskurd.org\/?cat=848&lang=ku"},"img":{"alt_text":"","src":"https:\/\/i0.wp.com\/hskurd.org\/wp-content\/uploads\/2024\/11\/466591525_865471782414789_562585679360059917_n.jpg?fit=1200%2C800&ssl=1&resize=350%2C200","width":350,"height":200,"srcset":"https:\/\/i0.wp.com\/hskurd.org\/wp-content\/uploads\/2024\/11\/466591525_865471782414789_562585679360059917_n.jpg?fit=1200%2C800&ssl=1&resize=350%2C200 1x, https:\/\/i0.wp.com\/hskurd.org\/wp-content\/uploads\/2024\/11\/466591525_865471782414789_562585679360059917_n.jpg?fit=1200%2C800&ssl=1&resize=525%2C300 1.5x, https:\/\/i0.wp.com\/hskurd.org\/wp-content\/uploads\/2024\/11\/466591525_865471782414789_562585679360059917_n.jpg?fit=1200%2C800&ssl=1&resize=700%2C400 2x, https:\/\/i0.wp.com\/hskurd.org\/wp-content\/uploads\/2024\/11\/466591525_865471782414789_562585679360059917_n.jpg?fit=1200%2C800&ssl=1&resize=1050%2C600 3x"},"classes":[]},{"id":9954,"url":"https:\/\/hskurd.org\/?p=9954&lang=ku","url_meta":{"origin":683,"position":1},"title":"Berdewamkirina perwerdey\u00ea Berevaniya siv\u00eel \u00fb al\u00eekariya yekem\u00een","author":"neruda","date":"13 \u0646\u0648\u0641\u0645\u0628\u0631\u060c 2024","format":false,"excerpt":"Ji bo pi\u015ftgiriya bersivday\u00eena lezg\u00een \u00fb l\u00eanih\u00ear\u00eena bij\u00ee\u015fk\u00ee \u00fb peydakirina p\u00eadiviy\u00ean gel \u00ean ji ber kar\u00eeset\u00ean xwezay\u00ee bandor dibin , r\u00eaxistina Heyva Sor a Kurd bi pi\u015ftgiriya Medico International \u00fb hevkariya gelek destey\u00ean her\u00eam\u00ee kampaniya xwe ya berfireh ji bo p\u00ea\u015fk\u00ea\u015fkirina perwerdey\u00ea Berevaniya siv\u00eel \u00fb al\u00eekariya yekem\u00een li her\u00eam\u00ean Bakur\u2026","rel":"","context":"\u0641\u064a &quot;Awarte&quot;","block_context":{"text":"Awarte","link":"https:\/\/hskurd.org\/?cat=848&lang=ku"},"img":{"alt_text":"","src":"https:\/\/i0.wp.com\/hskurd.org\/wp-content\/uploads\/2024\/11\/IMG-20240902-WA0022.jpg?fit=810%2C1080&ssl=1&resize=350%2C200","width":350,"height":200,"srcset":"https:\/\/i0.wp.com\/hskurd.org\/wp-content\/uploads\/2024\/11\/IMG-20240902-WA0022.jpg?fit=810%2C1080&ssl=1&resize=350%2C200 1x, https:\/\/i0.wp.com\/hskurd.org\/wp-content\/uploads\/2024\/11\/IMG-20240902-WA0022.jpg?fit=810%2C1080&ssl=1&resize=525%2C300 1.5x, https:\/\/i0.wp.com\/hskurd.org\/wp-content\/uploads\/2024\/11\/IMG-20240902-WA0022.jpg?fit=810%2C1080&ssl=1&resize=700%2C400 2x"},"classes":[]},{"id":627,"url":"https:\/\/hskurd.org\/?p=627&lang=ku","url_meta":{"origin":683,"position":2},"title":"Heyva sor a kurd li \u015f\u00earawel","author":"heyvasorakurd","date":"23 \u0623\u0628\u0631\u064a\u0644\u060c 2017","format":false,"excerpt":"\u015e\u00earewe her\u00eamek ji her\u00eam\u00ean y\u00ea ku heyva sor akurd ji aliy\u00ea tendirust\u00ee din\u00fbxm\u00eene , t\u00ea de hem\u00fb navend \u00fb xal\u00ean tendirust\u00ee hat avakirin weke\u00a0 Navenda Berad\u00ea ya tendirust\u00ee : ev navend di 10.8.2015'an de hatib\u00fb vekirin ,t\u00ea de s\u00ea bij\u00ee\u015fk \u00fb al\u00eekarek di roj\u00ean \u00a0( \u015eem\u00ee , D\u00fb\u015fem \u00fb p\u00eac\u015fem\u2026","rel":"","context":"\u0641\u064a &quot;b\u00ea kategoriyan&quot;","block_context":{"text":"b\u00ea kategoriyan","link":"https:\/\/hskurd.org\/?cat=85&lang=ku"},"img":{"alt_text":"","src":"https:\/\/i0.wp.com\/hskurd.org\/wp-content\/uploads\/2017\/04\/1-2.jpg?fit=800%2C480&ssl=1&resize=350%2C200","width":350,"height":200,"srcset":"https:\/\/i0.wp.com\/hskurd.org\/wp-content\/uploads\/2017\/04\/1-2.jpg?fit=800%2C480&ssl=1&resize=350%2C200 1x, https:\/\/i0.wp.com\/hskurd.org\/wp-content\/uploads\/2017\/04\/1-2.jpg?fit=800%2C480&ssl=1&resize=525%2C300 1.5x, https:\/\/i0.wp.com\/hskurd.org\/wp-content\/uploads\/2017\/04\/1-2.jpg?fit=800%2C480&ssl=1&resize=700%2C400 2x"},"classes":[]},{"id":461,"url":"https:\/\/hskurd.org\/?p=461&lang=ku","url_meta":{"origin":683,"position":3},"title":"Navenda Heyva Sor A Kurd Xala Bilbil\u00ea","author":"heyvasorakurd","date":"28 \u064a\u0646\u0627\u064a\u0631\u060c 2017","format":false,"excerpt":"Xala Bilbil\u00ea Xala Bilbl\u00ea li Efr\u00een\u00ea li nav\u00e7eya Bilbil\u00ea xebat dike , di cotmeha sala 2013\u2019 an de hatib\u00fb vekirin . Xala Bilbil\u00ea weke hem\u00fb xal\u00ean Heyva Sor A Kurd kar dike , destp\u00eak\u00ea xebat\u00ean l\u00eakol\u00een\u00ea bi malbat\u00ean xizan \u00fb rew\u015f\u00ean taybet\u00ee de dest p\u00eakir , pi\u015ftre xebat\u00ean li ser\u2026","rel":"","context":"\u0641\u064a &quot;b\u00ea kategoriyan&quot;","block_context":{"text":"b\u00ea kategoriyan","link":"https:\/\/hskurd.org\/?cat=85&lang=ku"},"img":{"alt_text":"","src":"https:\/\/i0.wp.com\/hskurd.org\/wp-content\/uploads\/2017\/01\/10-1.jpg?fit=1032%2C581&ssl=1&resize=350%2C200","width":350,"height":200,"srcset":"https:\/\/i0.wp.com\/hskurd.org\/wp-content\/uploads\/2017\/01\/10-1.jpg?fit=1032%2C581&ssl=1&resize=350%2C200 1x, https:\/\/i0.wp.com\/hskurd.org\/wp-content\/uploads\/2017\/01\/10-1.jpg?fit=1032%2C581&ssl=1&resize=525%2C300 1.5x, https:\/\/i0.wp.com\/hskurd.org\/wp-content\/uploads\/2017\/01\/10-1.jpg?fit=1032%2C581&ssl=1&resize=700%2C400 2x"},"classes":[]},{"id":1097,"url":"https:\/\/hskurd.org\/?p=1097&lang=ku","url_meta":{"origin":683,"position":4},"title":"Heyva sor a Kurd be\u015f\u00ea Afr\u00een navendeke tendurst\u00ce li her\u00eama \u015eehbay\u00ea vedike","author":"heyvasorakurd","date":"3 \u064a\u0646\u0627\u064a\u0631\u060c 2018","format":false,"excerpt":"\u00a0 Heyva sor a Kurd be\u015f\u00ea Afr\u00een bi al\u00eekariya saziya navnetew\u00ee \u00a0AVC international\u00a0 navendeke tendurst\u00ce li her\u00eama \u015eehbay\u00ea li bajarok\u00ea vav\u00een vedike \u00a0. Bi sedema k\u00eamb\u00fbna navend\u00ean tendurst\u00ee li v\u00ea her\u00eam\u00ea ev navend hat damezirandin bi kil\u00eenk\u00ean\u00a0 hundr\u00een\u00a0 , jin , diransaz\u00ee her wiha be\u015f\u00ea \u0130saf\u00ea \u00fb dermanxane. Navend nexwe\u015f\u00ean\u2026","rel":"","context":"\u0641\u064a &quot;b\u00ea kategoriyan&quot;","block_context":{"text":"b\u00ea kategoriyan","link":"https:\/\/hskurd.org\/?cat=85&lang=ku"},"img":{"alt_text":"","src":"https:\/\/i0.wp.com\/hskurd.org\/wp-content\/uploads\/2018\/01\/26551132_473372413064474_348607580_n-1.jpg?fit=960%2C540&ssl=1&resize=350%2C200","width":350,"height":200,"srcset":"https:\/\/i0.wp.com\/hskurd.org\/wp-content\/uploads\/2018\/01\/26551132_473372413064474_348607580_n-1.jpg?fit=960%2C540&ssl=1&resize=350%2C200 1x, https:\/\/i0.wp.com\/hskurd.org\/wp-content\/uploads\/2018\/01\/26551132_473372413064474_348607580_n-1.jpg?fit=960%2C540&ssl=1&resize=525%2C300 1.5x, https:\/\/i0.wp.com\/hskurd.org\/wp-content\/uploads\/2018\/01\/26551132_473372413064474_348607580_n-1.jpg?fit=960%2C540&ssl=1&resize=700%2C400 2x"},"classes":[]},{"id":8002,"url":"https:\/\/hskurd.org\/?p=8002&lang=ku","url_meta":{"origin":683,"position":5},"title":"Pi\u015ft\u00ee du salan ji avakirin \u00fb amadekirin\u00ea, Heyva Sor a Kurd avahiyeke bij\u00ee\u015fk\u00ee vedike","author":"neruda","date":"20 \u062f\u064a\u0633\u0645\u0628\u0631\u060c 2023","format":false,"excerpt":"\u00a0 Ji ber \u015fert \u00fb merc\u00ean ku gel li her\u00eam\u00ean Bakur \u00fb Rojhilat\u00ea S\u00fbriy\u00ea ki\u015fandine ji zehmetiy\u00ean \u00e7\u00fbn \u00fb hatin\u00ea \u00fb l\u00ea\u00e7\u00fbn\u00ean z\u00eade y\u00ean dermankirin\u00ea li her\u00eam\u00ean din, R\u00eaxistina Heyva Sor a Kurd v\u00ea \u00eavar\u00ea nexwe\u015fxaneya Onkoloj\u00ee, \u015eewat \u00fb Telas\u00eemiya li bajar\u00ea Qami\u015flo vekir, bi amadeb\u00fbna heval, hevkar \u00fb \u00e7end\u2026","rel":"","context":"\u0641\u064a &quot;Ge\u015fep\u00eadan&quot;","block_context":{"text":"Ge\u015fep\u00eadan","link":"https:\/\/hskurd.org\/?cat=862&lang=ku"},"img":{"alt_text":"","src":"https:\/\/i0.wp.com\/hskurd.org\/wp-content\/uploads\/2023\/12\/952A0809.00_05_34_07.Still012.jpg?fit=1200%2C675&ssl=1&resize=350%2C200","width":350,"height":200,"srcset":"https:\/\/i0.wp.com\/hskurd.org\/wp-content\/uploads\/2023\/12\/952A0809.00_05_34_07.Still012.jpg?fit=1200%2C675&ssl=1&resize=350%2C200 1x, https:\/\/i0.wp.com\/hskurd.org\/wp-content\/uploads\/2023\/12\/952A0809.00_05_34_07.Still012.jpg?fit=1200%2C675&ssl=1&resize=525%2C300 1.5x, https:\/\/i0.wp.com\/hskurd.org\/wp-content\/uploads\/2023\/12\/952A0809.00_05_34_07.Still012.jpg?fit=1200%2C675&ssl=1&resize=700%2C400 2x, https:\/\/i0.wp.com\/hskurd.org\/wp-content\/uploads\/2023\/12\/952A0809.00_05_34_07.Still012.jpg?fit=1200%2C675&ssl=1&resize=1050%2C600 3x"},"classes":[]}],"jetpack_sharing_enabled":true,"_links":{"self":[{"href":"https:\/\/hskurd.org\/index.php?rest_route=\/wp\/v2\/posts\/683","targetHints":{"allow":["GET"]}}],"collection":[{"href":"https:\/\/hskurd.org\/index.php?rest_route=\/wp\/v2\/posts"}],"about":[{"href":"https:\/\/hskurd.org\/index.php?rest_route=\/wp\/v2\/types\/post"}],"author":[{"embeddable":true,"href":"https:\/\/hskurd.org\/index.php?rest_route=\/wp\/v2\/users\/2"}],"replies":[{"embeddable":true,"href":"https:\/\/hskurd.org\/index.php?rest_route=%2Fwp%2Fv2%2Fcomments&post=683"}],"version-history":[{"count":1,"href":"https:\/\/hskurd.org\/index.php?rest_route=\/wp\/v2\/posts\/683\/revisions"}],"predecessor-version":[{"id":685,"href":"https:\/\/hskurd.org\/index.php?rest_route=\/wp\/v2\/posts\/683\/revisions\/685"}],"wp:featuredmedia":[{"embeddable":true,"href":"https:\/\/hskurd.org\/index.php?rest_route=\/wp\/v2\/media\/684"}],"wp:attachment":[{"href":"https:\/\/hskurd.org\/index.php?rest_route=%2Fwp%2Fv2%2Fmedia&parent=683"}],"wp:term":[{"taxonomy":"category","embeddable":true,"href":"https:\/\/hskurd.org\/index.php?rest_route=%2Fwp%2Fv2%2Fcategories&post=683"},{"taxonomy":"post_tag","embeddable":true,"href":"https:\/\/hskurd.org\/index.php?rest_route=%2Fwp%2Fv2%2Ftags&post=683"}],"curies":[{"name":"wp","href":"https:\/\/api.w.org\/{rel}","templated":true}]}}