{"id":6799,"date":"2022-11-20T14:33:55","date_gmt":"2022-11-20T11:33:55","guid":{"rendered":"https:\/\/hskurd.org\/?p=6799"},"modified":"2022-11-21T09:29:13","modified_gmt":"2022-11-21T06:29:13","slug":"bang-ji-bo-raya-gisti","status":"publish","type":"post","link":"https:\/\/hskurd.org\/?p=6799&lang=ku","title":{"rendered":"Bang ji bo raya gi\u015ft\u00ee"},"content":{"rendered":"<p>Ji bo raya gi\u015ft\u00ee , civaka siv\u00eel \u00fb r\u00eaxistin\u00ean mirov\u00ee<\/p>\n<p>Em R\u00eaxistina Heyva Sor a Kurd \u00ear\u00ee\u015f\u00ean haway\u00ee y\u00ean dewleta Tirk li ser her\u00eam\u00ean Bakur \u00fb Rojhilat\u00ea S\u00fbriy\u00ea \u015fermezar dikin, ku bi dehan siv\u00eel jiyana xwe ji dest dan \u00fb ji bil\u00ee xerakirina nexwe\u015fxaneya zarokan a bajar\u00ea Koban\u00ea di heman boneya roja c\u00eehan\u00ee ya zarokan ku daxwaza parastin \u00fb tendirist\u00ee \u00fb a\u015ft\u00eey\u00ea ji hem\u00fb zarok\u00ean c\u00eehan\u00ea re dike \u00fb li dij\u00ee prens\u00eep\u00ean tendirist\u00eeya c\u00eehan\u00ee \u00fb maf\u00ean mirovan tevdigere \u00fb em daxwaz\u00ea ji hem\u00fb r\u00eaxistin\u00ean maf\u00ean mirov \u00fb bi taybet\u00ee r\u00eaxistina maf\u00ean zarokan dikin ku li ser van kirdar\u00ean nemirovane birawestin.<\/p>\n","protected":false},"excerpt":{"rendered":"<p>Ji bo raya gi\u015ft\u00ee , civaka siv\u00eel \u00fb r\u00eaxistin\u00ean mirov\u00ee Em R\u00eaxistina Heyva Sor a Kurd \u00ear\u00ee\u015f\u00ean haway\u00ee y\u00ean dewleta Tirk li ser her\u00eam\u00ean Bakur \u00fb Rojhilat\u00ea S\u00fbriy\u00ea \u015fermezar dikin, ku bi dehan siv\u00eel jiyana xwe ji dest dan \u00fb ji bil\u00ee xerakirina nexwe\u015fxaneya zarokan a bajar\u00ea Koban\u00ea di heman boneya roja c\u00eehan\u00ee ya zarokan [&hellip;]<\/p>\n","protected":false},"author":3,"featured_media":6795,"comment_status":"open","ping_status":"open","sticky":false,"template":"","format":"standard","meta":{"give_campaign_id":0,"ngg_post_thumbnail":0,"jetpack_post_was_ever_published":false,"_jetpack_newsletter_access":"","_jetpack_dont_email_post_to_subs":false,"_jetpack_newsletter_tier_id":0,"_jetpack_memberships_contains_paywalled_content":false,"_jetpack_memberships_contains_paid_content":false,"footnotes":"","jetpack_publicize_message":"","jetpack_publicize_feature_enabled":true,"jetpack_social_post_already_shared":true,"jetpack_social_options":{"image_generator_settings":{"template":"highway","default_image_id":0,"font":"","enabled":false},"version":2},"_links_to":"","_links_to_target":""},"categories":[206],"tags":[],"class_list":["post-6799","post","type-post","status-publish","format-standard","has-post-thumbnail","hentry","category-rapor"],"jetpack_publicize_connections":[],"jetpack_featured_media_url":"https:\/\/i0.wp.com\/hskurd.org\/wp-content\/uploads\/2022\/11\/e72d698e-efff-4ffa-87c5-8e96a6e793ba.jpg?fit=720%2C358&ssl=1","jetpack-related-posts":[{"id":6935,"url":"https:\/\/hskurd.org\/?p=6935&lang=ku","url_meta":{"origin":6799,"position":0},"title":"Ji bo raya gi\u015ft\u00ee ya c\u00eehan\u00ee","author":"Sozdar","date":"22 \u0641\u0628\u0631\u0627\u064a\u0631\u060c 2023","format":false,"excerpt":"Erdheja ku di 6 sibats 2023an de r\u00fbda ,b\u00fb sedema karesateke mirov\u00ee \u00fb zirareke mezin ji bo xelk\u00ean her\u00eam\u00ea ku heta v\u00ea gav\u00ea di aloziyeke ji\u0131yan\u00ee de mane. Li ser v\u00ea yek\u00ea mirovahiya c\u00eehan\u00ee \u00fb ya her\u00eam\u00ea ket nava hewldana el\u00eekariyeke pir mezin a mad\u00ee \u00fb manew\u00ee ji bo xelk\u00ean\u2026","rel":"","context":"\u0641\u064a &quot;Rapor&quot;","block_context":{"text":"Rapor","link":"https:\/\/hskurd.org\/?cat=206&lang=ku"},"img":{"alt_text":"","src":"https:\/\/i0.wp.com\/hskurd.org\/wp-content\/uploads\/2023\/02\/%D8%A8%D8%AF%D9%88%D9%86-%D8%A7%D8%B3%D9%85325_20230222135539.png?fit=1200%2C1200&ssl=1&resize=350%2C200","width":350,"height":200,"srcset":"https:\/\/i0.wp.com\/hskurd.org\/wp-content\/uploads\/2023\/02\/%D8%A8%D8%AF%D9%88%D9%86-%D8%A7%D8%B3%D9%85325_20230222135539.png?fit=1200%2C1200&ssl=1&resize=350%2C200 1x, https:\/\/i0.wp.com\/hskurd.org\/wp-content\/uploads\/2023\/02\/%D8%A8%D8%AF%D9%88%D9%86-%D8%A7%D8%B3%D9%85325_20230222135539.png?fit=1200%2C1200&ssl=1&resize=525%2C300 1.5x, https:\/\/i0.wp.com\/hskurd.org\/wp-content\/uploads\/2023\/02\/%D8%A8%D8%AF%D9%88%D9%86-%D8%A7%D8%B3%D9%85325_20230222135539.png?fit=1200%2C1200&ssl=1&resize=700%2C400 2x, https:\/\/i0.wp.com\/hskurd.org\/wp-content\/uploads\/2023\/02\/%D8%A8%D8%AF%D9%88%D9%86-%D8%A7%D8%B3%D9%85325_20230222135539.png?fit=1200%2C1200&ssl=1&resize=1050%2C600 3x"},"classes":[]},{"id":12043,"url":"https:\/\/hskurd.org\/?p=12043&lang=ku","url_meta":{"origin":6799,"position":1},"title":"Ji bo rayedar\u00ean peywend\u00eedar \u00fb raya gi\u015ft\u00ee:","author":"user55","date":"3 \u0645\u0627\u0631\u0633\u060c 2026","format":false,"excerpt":"Ji bo rayedar\u00ean peywend\u00eedar \u00fb raya gi\u015ft\u00ee: Em bi xemg\u00een\u00ee \u00fb xemg\u00eeniyeke k\u00fbr ji we re diniv\u00eesin \u00fb radigih\u00eenin ku ji saet 2:00 PM ya 18\u00ea \u00c7ileya 2026an vir ve, me t\u00eakiliya xwe bi hevkar\u00ea xwe Taher Rakan Taher, ku bi nav\u00ea \"Enas Amsha\" j\u00ee t\u00ea nas\u00een, qut kiriye. Hevkar\u00ea\u2026","rel":"","context":"\u0641\u064a &quot;News&quot;","block_context":{"text":"News","link":"https:\/\/hskurd.org\/?cat=2171&lang=ku"},"img":{"alt_text":"","src":"https:\/\/i0.wp.com\/hskurd.org\/wp-content\/uploads\/2026\/03\/624721901_1187267790235185_808748452703421968_n.jpg?fit=526%2C705&ssl=1&resize=350%2C200","width":350,"height":200,"srcset":"https:\/\/i0.wp.com\/hskurd.org\/wp-content\/uploads\/2026\/03\/624721901_1187267790235185_808748452703421968_n.jpg?fit=526%2C705&ssl=1&resize=350%2C200 1x, https:\/\/i0.wp.com\/hskurd.org\/wp-content\/uploads\/2026\/03\/624721901_1187267790235185_808748452703421968_n.jpg?fit=526%2C705&ssl=1&resize=525%2C300 1.5x"},"classes":[]},{"id":11951,"url":"https:\/\/hskurd.org\/?p=11951&lang=ku","url_meta":{"origin":6799,"position":2},"title":"Daxuyaniya \u015fermezarkirin \u00fb \u015fermezarkirina \u00ear\u00ee\u015f\u00ean li ser navend\u00ean tenduristiy\u00ea li Bakur \u00fb Rojhilat\u00ea S\u00fbriy\u00ea","author":"user55","date":"24 \u0641\u0628\u0631\u0627\u064a\u0631\u060c 2026","format":false,"excerpt":"Daxuyaniya \u015eermezarkirina \u00car\u00ee\u015f\u00ean li ser Navend\u00ean Tenduristiy\u00ea \u00fb Karmend\u00ean Bij\u00ee\u015fk\u00ee li Bakur \u00fb Rojhilat\u00ea S\u00fbriyey\u00ea Em li Heyva Sor a Kurd, li ser bingeha erk\u00ea xwe y\u00ea mirov\u00ee, hem\u00fb \u00ear\u00ee\u015f\u00ean ku navend\u00ean tenduristiy\u00ea, karmend\u00ean bij\u00ee\u015fk\u00ee \u00fb r\u00eaxistin\u00ean al\u00eekariy\u00ea li Bakur \u00fb Rojhilat\u00ea S\u00fbriyey\u00ea hedef digirin bi tund\u00ee \u015fermezar dikin. \u00car\u00ee\u015fa\u2026","rel":"","context":"\u0641\u064a &quot;Rapor&quot;","block_context":{"text":"Rapor","link":"https:\/\/hskurd.org\/?cat=206&lang=ku"},"img":{"alt_text":"","src":"https:\/\/i0.wp.com\/hskurd.org\/wp-content\/uploads\/2026\/02\/616189932_1181428474152450_2742318992070712677_n.jpg?fit=1200%2C800&ssl=1&resize=350%2C200","width":350,"height":200,"srcset":"https:\/\/i0.wp.com\/hskurd.org\/wp-content\/uploads\/2026\/02\/616189932_1181428474152450_2742318992070712677_n.jpg?fit=1200%2C800&ssl=1&resize=350%2C200 1x, https:\/\/i0.wp.com\/hskurd.org\/wp-content\/uploads\/2026\/02\/616189932_1181428474152450_2742318992070712677_n.jpg?fit=1200%2C800&ssl=1&resize=525%2C300 1.5x, https:\/\/i0.wp.com\/hskurd.org\/wp-content\/uploads\/2026\/02\/616189932_1181428474152450_2742318992070712677_n.jpg?fit=1200%2C800&ssl=1&resize=700%2C400 2x, https:\/\/i0.wp.com\/hskurd.org\/wp-content\/uploads\/2026\/02\/616189932_1181428474152450_2742318992070712677_n.jpg?fit=1200%2C800&ssl=1&resize=1050%2C600 3x"},"classes":[]},{"id":11223,"url":"https:\/\/hskurd.org\/?p=11223&lang=ku","url_meta":{"origin":6799,"position":3},"title":"Roja p\u00eerikan a c\u00eehan\u00ee","author":"user55","date":"5 \u0645\u0627\u064a\u0648\u060c 2025","format":false,"excerpt":"https:\/\/youtu.be\/YcVBjZRTbeo Her sal di p\u00eanc\u00ea heyva gulan\u00ea de, c\u00eehan roja p\u00eerkan a c\u00eehan\u00ee p\u00eeroz dike , \u00fb nirxandina rola wan di pi\u015ftgiriya tenduristiya dayik \u00fb zarokan de , p\u00ea\u015fxistina hi\u015fmendiya gir\u00eengiya xizmet\u00ean jidayikb\u00fbn\u00ea \u00fb l\u00eaner\u00eena tenduristiya gi\u015ft\u00ee \u00fb al\u00eekariya k\u00eamkirina r\u00eajey\u00ean mirina dayik \u00fb zaroka w\u00ea di qeyranan de dike.\u2026","rel":"","context":"\u0641\u064a &quot;Awarte&quot;","block_context":{"text":"Awarte","link":"https:\/\/hskurd.org\/?cat=848&lang=ku"},"img":{"alt_text":"","src":"https:\/\/i0.wp.com\/hskurd.org\/wp-content\/uploads\/2025\/05\/%D9%84%D9%82%D8%B7%D8%A9-%D8%B4%D8%A7%D8%B4%D8%A9-2025-05-05-095512.png?fit=1200%2C626&ssl=1&resize=350%2C200","width":350,"height":200,"srcset":"https:\/\/i0.wp.com\/hskurd.org\/wp-content\/uploads\/2025\/05\/%D9%84%D9%82%D8%B7%D8%A9-%D8%B4%D8%A7%D8%B4%D8%A9-2025-05-05-095512.png?fit=1200%2C626&ssl=1&resize=350%2C200 1x, https:\/\/i0.wp.com\/hskurd.org\/wp-content\/uploads\/2025\/05\/%D9%84%D9%82%D8%B7%D8%A9-%D8%B4%D8%A7%D8%B4%D8%A9-2025-05-05-095512.png?fit=1200%2C626&ssl=1&resize=525%2C300 1.5x, https:\/\/i0.wp.com\/hskurd.org\/wp-content\/uploads\/2025\/05\/%D9%84%D9%82%D8%B7%D8%A9-%D8%B4%D8%A7%D8%B4%D8%A9-2025-05-05-095512.png?fit=1200%2C626&ssl=1&resize=700%2C400 2x, https:\/\/i0.wp.com\/hskurd.org\/wp-content\/uploads\/2025\/05\/%D9%84%D9%82%D8%B7%D8%A9-%D8%B4%D8%A7%D8%B4%D8%A9-2025-05-05-095512.png?fit=1200%2C626&ssl=1&resize=1050%2C600 3x"},"classes":[]},{"id":11991,"url":"https:\/\/hskurd.org\/?p=11991&lang=ku","url_meta":{"origin":6799,"position":4},"title":"Ji ber dorp\u00ea\u00e7a li ser Kobaniy\u00ea heta niha p\u00eanc zarok mirine.","author":"user55","date":"2 \u0645\u0627\u0631\u0633\u060c 2026","format":false,"excerpt":"Ji ber dorp\u00ea\u00e7a li ser Koban\u00ea, heta niha p\u00eanc zarok (di nav wan de zarok\u00ean \u015f\u00eermij hene) jiyana xwe ji dest dane. Ev yek ji ber daketina dijwar a germahiy\u00ea, neb\u00fbna sotemeniya germkirin\u00ea \u00fb k\u00eamb\u00fbna p\u00eadiviy\u00ean bij\u00ee\u015fk\u00ee y\u00ean bingeh\u00een p\u00eak hatiye. Berdewamiya dorp\u00ea\u00e7\u00ea r\u00eeskeke mezin \u00fb rasterast li ser jiyana\u2026","rel":"","context":"\u0641\u064a &quot;News&quot;","block_context":{"text":"News","link":"https:\/\/hskurd.org\/?cat=2171&lang=ku"},"img":{"alt_text":"","src":"https:\/\/i0.wp.com\/hskurd.org\/wp-content\/uploads\/2026\/03\/619316743_1183844280577536_7058343323310123023_n.jpg?fit=960%2C1200&ssl=1&resize=350%2C200","width":350,"height":200,"srcset":"https:\/\/i0.wp.com\/hskurd.org\/wp-content\/uploads\/2026\/03\/619316743_1183844280577536_7058343323310123023_n.jpg?fit=960%2C1200&ssl=1&resize=350%2C200 1x, https:\/\/i0.wp.com\/hskurd.org\/wp-content\/uploads\/2026\/03\/619316743_1183844280577536_7058343323310123023_n.jpg?fit=960%2C1200&ssl=1&resize=525%2C300 1.5x, https:\/\/i0.wp.com\/hskurd.org\/wp-content\/uploads\/2026\/03\/619316743_1183844280577536_7058343323310123023_n.jpg?fit=960%2C1200&ssl=1&resize=700%2C400 2x"},"classes":[]},{"id":6917,"url":"https:\/\/hskurd.org\/?p=6917&lang=ku","url_meta":{"origin":6799,"position":5},"title":"Ji bo Raya gi\u015ft\u00ee \u00fb hem\u00fb al\u00ee \u00fb r\u00eaxistin\u00ean mirov\u00ee","author":"Sozdar","date":"12 \u0641\u0628\u0631\u0627\u064a\u0631\u060c 2023","format":false,"excerpt":"Weke t\u00ea zan\u00een, ber dest\u00ea sibeha 6 \u00ea meha sibata 2023 yan de erdhejek di pileya 7.7 \u00fb 7.6 k\u00fb navenda w\u00ea li T\u00fcrkya \u00fb Suriye bi taybet her\u00eam\u00ean k\u00fb k\u00fbrd l\u00ea jiyandikin de r\u00fbda \u00fb b\u00fb sedema karesatek ya mirov\u00ee a pir giran. Jibo v\u00ea karesat\u00ea gelek sazi,yekiti,komele kesayet\u2026","rel":"","context":"\u0641\u064a &quot;Parastin&quot;","block_context":{"text":"Parastin","link":"https:\/\/hskurd.org\/?cat=840&lang=ku"},"img":{"alt_text":"","src":"","width":0,"height":0},"classes":[]}],"jetpack_sharing_enabled":true,"_links":{"self":[{"href":"https:\/\/hskurd.org\/index.php?rest_route=\/wp\/v2\/posts\/6799","targetHints":{"allow":["GET"]}}],"collection":[{"href":"https:\/\/hskurd.org\/index.php?rest_route=\/wp\/v2\/posts"}],"about":[{"href":"https:\/\/hskurd.org\/index.php?rest_route=\/wp\/v2\/types\/post"}],"author":[{"embeddable":true,"href":"https:\/\/hskurd.org\/index.php?rest_route=\/wp\/v2\/users\/3"}],"replies":[{"embeddable":true,"href":"https:\/\/hskurd.org\/index.php?rest_route=%2Fwp%2Fv2%2Fcomments&post=6799"}],"version-history":[{"count":4,"href":"https:\/\/hskurd.org\/index.php?rest_route=\/wp\/v2\/posts\/6799\/revisions"}],"predecessor-version":[{"id":6815,"href":"https:\/\/hskurd.org\/index.php?rest_route=\/wp\/v2\/posts\/6799\/revisions\/6815"}],"wp:featuredmedia":[{"embeddable":true,"href":"https:\/\/hskurd.org\/index.php?rest_route=\/wp\/v2\/media\/6795"}],"wp:attachment":[{"href":"https:\/\/hskurd.org\/index.php?rest_route=%2Fwp%2Fv2%2Fmedia&parent=6799"}],"wp:term":[{"taxonomy":"category","embeddable":true,"href":"https:\/\/hskurd.org\/index.php?rest_route=%2Fwp%2Fv2%2Fcategories&post=6799"},{"taxonomy":"post_tag","embeddable":true,"href":"https:\/\/hskurd.org\/index.php?rest_route=%2Fwp%2Fv2%2Ftags&post=6799"}],"curies":[{"name":"wp","href":"https:\/\/api.w.org\/{rel}","templated":true}]}}