{"id":6540,"date":"2022-09-29T13:05:16","date_gmt":"2022-09-29T10:05:16","guid":{"rendered":"https:\/\/hskurd.org\/?p=6540"},"modified":"2022-09-29T13:05:16","modified_gmt":"2022-09-29T10:05:16","slug":"kampanya-temsekirina-tanken-ave-li-hemu-navenden-heyva-sor-a-kurd","status":"publish","type":"post","link":"https:\/\/hskurd.org\/?p=6540&lang=ku","title":{"rendered":"Kampanya temsekirina tank\u00ean av\u00ea li hem\u00fb navend\u00ean Heyva Sor a Kurd"},"content":{"rendered":"<p>Di \u00e7ar\u00e7oveya bergirtina  nexwe\u015fya Kolera ji bo p\u00ea\u015fvebirin \u00fb p\u00ea\u015fxistina be\u015f\u00ea tenduristiy\u00ea \u00fb avakirina  derdoreke ewle ji kar re, be\u015f\u00ea av \u00fb paqij\u00ee  (WASH) ya Heyva Sor a Kurd kampanya temsekirina tank\u00ean av\u00ea li hem\u00fb navenda desp\u00ea kir.<br \/>\nev \u00e7alak\u00ee ji roja du\u015fem\u00ea 26.09.2022`an de ji navend\u00ean Kantona Hesek\u00ea destp\u00eakir ji ber ku ava bajar li ser ava sar\u00eeca ye , \u00fb d\u00ea berdewam bike ta hem\u00fb navend b\u00ean kontrolkirin ku li hem\u00fb her\u00eam\u00ean Bakur \u00fb Rojhilat\u00ea Suriy\u00ea  belavkir\u00eene , ew j\u00ee xelekeke ji gelek \u00e7alakiy\u00een ku w\u00ea b\u00ean lidarxistin ji bo bergirtina nexwe\u015fiy\u00ea.<br \/>\n<img data-recalc-dims=\"1\" loading=\"lazy\" decoding=\"async\" data-attachment-id=\"6532\" data-permalink=\"https:\/\/hskurd.org\/?attachment_id=6532\" data-orig-file=\"https:\/\/i0.wp.com\/hskurd.org\/wp-content\/uploads\/2022\/09\/952A9425-scaled.jpg?fit=2560%2C1707&amp;ssl=1\" data-orig-size=\"2560,1707\" data-comments-opened=\"0\" data-image-meta=\"{&quot;aperture&quot;:&quot;8&quot;,&quot;credit&quot;:&quot;&quot;,&quot;camera&quot;:&quot;Canon EOS 5D Mark III&quot;,&quot;caption&quot;:&quot;&quot;,&quot;created_timestamp&quot;:&quot;1664190001&quot;,&quot;copyright&quot;:&quot;&quot;,&quot;focal_length&quot;:&quot;90&quot;,&quot;iso&quot;:&quot;100&quot;,&quot;shutter_speed&quot;:&quot;0.003125&quot;,&quot;title&quot;:&quot;&quot;,&quot;orientation&quot;:&quot;1&quot;}\" data-image-title=\"952A9425\" data-image-description=\"\" data-image-caption=\"\" data-medium-file=\"https:\/\/i0.wp.com\/hskurd.org\/wp-content\/uploads\/2022\/09\/952A9425-scaled.jpg?fit=300%2C200&amp;ssl=1\" data-large-file=\"https:\/\/i0.wp.com\/hskurd.org\/wp-content\/uploads\/2022\/09\/952A9425-scaled.jpg?fit=1030%2C687&amp;ssl=1\" src=\"https:\/\/i0.wp.com\/hskurd.org\/wp-content\/uploads\/2022\/09\/952A9425-300x200.jpg?resize=300%2C200\" alt=\"\" width=\"300\" height=\"200\" class=\"alignnone size-medium wp-image-6532\" srcset=\"https:\/\/i0.wp.com\/hskurd.org\/wp-content\/uploads\/2022\/09\/952A9425-scaled.jpg?resize=300%2C200&amp;ssl=1 300w, https:\/\/i0.wp.com\/hskurd.org\/wp-content\/uploads\/2022\/09\/952A9425-scaled.jpg?resize=1030%2C687&amp;ssl=1 1030w, https:\/\/i0.wp.com\/hskurd.org\/wp-content\/uploads\/2022\/09\/952A9425-scaled.jpg?resize=768%2C512&amp;ssl=1 768w, https:\/\/i0.wp.com\/hskurd.org\/wp-content\/uploads\/2022\/09\/952A9425-scaled.jpg?resize=1536%2C1024&amp;ssl=1 1536w\" sizes=\"auto, (max-width: 300px) 100vw, 300px\" \/><br \/>\n<img data-recalc-dims=\"1\" loading=\"lazy\" decoding=\"async\" data-attachment-id=\"6533\" data-permalink=\"https:\/\/hskurd.org\/?attachment_id=6533\" data-orig-file=\"https:\/\/i0.wp.com\/hskurd.org\/wp-content\/uploads\/2022\/09\/952A9405-scaled.jpg?fit=2560%2C1707&amp;ssl=1\" data-orig-size=\"2560,1707\" data-comments-opened=\"0\" data-image-meta=\"{&quot;aperture&quot;:&quot;11&quot;,&quot;credit&quot;:&quot;&quot;,&quot;camera&quot;:&quot;Canon EOS 5D Mark III&quot;,&quot;caption&quot;:&quot;&quot;,&quot;created_timestamp&quot;:&quot;1664189879&quot;,&quot;copyright&quot;:&quot;&quot;,&quot;focal_length&quot;:&quot;24&quot;,&quot;iso&quot;:&quot;100&quot;,&quot;shutter_speed&quot;:&quot;0.004&quot;,&quot;title&quot;:&quot;&quot;,&quot;orientation&quot;:&quot;1&quot;}\" data-image-title=\"952A9405\" data-image-description=\"\" data-image-caption=\"\" data-medium-file=\"https:\/\/i0.wp.com\/hskurd.org\/wp-content\/uploads\/2022\/09\/952A9405-scaled.jpg?fit=300%2C200&amp;ssl=1\" data-large-file=\"https:\/\/i0.wp.com\/hskurd.org\/wp-content\/uploads\/2022\/09\/952A9405-scaled.jpg?fit=1030%2C687&amp;ssl=1\" src=\"https:\/\/i0.wp.com\/hskurd.org\/wp-content\/uploads\/2022\/09\/952A9405-300x200.jpg?resize=300%2C200\" alt=\"\" width=\"300\" height=\"200\" class=\"alignnone size-medium wp-image-6533\" srcset=\"https:\/\/i0.wp.com\/hskurd.org\/wp-content\/uploads\/2022\/09\/952A9405-scaled.jpg?resize=300%2C200&amp;ssl=1 300w, https:\/\/i0.wp.com\/hskurd.org\/wp-content\/uploads\/2022\/09\/952A9405-scaled.jpg?resize=1030%2C687&amp;ssl=1 1030w, https:\/\/i0.wp.com\/hskurd.org\/wp-content\/uploads\/2022\/09\/952A9405-scaled.jpg?resize=768%2C512&amp;ssl=1 768w, https:\/\/i0.wp.com\/hskurd.org\/wp-content\/uploads\/2022\/09\/952A9405-scaled.jpg?resize=1536%2C1024&amp;ssl=1 1536w, https:\/\/i0.wp.com\/hskurd.org\/wp-content\/uploads\/2022\/09\/952A9405-scaled.jpg?resize=2048%2C1365&amp;ssl=1 2048w, https:\/\/i0.wp.com\/hskurd.org\/wp-content\/uploads\/2022\/09\/952A9405-scaled.jpg?resize=1500%2C1000&amp;ssl=1 1500w, https:\/\/i0.wp.com\/hskurd.org\/wp-content\/uploads\/2022\/09\/952A9405-scaled.jpg?resize=705%2C470&amp;ssl=1 705w\" sizes=\"auto, (max-width: 300px) 100vw, 300px\" \/><br \/>\n<img data-recalc-dims=\"1\" loading=\"lazy\" decoding=\"async\" data-attachment-id=\"6536\" data-permalink=\"https:\/\/hskurd.org\/?attachment_id=6536\" data-orig-file=\"https:\/\/i0.wp.com\/hskurd.org\/wp-content\/uploads\/2022\/09\/952A9356-scaled.jpg?fit=2560%2C1707&amp;ssl=1\" data-orig-size=\"2560,1707\" data-comments-opened=\"0\" data-image-meta=\"{&quot;aperture&quot;:&quot;8&quot;,&quot;credit&quot;:&quot;&quot;,&quot;camera&quot;:&quot;Canon EOS 5D Mark III&quot;,&quot;caption&quot;:&quot;&quot;,&quot;created_timestamp&quot;:&quot;1664188859&quot;,&quot;copyright&quot;:&quot;&quot;,&quot;focal_length&quot;:&quot;85&quot;,&quot;iso&quot;:&quot;100&quot;,&quot;shutter_speed&quot;:&quot;0.0025&quot;,&quot;title&quot;:&quot;&quot;,&quot;orientation&quot;:&quot;1&quot;}\" data-image-title=\"952A9356\" data-image-description=\"\" data-image-caption=\"\" data-medium-file=\"https:\/\/i0.wp.com\/hskurd.org\/wp-content\/uploads\/2022\/09\/952A9356-scaled.jpg?fit=300%2C200&amp;ssl=1\" data-large-file=\"https:\/\/i0.wp.com\/hskurd.org\/wp-content\/uploads\/2022\/09\/952A9356-scaled.jpg?fit=1030%2C687&amp;ssl=1\" src=\"https:\/\/i0.wp.com\/hskurd.org\/wp-content\/uploads\/2022\/09\/952A9356-300x200.jpg?resize=300%2C200\" alt=\"\" width=\"300\" height=\"200\" class=\"alignnone size-medium wp-image-6536\" srcset=\"https:\/\/i0.wp.com\/hskurd.org\/wp-content\/uploads\/2022\/09\/952A9356-scaled.jpg?resize=300%2C200&amp;ssl=1 300w, https:\/\/i0.wp.com\/hskurd.org\/wp-content\/uploads\/2022\/09\/952A9356-scaled.jpg?resize=1030%2C687&amp;ssl=1 1030w, https:\/\/i0.wp.com\/hskurd.org\/wp-content\/uploads\/2022\/09\/952A9356-scaled.jpg?resize=768%2C512&amp;ssl=1 768w, https:\/\/i0.wp.com\/hskurd.org\/wp-content\/uploads\/2022\/09\/952A9356-scaled.jpg?resize=1536%2C1024&amp;ssl=1 1536w, https:\/\/i0.wp.com\/hskurd.org\/wp-content\/uploads\/2022\/09\/952A9356-scaled.jpg?resize=2048%2C1365&amp;ssl=1 2048w, https:\/\/i0.wp.com\/hskurd.org\/wp-content\/uploads\/2022\/09\/952A9356-scaled.jpg?resize=1500%2C1000&amp;ssl=1 1500w, https:\/\/i0.wp.com\/hskurd.org\/wp-content\/uploads\/2022\/09\/952A9356-scaled.jpg?resize=705%2C470&amp;ssl=1 705w\" sizes=\"auto, (max-width: 300px) 100vw, 300px\" \/><br \/>\n<img data-recalc-dims=\"1\" loading=\"lazy\" decoding=\"async\" data-attachment-id=\"6535\" data-permalink=\"https:\/\/hskurd.org\/?attachment_id=6535\" data-orig-file=\"https:\/\/i0.wp.com\/hskurd.org\/wp-content\/uploads\/2022\/09\/952A9362-scaled.jpg?fit=2560%2C1707&amp;ssl=1\" data-orig-size=\"2560,1707\" data-comments-opened=\"0\" data-image-meta=\"{&quot;aperture&quot;:&quot;4&quot;,&quot;credit&quot;:&quot;&quot;,&quot;camera&quot;:&quot;Canon EOS 5D Mark III&quot;,&quot;caption&quot;:&quot;&quot;,&quot;created_timestamp&quot;:&quot;1664189249&quot;,&quot;copyright&quot;:&quot;&quot;,&quot;focal_length&quot;:&quot;28&quot;,&quot;iso&quot;:&quot;125&quot;,&quot;shutter_speed&quot;:&quot;0.025&quot;,&quot;title&quot;:&quot;&quot;,&quot;orientation&quot;:&quot;1&quot;}\" data-image-title=\"952A9362\" data-image-description=\"\" data-image-caption=\"\" data-medium-file=\"https:\/\/i0.wp.com\/hskurd.org\/wp-content\/uploads\/2022\/09\/952A9362-scaled.jpg?fit=300%2C200&amp;ssl=1\" data-large-file=\"https:\/\/i0.wp.com\/hskurd.org\/wp-content\/uploads\/2022\/09\/952A9362-scaled.jpg?fit=1030%2C687&amp;ssl=1\" src=\"https:\/\/i0.wp.com\/hskurd.org\/wp-content\/uploads\/2022\/09\/952A9362-300x200.jpg?resize=300%2C200\" alt=\"\" width=\"300\" height=\"200\" class=\"alignnone size-medium wp-image-6535\" srcset=\"https:\/\/i0.wp.com\/hskurd.org\/wp-content\/uploads\/2022\/09\/952A9362-scaled.jpg?resize=300%2C200&amp;ssl=1 300w, https:\/\/i0.wp.com\/hskurd.org\/wp-content\/uploads\/2022\/09\/952A9362-scaled.jpg?resize=1030%2C687&amp;ssl=1 1030w, https:\/\/i0.wp.com\/hskurd.org\/wp-content\/uploads\/2022\/09\/952A9362-scaled.jpg?resize=768%2C512&amp;ssl=1 768w, https:\/\/i0.wp.com\/hskurd.org\/wp-content\/uploads\/2022\/09\/952A9362-scaled.jpg?resize=1536%2C1024&amp;ssl=1 1536w, https:\/\/i0.wp.com\/hskurd.org\/wp-content\/uploads\/2022\/09\/952A9362-scaled.jpg?resize=2048%2C1365&amp;ssl=1 2048w, https:\/\/i0.wp.com\/hskurd.org\/wp-content\/uploads\/2022\/09\/952A9362-scaled.jpg?resize=1500%2C1000&amp;ssl=1 1500w, https:\/\/i0.wp.com\/hskurd.org\/wp-content\/uploads\/2022\/09\/952A9362-scaled.jpg?resize=705%2C470&amp;ssl=1 705w\" sizes=\"auto, (max-width: 300px) 100vw, 300px\" \/><\/p>\n","protected":false},"excerpt":{"rendered":"<p>Di \u00e7ar\u00e7oveya bergirtina nexwe\u015fya Kolera ji bo p\u00ea\u015fvebirin \u00fb p\u00ea\u015fxistina be\u015f\u00ea tenduristiy\u00ea \u00fb avakirina derdoreke ewle ji kar re, be\u015f\u00ea av \u00fb paqij\u00ee (WASH) ya Heyva Sor a Kurd kampanya temsekirina tank\u00ean av\u00ea li hem\u00fb navenda desp\u00ea kir. ev \u00e7alak\u00ee ji roja du\u015fem\u00ea 26.09.2022`an de ji navend\u00ean Kantona Hesek\u00ea destp\u00eakir ji ber ku ava bajar [&hellip;]<\/p>\n","protected":false},"author":3,"featured_media":6534,"comment_status":"open","ping_status":"open","sticky":false,"template":"","format":"standard","meta":{"give_campaign_id":0,"ngg_post_thumbnail":0,"jetpack_post_was_ever_published":false,"_jetpack_newsletter_access":"","_jetpack_dont_email_post_to_subs":false,"_jetpack_newsletter_tier_id":0,"_jetpack_memberships_contains_paywalled_content":false,"_jetpack_memberships_contains_paid_content":false,"footnotes":"","jetpack_publicize_message":"","jetpack_publicize_feature_enabled":true,"jetpack_social_post_already_shared":true,"jetpack_social_options":{"image_generator_settings":{"template":"highway","default_image_id":0,"font":"","enabled":false},"version":2},"_links_to":"","_links_to_target":""},"categories":[855,844],"tags":[1333],"class_list":["post-6540","post","type-post","status-publish","format-standard","has-post-thumbnail","hentry","category-bese-wash","category-perwerdehiya-tenduristi","tag-bese_av_u_paqiji_wash_ya_heyva_sor_a_kurd"],"jetpack_publicize_connections":[],"jetpack_featured_media_url":"https:\/\/i0.wp.com\/hskurd.org\/wp-content\/uploads\/2022\/09\/952A9367-scaled.jpg?fit=2560%2C1707&ssl=1","jetpack-related-posts":[{"id":11208,"url":"https:\/\/hskurd.org\/?p=11208&lang=ku","url_meta":{"origin":6540,"position":0},"title":"Perwerdeyek li ser Ba\u015fkirina Kal\u00eeteya Xizmet\u00ean \u015eopandina Av\u00ea","author":"user55","date":"29 \u0623\u0628\u0631\u064a\u0644\u060c 2025","format":false,"excerpt":"Di berdewamiya bersivday\u00eena Heyva Sor a Kurd de ji bo bergirtina nexwe\u015fiya koleray\u00ea ku Desteya Tenduristiy\u00ea ya R\u00eaveberiya Xweser a Bakur \u00fb Rojhilat\u00ea S\u00fbriy\u00ea di hav\u00eena 2022 'an de belavbuna w\u00ea li gelek deveran ragihand. Xebat\u00ean bersivday\u00een\u00ea y\u00ean her\u00ee berbi\u00e7av ku t\u00eema WASH li Heyva Sor a Kurd \u00fb bi\u2026","rel":"","context":"\u0641\u064a &quot;Be\u015f\u00ea WASH&quot;","block_context":{"text":"Be\u015f\u00ea WASH","link":"https:\/\/hskurd.org\/?cat=855&lang=ku"},"img":{"alt_text":"","src":"https:\/\/i0.wp.com\/hskurd.org\/wp-content\/uploads\/2025\/04\/000198-scaled.jpg?fit=1200%2C800&ssl=1&resize=350%2C200","width":350,"height":200,"srcset":"https:\/\/i0.wp.com\/hskurd.org\/wp-content\/uploads\/2025\/04\/000198-scaled.jpg?fit=1200%2C800&ssl=1&resize=350%2C200 1x, https:\/\/i0.wp.com\/hskurd.org\/wp-content\/uploads\/2025\/04\/000198-scaled.jpg?fit=1200%2C800&ssl=1&resize=525%2C300 1.5x, https:\/\/i0.wp.com\/hskurd.org\/wp-content\/uploads\/2025\/04\/000198-scaled.jpg?fit=1200%2C800&ssl=1&resize=700%2C400 2x, https:\/\/i0.wp.com\/hskurd.org\/wp-content\/uploads\/2025\/04\/000198-scaled.jpg?fit=1200%2C800&ssl=1&resize=1050%2C600 3x"},"classes":[]},{"id":7929,"url":"https:\/\/hskurd.org\/?p=7929&lang=ku","url_meta":{"origin":6540,"position":1},"title":"Belavkirina ava vexwarin\u00ea li ser xelk\u00ea bajar\u00ea Hesek\u00ea berdewam e","author":"neruda","date":"28 \u0646\u0648\u0641\u0645\u0628\u0631\u060c 2023","format":false,"excerpt":"Di \u00e7ar\u00e7oveya projeya Mediko Sw\u00eesrey\u00ea de, Heyva Sor a Kurd bi al\u00eekar\u0131ya mecl\u00ees \u00fb kom\u00eenan, h\u00een j\u00ee av\u00ea li xelk\u00ea tax\u00ean bajar\u00ea Hesek\u00ea belav dike, ku ji ber qutb\u00fbna w\u00ea kr\u00eezek zehmet di peydakirina ava vexwarin\u00ea de j\u0131yan d\u0131k\u0131n ew j\u00ee j\u0131 ber q\u0131tb\u00fbna w\u00ea j\u0131 s\u0131tas\u0131yona Elok a li\u2026","rel":"","context":"\u0641\u064a &quot;Be\u015f\u00ea WASH&quot;","block_context":{"text":"Be\u015f\u00ea WASH","link":"https:\/\/hskurd.org\/?cat=855&lang=ku"},"img":{"alt_text":"","src":"https:\/\/i0.wp.com\/hskurd.org\/wp-content\/uploads\/2023\/11\/hhhh.jpg?fit=1200%2C800&ssl=1&resize=350%2C200","width":350,"height":200,"srcset":"https:\/\/i0.wp.com\/hskurd.org\/wp-content\/uploads\/2023\/11\/hhhh.jpg?fit=1200%2C800&ssl=1&resize=350%2C200 1x, https:\/\/i0.wp.com\/hskurd.org\/wp-content\/uploads\/2023\/11\/hhhh.jpg?fit=1200%2C800&ssl=1&resize=525%2C300 1.5x, https:\/\/i0.wp.com\/hskurd.org\/wp-content\/uploads\/2023\/11\/hhhh.jpg?fit=1200%2C800&ssl=1&resize=700%2C400 2x, https:\/\/i0.wp.com\/hskurd.org\/wp-content\/uploads\/2023\/11\/hhhh.jpg?fit=1200%2C800&ssl=1&resize=1050%2C600 3x"},"classes":[]},{"id":11655,"url":"https:\/\/hskurd.org\/?p=11655&lang=ku","url_meta":{"origin":6540,"position":2},"title":"Projeya Av \u00fb J\u00eengeh\u00ea: Ber bi Perwerde \u00fb Tenduristiya saxlem ve","author":"user55","date":"9 \u0633\u0628\u062a\u0645\u0628\u0631\u060c 2025","format":false,"excerpt":"https:\/\/youtu.be\/-wl__LMHsPg?si=a3OmyZY_NOXmj07b Heyva Sor a Kurd, bi pi\u015ftgiriya \"Area Metropolitana de Barcelona (AMB)\", Projeya Av \u00fb J\u00eengeh\u00ea ji bo Civak \u00fb Navend\u00ean Perwerdehiy\u00ea di sala 2024\/2025 an de bi daw\u00ee kir. Di v\u00ea projey\u00ea de: \u2022 N\u00fbjenkirina 15 bax\u00e7ey\u00ean zarokan li Kantona Cez\u00eer\u00ea \u00fb du dibistan\u00ean li \u015eahbay\u00ea. \u2022 Xebitandina b\u00eerek\u2026","rel":"","context":"\u0641\u064a &quot;Be\u015f\u00ea WASH&quot;","block_context":{"text":"Be\u015f\u00ea WASH","link":"https:\/\/hskurd.org\/?cat=855&lang=ku"},"img":{"alt_text":"","src":"https:\/\/i0.wp.com\/hskurd.org\/wp-content\/uploads\/2025\/09\/%D9%A2%D9%A0%D9%A2%D9%A5%D9%A0%D9%A5%D9%A1%D9%A8_%D9%A0%D9%A9%D9%A5%D9%A7%D9%A4%D9%A0-scaled.jpg?fit=1200%2C675&ssl=1&resize=350%2C200","width":350,"height":200,"srcset":"https:\/\/i0.wp.com\/hskurd.org\/wp-content\/uploads\/2025\/09\/%D9%A2%D9%A0%D9%A2%D9%A5%D9%A0%D9%A5%D9%A1%D9%A8_%D9%A0%D9%A9%D9%A5%D9%A7%D9%A4%D9%A0-scaled.jpg?fit=1200%2C675&ssl=1&resize=350%2C200 1x, https:\/\/i0.wp.com\/hskurd.org\/wp-content\/uploads\/2025\/09\/%D9%A2%D9%A0%D9%A2%D9%A5%D9%A0%D9%A5%D9%A1%D9%A8_%D9%A0%D9%A9%D9%A5%D9%A7%D9%A4%D9%A0-scaled.jpg?fit=1200%2C675&ssl=1&resize=525%2C300 1.5x, https:\/\/i0.wp.com\/hskurd.org\/wp-content\/uploads\/2025\/09\/%D9%A2%D9%A0%D9%A2%D9%A5%D9%A0%D9%A5%D9%A1%D9%A8_%D9%A0%D9%A9%D9%A5%D9%A7%D9%A4%D9%A0-scaled.jpg?fit=1200%2C675&ssl=1&resize=700%2C400 2x, https:\/\/i0.wp.com\/hskurd.org\/wp-content\/uploads\/2025\/09\/%D9%A2%D9%A0%D9%A2%D9%A5%D9%A0%D9%A5%D9%A1%D9%A8_%D9%A0%D9%A9%D9%A5%D9%A7%D9%A4%D9%A0-scaled.jpg?fit=1200%2C675&ssl=1&resize=1050%2C600 3x"},"classes":[]},{"id":10937,"url":"https:\/\/hskurd.org\/?p=10937&lang=ku","url_meta":{"origin":6540,"position":3},"title":"belavkirina ava paqij li bajar\u00ea Hesek\u00ea","author":"user55","date":"12 \u0645\u0627\u0631\u0633\u060c 2025","format":false,"excerpt":"Ji ber dubarekirina qutkirina av\u00ea ji stsiyona Elok li ser bajar\u00ea Hesek\u00ea \u00fb ji bo k\u00eamkirina aloziy\u00ean welatiyan di peydakirina ava paqij ,taybet penaber\u00ea Heleb \u00fb \u015eehba ku di wargehan de dim\u00eenin , T\u00eema WASH a Heyva Sor a Kurd di \u00e7ar\u00e7oveya pirojeya \"Medico Switzerland\" belavkirina ava paqij berdewam dike.\u2026","rel":"","context":"\u0641\u064a &quot;Be\u015f\u00ea WASH&quot;","block_context":{"text":"Be\u015f\u00ea WASH","link":"https:\/\/hskurd.org\/?cat=855&lang=ku"},"img":{"alt_text":"","src":"https:\/\/i0.wp.com\/hskurd.org\/wp-content\/uploads\/2025\/03\/f868fc37-ef4c-4b02-acba-6908c9c066ef.jpeg?fit=1040%2C780&ssl=1&resize=350%2C200","width":350,"height":200,"srcset":"https:\/\/i0.wp.com\/hskurd.org\/wp-content\/uploads\/2025\/03\/f868fc37-ef4c-4b02-acba-6908c9c066ef.jpeg?fit=1040%2C780&ssl=1&resize=350%2C200 1x, https:\/\/i0.wp.com\/hskurd.org\/wp-content\/uploads\/2025\/03\/f868fc37-ef4c-4b02-acba-6908c9c066ef.jpeg?fit=1040%2C780&ssl=1&resize=525%2C300 1.5x, https:\/\/i0.wp.com\/hskurd.org\/wp-content\/uploads\/2025\/03\/f868fc37-ef4c-4b02-acba-6908c9c066ef.jpeg?fit=1040%2C780&ssl=1&resize=700%2C400 2x"},"classes":[]},{"id":5146,"url":"https:\/\/hskurd.org\/?p=5146&lang=ku","url_meta":{"origin":6540,"position":4},"title":"kar\u00ea Heyva Sor akurd di 2020an de","author":"Sozdar","date":"15 \u064a\u0646\u0627\u064a\u0631\u060c 2021","format":false,"excerpt":"https:\/\/www.youtube.com\/watch?v=Ge5ptSwLiWk&pbjreload=101 \u00a0 2020 Salake awarte li ser kar\u00ea me di be\u015f\u00ea tendurst\u00ee de b\u00fb, bi belavb\u00fbna vayrosa Kov\u00eed-19 re me di Heyva Sor aKurd de cihek giring \u00fb fireh da bergirtina nexwe\u015fiy\u00ea di riya \u00e7end meken\u00eezman, girngtir\u00een\u00ea w\u00ea bir\u00eavebirina rew\u015fan di riya amadekirina navendan (3navend) be\u015f\u00ean di (5nexwe\u015fxaneyan )de \u00fb\u2026","rel":"","context":"\u0641\u064a &quot;Rapor&quot;","block_context":{"text":"Rapor","link":"https:\/\/hskurd.org\/?cat=206&lang=ku"},"img":{"alt_text":"","src":"https:\/\/i0.wp.com\/hskurd.org\/wp-content\/uploads\/2021\/01\/cropped-%D8%AC%D8%AF%D9%8A%D8%AF-%D9%87%D9%84%D8%A7%D9%84-%D8%A7%D8%AD%D9%85%D8%B1-1-2.jpg?fit=1030%2C1030&ssl=1&resize=350%2C200","width":350,"height":200,"srcset":"https:\/\/i0.wp.com\/hskurd.org\/wp-content\/uploads\/2021\/01\/cropped-%D8%AC%D8%AF%D9%8A%D8%AF-%D9%87%D9%84%D8%A7%D9%84-%D8%A7%D8%AD%D9%85%D8%B1-1-2.jpg?fit=1030%2C1030&ssl=1&resize=350%2C200 1x, https:\/\/i0.wp.com\/hskurd.org\/wp-content\/uploads\/2021\/01\/cropped-%D8%AC%D8%AF%D9%8A%D8%AF-%D9%87%D9%84%D8%A7%D9%84-%D8%A7%D8%AD%D9%85%D8%B1-1-2.jpg?fit=1030%2C1030&ssl=1&resize=525%2C300 1.5x, https:\/\/i0.wp.com\/hskurd.org\/wp-content\/uploads\/2021\/01\/cropped-%D8%AC%D8%AF%D9%8A%D8%AF-%D9%87%D9%84%D8%A7%D9%84-%D8%A7%D8%AD%D9%85%D8%B1-1-2.jpg?fit=1030%2C1030&ssl=1&resize=700%2C400 2x"},"classes":[]},{"id":8713,"url":"https:\/\/hskurd.org\/?p=8713&lang=ku","url_meta":{"origin":6540,"position":5},"title":"kampanyeke n\u00fb ji bo peydakirina ava paqij a vexwarin\u00ea ji gel\u00ea bajar\u00ea Hesek\u00ea re","author":"neruda","date":"2 \u0623\u0643\u062a\u0648\u0628\u0631\u060c 2024","format":false,"excerpt":"https:\/\/www.youtube.com\/watch?v=GPZcpUrHgFk&t=1s Di dema ku bajar\u00ea Hesek\u00ea kir\u00eezan jiyan dike , xebat\u00ean Heyva Sor a Kurd wek m\u00eenaka xebat\u00ean mirovah\u00ee y\u00ean gir\u00eeng derdikevin p\u00ea\u015f. Ku r\u00eaxistin li hember\u00ee rew\u015fa hey\u00ee, bi hevkariya Medico Sw\u00eesre ji bo ava paqij a vexwarin\u00ea ji \u015f\u00eaniyan re peyda bike, gelek\u00ee dixebite. Ev hewldan di demeke\u2026","rel":"","context":"\u0641\u064a &quot;Be\u015f\u00ea WASH&quot;","block_context":{"text":"Be\u015f\u00ea WASH","link":"https:\/\/hskurd.org\/?cat=855&lang=ku"},"img":{"alt_text":"","src":"https:\/\/i0.wp.com\/hskurd.org\/wp-content\/uploads\/2024\/10\/wash-swetherland.png?fit=979%2C577&ssl=1&resize=350%2C200","width":350,"height":200,"srcset":"https:\/\/i0.wp.com\/hskurd.org\/wp-content\/uploads\/2024\/10\/wash-swetherland.png?fit=979%2C577&ssl=1&resize=350%2C200 1x, https:\/\/i0.wp.com\/hskurd.org\/wp-content\/uploads\/2024\/10\/wash-swetherland.png?fit=979%2C577&ssl=1&resize=525%2C300 1.5x, https:\/\/i0.wp.com\/hskurd.org\/wp-content\/uploads\/2024\/10\/wash-swetherland.png?fit=979%2C577&ssl=1&resize=700%2C400 2x"},"classes":[]}],"jetpack_sharing_enabled":true,"_links":{"self":[{"href":"https:\/\/hskurd.org\/index.php?rest_route=\/wp\/v2\/posts\/6540","targetHints":{"allow":["GET"]}}],"collection":[{"href":"https:\/\/hskurd.org\/index.php?rest_route=\/wp\/v2\/posts"}],"about":[{"href":"https:\/\/hskurd.org\/index.php?rest_route=\/wp\/v2\/types\/post"}],"author":[{"embeddable":true,"href":"https:\/\/hskurd.org\/index.php?rest_route=\/wp\/v2\/users\/3"}],"replies":[{"embeddable":true,"href":"https:\/\/hskurd.org\/index.php?rest_route=%2Fwp%2Fv2%2Fcomments&post=6540"}],"version-history":[{"count":2,"href":"https:\/\/hskurd.org\/index.php?rest_route=\/wp\/v2\/posts\/6540\/revisions"}],"predecessor-version":[{"id":6542,"href":"https:\/\/hskurd.org\/index.php?rest_route=\/wp\/v2\/posts\/6540\/revisions\/6542"}],"wp:featuredmedia":[{"embeddable":true,"href":"https:\/\/hskurd.org\/index.php?rest_route=\/wp\/v2\/media\/6534"}],"wp:attachment":[{"href":"https:\/\/hskurd.org\/index.php?rest_route=%2Fwp%2Fv2%2Fmedia&parent=6540"}],"wp:term":[{"taxonomy":"category","embeddable":true,"href":"https:\/\/hskurd.org\/index.php?rest_route=%2Fwp%2Fv2%2Fcategories&post=6540"},{"taxonomy":"post_tag","embeddable":true,"href":"https:\/\/hskurd.org\/index.php?rest_route=%2Fwp%2Fv2%2Ftags&post=6540"}],"curies":[{"name":"wp","href":"https:\/\/api.w.org\/{rel}","templated":true}]}}