{"id":6458,"date":"2022-09-19T12:42:24","date_gmt":"2022-09-19T09:42:24","guid":{"rendered":"https:\/\/hskurd.org\/?p=6458"},"modified":"2022-09-19T12:42:24","modified_gmt":"2022-09-19T09:42:24","slug":"cirokeke-nu-ya-serkeftine-li-navenda-protezike","status":"publish","type":"post","link":"https:\/\/hskurd.org\/?p=6458&lang=ku","title":{"rendered":"\u00c7\u00eerokeke n\u00fb ya serkeftin\u00ea li Navenda Prot\u00eaz\u00eek\u00ea"},"content":{"rendered":"<p>Xwe\u015fb\u00fbna d\u00eetna dilxwe\u015fiya zarok\u00eak\u00ee ku karibe tevgera xwe veger\u00eene, bi dan\u00eena lingek\u00ee protez\u00eek, da ku ew zarok  karibe \u00e7alakiy\u00ean xwe y\u00ean rojane bi rehet\u00ee p\u00eak b\u00eene, ji bil\u00ee w\u00ea j\u00ee pi\u015ftgiriya w\u00ee bike \u00fb xwebaweriya w\u00ee z\u00eade bike ,\u00fb bi heval\u00ean xwe re be\u015fdar\u00ee perwerdey\u00ea bibe,ku k\u00eam h\u00eazb\u00fbna w\u00ee bibe   h\u00eazeke her\u00ee xurt.<br \/>\nNavenda Prot\u00eaza ya Heyva Sor a Kurd li ser peydakirina lingan ji bo kes\u00ean ku par\u00e7eyin ji la\u015f\u00ean wan  winda b\u00fbne  yan j\u00ee ji zikmak\u00ee ve rew\u015f\u00ean wan hene, weke ku rew\u015fa Rawend \u00ea 4 sal\u00ee hat\u00eeya wergirtin di  7 \/4\/2022  de ku ji dayikb\u00fbn\u00ea ve hestiy\u00ea ling \u00fb hevpar\u00ea \u00e7ok\u00ea li gel w\u00ee tune b\u00fb , l\u00ea niha jiyana xwe bi hesan\u00ee \u00fb normal derbas dike&#8230;<\/p>\n<p><img data-recalc-dims=\"1\" loading=\"lazy\" decoding=\"async\" data-attachment-id=\"6454\" data-permalink=\"https:\/\/hskurd.org\/?attachment_id=6454\" data-orig-file=\"https:\/\/i0.wp.com\/hskurd.org\/wp-content\/uploads\/2022\/09\/952A8989-copy-scaled.jpg?fit=2560%2C1707&amp;ssl=1\" data-orig-size=\"2560,1707\" data-comments-opened=\"0\" data-image-meta=\"{&quot;aperture&quot;:&quot;4.5&quot;,&quot;credit&quot;:&quot;&quot;,&quot;camera&quot;:&quot;Canon EOS 5D Mark III&quot;,&quot;caption&quot;:&quot;&quot;,&quot;created_timestamp&quot;:&quot;1662977936&quot;,&quot;copyright&quot;:&quot;&quot;,&quot;focal_length&quot;:&quot;55&quot;,&quot;iso&quot;:&quot;100&quot;,&quot;shutter_speed&quot;:&quot;0.016666666666667&quot;,&quot;title&quot;:&quot;&quot;,&quot;orientation&quot;:&quot;1&quot;}\" data-image-title=\"952A8989 copy\" data-image-description=\"\" data-image-caption=\"\" data-medium-file=\"https:\/\/i0.wp.com\/hskurd.org\/wp-content\/uploads\/2022\/09\/952A8989-copy-scaled.jpg?fit=300%2C200&amp;ssl=1\" data-large-file=\"https:\/\/i0.wp.com\/hskurd.org\/wp-content\/uploads\/2022\/09\/952A8989-copy-scaled.jpg?fit=1030%2C687&amp;ssl=1\" src=\"https:\/\/i0.wp.com\/hskurd.org\/wp-content\/uploads\/2022\/09\/952A8989-copy-300x200.jpg?resize=300%2C200\" alt=\"\" width=\"300\" height=\"200\" class=\"alignnone size-medium wp-image-6454\" srcset=\"https:\/\/i0.wp.com\/hskurd.org\/wp-content\/uploads\/2022\/09\/952A8989-copy-scaled.jpg?resize=300%2C200&amp;ssl=1 300w, https:\/\/i0.wp.com\/hskurd.org\/wp-content\/uploads\/2022\/09\/952A8989-copy-scaled.jpg?resize=1030%2C687&amp;ssl=1 1030w, https:\/\/i0.wp.com\/hskurd.org\/wp-content\/uploads\/2022\/09\/952A8989-copy-scaled.jpg?resize=768%2C512&amp;ssl=1 768w, https:\/\/i0.wp.com\/hskurd.org\/wp-content\/uploads\/2022\/09\/952A8989-copy-scaled.jpg?resize=1536%2C1024&amp;ssl=1 1536w\" sizes=\"auto, (max-width: 300px) 100vw, 300px\" \/><br \/>\n<img data-recalc-dims=\"1\" loading=\"lazy\" decoding=\"async\" data-attachment-id=\"6451\" data-permalink=\"https:\/\/hskurd.org\/?attachment_id=6451\" data-orig-file=\"https:\/\/i0.wp.com\/hskurd.org\/wp-content\/uploads\/2022\/09\/952A9020-copy.jpg?fit=%2C&amp;ssl=1\" data-orig-size=\"\" data-comments-opened=\"0\" data-image-meta=\"[]\" data-image-title=\"952A9020 copy\" data-image-description=\"\" data-image-caption=\"\" data-medium-file=\"https:\/\/i0.wp.com\/hskurd.org\/wp-content\/uploads\/2022\/09\/952A9020-copy.jpg?fit=300%2C300&amp;ssl=1\" data-large-file=\"https:\/\/i0.wp.com\/hskurd.org\/wp-content\/uploads\/2022\/09\/952A9020-copy.jpg?fit=1030%2C1030&amp;ssl=1\" src=\"https:\/\/i0.wp.com\/hskurd.org\/wp-content\/uploads\/2022\/09\/952A9020-copy.jpg?resize=1%2C1\" alt=\"\" width=\"1\" height=\"1\" class=\"alignnone size-medium wp-image-6451\" \/><br \/>\n<img data-recalc-dims=\"1\" loading=\"lazy\" decoding=\"async\" data-attachment-id=\"6453\" data-permalink=\"https:\/\/hskurd.org\/?attachment_id=6453\" data-orig-file=\"https:\/\/i0.wp.com\/hskurd.org\/wp-content\/uploads\/2022\/09\/952A9000-copy.jpg?fit=%2C&amp;ssl=1\" data-orig-size=\"\" data-comments-opened=\"0\" data-image-meta=\"[]\" data-image-title=\"952A9000 copy\" data-image-description=\"\" data-image-caption=\"\" data-medium-file=\"https:\/\/i0.wp.com\/hskurd.org\/wp-content\/uploads\/2022\/09\/952A9000-copy.jpg?fit=300%2C300&amp;ssl=1\" data-large-file=\"https:\/\/i0.wp.com\/hskurd.org\/wp-content\/uploads\/2022\/09\/952A9000-copy.jpg?fit=1030%2C1030&amp;ssl=1\" src=\"https:\/\/i0.wp.com\/hskurd.org\/wp-content\/uploads\/2022\/09\/952A9000-copy.jpg?resize=1%2C1\" alt=\"\" width=\"1\" height=\"1\" class=\"alignnone size-medium wp-image-6453\" \/><br \/>\n<img data-recalc-dims=\"1\" loading=\"lazy\" decoding=\"async\" data-attachment-id=\"6452\" data-permalink=\"https:\/\/hskurd.org\/?attachment_id=6452\" data-orig-file=\"https:\/\/i0.wp.com\/hskurd.org\/wp-content\/uploads\/2022\/09\/952A9018-copy.jpg?fit=%2C&amp;ssl=1\" data-orig-size=\"\" data-comments-opened=\"0\" data-image-meta=\"[]\" data-image-title=\"952A9018 copy\" data-image-description=\"\" data-image-caption=\"\" data-medium-file=\"https:\/\/i0.wp.com\/hskurd.org\/wp-content\/uploads\/2022\/09\/952A9018-copy.jpg?fit=300%2C300&amp;ssl=1\" data-large-file=\"https:\/\/i0.wp.com\/hskurd.org\/wp-content\/uploads\/2022\/09\/952A9018-copy.jpg?fit=1030%2C1030&amp;ssl=1\" src=\"https:\/\/i0.wp.com\/hskurd.org\/wp-content\/uploads\/2022\/09\/952A9018-copy.jpg?resize=1%2C1\" alt=\"\" width=\"1\" height=\"1\" class=\"alignnone size-medium wp-image-6452\" \/><\/p>\n","protected":false},"excerpt":{"rendered":"<p>Xwe\u015fb\u00fbna d\u00eetna dilxwe\u015fiya zarok\u00eak\u00ee ku karibe tevgera xwe veger\u00eene, bi dan\u00eena lingek\u00ee protez\u00eek, da ku ew zarok karibe \u00e7alakiy\u00ean xwe y\u00ean rojane bi rehet\u00ee p\u00eak b\u00eene, ji bil\u00ee w\u00ea j\u00ee pi\u015ftgiriya w\u00ee bike \u00fb xwebaweriya w\u00ee z\u00eade bike ,\u00fb bi heval\u00ean xwe re be\u015fdar\u00ee perwerdey\u00ea bibe,ku k\u00eam h\u00eazb\u00fbna w\u00ee bibe h\u00eazeke her\u00ee xurt. Navenda Prot\u00eaza [&hellip;]<\/p>\n","protected":false},"author":3,"featured_media":6450,"comment_status":"open","ping_status":"open","sticky":false,"template":"","format":"standard","meta":{"give_campaign_id":0,"ngg_post_thumbnail":0,"jetpack_post_was_ever_published":false,"_jetpack_newsletter_access":"","_jetpack_dont_email_post_to_subs":false,"_jetpack_newsletter_tier_id":0,"_jetpack_memberships_contains_paywalled_content":false,"_jetpack_memberships_contains_paid_content":false,"footnotes":"","jetpack_publicize_message":"","jetpack_publicize_feature_enabled":true,"jetpack_social_post_already_shared":true,"jetpack_social_options":{"image_generator_settings":{"template":"highway","default_image_id":0,"font":"","enabled":false},"version":2},"_links_to":"","_links_to_target":""},"categories":[831,206],"tags":[1294],"class_list":["post-6458","post","type-post","status-publish","format-standard","has-post-thumbnail","hentry","category-cirok","category-rapor","tag-cirokeke_nu_ya_serkeftine_li_navenda_protezike"],"jetpack_publicize_connections":[],"jetpack_featured_media_url":"https:\/\/i0.wp.com\/hskurd.org\/wp-content\/uploads\/2022\/09\/952A9024-copy.jpg?fit=%2C&ssl=1","jetpack-related-posts":[{"id":12043,"url":"https:\/\/hskurd.org\/?p=12043&lang=ku","url_meta":{"origin":6458,"position":0},"title":"Ji bo rayedar\u00ean peywend\u00eedar \u00fb raya gi\u015ft\u00ee:","author":"user55","date":"3 \u0645\u0627\u0631\u0633\u060c 2026","format":false,"excerpt":"Ji bo rayedar\u00ean peywend\u00eedar \u00fb raya gi\u015ft\u00ee: Em bi xemg\u00een\u00ee \u00fb xemg\u00eeniyeke k\u00fbr ji we re diniv\u00eesin \u00fb radigih\u00eenin ku ji saet 2:00 PM ya 18\u00ea \u00c7ileya 2026an vir ve, me t\u00eakiliya xwe bi hevkar\u00ea xwe Taher Rakan Taher, ku bi nav\u00ea \"Enas Amsha\" j\u00ee t\u00ea nas\u00een, qut kiriye. Hevkar\u00ea\u2026","rel":"","context":"\u0641\u064a &quot;News&quot;","block_context":{"text":"News","link":"https:\/\/hskurd.org\/?cat=2171&lang=ku"},"img":{"alt_text":"","src":"https:\/\/i0.wp.com\/hskurd.org\/wp-content\/uploads\/2026\/03\/624721901_1187267790235185_808748452703421968_n.jpg?fit=526%2C705&ssl=1&resize=350%2C200","width":350,"height":200,"srcset":"https:\/\/i0.wp.com\/hskurd.org\/wp-content\/uploads\/2026\/03\/624721901_1187267790235185_808748452703421968_n.jpg?fit=526%2C705&ssl=1&resize=350%2C200 1x, https:\/\/i0.wp.com\/hskurd.org\/wp-content\/uploads\/2026\/03\/624721901_1187267790235185_808748452703421968_n.jpg?fit=526%2C705&ssl=1&resize=525%2C300 1.5x"},"classes":[]},{"id":5885,"url":"https:\/\/hskurd.org\/?p=5885&lang=ku","url_meta":{"origin":6458,"position":1},"title":"\u015eeh\u00eed Basim Muhemed &#8221; \u015eeh\u00eed\u00ea Mirovatiy\u00ea &#8220;","author":"Sozdar","date":"30 \u064a\u0646\u0627\u064a\u0631\u060c 2022","format":false,"excerpt":"Bi xemg\u00eeniyeke mezin me n\u00fb\u00e7eya \u015feh\u00eedb\u00fbna heval\u00ea xwe Basem Mihemed wergirt, ku di encama gulebaranek\u00ea de dema ku w\u00ee li navenda sereke ya Heyva Sor a Kurd li Kampa Hol\u00ea erk\u00ea xwe ye mirov\u00ee p\u00eak di an\u00ee. Tev\u00ee hem\u00fb hewldan\u00ean ku heval\u00ean me dan ta Basim jiyana xwe ji dest\u2026","rel":"","context":"\u0641\u064a &quot;Awarte&quot;","block_context":{"text":"Awarte","link":"https:\/\/hskurd.org\/?cat=848&lang=ku"},"img":{"alt_text":"","src":"https:\/\/i0.wp.com\/hskurd.org\/wp-content\/uploads\/2022\/01\/g.jpg?fit=800%2C1200&ssl=1&resize=350%2C200","width":350,"height":200,"srcset":"https:\/\/i0.wp.com\/hskurd.org\/wp-content\/uploads\/2022\/01\/g.jpg?fit=800%2C1200&ssl=1&resize=350%2C200 1x, https:\/\/i0.wp.com\/hskurd.org\/wp-content\/uploads\/2022\/01\/g.jpg?fit=800%2C1200&ssl=1&resize=525%2C300 1.5x, https:\/\/i0.wp.com\/hskurd.org\/wp-content\/uploads\/2022\/01\/g.jpg?fit=800%2C1200&ssl=1&resize=700%2C400 2x"},"classes":[]},{"id":7428,"url":"https:\/\/hskurd.org\/?p=7428&lang=ku","url_meta":{"origin":6458,"position":2},"title":"Baran\u00ea zarok ji bajar\u00ea Koban\u00ee pi\u015ft\u00ee ku navenda protez t\u0131\u015ft\u00ean w\u00ee y\u00ean ku ji ber teq\u00eena bermah\u0131yeke DAI\u015e\u00ea li pey xwe hi\u015ftib\u00fb, vegerandin ji n\u00fbve bi ken vedigere qada l\u00eestik\u00ea.","author":"heyvasorakurd","date":"1 \u0623\u063a\u0633\u0637\u0633\u060c 2023","format":false,"excerpt":"Baran\u00ea zarok b\u0131 ken\u00ea xwe vedigere qada l\u00eestik\u00ea Bermahiy\u00ean \u015fer gelek caran mexd\u00fbr\u00ean siv\u00eel l\u0131 d\u00fb xwe ve dih\u00ealin, bi piran\u00ee zarok, ku haya wan ji wan xeterey\u00ean tune ye. Yek ji qurbaniy\u00ean van may\u00eenan Baran Mazen Qar\u00ee y\u00ea 10 sal\u00ee ye. Di 18\u2019\u00ea Sibata 2023\u2019an de tev\u00ee malbata xwe\u2026","rel":"","context":"\u0641\u064a &quot;\u00c7\u00eerok&quot;","block_context":{"text":"\u00c7\u00eerok","link":"https:\/\/hskurd.org\/?cat=831&lang=ku"},"img":{"alt_text":"","src":"https:\/\/i0.wp.com\/hskurd.org\/wp-content\/uploads\/2023\/08\/952A8898-copy-scaled.webp?fit=1200%2C800&ssl=1&resize=350%2C200","width":350,"height":200,"srcset":"https:\/\/i0.wp.com\/hskurd.org\/wp-content\/uploads\/2023\/08\/952A8898-copy-scaled.webp?fit=1200%2C800&ssl=1&resize=350%2C200 1x, https:\/\/i0.wp.com\/hskurd.org\/wp-content\/uploads\/2023\/08\/952A8898-copy-scaled.webp?fit=1200%2C800&ssl=1&resize=525%2C300 1.5x, https:\/\/i0.wp.com\/hskurd.org\/wp-content\/uploads\/2023\/08\/952A8898-copy-scaled.webp?fit=1200%2C800&ssl=1&resize=700%2C400 2x, https:\/\/i0.wp.com\/hskurd.org\/wp-content\/uploads\/2023\/08\/952A8898-copy-scaled.webp?fit=1200%2C800&ssl=1&resize=1050%2C600 3x"},"classes":[]},{"id":10877,"url":"https:\/\/hskurd.org\/?p=10877&lang=ku","url_meta":{"origin":6458,"position":3},"title":"Gir\u00eengiya rola malbat\u00ea di pi\u015ftgiriya zarok\u00ean xwed\u00ee p\u00eadiviy\u00ean taybet de","author":"user55","date":"9 \u0641\u0628\u0631\u0627\u064a\u0631\u060c 2025","format":false,"excerpt":"Zarok\u00ean xwed\u00ee p\u00eadiviy\u00ean taybet, p\u00eaw\u00eestiya wan bi t\u00eagihi\u015ftineke k\u00fbr ji hewcedariy\u00ean wan re \u00fb r\u00eavebirineke pak ji malbat\u00ean wan, heye. Malbat ne ten\u00ea j\u00eengeha yekem e ku zarok t\u00ea de mezin dibe, l\u00ea ew \u00e7avkaniya bingeh\u00een a ragirtin \u00fb pi\u015ftgiriya hestyar\u00ee ye j\u00ee. Ev pi\u015ftgir\u00ee dan\u00fbstendina bibandor bi civak\u00ea re\u2026","rel":"","context":"\u0641\u064a &quot;\u00c7\u00eerok&quot;","block_context":{"text":"\u00c7\u00eerok","link":"https:\/\/hskurd.org\/?cat=831&lang=ku"},"img":{"alt_text":"","src":"https:\/\/i0.wp.com\/hskurd.org\/wp-content\/uploads\/2025\/02\/IMG_8269-scaled.jpg?fit=1200%2C800&ssl=1&resize=350%2C200","width":350,"height":200,"srcset":"https:\/\/i0.wp.com\/hskurd.org\/wp-content\/uploads\/2025\/02\/IMG_8269-scaled.jpg?fit=1200%2C800&ssl=1&resize=350%2C200 1x, https:\/\/i0.wp.com\/hskurd.org\/wp-content\/uploads\/2025\/02\/IMG_8269-scaled.jpg?fit=1200%2C800&ssl=1&resize=525%2C300 1.5x, https:\/\/i0.wp.com\/hskurd.org\/wp-content\/uploads\/2025\/02\/IMG_8269-scaled.jpg?fit=1200%2C800&ssl=1&resize=700%2C400 2x, https:\/\/i0.wp.com\/hskurd.org\/wp-content\/uploads\/2025\/02\/IMG_8269-scaled.jpg?fit=1200%2C800&ssl=1&resize=1050%2C600 3x"},"classes":[]},{"id":8152,"url":"https:\/\/hskurd.org\/?p=8152&lang=ku","url_meta":{"origin":6458,"position":4},"title":"W\u00eesam \u00e7areke din zaroktiya xwe di nav heval\u00ean xwe de dij\u00ee","author":"neruda","date":"22 \u0641\u0628\u0631\u0627\u064a\u0631\u060c 2024","format":false,"excerpt":"\u00a0 \u00ca\u015fa \u00a0W\u00eesam \u00fb malbata w\u00ee dest p\u00ea kir dema kur\u00ea bi\u00e7\u00fbk ling\u00ea xwe y\u00ea rast\u00ea winda kir ji ber l\u00eestina bi bermahiy\u00ean \u015fer li gund\u00ea w\u00ee y\u00ea gir\u00eaday\u00ee bajarok\u00ea Hol\u00ea di sala 2015an ku \u00ead\u00ee nikarib\u00fb jiyana xwe bi awayek\u00ee asay\u00ee berdewam bike, heta ku bi bav\u00ea xwe re\u2026","rel":"","context":"\u0641\u064a &quot;\u00c7\u00eerok&quot;","block_context":{"text":"\u00c7\u00eerok","link":"https:\/\/hskurd.org\/?cat=831&lang=ku"},"img":{"alt_text":"","src":"https:\/\/i0.wp.com\/hskurd.org\/wp-content\/uploads\/2024\/02\/952A9702-copy-scaled.jpg?fit=1200%2C800&ssl=1&resize=350%2C200","width":350,"height":200,"srcset":"https:\/\/i0.wp.com\/hskurd.org\/wp-content\/uploads\/2024\/02\/952A9702-copy-scaled.jpg?fit=1200%2C800&ssl=1&resize=350%2C200 1x, https:\/\/i0.wp.com\/hskurd.org\/wp-content\/uploads\/2024\/02\/952A9702-copy-scaled.jpg?fit=1200%2C800&ssl=1&resize=525%2C300 1.5x, https:\/\/i0.wp.com\/hskurd.org\/wp-content\/uploads\/2024\/02\/952A9702-copy-scaled.jpg?fit=1200%2C800&ssl=1&resize=700%2C400 2x, https:\/\/i0.wp.com\/hskurd.org\/wp-content\/uploads\/2024\/02\/952A9702-copy-scaled.jpg?fit=1200%2C800&ssl=1&resize=1050%2C600 3x"},"classes":[]},{"id":7289,"url":"https:\/\/hskurd.org\/?p=7289&lang=ku","url_meta":{"origin":6458,"position":5},"title":"Navenda Protez","author":"heyvasorakurd","date":"6 \u064a\u0648\u0644\u064a\u0648\u060c 2023","format":false,"excerpt":"Erdheja ku Sibat\u00ea li her\u00eam\u00ea r\u00fb da b\u00fb sedema gelek xisar\u00ean mirov\u00ee \u00fb mad\u00ee \u00fb bir\u00eendarb\u00fbna mayinde ya mirovan, Ya her\u00ee z\u00eade j\u00ee ew b\u00fb q\u00fbtb\u00fbna lebatan ku bir\u00eedar bi saet\u00ean dir\u00eaj di bin kavilan de diman \u00fb yek ji wan kesan j\u00ee bir\u00eaz Ebdulrezaq Hesen b\u00fb ku ji me\u2026","rel":"","context":"\u0641\u064a &quot;\u00c7\u00eerok&quot;","block_context":{"text":"\u00c7\u00eerok","link":"https:\/\/hskurd.org\/?cat=831&lang=ku"},"img":{"alt_text":"","src":"https:\/\/i0.wp.com\/hskurd.org\/wp-content\/uploads\/2023\/07\/952A7784-copy-scaled.jpg?fit=1200%2C675&ssl=1&resize=350%2C200","width":350,"height":200,"srcset":"https:\/\/i0.wp.com\/hskurd.org\/wp-content\/uploads\/2023\/07\/952A7784-copy-scaled.jpg?fit=1200%2C675&ssl=1&resize=350%2C200 1x, https:\/\/i0.wp.com\/hskurd.org\/wp-content\/uploads\/2023\/07\/952A7784-copy-scaled.jpg?fit=1200%2C675&ssl=1&resize=525%2C300 1.5x, https:\/\/i0.wp.com\/hskurd.org\/wp-content\/uploads\/2023\/07\/952A7784-copy-scaled.jpg?fit=1200%2C675&ssl=1&resize=700%2C400 2x, https:\/\/i0.wp.com\/hskurd.org\/wp-content\/uploads\/2023\/07\/952A7784-copy-scaled.jpg?fit=1200%2C675&ssl=1&resize=1050%2C600 3x"},"classes":[]}],"jetpack_sharing_enabled":true,"_links":{"self":[{"href":"https:\/\/hskurd.org\/index.php?rest_route=\/wp\/v2\/posts\/6458","targetHints":{"allow":["GET"]}}],"collection":[{"href":"https:\/\/hskurd.org\/index.php?rest_route=\/wp\/v2\/posts"}],"about":[{"href":"https:\/\/hskurd.org\/index.php?rest_route=\/wp\/v2\/types\/post"}],"author":[{"embeddable":true,"href":"https:\/\/hskurd.org\/index.php?rest_route=\/wp\/v2\/users\/3"}],"replies":[{"embeddable":true,"href":"https:\/\/hskurd.org\/index.php?rest_route=%2Fwp%2Fv2%2Fcomments&post=6458"}],"version-history":[{"count":2,"href":"https:\/\/hskurd.org\/index.php?rest_route=\/wp\/v2\/posts\/6458\/revisions"}],"predecessor-version":[{"id":6460,"href":"https:\/\/hskurd.org\/index.php?rest_route=\/wp\/v2\/posts\/6458\/revisions\/6460"}],"wp:featuredmedia":[{"embeddable":true,"href":"https:\/\/hskurd.org\/index.php?rest_route=\/wp\/v2\/media\/6450"}],"wp:attachment":[{"href":"https:\/\/hskurd.org\/index.php?rest_route=%2Fwp%2Fv2%2Fmedia&parent=6458"}],"wp:term":[{"taxonomy":"category","embeddable":true,"href":"https:\/\/hskurd.org\/index.php?rest_route=%2Fwp%2Fv2%2Fcategories&post=6458"},{"taxonomy":"post_tag","embeddable":true,"href":"https:\/\/hskurd.org\/index.php?rest_route=%2Fwp%2Fv2%2Ftags&post=6458"}],"curies":[{"name":"wp","href":"https:\/\/api.w.org\/{rel}","templated":true}]}}