{"id":6439,"date":"2022-09-14T14:29:07","date_gmt":"2022-09-14T11:29:07","guid":{"rendered":"https:\/\/hskurd.org\/?p=6439"},"modified":"2022-09-14T14:29:07","modified_gmt":"2022-09-14T11:29:07","slug":"sire-daiyke-u-tendurustiya-zedebune","status":"publish","type":"post","link":"https:\/\/hskurd.org\/?p=6439&lang=ku","title":{"rendered":"\u015f\u00eer\u00ea daiyk\u00ea \u00fb tendurustiya z\u00eadeb\u00fbn\u00ea"},"content":{"rendered":"<p>Ji ber ku tendirustiya dayik \u00fb zarokan ji bo me giring e, t\u00eema perwerdeya tenduristiy\u00ea li kampa Wa\u015fokan\u00ee dest bi kampanya hi\u015fmendiy\u00ea li ser \u015f\u00eer\u00ea daiyk\u00ea \u00fb tendurustiya z\u00eadeb\u00fbn\u00ea kir \u00fb berdewam e heya ku kampe bi tevah\u00ee b\u00ea kontrol kirin , ji ber ku t\u00ea zan\u00een \u015f\u00eer\u00ea dayik\u00ea ji bo zaroka xwarina her\u00ee gir\u00eeng e, ew hatiya \u00e7\u00eakirin ku ji bo mezinb\u00fbneke tendurist hem\u00ee xurekan peyda dike, \u00fb ji ber ku  tenduristiya z\u00eadeb\u00fbn\u00ea be\u015feke bingeh\u00een ji tenduristiya gi\u015ft\u00ee ye  ku asta tendurist\u00ee ya jin \u00fb m\u00earan di temen\u00ea z\u00eadeb\u00fbn\u00ea de n\u00ee\u015fan dide.<br \/>\n#Heyva_Sor_a_Kurd<br \/>\n<img data-recalc-dims=\"1\" loading=\"lazy\" decoding=\"async\" data-attachment-id=\"6432\" data-permalink=\"https:\/\/hskurd.org\/?attachment_id=6432\" data-orig-file=\"https:\/\/i0.wp.com\/hskurd.org\/wp-content\/uploads\/2022\/09\/DSC_0384-scaled.jpg?fit=2560%2C1707&amp;ssl=1\" data-orig-size=\"2560,1707\" data-comments-opened=\"0\" data-image-meta=\"{&quot;aperture&quot;:&quot;6.3&quot;,&quot;credit&quot;:&quot;&quot;,&quot;camera&quot;:&quot;NIKON D5300&quot;,&quot;caption&quot;:&quot;&quot;,&quot;created_timestamp&quot;:&quot;1662369236&quot;,&quot;copyright&quot;:&quot;&quot;,&quot;focal_length&quot;:&quot;18&quot;,&quot;iso&quot;:&quot;400&quot;,&quot;shutter_speed&quot;:&quot;0.00625&quot;,&quot;title&quot;:&quot;&quot;,&quot;orientation&quot;:&quot;1&quot;}\" data-image-title=\"DSC_0384\" data-image-description=\"\" data-image-caption=\"\" data-medium-file=\"https:\/\/i0.wp.com\/hskurd.org\/wp-content\/uploads\/2022\/09\/DSC_0384-scaled.jpg?fit=300%2C200&amp;ssl=1\" data-large-file=\"https:\/\/i0.wp.com\/hskurd.org\/wp-content\/uploads\/2022\/09\/DSC_0384-scaled.jpg?fit=1030%2C687&amp;ssl=1\" src=\"https:\/\/i0.wp.com\/hskurd.org\/wp-content\/uploads\/2022\/09\/DSC_0384-300x200.jpg?resize=300%2C200\" alt=\"\" width=\"300\" height=\"200\" class=\"alignnone size-medium wp-image-6432\" srcset=\"https:\/\/i0.wp.com\/hskurd.org\/wp-content\/uploads\/2022\/09\/DSC_0384-scaled.jpg?resize=300%2C200&amp;ssl=1 300w, https:\/\/i0.wp.com\/hskurd.org\/wp-content\/uploads\/2022\/09\/DSC_0384-scaled.jpg?resize=1030%2C687&amp;ssl=1 1030w, https:\/\/i0.wp.com\/hskurd.org\/wp-content\/uploads\/2022\/09\/DSC_0384-scaled.jpg?resize=768%2C512&amp;ssl=1 768w, https:\/\/i0.wp.com\/hskurd.org\/wp-content\/uploads\/2022\/09\/DSC_0384-scaled.jpg?resize=1536%2C1024&amp;ssl=1 1536w\" sizes=\"auto, (max-width: 300px) 100vw, 300px\" \/><br \/>\n<img data-recalc-dims=\"1\" loading=\"lazy\" decoding=\"async\" data-attachment-id=\"6434\" data-permalink=\"https:\/\/hskurd.org\/?attachment_id=6434\" data-orig-file=\"https:\/\/i0.wp.com\/hskurd.org\/wp-content\/uploads\/2022\/09\/DSC_0351-scaled.jpg?fit=2560%2C1707&amp;ssl=1\" data-orig-size=\"2560,1707\" data-comments-opened=\"0\" data-image-meta=\"{&quot;aperture&quot;:&quot;8&quot;,&quot;credit&quot;:&quot;&quot;,&quot;camera&quot;:&quot;NIKON D5300&quot;,&quot;caption&quot;:&quot;&quot;,&quot;created_timestamp&quot;:&quot;1662368311&quot;,&quot;copyright&quot;:&quot;&quot;,&quot;focal_length&quot;:&quot;40&quot;,&quot;iso&quot;:&quot;200&quot;,&quot;shutter_speed&quot;:&quot;0.004&quot;,&quot;title&quot;:&quot;&quot;,&quot;orientation&quot;:&quot;1&quot;}\" data-image-title=\"DSC_0351\" data-image-description=\"\" data-image-caption=\"\" data-medium-file=\"https:\/\/i0.wp.com\/hskurd.org\/wp-content\/uploads\/2022\/09\/DSC_0351-scaled.jpg?fit=300%2C200&amp;ssl=1\" data-large-file=\"https:\/\/i0.wp.com\/hskurd.org\/wp-content\/uploads\/2022\/09\/DSC_0351-scaled.jpg?fit=1030%2C687&amp;ssl=1\" src=\"https:\/\/i0.wp.com\/hskurd.org\/wp-content\/uploads\/2022\/09\/DSC_0351-300x200.jpg?resize=300%2C200\" alt=\"\" width=\"300\" height=\"200\" class=\"alignnone size-medium wp-image-6434\" srcset=\"https:\/\/i0.wp.com\/hskurd.org\/wp-content\/uploads\/2022\/09\/DSC_0351-scaled.jpg?resize=300%2C200&amp;ssl=1 300w, https:\/\/i0.wp.com\/hskurd.org\/wp-content\/uploads\/2022\/09\/DSC_0351-scaled.jpg?resize=1030%2C687&amp;ssl=1 1030w, https:\/\/i0.wp.com\/hskurd.org\/wp-content\/uploads\/2022\/09\/DSC_0351-scaled.jpg?resize=768%2C512&amp;ssl=1 768w, https:\/\/i0.wp.com\/hskurd.org\/wp-content\/uploads\/2022\/09\/DSC_0351-scaled.jpg?resize=1536%2C1024&amp;ssl=1 1536w\" sizes=\"auto, (max-width: 300px) 100vw, 300px\" \/><\/p>\n","protected":false},"excerpt":{"rendered":"<p>Ji ber ku tendirustiya dayik \u00fb zarokan ji bo me giring e, t\u00eema perwerdeya tenduristiy\u00ea li kampa Wa\u015fokan\u00ee dest bi kampanya hi\u015fmendiy\u00ea li ser \u015f\u00eer\u00ea daiyk\u00ea \u00fb tendurustiya z\u00eadeb\u00fbn\u00ea kir \u00fb berdewam e heya ku kampe bi tevah\u00ee b\u00ea kontrol kirin , ji ber ku t\u00ea zan\u00een \u015f\u00eer\u00ea dayik\u00ea ji bo zaroka xwarina her\u00ee gir\u00eeng [&hellip;]<\/p>\n","protected":false},"author":3,"featured_media":6433,"comment_status":"open","ping_status":"open","sticky":false,"template":"","format":"standard","meta":{"give_campaign_id":0,"ngg_post_thumbnail":0,"jetpack_post_was_ever_published":false,"_jetpack_newsletter_access":"","_jetpack_dont_email_post_to_subs":false,"_jetpack_newsletter_tier_id":0,"_jetpack_memberships_contains_paywalled_content":false,"_jetpack_memberships_contains_paid_content":false,"footnotes":"","jetpack_publicize_message":"","jetpack_publicize_feature_enabled":true,"jetpack_social_post_already_shared":true,"jetpack_social_options":{"image_generator_settings":{"template":"highway","default_image_id":0,"font":"","enabled":false},"version":2},"_links_to":"","_links_to_target":""},"categories":[844,846],"tags":[1283],"class_list":["post-6439","post","type-post","status-publish","format-standard","has-post-thumbnail","hentry","category-perwerdehiya-tenduristi","category-tenduristi","tag-sire_daiyke_u_tendurustiya_zedebune"],"jetpack_publicize_connections":[],"jetpack_featured_media_url":"https:\/\/i0.wp.com\/hskurd.org\/wp-content\/uploads\/2022\/09\/DSC_0368-scaled.jpg?fit=2560%2C1707&ssl=1","jetpack-related-posts":[{"id":8521,"url":"https:\/\/hskurd.org\/?p=8521&lang=ku","url_meta":{"origin":6439,"position":0},"title":"AV J\u0130 BO HEZAR\u00caN PENABERAN L\u0130 KAMP\u00caN SHEHBA T\u00ca PEYDAK\u0130R\u0130N","author":"neruda","date":"30 \u064a\u0648\u0644\u064a\u0648\u060c 2024","format":false,"excerpt":"\u00a0 Heyva Sor a Kurd bi pi\u015ftgir\u00ee \u00fb hevkariya \u00a0Area Metropolitana de Barcelona (AMB) \u00a0\u00fb Mezzaluna Rossa Kurdistan Italia Onlus \u00a0\u00eensiyat\u00eefeke gir\u00eeng ji bo avakirina du b\u00eer\u00ean ku bi s\u00eestema enerjiya roj\u00ea hatine amadekirin, p\u00eak an\u00ee. Armanc\u00ean v\u00ea projey\u00ea ew e ku \u00e7areseriy\u00ean domdar peyda bike da ku bigih\u00eejin ava\u2026","rel":"","context":"\u0641\u064a &quot;Be\u015f\u00ea WASH&quot;","block_context":{"text":"Be\u015f\u00ea WASH","link":"https:\/\/hskurd.org\/?cat=855&lang=ku"},"img":{"alt_text":"","src":"https:\/\/i0.wp.com\/hskurd.org\/wp-content\/uploads\/2024\/07\/IMG_20240730_141556_250.jpg?fit=1200%2C800&ssl=1&resize=350%2C200","width":350,"height":200,"srcset":"https:\/\/i0.wp.com\/hskurd.org\/wp-content\/uploads\/2024\/07\/IMG_20240730_141556_250.jpg?fit=1200%2C800&ssl=1&resize=350%2C200 1x, https:\/\/i0.wp.com\/hskurd.org\/wp-content\/uploads\/2024\/07\/IMG_20240730_141556_250.jpg?fit=1200%2C800&ssl=1&resize=525%2C300 1.5x, https:\/\/i0.wp.com\/hskurd.org\/wp-content\/uploads\/2024\/07\/IMG_20240730_141556_250.jpg?fit=1200%2C800&ssl=1&resize=700%2C400 2x, https:\/\/i0.wp.com\/hskurd.org\/wp-content\/uploads\/2024\/07\/IMG_20240730_141556_250.jpg?fit=1200%2C800&ssl=1&resize=1050%2C600 3x"},"classes":[]},{"id":7052,"url":"https:\/\/hskurd.org\/?p=7052&lang=ku","url_meta":{"origin":6439,"position":1},"title":"Al\u00eekariy\u00ean ji aliy\u00ea xelk\u00ea Sil\u00eamaniy\u00ea ve t\u00ean kirin, digih\u00eaje kes\u00ean s\u00fbdmend berdewam e","author":"Sozdar","date":"16 \u0645\u0627\u0631\u0633\u060c 2023","format":false,"excerpt":"Penaber \u00fb kes\u00ean ku ji ber erdheja her\u00eam\u00ean \u015eehba li Heleb\u00ea, heta niha j\u00ee ji al\u00eekariy\u00ean xelk\u00ea bajar\u00ea Sil\u00eamaniy\u00ea y\u00ea Her\u00eama Kurdistan\u00ea bi r\u00eaya kampaniya \u201cHewxa Metan\u00een\u201d ku t\u00eem\u00ean me zengil \u00fb betan\u00ee belav dikin, s\u00fbdmend dibin,\u00fb do\u015fek ji bil\u00ee ti\u015ft\u00ean mal\u00ea, kursiy\u00ean bi teker ji bo kes\u00ean xwed\u00ee p\u00eadiviy\u00ean\u2026","rel":"","context":"\u0641\u064a &quot;Ge\u015fep\u00eadan&quot;","block_context":{"text":"Ge\u015fep\u00eadan","link":"https:\/\/hskurd.org\/?cat=862&lang=ku"},"img":{"alt_text":"","src":"https:\/\/i0.wp.com\/hskurd.org\/wp-content\/uploads\/2023\/03\/334300588_890549712216590_918228263865138487_n.jpg?fit=1200%2C800&ssl=1&resize=350%2C200","width":350,"height":200,"srcset":"https:\/\/i0.wp.com\/hskurd.org\/wp-content\/uploads\/2023\/03\/334300588_890549712216590_918228263865138487_n.jpg?fit=1200%2C800&ssl=1&resize=350%2C200 1x, https:\/\/i0.wp.com\/hskurd.org\/wp-content\/uploads\/2023\/03\/334300588_890549712216590_918228263865138487_n.jpg?fit=1200%2C800&ssl=1&resize=525%2C300 1.5x, https:\/\/i0.wp.com\/hskurd.org\/wp-content\/uploads\/2023\/03\/334300588_890549712216590_918228263865138487_n.jpg?fit=1200%2C800&ssl=1&resize=700%2C400 2x, https:\/\/i0.wp.com\/hskurd.org\/wp-content\/uploads\/2023\/03\/334300588_890549712216590_918228263865138487_n.jpg?fit=1200%2C800&ssl=1&resize=1050%2C600 3x"},"classes":[]},{"id":7532,"url":"https:\/\/hskurd.org\/?p=7532&lang=ku","url_meta":{"origin":6439,"position":2},"title":"li ser gir\u00eengiya \u015f\u00eerdana xwezay\u00ee perwerde berdewam e","author":"heyvasorakurd","date":"29 \u0623\u063a\u0633\u0637\u0633\u060c 2023","format":false,"excerpt":"\u015e\u00eerkirin yek ji ba\u015ftir\u00een veberh\u00eanan\u00ean jiyan\u00ea ye. Bi taybet\u00ee p\u00ea\u015fxistina tendurist\u00ee, civak\u00ee \u00fb abor\u00ee. Di \u00e7ar\u00e7oveya \u00e7alakiy\u00ean Hefteya \u015e\u00eerk\u0131r\u0131na xwezey\u00ee de di meha Tebax\u00ea de, t\u00eem\u00ean perwerdeya tenduristiy\u00ea li nuqtey\u00ean Heyva Sor a Kurd \u00ean li kamp\u00ean Bakur \u00fb Rojhilat\u00ea S\u00fbriy\u00ea li ser day\u00eena agah\u00ee \u00fb \u015f\u00eeretan p\u00ea\u015fk\u00ea\u015f\u00ee dayikan d\u0131k\u0131n\u2026","rel":"","context":"\u0641\u064a &quot;Perwerdehiya tendurist\u00ee&quot;","block_context":{"text":"Perwerdehiya tendurist\u00ee","link":"https:\/\/hskurd.org\/?cat=844&lang=ku"},"img":{"alt_text":"","src":"https:\/\/i0.wp.com\/hskurd.org\/wp-content\/uploads\/2023\/08\/369646238_610683281226975_7929031299978735792_n.webp?fit=1200%2C800&ssl=1&resize=350%2C200","width":350,"height":200,"srcset":"https:\/\/i0.wp.com\/hskurd.org\/wp-content\/uploads\/2023\/08\/369646238_610683281226975_7929031299978735792_n.webp?fit=1200%2C800&ssl=1&resize=350%2C200 1x, https:\/\/i0.wp.com\/hskurd.org\/wp-content\/uploads\/2023\/08\/369646238_610683281226975_7929031299978735792_n.webp?fit=1200%2C800&ssl=1&resize=525%2C300 1.5x, https:\/\/i0.wp.com\/hskurd.org\/wp-content\/uploads\/2023\/08\/369646238_610683281226975_7929031299978735792_n.webp?fit=1200%2C800&ssl=1&resize=700%2C400 2x, https:\/\/i0.wp.com\/hskurd.org\/wp-content\/uploads\/2023\/08\/369646238_610683281226975_7929031299978735792_n.webp?fit=1200%2C800&ssl=1&resize=1050%2C600 3x"},"classes":[]},{"id":6127,"url":"https:\/\/hskurd.org\/?p=6127&lang=ku","url_meta":{"origin":6439,"position":3},"title":"Tenduristiya zarokan berpirsyariya me ye","author":"Sozdar","date":"18 \u0645\u0627\u064a\u0648\u060c 2022","format":false,"excerpt":"Ji ber ku tenduristiya zarok\u00ean penaber li hem\u00fb kampan ji bo me giring e, t\u00eema perwerdeya tendurist\u00ee ji bo zarok\u00ean dibistanan li kampa Newroz ya gir\u00eaday\u00ee bajar\u00ea D\u00earik\u00ea, kampaniyeke hi\u015fyarkirin\u00ea derbar\u00ea spiy\u00ean seriyan \u00fb away\u00ean parastin \u00fb dermankirina wan lidarxist \u00fb p\u00eadiviy\u00ean tendurist\u00ee ji wan re p\u00ea\u015fk\u00ea\u015fkir.","rel":"","context":"\u0641\u064a &quot;Perwerdehiya tendurist\u00ee&quot;","block_context":{"text":"Perwerdehiya tendurist\u00ee","link":"https:\/\/hskurd.org\/?cat=844&lang=ku"},"img":{"alt_text":"","src":"https:\/\/i0.wp.com\/hskurd.org\/wp-content\/uploads\/2022\/05\/05.jpg?fit=1198%2C856&ssl=1&resize=350%2C200","width":350,"height":200,"srcset":"https:\/\/i0.wp.com\/hskurd.org\/wp-content\/uploads\/2022\/05\/05.jpg?fit=1198%2C856&ssl=1&resize=350%2C200 1x, https:\/\/i0.wp.com\/hskurd.org\/wp-content\/uploads\/2022\/05\/05.jpg?fit=1198%2C856&ssl=1&resize=525%2C300 1.5x, https:\/\/i0.wp.com\/hskurd.org\/wp-content\/uploads\/2022\/05\/05.jpg?fit=1198%2C856&ssl=1&resize=700%2C400 2x, https:\/\/i0.wp.com\/hskurd.org\/wp-content\/uploads\/2022\/05\/05.jpg?fit=1198%2C856&ssl=1&resize=1050%2C600 3x"},"classes":[]},{"id":10506,"url":"https:\/\/hskurd.org\/?p=10506&lang=ku","url_meta":{"origin":6439,"position":4},"title":"47 malbat\u00ean s\u00fbdmend li bajar\u00ea Hesek\u00ea ji belavkirina \u015f\u00eer","author":"neruda","date":"7 \u064a\u0646\u0627\u064a\u0631\u060c 2025","format":false,"excerpt":"Kampaniy\u00ean Heyva Sor a Kurd ji bo p\u00eav\u00e7\u00fbna bi ko\u00e7ber\u00ean Efr\u00een\u00ea \u00fb \u015eehbay\u00ea ve li hem\u00fb her\u00eaman berdewam dikin, di nav de belavkirina \u015f\u00eer li ser zarok\u00ean di bin salek\u00ea re, li gor\u00ee listeyeke navan ku temen\u00ean zarokan ji her du zayendan e . kampanyayeke hi\u015fyarkirin\u00ea bi Kampaniya belavkirin\u00ea re\u2026","rel":"","context":"\u0641\u064a &quot;Ge\u015fep\u00eadan&quot;","block_context":{"text":"Ge\u015fep\u00eadan","link":"https:\/\/hskurd.org\/?cat=862&lang=ku"},"img":{"alt_text":"","src":"https:\/\/i0.wp.com\/hskurd.org\/wp-content\/uploads\/2025\/01\/952A4461-scaled.jpg?fit=1200%2C800&ssl=1&resize=350%2C200","width":350,"height":200,"srcset":"https:\/\/i0.wp.com\/hskurd.org\/wp-content\/uploads\/2025\/01\/952A4461-scaled.jpg?fit=1200%2C800&ssl=1&resize=350%2C200 1x, https:\/\/i0.wp.com\/hskurd.org\/wp-content\/uploads\/2025\/01\/952A4461-scaled.jpg?fit=1200%2C800&ssl=1&resize=525%2C300 1.5x, https:\/\/i0.wp.com\/hskurd.org\/wp-content\/uploads\/2025\/01\/952A4461-scaled.jpg?fit=1200%2C800&ssl=1&resize=700%2C400 2x, https:\/\/i0.wp.com\/hskurd.org\/wp-content\/uploads\/2025\/01\/952A4461-scaled.jpg?fit=1200%2C800&ssl=1&resize=1050%2C600 3x"},"classes":[]},{"id":12678,"url":"https:\/\/hskurd.org\/?p=12678&lang=ku","url_meta":{"origin":6439,"position":5},"title":"Heyva Sor a Kurd kampanyaya kl\u00een\u00eek\u00ean gerok li gund\u00ean D\u00earik, Qami\u015flo, Am\u00fbd\u00ea \u00fb girk\u00ea leg\u00ea dest p\u00ea kir","author":"user55","date":"20 \u0623\u0628\u0631\u064a\u0644\u060c 2026","format":false,"excerpt":"https:\/\/youtube.com\/shorts\/GJHWMIQPmP8?si=DVwR4l8mBb12ZTBn Di \u00e7ar\u00e7oveya hewldan\u00ean me y\u00ean berdewam de ji bo gih\u00ee\u015ftina gel\u00ea me y\u00ean gundewaran, Heyva Sor a Kurd dest bi kampanya kl\u00een\u00eek\u00ean gerok li gund\u00ean D\u00earik, Qami\u015flo, Am\u00fbd\u00ea \u00fb Girk\u00ea Leg\u00ea kir. Ev kl\u00een\u00eek xizmet\u00ean tenduristiy\u00ea y\u00ean cuda p\u00ea\u015fk\u00ea\u015f dikin, di nav de l\u00eaner\u00een, derman\u00ean ji bo nexwe\u015fiy\u00ean gi\u015ft\u00ee\u2026","rel":"","context":"\u0641\u064a &quot;Al\u00eekar\u00ee&quot;","block_context":{"text":"Al\u00eekar\u00ee","link":"https:\/\/hskurd.org\/?cat=2169&lang=ku"},"img":{"alt_text":"","src":"https:\/\/i0.wp.com\/img.youtube.com\/vi\/\/0.jpg?resize=350%2C200","width":350,"height":200},"classes":[]}],"jetpack_sharing_enabled":true,"_links":{"self":[{"href":"https:\/\/hskurd.org\/index.php?rest_route=\/wp\/v2\/posts\/6439","targetHints":{"allow":["GET"]}}],"collection":[{"href":"https:\/\/hskurd.org\/index.php?rest_route=\/wp\/v2\/posts"}],"about":[{"href":"https:\/\/hskurd.org\/index.php?rest_route=\/wp\/v2\/types\/post"}],"author":[{"embeddable":true,"href":"https:\/\/hskurd.org\/index.php?rest_route=\/wp\/v2\/users\/3"}],"replies":[{"embeddable":true,"href":"https:\/\/hskurd.org\/index.php?rest_route=%2Fwp%2Fv2%2Fcomments&post=6439"}],"version-history":[{"count":2,"href":"https:\/\/hskurd.org\/index.php?rest_route=\/wp\/v2\/posts\/6439\/revisions"}],"predecessor-version":[{"id":6441,"href":"https:\/\/hskurd.org\/index.php?rest_route=\/wp\/v2\/posts\/6439\/revisions\/6441"}],"wp:featuredmedia":[{"embeddable":true,"href":"https:\/\/hskurd.org\/index.php?rest_route=\/wp\/v2\/media\/6433"}],"wp:attachment":[{"href":"https:\/\/hskurd.org\/index.php?rest_route=%2Fwp%2Fv2%2Fmedia&parent=6439"}],"wp:term":[{"taxonomy":"category","embeddable":true,"href":"https:\/\/hskurd.org\/index.php?rest_route=%2Fwp%2Fv2%2Fcategories&post=6439"},{"taxonomy":"post_tag","embeddable":true,"href":"https:\/\/hskurd.org\/index.php?rest_route=%2Fwp%2Fv2%2Ftags&post=6439"}],"curies":[{"name":"wp","href":"https:\/\/api.w.org\/{rel}","templated":true}]}}