{"id":6264,"date":"2022-07-03T10:14:28","date_gmt":"2022-07-03T07:14:28","guid":{"rendered":"https:\/\/hskurd.org\/?p=6264"},"modified":"2022-08-08T10:11:37","modified_gmt":"2022-08-08T07:11:37","slug":"kene-wan-ji-bo-me-berdewami-ye","status":"publish","type":"post","link":"https:\/\/hskurd.org\/?p=6264&lang=ku","title":{"rendered":"Ken\u00ea wan ji bo me berdewam\u00ee ye"},"content":{"rendered":"<div dir=\"auto\">Nav: Fed\u00eela Xidir El-El\u00ee<\/div>\n<div dir=\"auto\">Temen: 7 sal<\/div>\n<div dir=\"auto\">Cih: Kampa Wa\u015fokan\u00ee<\/div>\n<div dir=\"auto\">Rew\u015fa w\u00ea a tendurst\u00ee : hewcedariya la\u015f\u00ee<\/div>\n<div dir=\"auto\">Sedema hewcedariy\u00ea: derketina gir\u00eakek\u00ea li ser derzika pi\u015fta w\u00ea \u00fb di dema emel\u00eekirina w\u00ea de tevgera herdu ling\u00ean xwe wunda kir.<\/div>\n<div dir=\"auto\">Nekar\u00eeb\u00fbna Fed\u00eela di tevger \u00fb p\u00eakvejiyana bi heval\u00ean xwe re, \u00ea\u015fa ko\u00e7beriy\u00ea li gel w\u00ea \u00fb malbata w\u00ea z\u00eade kir, \u00fb bi \u015fopandina rew\u015f\u00ea ji aliy\u00ea t\u00eem\u00ean parastina civak\u00ea ve li kampa Wa\u015fokan\u00ee, bersiv bi p\u00ea\u015fk\u00ea\u015fkirina kurs\u00eek\u00ee ji zarok\u00ea re hat day\u00een.<\/div>\n<div dir=\"auto\">Bernameya parastina civak\u00ea hewl dide ku kes\u00ean xwed\u00ee hewcedariy\u00ean taybet\u00ee h\u00eazdar bike \u00fb wan bi heval\u00ean xwe re bike yek da ku bigih\u00eejin ba\u015fiyeke der\u00fbn\u00ee \u00fb civak\u00ee.<\/div>\n<div dir=\"auto\">Fed\u00eela yek ji hezaran zarok\u00ean Bakur \u00fb Rojhilat\u00ea S\u00fbriy\u00ea ye ku bi ne\u00e7ar\u00ee di bin \u015fert \u00fb merc\u00ean neba\u015f \u00ean ku l\u00eanih\u00ear\u00eena tendurist\u00ee \u00fb ewleh\u00ee y\u00ea ne ba\u015f de ko\u00e7ber b\u00fbne.<\/div>\n<div dir=\"auto\"><img data-recalc-dims=\"1\" loading=\"lazy\" decoding=\"async\" data-attachment-id=\"6246\" data-permalink=\"https:\/\/hskurd.org\/?attachment_id=6246\" data-orig-file=\"https:\/\/i0.wp.com\/hskurd.org\/wp-content\/uploads\/2022\/07\/01-1-scaled.jpg?fit=2560%2C1573&amp;ssl=1\" data-orig-size=\"2560,1573\" data-comments-opened=\"0\" data-image-meta=\"{&quot;aperture&quot;:&quot;4&quot;,&quot;credit&quot;:&quot;&quot;,&quot;camera&quot;:&quot;Canon EOS 5D Mark III&quot;,&quot;caption&quot;:&quot;&quot;,&quot;created_timestamp&quot;:&quot;1655378637&quot;,&quot;copyright&quot;:&quot;&quot;,&quot;focal_length&quot;:&quot;24&quot;,&quot;iso&quot;:&quot;250&quot;,&quot;shutter_speed&quot;:&quot;0.025&quot;,&quot;title&quot;:&quot;&quot;,&quot;orientation&quot;:&quot;1&quot;}\" data-image-title=\"01 (1)\" data-image-description=\"\" data-image-caption=\"\" data-medium-file=\"https:\/\/i0.wp.com\/hskurd.org\/wp-content\/uploads\/2022\/07\/01-1-scaled.jpg?fit=300%2C184&amp;ssl=1\" data-large-file=\"https:\/\/i0.wp.com\/hskurd.org\/wp-content\/uploads\/2022\/07\/01-1-scaled.jpg?fit=1030%2C633&amp;ssl=1\" class=\"alignnone size-medium wp-image-6246\" src=\"https:\/\/i0.wp.com\/hskurd.org\/wp-content\/uploads\/2022\/07\/01-1-300x184.jpg?resize=300%2C184\" alt=\"\" width=\"300\" height=\"184\" srcset=\"https:\/\/i0.wp.com\/hskurd.org\/wp-content\/uploads\/2022\/07\/01-1-scaled.jpg?resize=300%2C184&amp;ssl=1 300w, https:\/\/i0.wp.com\/hskurd.org\/wp-content\/uploads\/2022\/07\/01-1-scaled.jpg?resize=1030%2C633&amp;ssl=1 1030w, https:\/\/i0.wp.com\/hskurd.org\/wp-content\/uploads\/2022\/07\/01-1-scaled.jpg?resize=768%2C472&amp;ssl=1 768w\" sizes=\"auto, (max-width: 300px) 100vw, 300px\" \/>&nbsp; <img data-recalc-dims=\"1\" loading=\"lazy\" decoding=\"async\" data-attachment-id=\"6248\" data-permalink=\"https:\/\/hskurd.org\/?attachment_id=6248\" data-orig-file=\"https:\/\/i0.wp.com\/hskurd.org\/wp-content\/uploads\/2022\/07\/08-1-scaled.jpg?fit=2560%2C1483&amp;ssl=1\" data-orig-size=\"2560,1483\" data-comments-opened=\"0\" data-image-meta=\"{&quot;aperture&quot;:&quot;10&quot;,&quot;credit&quot;:&quot;&quot;,&quot;camera&quot;:&quot;Canon EOS 5D Mark III&quot;,&quot;caption&quot;:&quot;&quot;,&quot;created_timestamp&quot;:&quot;1655378313&quot;,&quot;copyright&quot;:&quot;&quot;,&quot;focal_length&quot;:&quot;45&quot;,&quot;iso&quot;:&quot;100&quot;,&quot;shutter_speed&quot;:&quot;0.004&quot;,&quot;title&quot;:&quot;&quot;,&quot;orientation&quot;:&quot;1&quot;}\" data-image-title=\"08 (1)\" data-image-description=\"\" data-image-caption=\"\" data-medium-file=\"https:\/\/i0.wp.com\/hskurd.org\/wp-content\/uploads\/2022\/07\/08-1-scaled.jpg?fit=300%2C174&amp;ssl=1\" data-large-file=\"https:\/\/i0.wp.com\/hskurd.org\/wp-content\/uploads\/2022\/07\/08-1-scaled.jpg?fit=1030%2C597&amp;ssl=1\" class=\"alignnone size-medium wp-image-6248\" src=\"https:\/\/i0.wp.com\/hskurd.org\/wp-content\/uploads\/2022\/07\/08-1-300x174.jpg?resize=300%2C174\" alt=\"\" width=\"300\" height=\"174\" srcset=\"https:\/\/i0.wp.com\/hskurd.org\/wp-content\/uploads\/2022\/07\/08-1-scaled.jpg?resize=300%2C174&amp;ssl=1 300w, https:\/\/i0.wp.com\/hskurd.org\/wp-content\/uploads\/2022\/07\/08-1-scaled.jpg?resize=1030%2C597&amp;ssl=1 1030w, https:\/\/i0.wp.com\/hskurd.org\/wp-content\/uploads\/2022\/07\/08-1-scaled.jpg?resize=768%2C445&amp;ssl=1 768w, https:\/\/i0.wp.com\/hskurd.org\/wp-content\/uploads\/2022\/07\/08-1-scaled.jpg?resize=1536%2C890&amp;ssl=1 1536w, https:\/\/i0.wp.com\/hskurd.org\/wp-content\/uploads\/2022\/07\/08-1-scaled.jpg?resize=2048%2C1186&amp;ssl=1 2048w, https:\/\/i0.wp.com\/hskurd.org\/wp-content\/uploads\/2022\/07\/08-1-scaled.jpg?resize=1500%2C869&amp;ssl=1 1500w, https:\/\/i0.wp.com\/hskurd.org\/wp-content\/uploads\/2022\/07\/08-1-scaled.jpg?resize=705%2C408&amp;ssl=1 705w\" sizes=\"auto, (max-width: 300px) 100vw, 300px\" \/>&nbsp; <img data-recalc-dims=\"1\" loading=\"lazy\" decoding=\"async\" data-attachment-id=\"6250\" data-permalink=\"https:\/\/hskurd.org\/?attachment_id=6250\" data-orig-file=\"https:\/\/i0.wp.com\/hskurd.org\/wp-content\/uploads\/2022\/07\/04-1-scaled.jpg?fit=2560%2C1707&amp;ssl=1\" data-orig-size=\"2560,1707\" data-comments-opened=\"0\" data-image-meta=\"{&quot;aperture&quot;:&quot;4&quot;,&quot;credit&quot;:&quot;&quot;,&quot;camera&quot;:&quot;Canon EOS 5D Mark III&quot;,&quot;caption&quot;:&quot;&quot;,&quot;created_timestamp&quot;:&quot;1655378665&quot;,&quot;copyright&quot;:&quot;&quot;,&quot;focal_length&quot;:&quot;50&quot;,&quot;iso&quot;:&quot;250&quot;,&quot;shutter_speed&quot;:&quot;0.025&quot;,&quot;title&quot;:&quot;&quot;,&quot;orientation&quot;:&quot;1&quot;}\" data-image-title=\"04 (1)\" data-image-description=\"\" data-image-caption=\"\" data-medium-file=\"https:\/\/i0.wp.com\/hskurd.org\/wp-content\/uploads\/2022\/07\/04-1-scaled.jpg?fit=300%2C200&amp;ssl=1\" data-large-file=\"https:\/\/i0.wp.com\/hskurd.org\/wp-content\/uploads\/2022\/07\/04-1-scaled.jpg?fit=1030%2C687&amp;ssl=1\" class=\"alignnone size-medium wp-image-6250\" src=\"https:\/\/i0.wp.com\/hskurd.org\/wp-content\/uploads\/2022\/07\/04-1-300x200.jpg?resize=300%2C200\" alt=\"\" width=\"300\" height=\"200\" srcset=\"https:\/\/i0.wp.com\/hskurd.org\/wp-content\/uploads\/2022\/07\/04-1-scaled.jpg?resize=300%2C200&amp;ssl=1 300w, https:\/\/i0.wp.com\/hskurd.org\/wp-content\/uploads\/2022\/07\/04-1-scaled.jpg?resize=1030%2C687&amp;ssl=1 1030w, https:\/\/i0.wp.com\/hskurd.org\/wp-content\/uploads\/2022\/07\/04-1-scaled.jpg?resize=768%2C512&amp;ssl=1 768w, https:\/\/i0.wp.com\/hskurd.org\/wp-content\/uploads\/2022\/07\/04-1-scaled.jpg?resize=1536%2C1024&amp;ssl=1 1536w\" sizes=\"auto, (max-width: 300px) 100vw, 300px\" \/><\/div>\n","protected":false},"excerpt":{"rendered":"<p>Nav: Fed\u00eela Xidir El-El\u00ee Temen: 7 sal Cih: Kampa Wa\u015fokan\u00ee Rew\u015fa w\u00ea a tendurst\u00ee : hewcedariya la\u015f\u00ee Sedema hewcedariy\u00ea: derketina gir\u00eakek\u00ea li ser derzika pi\u015fta w\u00ea \u00fb di dema emel\u00eekirina w\u00ea de tevgera herdu ling\u00ean xwe wunda kir. Nekar\u00eeb\u00fbna Fed\u00eela di tevger \u00fb p\u00eakvejiyana bi heval\u00ean xwe re, \u00ea\u015fa ko\u00e7beriy\u00ea li gel w\u00ea \u00fb malbata [&hellip;]<\/p>\n","protected":false},"author":3,"featured_media":6252,"comment_status":"open","ping_status":"open","sticky":false,"template":"","format":"standard","meta":{"give_campaign_id":0,"ngg_post_thumbnail":0,"jetpack_post_was_ever_published":false,"_jetpack_newsletter_access":"","_jetpack_dont_email_post_to_subs":false,"_jetpack_newsletter_tier_id":0,"_jetpack_memberships_contains_paywalled_content":false,"_jetpack_memberships_contains_paid_content":false,"footnotes":"","jetpack_publicize_message":"","jetpack_publicize_feature_enabled":true,"jetpack_social_post_already_shared":true,"jetpack_social_options":{"image_generator_settings":{"template":"highway","default_image_id":0,"font":"","enabled":false},"version":2},"_links_to":"","_links_to_target":""},"categories":[831,840],"tags":[1212],"class_list":["post-6264","post","type-post","status-publish","format-standard","has-post-thumbnail","hentry","category-cirok","category-parastin","tag-ken_e-wan_ji_bo_me_berdewami-ye"],"jetpack_publicize_connections":[],"jetpack_featured_media_url":"https:\/\/i0.wp.com\/hskurd.org\/wp-content\/uploads\/2022\/07\/02-1-scaled.jpg?fit=2560%2C1707&ssl=1","jetpack-related-posts":[{"id":7428,"url":"https:\/\/hskurd.org\/?p=7428&lang=ku","url_meta":{"origin":6264,"position":0},"title":"Baran\u00ea zarok ji bajar\u00ea Koban\u00ee pi\u015ft\u00ee ku navenda protez t\u0131\u015ft\u00ean w\u00ee y\u00ean ku ji ber teq\u00eena bermah\u0131yeke DAI\u015e\u00ea li pey xwe hi\u015ftib\u00fb, vegerandin ji n\u00fbve bi ken vedigere qada l\u00eestik\u00ea.","author":"heyvasorakurd","date":"1 \u0623\u063a\u0633\u0637\u0633\u060c 2023","format":false,"excerpt":"Baran\u00ea zarok b\u0131 ken\u00ea xwe vedigere qada l\u00eestik\u00ea Bermahiy\u00ean \u015fer gelek caran mexd\u00fbr\u00ean siv\u00eel l\u0131 d\u00fb xwe ve dih\u00ealin, bi piran\u00ee zarok, ku haya wan ji wan xeterey\u00ean tune ye. Yek ji qurbaniy\u00ean van may\u00eenan Baran Mazen Qar\u00ee y\u00ea 10 sal\u00ee ye. Di 18\u2019\u00ea Sibata 2023\u2019an de tev\u00ee malbata xwe\u2026","rel":"","context":"\u0641\u064a &quot;\u00c7\u00eerok&quot;","block_context":{"text":"\u00c7\u00eerok","link":"https:\/\/hskurd.org\/?cat=831&lang=ku"},"img":{"alt_text":"","src":"https:\/\/i0.wp.com\/hskurd.org\/wp-content\/uploads\/2023\/08\/952A8898-copy-scaled.webp?fit=1200%2C800&ssl=1&resize=350%2C200","width":350,"height":200,"srcset":"https:\/\/i0.wp.com\/hskurd.org\/wp-content\/uploads\/2023\/08\/952A8898-copy-scaled.webp?fit=1200%2C800&ssl=1&resize=350%2C200 1x, https:\/\/i0.wp.com\/hskurd.org\/wp-content\/uploads\/2023\/08\/952A8898-copy-scaled.webp?fit=1200%2C800&ssl=1&resize=525%2C300 1.5x, https:\/\/i0.wp.com\/hskurd.org\/wp-content\/uploads\/2023\/08\/952A8898-copy-scaled.webp?fit=1200%2C800&ssl=1&resize=700%2C400 2x, https:\/\/i0.wp.com\/hskurd.org\/wp-content\/uploads\/2023\/08\/952A8898-copy-scaled.webp?fit=1200%2C800&ssl=1&resize=1050%2C600 3x"},"classes":[]},{"id":5025,"url":"https:\/\/hskurd.org\/?p=5025&lang=ku","url_meta":{"origin":6264,"position":1},"title":"Valahiyeke heval ji bo zarokan li campa Wa\u015fokan\u00ee hat vekirin","author":"Sozdar","date":"23 \u0646\u0648\u0641\u0645\u0628\u0631\u060c 2020","format":false,"excerpt":"\u00a0 Ji ber ku zarok mebesta me ya sereke ne \u00fb ew di destp\u00eaka xizmet\u00ean me y\u00ean tendurst\u00ee \u00fb dir\u00fbn\u00ee de ne , em di heyva sor de hewl didin ku \"roja zaroan ya c\u00eehan\u00ee\" wek hem\u00fb rojan derbas nebe. Lewra t\u00eema parastin\u00ea ya HSK \u00fb qom\u00ceteya parastina zarokan li\u2026","rel":"","context":"\u0641\u064a &quot;Parastin&quot;","block_context":{"text":"Parastin","link":"https:\/\/hskurd.org\/?cat=840&lang=ku"},"img":{"alt_text":"","src":"https:\/\/i0.wp.com\/hskurd.org\/wp-content\/uploads\/2020\/11\/%D9%86%D8%AA%D8%A7-2.jpg?fit=1200%2C800&ssl=1&resize=350%2C200","width":350,"height":200,"srcset":"https:\/\/i0.wp.com\/hskurd.org\/wp-content\/uploads\/2020\/11\/%D9%86%D8%AA%D8%A7-2.jpg?fit=1200%2C800&ssl=1&resize=350%2C200 1x, https:\/\/i0.wp.com\/hskurd.org\/wp-content\/uploads\/2020\/11\/%D9%86%D8%AA%D8%A7-2.jpg?fit=1200%2C800&ssl=1&resize=525%2C300 1.5x, https:\/\/i0.wp.com\/hskurd.org\/wp-content\/uploads\/2020\/11\/%D9%86%D8%AA%D8%A7-2.jpg?fit=1200%2C800&ssl=1&resize=700%2C400 2x, https:\/\/i0.wp.com\/hskurd.org\/wp-content\/uploads\/2020\/11\/%D9%86%D8%AA%D8%A7-2.jpg?fit=1200%2C800&ssl=1&resize=1050%2C600 3x"},"classes":[]},{"id":5290,"url":"https:\/\/hskurd.org\/?p=5290&lang=ku","url_meta":{"origin":6264,"position":2},"title":"8\u00ea Adar\u00ea cejna jin\u00ean Heyva Sor a Kurd e","author":"Sozdar","date":"11 \u0645\u0627\u0631\u0633\u060c 2021","format":false,"excerpt":"Wek ku tevahiya c\u00eehan bi roja 8 \u00ea Adar\u00ea roja Jin\u00ea ya c\u00cehan\u00ee p\u00eerozdike, cureyek ji r\u00eazgrtin ji bo w\u00ea ,destkeftey\u00ean w\u00ea \u00fb keda w\u00ea di hem\u00fb be\u015fan de ku her\u00ee daw\u00ee xwe di qada \u015fer\u00ea Korona de tesb\u00eet kir \u00fb di \u00e7eper\u00ean \u015fer\u00ea vayros\u00ea y\u00ean p\u00ea\u015f de cih\u00ea xwe\u2026","rel":"","context":"\u0641\u064a &quot;Parastin&quot;","block_context":{"text":"Parastin","link":"https:\/\/hskurd.org\/?cat=840&lang=ku"},"img":{"alt_text":"","src":"https:\/\/i0.wp.com\/hskurd.org\/wp-content\/uploads\/2021\/03\/952A2302-scaled.jpg?fit=1200%2C800&ssl=1&resize=350%2C200","width":350,"height":200,"srcset":"https:\/\/i0.wp.com\/hskurd.org\/wp-content\/uploads\/2021\/03\/952A2302-scaled.jpg?fit=1200%2C800&ssl=1&resize=350%2C200 1x, https:\/\/i0.wp.com\/hskurd.org\/wp-content\/uploads\/2021\/03\/952A2302-scaled.jpg?fit=1200%2C800&ssl=1&resize=525%2C300 1.5x, https:\/\/i0.wp.com\/hskurd.org\/wp-content\/uploads\/2021\/03\/952A2302-scaled.jpg?fit=1200%2C800&ssl=1&resize=700%2C400 2x, https:\/\/i0.wp.com\/hskurd.org\/wp-content\/uploads\/2021\/03\/952A2302-scaled.jpg?fit=1200%2C800&ssl=1&resize=1050%2C600 3x"},"classes":[]},{"id":6234,"url":"https:\/\/hskurd.org\/?p=6234&lang=ku","url_meta":{"origin":6264,"position":3},"title":"L\u00eanih\u00ear\u00eena dayik \u00fb zaroka w\u00ea P\u00ea\u015fiy\u00ea xizmeta me ye","author":"Sozdar","date":"23 \u064a\u0648\u0646\u064a\u0648\u060c 2022","format":false,"excerpt":"https:\/\/www.youtube.com\/watch?v=cMB6woxbL2s Gih\u00ee\u015ftina\u00a0 xwarindaneke\u00a0 p\u00eaw\u00eest\u00a0 \u00fb gir\u00eeng ji\u00a0 zarokan re yek ji pirsgir\u00eak\u00ean her\u00ee mezin \u00ean tenduristiy\u00ea ye \u00a0\u00a0niha li Bakur\u00ea S\u00fbriyey\u00ea t\u00ea jiyan kirin li cih\u00ea ku zarok\u00ean k\u00eamxwarin li gor\u00ee hevsal\u00ean xwe k\u00eamtir xweparastin in \u00fb ji ber v\u00ea yek\u00ea j\u00ee ji nexwe\u015fiyan re vekir\u00ee tirin Z\u00eadir\u00ee 232 miliyon\u2026","rel":"","context":"\u0641\u064a &quot;\u00c7\u00eerok&quot;","block_context":{"text":"\u00c7\u00eerok","link":"https:\/\/hskurd.org\/?cat=831&lang=ku"},"img":{"alt_text":"","src":"https:\/\/i0.wp.com\/hskurd.org\/wp-content\/uploads\/2022\/06\/%D9%82%D8%B5%D8%A9-1.webp?fit=1054%2C594&ssl=1&resize=350%2C200","width":350,"height":200,"srcset":"https:\/\/i0.wp.com\/hskurd.org\/wp-content\/uploads\/2022\/06\/%D9%82%D8%B5%D8%A9-1.webp?fit=1054%2C594&ssl=1&resize=350%2C200 1x, https:\/\/i0.wp.com\/hskurd.org\/wp-content\/uploads\/2022\/06\/%D9%82%D8%B5%D8%A9-1.webp?fit=1054%2C594&ssl=1&resize=525%2C300 1.5x, https:\/\/i0.wp.com\/hskurd.org\/wp-content\/uploads\/2022\/06\/%D9%82%D8%B5%D8%A9-1.webp?fit=1054%2C594&ssl=1&resize=700%2C400 2x, https:\/\/i0.wp.com\/hskurd.org\/wp-content\/uploads\/2022\/06\/%D9%82%D8%B5%D8%A9-1.webp?fit=1054%2C594&ssl=1&resize=1050%2C600 3x"},"classes":[]},{"id":12783,"url":"https:\/\/hskurd.org\/?p=12783&lang=ku","url_meta":{"origin":6264,"position":4},"title":"R\u00eaw\u00eetiya jiy\u00een\u00ea bi gavek\u00ea dest p\u00ea dike","author":"user55","date":"28 \u0623\u0628\u0631\u064a\u0644\u060c 2026","format":false,"excerpt":"https:\/\/youtu.be\/1vV7Czewfb8?si=3n8PIPBm9HlN8-X7 Ji gundewar\u00ea Qam\u00ee\u015fl\u00ee, Cel\u00eela Sil\u00eaman qet nizanib\u00fb ku serdaneke sade bo kl\u00een\u00eekeke mob\u00eel d\u00ea bi tevah\u00ee r\u00ea\u00e7a jiyana w\u00ea biguher\u00eene\u2026 \u00c7\u00eerok li wir dest p\u00ea kir, \u00fb nexwe\u015fiya w\u00ea li wir hat d\u00eetin. Te\u015fh\u00eesa kansera malzarok\u00ea, \u00fb r\u00eaw\u00eetiyeke dermankirin\u00ea ya dijwar ku bi d\u00fbrah\u00ee \u00fb l\u00ea\u00e7\u00fbn\u00ean r\u00eaw\u00eetiy\u00ea ve gir\u00eaday\u00ee\u2026","rel":"","context":"\u0641\u064a &quot;\u00c7\u00eerok&quot;","block_context":{"text":"\u00c7\u00eerok","link":"https:\/\/hskurd.org\/?cat=831&lang=ku"},"img":{"alt_text":"","src":"https:\/\/i0.wp.com\/img.youtube.com\/vi\/1vV7Czewfb8\/0.jpg?resize=350%2C200","width":350,"height":200},"classes":[]},{"id":6380,"url":"https:\/\/hskurd.org\/?p=6380&lang=ku","url_meta":{"origin":6264,"position":5},"title":"ken,l\u00eestik \u00fb h\u00eav\u00ee","author":"Sozdar","date":"10 \u0623\u063a\u0633\u0637\u0633\u060c 2022","format":false,"excerpt":"\u00a0 Niv\u00eesgeha Parastin \u00fb Pi\u015ftevaniya \u00a0der\u00fbn\u00ee di projeya xwe de li mala parastina zarokan a bajar\u00ea Hesek\u00ea \u00a0du\u00e7erxe ji her zarokek\u00ee re di mal\u00ea de li gor\u00ee temen\u00ea wan p\u00ea\u015fk\u00ea\u015f kir , \u00fb bi girtina tedb\u00eer\u00ean saxlem\u00ee \u00fb ewleh\u00ee bi r\u00eaveberiya mal\u00ea re , da ku daxwaz\u00ean zarokan bic\u00eeh b\u00eene\u2026","rel":"","context":"\u0641\u064a &quot;Parastin&quot;","block_context":{"text":"Parastin","link":"https:\/\/hskurd.org\/?cat=840&lang=ku"},"img":{"alt_text":"","src":"https:\/\/i0.wp.com\/hskurd.org\/wp-content\/uploads\/2022\/08\/952A7943-scaled.jpg?fit=1200%2C800&ssl=1&resize=350%2C200","width":350,"height":200,"srcset":"https:\/\/i0.wp.com\/hskurd.org\/wp-content\/uploads\/2022\/08\/952A7943-scaled.jpg?fit=1200%2C800&ssl=1&resize=350%2C200 1x, https:\/\/i0.wp.com\/hskurd.org\/wp-content\/uploads\/2022\/08\/952A7943-scaled.jpg?fit=1200%2C800&ssl=1&resize=525%2C300 1.5x, https:\/\/i0.wp.com\/hskurd.org\/wp-content\/uploads\/2022\/08\/952A7943-scaled.jpg?fit=1200%2C800&ssl=1&resize=700%2C400 2x, https:\/\/i0.wp.com\/hskurd.org\/wp-content\/uploads\/2022\/08\/952A7943-scaled.jpg?fit=1200%2C800&ssl=1&resize=1050%2C600 3x"},"classes":[]}],"jetpack_sharing_enabled":true,"_links":{"self":[{"href":"https:\/\/hskurd.org\/index.php?rest_route=\/wp\/v2\/posts\/6264","targetHints":{"allow":["GET"]}}],"collection":[{"href":"https:\/\/hskurd.org\/index.php?rest_route=\/wp\/v2\/posts"}],"about":[{"href":"https:\/\/hskurd.org\/index.php?rest_route=\/wp\/v2\/types\/post"}],"author":[{"embeddable":true,"href":"https:\/\/hskurd.org\/index.php?rest_route=\/wp\/v2\/users\/3"}],"replies":[{"embeddable":true,"href":"https:\/\/hskurd.org\/index.php?rest_route=%2Fwp%2Fv2%2Fcomments&post=6264"}],"version-history":[{"count":3,"href":"https:\/\/hskurd.org\/index.php?rest_route=\/wp\/v2\/posts\/6264\/revisions"}],"predecessor-version":[{"id":6349,"href":"https:\/\/hskurd.org\/index.php?rest_route=\/wp\/v2\/posts\/6264\/revisions\/6349"}],"wp:featuredmedia":[{"embeddable":true,"href":"https:\/\/hskurd.org\/index.php?rest_route=\/wp\/v2\/media\/6252"}],"wp:attachment":[{"href":"https:\/\/hskurd.org\/index.php?rest_route=%2Fwp%2Fv2%2Fmedia&parent=6264"}],"wp:term":[{"taxonomy":"category","embeddable":true,"href":"https:\/\/hskurd.org\/index.php?rest_route=%2Fwp%2Fv2%2Fcategories&post=6264"},{"taxonomy":"post_tag","embeddable":true,"href":"https:\/\/hskurd.org\/index.php?rest_route=%2Fwp%2Fv2%2Ftags&post=6264"}],"curies":[{"name":"wp","href":"https:\/\/api.w.org\/{rel}","templated":true}]}}