{"id":6234,"date":"2022-06-23T14:51:15","date_gmt":"2022-06-23T11:51:15","guid":{"rendered":"https:\/\/hskurd.org\/?p=6234"},"modified":"2022-06-23T14:51:15","modified_gmt":"2022-06-23T11:51:15","slug":"leniherina-dayik-u-zaroka-we-pesiye-xizmeta-me-ye","status":"publish","type":"post","link":"https:\/\/hskurd.org\/?p=6234&lang=ku","title":{"rendered":"L\u00eanih\u00ear\u00eena dayik \u00fb zaroka w\u00ea P\u00ea\u015fiy\u00ea xizmeta me ye"},"content":{"rendered":"<p><span class=\"embed-youtube\" style=\"text-align:center; display: block;\"><iframe loading=\"lazy\" class=\"youtube-player\" width=\"1500\" height=\"844\" src=\"https:\/\/www.youtube.com\/embed\/cMB6woxbL2s?version=3&#038;rel=1&#038;showsearch=0&#038;showinfo=1&#038;iv_load_policy=1&#038;fs=1&#038;hl=ar&#038;autohide=2&#038;wmode=transparent\" allowfullscreen=\"true\" style=\"border:0;\" sandbox=\"allow-scripts allow-same-origin allow-popups allow-presentation allow-popups-to-escape-sandbox\"><\/iframe><\/span><\/p>\n<p>Gih\u00ee\u015ftina&nbsp; xwarindaneke&nbsp; p\u00eaw\u00eest&nbsp; \u00fb gir\u00eeng ji&nbsp; zarokan re yek ji pirsgir\u00eak\u00ean her\u00ee mezin \u00ean tenduristiy\u00ea ye &nbsp;&nbsp;niha li Bakur\u00ea S\u00fbriyey\u00ea t\u00ea jiyan kirin li cih\u00ea ku zarok\u00ean k\u00eamxwarin li gor\u00ee hevsal\u00ean xwe k\u00eamtir xweparastin in \u00fb ji ber v\u00ea yek\u00ea j\u00ee ji nexwe\u015fiyan re vekir\u00ee tirin<\/p>\n<p>Z\u00eadir\u00ee 232 miliyon zarok li c\u00eehan\u00ea bi k\u00eamxwarnbuy\u00een\u00ea re r\u00fb bi r\u00fb dim\u00eenin ku dibe sedema bingeh\u00een ji mirina n\u00eev\u00ea zarok\u00ean temen\u00ea wan k\u00eam\u00ee 5 salan e.(li gor\u00ee r\u00eaxistina bij\u00ee\u015fk\u00ean b\u00ea s\u00eenor)<\/p>\n<p>Li gor\u00ee kar\u00ea me y\u00ea berdewam di p\u00ea\u015fk\u00ea\u015fkirina&nbsp; xizmeta tendurst\u00ee ya seretay\u00ee&nbsp; \u00fb nav\u00een de, pirogram\u00ea k\u00eamxwarinbuy\u00eena zarokan \u00fb miqateb\u00fbna jin\u00ean ducan\u00ee&nbsp; \u00fb zarok\u00ean n\u00fb ji day\u00eek buy\u00ee &nbsp;cih\u00ea her\u00ee bingeh\u00een digrin.<\/p>\n<p>Bi riya hejmarek ji xizmetan wek miqatebuna tendurst\u00ee ji dayik \u00fb zaroka w\u00ea di dema ducaniy\u00ea \u00fb pi\u015ft\u00ee w\u00ea wek hi\u015fiyarbuy\u00eena tendurst\u00ee derbar\u00ea jidayikbuna xwezay\u00ee , \u015f\u00eer\u00ea xwezay\u00ee , \u015fopandina jinan , jidayikbuy\u00een&nbsp; \u00fb p\u00ea\u015fk\u00ea\u015fkirina xwarin ,derman \u00fb hwd ji p\u00eaw\u00eestiyan taybet di kamp\u00ean penaberan .<\/p>\n<p>\u00c7\u00eeroka Melak \u00fb dayika w\u00ea yek ji sedan \u00e7\u00eerok\u00ean serkeftin\u00ea ye ku di nava xal\u00ean &nbsp;me y\u00ean tendurst\u00ee &nbsp;de &nbsp;&nbsp;\u00e7\u00eab\u00fbne ku her tim armanca me tenduristiyeke ba\u015ftir &nbsp;ji &nbsp;jin \u00fb zarok\u00ean Bakur \u00fb Rojhilat\u00ea S\u00fbriy\u00ea re b\u00ea day\u00een.<\/p>\n<p>&nbsp;<\/p>\n","protected":false},"excerpt":{"rendered":"<p>Gih\u00ee\u015ftina&nbsp; xwarindaneke&nbsp; p\u00eaw\u00eest&nbsp; \u00fb gir\u00eeng ji&nbsp; zarokan re yek ji pirsgir\u00eak\u00ean her\u00ee mezin \u00ean tenduristiy\u00ea ye &nbsp;&nbsp;niha li Bakur\u00ea S\u00fbriyey\u00ea t\u00ea jiyan kirin li cih\u00ea ku zarok\u00ean k\u00eamxwarin li gor\u00ee hevsal\u00ean xwe k\u00eamtir xweparastin in \u00fb ji ber v\u00ea yek\u00ea j\u00ee ji nexwe\u015fiyan re vekir\u00ee tirin Z\u00eadir\u00ee 232 miliyon zarok li c\u00eehan\u00ea bi k\u00eamxwarnbuy\u00een\u00ea re [&hellip;]<\/p>\n","protected":false},"author":3,"featured_media":6230,"comment_status":"open","ping_status":"open","sticky":false,"template":"","format":"standard","meta":{"give_campaign_id":0,"ngg_post_thumbnail":0,"jetpack_post_was_ever_published":false,"_jetpack_newsletter_access":"","_jetpack_dont_email_post_to_subs":false,"_jetpack_newsletter_tier_id":0,"_jetpack_memberships_contains_paywalled_content":false,"_jetpack_memberships_contains_paid_content":false,"footnotes":"","jetpack_publicize_message":"","jetpack_publicize_feature_enabled":true,"jetpack_social_post_already_shared":true,"jetpack_social_options":{"image_generator_settings":{"template":"highway","default_image_id":0,"font":"","enabled":false},"version":2},"_links_to":"","_links_to_target":""},"categories":[831,840,846],"tags":[1199],"class_list":["post-6234","post","type-post","status-publish","format-standard","has-post-thumbnail","hentry","category-cirok","category-parastin","category-tenduristi","tag-bernameya_kemxwarine"],"jetpack_publicize_connections":[],"jetpack_featured_media_url":"https:\/\/i0.wp.com\/hskurd.org\/wp-content\/uploads\/2022\/06\/%D9%82%D8%B5%D8%A9-1.webp?fit=1054%2C594&ssl=1","jetpack-related-posts":[{"id":9904,"url":"https:\/\/hskurd.org\/?p=9904&lang=ku","url_meta":{"origin":6234,"position":0},"title":"Kampanyek x\u00earxwaziy\u00ea pi\u015ftgiriy\u00ea dide zarok\u00ean telas\u00eemiyay\u00ea","author":"neruda","date":"4 \u0646\u0648\u0641\u0645\u0628\u0631\u060c 2024","format":false,"excerpt":"Wek kampaniyek x\u00earxwaziy\u00ea ku armanca w\u00ea pi\u015ftgiriya zarok\u00ean telas\u00eemiyay\u00ea b\u00fb,\u00a0 komek ciwan\u00ean kurd\u00a0li w\u00eelayeta Vancouver, li Kanada, komek ji p\u00eal\u00eestok \u00fb derman\u00ean p\u00eaw\u00eest p\u00ea\u015fk\u00ea\u015f\u00ee Nexwe\u015fxaneya Onkoloj\u00ee, \u015eewat \u00fb Telasemiy\u00ea ya Heyva Sor a Kurd li bajar\u00ea Qami\u015flo kirin. Ev \u00e7alak\u00ee nirx\u00ean day\u00een \u00fb hevgirtin\u00ea n\u00ee\u015fan dide, bi taybet\u00ee ji bo\u2026","rel":"","context":"\u0641\u064a &quot;Pi\u015ftgirya pskolog\u00eek&quot;","block_context":{"text":"Pi\u015ftgirya pskolog\u00eek","link":"https:\/\/hskurd.org\/?cat=1486&lang=ku"},"img":{"alt_text":"","src":"https:\/\/i0.wp.com\/hskurd.org\/wp-content\/uploads\/2024\/11\/465655369_858427136452587_4768032065087841535_n.jpg?fit=1200%2C800&ssl=1&resize=350%2C200","width":350,"height":200,"srcset":"https:\/\/i0.wp.com\/hskurd.org\/wp-content\/uploads\/2024\/11\/465655369_858427136452587_4768032065087841535_n.jpg?fit=1200%2C800&ssl=1&resize=350%2C200 1x, https:\/\/i0.wp.com\/hskurd.org\/wp-content\/uploads\/2024\/11\/465655369_858427136452587_4768032065087841535_n.jpg?fit=1200%2C800&ssl=1&resize=525%2C300 1.5x, https:\/\/i0.wp.com\/hskurd.org\/wp-content\/uploads\/2024\/11\/465655369_858427136452587_4768032065087841535_n.jpg?fit=1200%2C800&ssl=1&resize=700%2C400 2x, https:\/\/i0.wp.com\/hskurd.org\/wp-content\/uploads\/2024\/11\/465655369_858427136452587_4768032065087841535_n.jpg?fit=1200%2C800&ssl=1&resize=1050%2C600 3x"},"classes":[]},{"id":6264,"url":"https:\/\/hskurd.org\/?p=6264&lang=ku","url_meta":{"origin":6234,"position":1},"title":"Ken\u00ea wan ji bo me berdewam\u00ee ye","author":"Sozdar","date":"3 \u064a\u0648\u0644\u064a\u0648\u060c 2022","format":false,"excerpt":"Nav: Fed\u00eela Xidir El-El\u00ee Temen: 7 sal Cih: Kampa Wa\u015fokan\u00ee Rew\u015fa w\u00ea a tendurst\u00ee : hewcedariya la\u015f\u00ee Sedema hewcedariy\u00ea: derketina gir\u00eakek\u00ea li ser derzika pi\u015fta w\u00ea \u00fb di dema emel\u00eekirina w\u00ea de tevgera herdu ling\u00ean xwe wunda kir. Nekar\u00eeb\u00fbna Fed\u00eela di tevger \u00fb p\u00eakvejiyana bi heval\u00ean xwe re, \u00ea\u015fa ko\u00e7beriy\u00ea\u2026","rel":"","context":"\u0641\u064a &quot;\u00c7\u00eerok&quot;","block_context":{"text":"\u00c7\u00eerok","link":"https:\/\/hskurd.org\/?cat=831&lang=ku"},"img":{"alt_text":"","src":"https:\/\/i0.wp.com\/hskurd.org\/wp-content\/uploads\/2022\/07\/02-1-scaled.jpg?fit=1200%2C800&ssl=1&resize=350%2C200","width":350,"height":200,"srcset":"https:\/\/i0.wp.com\/hskurd.org\/wp-content\/uploads\/2022\/07\/02-1-scaled.jpg?fit=1200%2C800&ssl=1&resize=350%2C200 1x, https:\/\/i0.wp.com\/hskurd.org\/wp-content\/uploads\/2022\/07\/02-1-scaled.jpg?fit=1200%2C800&ssl=1&resize=525%2C300 1.5x, https:\/\/i0.wp.com\/hskurd.org\/wp-content\/uploads\/2022\/07\/02-1-scaled.jpg?fit=1200%2C800&ssl=1&resize=700%2C400 2x, https:\/\/i0.wp.com\/hskurd.org\/wp-content\/uploads\/2022\/07\/02-1-scaled.jpg?fit=1200%2C800&ssl=1&resize=1050%2C600 3x"},"classes":[]},{"id":5885,"url":"https:\/\/hskurd.org\/?p=5885&lang=ku","url_meta":{"origin":6234,"position":2},"title":"\u015eeh\u00eed Basim Muhemed &#8221; \u015eeh\u00eed\u00ea Mirovatiy\u00ea &#8220;","author":"Sozdar","date":"30 \u064a\u0646\u0627\u064a\u0631\u060c 2022","format":false,"excerpt":"Bi xemg\u00eeniyeke mezin me n\u00fb\u00e7eya \u015feh\u00eedb\u00fbna heval\u00ea xwe Basem Mihemed wergirt, ku di encama gulebaranek\u00ea de dema ku w\u00ee li navenda sereke ya Heyva Sor a Kurd li Kampa Hol\u00ea erk\u00ea xwe ye mirov\u00ee p\u00eak di an\u00ee. Tev\u00ee hem\u00fb hewldan\u00ean ku heval\u00ean me dan ta Basim jiyana xwe ji dest\u2026","rel":"","context":"\u0641\u064a &quot;Awarte&quot;","block_context":{"text":"Awarte","link":"https:\/\/hskurd.org\/?cat=848&lang=ku"},"img":{"alt_text":"","src":"https:\/\/i0.wp.com\/hskurd.org\/wp-content\/uploads\/2022\/01\/g.jpg?fit=800%2C1200&ssl=1&resize=350%2C200","width":350,"height":200,"srcset":"https:\/\/i0.wp.com\/hskurd.org\/wp-content\/uploads\/2022\/01\/g.jpg?fit=800%2C1200&ssl=1&resize=350%2C200 1x, https:\/\/i0.wp.com\/hskurd.org\/wp-content\/uploads\/2022\/01\/g.jpg?fit=800%2C1200&ssl=1&resize=525%2C300 1.5x, https:\/\/i0.wp.com\/hskurd.org\/wp-content\/uploads\/2022\/01\/g.jpg?fit=800%2C1200&ssl=1&resize=700%2C400 2x"},"classes":[]},{"id":5050,"url":"https:\/\/hskurd.org\/?p=5050&lang=ku","url_meta":{"origin":6234,"position":3},"title":"Bi sedema may\u00eena \u00e7ar zarok li Til Rifet\u00ea bir\u00eendarb\u00fbn","author":"Sozdar","date":"23 \u0646\u0648\u0641\u0645\u0628\u0631\u060c 2020","format":false,"excerpt":"Roja Navnetewey\u00ee ya Zarokan di sala 1954-an de wek\u00ee minasebeta c\u00eehan\u00ee ku her sal di 20\u00ea \u00c7iriya Pa\u015f\u00een de t\u00ea p\u00eeroz kirin ji bo z\u00eadekirina gir\u00eadana navnetewey\u00ee, hi\u015fyarkirina zarok\u00ean c\u00eehan\u00ea, \u00fb xwe\u015fkirina rew\u015fa wan hate ragihandin. Gava ku piraniya zarok\u00ean S\u00fbr\u00ee maf\u00ean wan \u00ean her\u00ee bingeh\u00een tune, ji bil\u00ee bermahiy\u00ean\u2026","rel":"","context":"\u0641\u064a &quot;Awarte&quot;","block_context":{"text":"Awarte","link":"https:\/\/hskurd.org\/?cat=848&lang=ku"},"img":{"alt_text":"","src":"https:\/\/i0.wp.com\/hskurd.org\/wp-content\/uploads\/2020\/11\/%D9%84%D9%84%D9%84-3.jpg?fit=547%2C748&ssl=1&resize=350%2C200","width":350,"height":200,"srcset":"https:\/\/i0.wp.com\/hskurd.org\/wp-content\/uploads\/2020\/11\/%D9%84%D9%84%D9%84-3.jpg?fit=547%2C748&ssl=1&resize=350%2C200 1x, https:\/\/i0.wp.com\/hskurd.org\/wp-content\/uploads\/2020\/11\/%D9%84%D9%84%D9%84-3.jpg?fit=547%2C748&ssl=1&resize=525%2C300 1.5x"},"classes":[]},{"id":7096,"url":"https:\/\/hskurd.org\/?p=7096&lang=ku","url_meta":{"origin":6234,"position":4},"title":"&#8220;Bersiva h\u00eaviy\u00ea di day\u00eena we de ye&#8221;","author":"heyvasorakurd","date":"23 \u0645\u0627\u0631\u0633\u060c 2023","format":false,"excerpt":"Bersiva h\u00eaviy\u00ea di day\u00eena we de ye\" Fitre \u00fb zekata xwe bidin ji bo kes\u00ean p\u00eadiviya wan bi al\u00eekariy\u00ea heye Ji Bo Gel\u00ean Me \u00fb Hem\u00fb P\u00eakhatye Musilman li Bakur \u00fb Rojhilat\u00ea Sur\u00ee Erk\u00ea hem\u00fb bawermenda ye bi hatina rojiya remezan\u00ea ya p\u00eeroz re , hem\u00fb kes\u00ean ku p\u00eaw\u00eestiya wan\u2026","rel":"","context":"\u0641\u064a &quot;b\u00ea kategoriyan&quot;","block_context":{"text":"b\u00ea kategoriyan","link":"https:\/\/hskurd.org\/?cat=85&lang=ku"},"img":{"alt_text":"","src":"https:\/\/i0.wp.com\/hskurd.org\/wp-content\/uploads\/2023\/03\/%D9%81%D9%8A%D9%84%D9%83%D8%B3-%D8%B2%D9%83%D8%A7%D8%A9-%D8%A7%D9%84%D9%81%D8%B7%D8%B1-3-scaled.jpg?fit=1200%2C800&ssl=1&resize=350%2C200","width":350,"height":200,"srcset":"https:\/\/i0.wp.com\/hskurd.org\/wp-content\/uploads\/2023\/03\/%D9%81%D9%8A%D9%84%D9%83%D8%B3-%D8%B2%D9%83%D8%A7%D8%A9-%D8%A7%D9%84%D9%81%D8%B7%D8%B1-3-scaled.jpg?fit=1200%2C800&ssl=1&resize=350%2C200 1x, https:\/\/i0.wp.com\/hskurd.org\/wp-content\/uploads\/2023\/03\/%D9%81%D9%8A%D9%84%D9%83%D8%B3-%D8%B2%D9%83%D8%A7%D8%A9-%D8%A7%D9%84%D9%81%D8%B7%D8%B1-3-scaled.jpg?fit=1200%2C800&ssl=1&resize=525%2C300 1.5x, https:\/\/i0.wp.com\/hskurd.org\/wp-content\/uploads\/2023\/03\/%D9%81%D9%8A%D9%84%D9%83%D8%B3-%D8%B2%D9%83%D8%A7%D8%A9-%D8%A7%D9%84%D9%81%D8%B7%D8%B1-3-scaled.jpg?fit=1200%2C800&ssl=1&resize=700%2C400 2x, https:\/\/i0.wp.com\/hskurd.org\/wp-content\/uploads\/2023\/03\/%D9%81%D9%8A%D9%84%D9%83%D8%B3-%D8%B2%D9%83%D8%A7%D8%A9-%D8%A7%D9%84%D9%81%D8%B7%D8%B1-3-scaled.jpg?fit=1200%2C800&ssl=1&resize=1050%2C600 3x"},"classes":[]},{"id":5835,"url":"https:\/\/hskurd.org\/?p=5835&lang=ku","url_meta":{"origin":6234,"position":5},"title":"Navenda Minbic\u00ea m\u00eenakeke zind\u00ee ye di l\u00eaner\u00eena tenduristiy\u00ea ya seretay\u00ee de","author":"Sozdar","date":"29 \u062f\u064a\u0633\u0645\u0628\u0631\u060c 2021","format":false,"excerpt":"\u00a0 Xizmet\u00ean l\u00eaner\u00eena tendurist\u00ee ya seretay\u00ee li gor hewcedariy\u00ean kes, malbat \u00fb civakan ji bo \u00e7areserkirin \u00fb refahiya tendurist\u00ee di mil\u00ea la\u015f\u00ee, der\u00fbn\u00ee \u00fb civak\u00ee y\u00ean berfireh bi hev ve gir\u00eaday\u00ee ye, ku l\u00eaner\u00eena kesan bi gi\u015ft\u00ee \u00fb bi hem\u00fb hewcedariy\u00ean tenduristiy\u00ea di hem\u00fb jiyan\u00ea de, ne bi komek nexwe\u015fiy\u00ean\u2026","rel":"","context":"\u0641\u064a &quot;Ge\u015fep\u00eadan&quot;","block_context":{"text":"Ge\u015fep\u00eadan","link":"https:\/\/hskurd.org\/?cat=862&lang=ku"},"img":{"alt_text":"","src":"https:\/\/i0.wp.com\/hskurd.org\/wp-content\/uploads\/2021\/12\/952A1641-copy-2-scaled.jpg?fit=1200%2C800&ssl=1&resize=350%2C200","width":350,"height":200,"srcset":"https:\/\/i0.wp.com\/hskurd.org\/wp-content\/uploads\/2021\/12\/952A1641-copy-2-scaled.jpg?fit=1200%2C800&ssl=1&resize=350%2C200 1x, https:\/\/i0.wp.com\/hskurd.org\/wp-content\/uploads\/2021\/12\/952A1641-copy-2-scaled.jpg?fit=1200%2C800&ssl=1&resize=525%2C300 1.5x, https:\/\/i0.wp.com\/hskurd.org\/wp-content\/uploads\/2021\/12\/952A1641-copy-2-scaled.jpg?fit=1200%2C800&ssl=1&resize=700%2C400 2x, https:\/\/i0.wp.com\/hskurd.org\/wp-content\/uploads\/2021\/12\/952A1641-copy-2-scaled.jpg?fit=1200%2C800&ssl=1&resize=1050%2C600 3x"},"classes":[]}],"jetpack_sharing_enabled":true,"_links":{"self":[{"href":"https:\/\/hskurd.org\/index.php?rest_route=\/wp\/v2\/posts\/6234","targetHints":{"allow":["GET"]}}],"collection":[{"href":"https:\/\/hskurd.org\/index.php?rest_route=\/wp\/v2\/posts"}],"about":[{"href":"https:\/\/hskurd.org\/index.php?rest_route=\/wp\/v2\/types\/post"}],"author":[{"embeddable":true,"href":"https:\/\/hskurd.org\/index.php?rest_route=\/wp\/v2\/users\/3"}],"replies":[{"embeddable":true,"href":"https:\/\/hskurd.org\/index.php?rest_route=%2Fwp%2Fv2%2Fcomments&post=6234"}],"version-history":[{"count":2,"href":"https:\/\/hskurd.org\/index.php?rest_route=\/wp\/v2\/posts\/6234\/revisions"}],"predecessor-version":[{"id":6236,"href":"https:\/\/hskurd.org\/index.php?rest_route=\/wp\/v2\/posts\/6234\/revisions\/6236"}],"wp:featuredmedia":[{"embeddable":true,"href":"https:\/\/hskurd.org\/index.php?rest_route=\/wp\/v2\/media\/6230"}],"wp:attachment":[{"href":"https:\/\/hskurd.org\/index.php?rest_route=%2Fwp%2Fv2%2Fmedia&parent=6234"}],"wp:term":[{"taxonomy":"category","embeddable":true,"href":"https:\/\/hskurd.org\/index.php?rest_route=%2Fwp%2Fv2%2Fcategories&post=6234"},{"taxonomy":"post_tag","embeddable":true,"href":"https:\/\/hskurd.org\/index.php?rest_route=%2Fwp%2Fv2%2Ftags&post=6234"}],"curies":[{"name":"wp","href":"https:\/\/api.w.org\/{rel}","templated":true}]}}