{"id":6093,"date":"2022-05-16T12:26:31","date_gmt":"2022-05-16T09:26:31","guid":{"rendered":"https:\/\/hskurd.org\/?p=6093"},"modified":"2022-05-16T12:26:31","modified_gmt":"2022-05-16T09:26:31","slug":"li-hemberi-hemi-zehmetiyan-alikariya-heyva-sor-a-kurdi-berdewame-2","status":"publish","type":"post","link":"https:\/\/hskurd.org\/?p=6093&lang=ku","title":{"rendered":"li hember\u00ee hem\u00ee zehmet\u00eeyan al\u00eekariya heyva sor a kurd\u00ee  berdewame"},"content":{"rendered":"<p>Nevegera&nbsp; penaber\u00ean kampan&nbsp; ji war\u00ean&nbsp; xwe re heta niha, wan&nbsp; ne\u00e7ar dike ku&nbsp; bi rew\u015fen c\u00fbda re h\u00een bibin \u00e7i di demsala hav\u00een\u00ea yan&nbsp; zivistan\u00ee de be , ti\u015ft\u00ea ku me dik\u015f\u00eene berdewam kirina pi\u015ftgir\u00eeya kamp\u00ean penap\u00earan \u00fb p\u00ea\u015fk\u00ea\u015f kirina xizmet\u00ean tendurist\u00ee , al\u00eekar\u00ee \u00fb Hi\u015fmend\u00ee ji b\u00fb wan ku t\u00eemen me y\u00ean hi\u015fiyarbuy\u00eena tendurst\u00ee li kampa Wa\u015fokan\u00ee&nbsp; (T\u00fbr m\u00ea\u015f) y\u00ean ku wan ji p\u00ea\u015fiyan dipar\u00eaze \u00fb di dema hav\u00een\u00ea de belavdibin ,herwiha hi\u015fiyarkirina ji van mijaran \u00fb \u00e7awaniya parastina bi hevkariya r\u00eaxistin\u00ean Rojava \u00fb Akted&nbsp;&nbsp;&nbsp;<\/p>\n<p><img data-recalc-dims=\"1\" loading=\"lazy\" decoding=\"async\" data-attachment-id=\"6059\" data-permalink=\"https:\/\/hskurd.org\/?attachment_id=6059\" data-orig-file=\"https:\/\/i0.wp.com\/hskurd.org\/wp-content\/uploads\/2022\/05\/IMG_5675-1-scaled.jpg?fit=2560%2C1707&amp;ssl=1\" data-orig-size=\"2560,1707\" data-comments-opened=\"0\" data-image-meta=\"{&quot;aperture&quot;:&quot;8&quot;,&quot;credit&quot;:&quot;&quot;,&quot;camera&quot;:&quot;Canon EOS 250D&quot;,&quot;caption&quot;:&quot;&quot;,&quot;created_timestamp&quot;:&quot;1621683249&quot;,&quot;copyright&quot;:&quot;&quot;,&quot;focal_length&quot;:&quot;34&quot;,&quot;iso&quot;:&quot;100&quot;,&quot;shutter_speed&quot;:&quot;0.0025&quot;,&quot;title&quot;:&quot;&quot;,&quot;orientation&quot;:&quot;1&quot;}\" data-image-title=\"IMG_5675 (1)\" data-image-description=\"\" data-image-caption=\"\" data-medium-file=\"https:\/\/i0.wp.com\/hskurd.org\/wp-content\/uploads\/2022\/05\/IMG_5675-1-scaled.jpg?fit=300%2C200&amp;ssl=1\" data-large-file=\"https:\/\/i0.wp.com\/hskurd.org\/wp-content\/uploads\/2022\/05\/IMG_5675-1-scaled.jpg?fit=1030%2C687&amp;ssl=1\" class=\"alignnone size-medium wp-image-6059\" src=\"https:\/\/i0.wp.com\/hskurd.org\/wp-content\/uploads\/2022\/05\/IMG_5675-1-300x200.jpg?resize=300%2C200\" alt=\"\" width=\"300\" height=\"200\" srcset=\"https:\/\/i0.wp.com\/hskurd.org\/wp-content\/uploads\/2022\/05\/IMG_5675-1-scaled.jpg?resize=300%2C200&amp;ssl=1 300w, https:\/\/i0.wp.com\/hskurd.org\/wp-content\/uploads\/2022\/05\/IMG_5675-1-scaled.jpg?resize=1030%2C687&amp;ssl=1 1030w, https:\/\/i0.wp.com\/hskurd.org\/wp-content\/uploads\/2022\/05\/IMG_5675-1-scaled.jpg?resize=768%2C512&amp;ssl=1 768w, https:\/\/i0.wp.com\/hskurd.org\/wp-content\/uploads\/2022\/05\/IMG_5675-1-scaled.jpg?resize=1536%2C1024&amp;ssl=1 1536w\" sizes=\"auto, (max-width: 300px) 100vw, 300px\" \/>&nbsp; <img data-recalc-dims=\"1\" loading=\"lazy\" decoding=\"async\" data-attachment-id=\"6061\" data-permalink=\"https:\/\/hskurd.org\/?attachment_id=6061\" data-orig-file=\"https:\/\/i0.wp.com\/hskurd.org\/wp-content\/uploads\/2022\/05\/IMG_5696-1-scaled.jpg?fit=2560%2C1707&amp;ssl=1\" data-orig-size=\"2560,1707\" data-comments-opened=\"0\" data-image-meta=\"{&quot;aperture&quot;:&quot;7.1&quot;,&quot;credit&quot;:&quot;&quot;,&quot;camera&quot;:&quot;Canon EOS 250D&quot;,&quot;caption&quot;:&quot;&quot;,&quot;created_timestamp&quot;:&quot;1621683910&quot;,&quot;copyright&quot;:&quot;&quot;,&quot;focal_length&quot;:&quot;42&quot;,&quot;iso&quot;:&quot;100&quot;,&quot;shutter_speed&quot;:&quot;0.0025&quot;,&quot;title&quot;:&quot;&quot;,&quot;orientation&quot;:&quot;1&quot;}\" data-image-title=\"IMG_5696 (1)\" data-image-description=\"\" data-image-caption=\"\" data-medium-file=\"https:\/\/i0.wp.com\/hskurd.org\/wp-content\/uploads\/2022\/05\/IMG_5696-1-scaled.jpg?fit=300%2C200&amp;ssl=1\" data-large-file=\"https:\/\/i0.wp.com\/hskurd.org\/wp-content\/uploads\/2022\/05\/IMG_5696-1-scaled.jpg?fit=1030%2C687&amp;ssl=1\" class=\"alignnone size-medium wp-image-6061\" src=\"https:\/\/i0.wp.com\/hskurd.org\/wp-content\/uploads\/2022\/05\/IMG_5696-1-300x200.jpg?resize=300%2C200\" alt=\"\" width=\"300\" height=\"200\" srcset=\"https:\/\/i0.wp.com\/hskurd.org\/wp-content\/uploads\/2022\/05\/IMG_5696-1-scaled.jpg?resize=300%2C200&amp;ssl=1 300w, https:\/\/i0.wp.com\/hskurd.org\/wp-content\/uploads\/2022\/05\/IMG_5696-1-scaled.jpg?resize=1030%2C687&amp;ssl=1 1030w, https:\/\/i0.wp.com\/hskurd.org\/wp-content\/uploads\/2022\/05\/IMG_5696-1-scaled.jpg?resize=768%2C512&amp;ssl=1 768w, https:\/\/i0.wp.com\/hskurd.org\/wp-content\/uploads\/2022\/05\/IMG_5696-1-scaled.jpg?resize=1536%2C1024&amp;ssl=1 1536w, https:\/\/i0.wp.com\/hskurd.org\/wp-content\/uploads\/2022\/05\/IMG_5696-1-scaled.jpg?resize=2048%2C1365&amp;ssl=1 2048w, https:\/\/i0.wp.com\/hskurd.org\/wp-content\/uploads\/2022\/05\/IMG_5696-1-scaled.jpg?resize=1500%2C1000&amp;ssl=1 1500w, https:\/\/i0.wp.com\/hskurd.org\/wp-content\/uploads\/2022\/05\/IMG_5696-1-scaled.jpg?resize=705%2C470&amp;ssl=1 705w\" sizes=\"auto, (max-width: 300px) 100vw, 300px\" \/>&nbsp;<\/p>\n","protected":false},"excerpt":{"rendered":"<p>Nevegera&nbsp; penaber\u00ean kampan&nbsp; ji war\u00ean&nbsp; xwe re heta niha, wan&nbsp; ne\u00e7ar dike ku&nbsp; bi rew\u015fen c\u00fbda re h\u00een bibin \u00e7i di demsala hav\u00een\u00ea yan&nbsp; zivistan\u00ee de be , ti\u015ft\u00ea ku me dik\u015f\u00eene berdewam kirina pi\u015ftgir\u00eeya kamp\u00ean penap\u00earan \u00fb p\u00ea\u015fk\u00ea\u015f kirina xizmet\u00ean tendurist\u00ee , al\u00eekar\u00ee \u00fb Hi\u015fmend\u00ee ji b\u00fb wan ku t\u00eemen me y\u00ean hi\u015fiyarbuy\u00eena tendurst\u00ee [&hellip;]<\/p>\n","protected":false},"author":3,"featured_media":6065,"comment_status":"open","ping_status":"open","sticky":false,"template":"","format":"standard","meta":{"give_campaign_id":0,"ngg_post_thumbnail":0,"jetpack_post_was_ever_published":false,"_jetpack_newsletter_access":"","_jetpack_dont_email_post_to_subs":false,"_jetpack_newsletter_tier_id":0,"_jetpack_memberships_contains_paywalled_content":false,"_jetpack_memberships_contains_paid_content":false,"footnotes":"","jetpack_publicize_message":"","jetpack_publicize_feature_enabled":true,"jetpack_social_post_already_shared":true,"jetpack_social_options":{"image_generator_settings":{"template":"highway","default_image_id":0,"font":"","enabled":false},"version":2},"_links_to":"","_links_to_target":""},"categories":[848,844],"tags":[1055],"class_list":["post-6093","post","type-post","status-publish","format-standard","has-post-thumbnail","hentry","category-awarte","category-perwerdehiya-tenduristi","tag-heyv_sor_a_kurd"],"jetpack_publicize_connections":[],"jetpack_featured_media_url":"https:\/\/i0.wp.com\/hskurd.org\/wp-content\/uploads\/2022\/05\/IMG_5662-2-scaled.jpg?fit=2560%2C1707&ssl=1","jetpack-related-posts":[{"id":6071,"url":"https:\/\/hskurd.org\/?p=6071&lang=ku","url_meta":{"origin":6093,"position":0},"title":"li hember\u00ee hem\u00ee zehmet\u00eeyan al\u00eekariya heyva sor a kurd\u00ee berdewame","author":"Sozdar","date":"16 \u0645\u0627\u064a\u0648\u060c 2022","format":false,"excerpt":"Nevegera\u00a0 penaber\u00ean kampan\u00a0 ji war\u00ean\u00a0 xwe re heta niha, wan\u00a0 ne\u00e7ar dike ku\u00a0 bi rew\u015fen c\u00fbda re h\u00een bibin \u00e7i di demsala hav\u00een\u00ea yan\u00a0 zivistan\u00ee de be , ti\u015ft\u00ea ku me dik\u015f\u00eene berdewam kirina pi\u015ftgir\u00eeya kamp\u00ean penap\u00earan \u00fb p\u00ea\u015fk\u00ea\u015f kirina xizmet\u00ean tendurist\u00ee , al\u00eekar\u00ee \u00fb Hi\u015fmend\u00ee ji b\u00fb wan ku\u2026","rel":"","context":"\u0641\u064a &quot;Perwerdehiya tendurist\u00ee&quot;","block_context":{"text":"Perwerdehiya tendurist\u00ee","link":"https:\/\/hskurd.org\/?cat=844&lang=ku"},"img":{"alt_text":"","src":"https:\/\/i0.wp.com\/hskurd.org\/wp-content\/uploads\/2022\/05\/IMG_5662-2-scaled.jpg?fit=1200%2C800&ssl=1&resize=350%2C200","width":350,"height":200,"srcset":"https:\/\/i0.wp.com\/hskurd.org\/wp-content\/uploads\/2022\/05\/IMG_5662-2-scaled.jpg?fit=1200%2C800&ssl=1&resize=350%2C200 1x, https:\/\/i0.wp.com\/hskurd.org\/wp-content\/uploads\/2022\/05\/IMG_5662-2-scaled.jpg?fit=1200%2C800&ssl=1&resize=525%2C300 1.5x, https:\/\/i0.wp.com\/hskurd.org\/wp-content\/uploads\/2022\/05\/IMG_5662-2-scaled.jpg?fit=1200%2C800&ssl=1&resize=700%2C400 2x, https:\/\/i0.wp.com\/hskurd.org\/wp-content\/uploads\/2022\/05\/IMG_5662-2-scaled.jpg?fit=1200%2C800&ssl=1&resize=1050%2C600 3x"},"classes":[]},{"id":8493,"url":"https:\/\/hskurd.org\/?p=8493&lang=ku","url_meta":{"origin":6093,"position":1},"title":"Navenda Tendurist\u00ee  li bajarok\u00ea \u015eedad\u00ea","author":"neruda","date":"25 \u064a\u0648\u0644\u064a\u0648\u060c 2024","format":false,"excerpt":"\u00a0 Saziy\u00ean bij\u00eejk\u00ee di peydakirina l\u00eanih\u00ear\u00eena tendurist\u00ee ji civakan re rolek gir\u00eeng dil\u00eezin. Bi taybet\u00ee li her\u00eam\u00ean ku xizmet\u00ean bingeh\u00een li wan peyda nabin. Di v\u00ee war\u00ee de, R\u00eaxistina Heyva Sor a Kurd erkek\u00ee xurt n\u00ee\u015fan dide ji bo p\u00ea\u015fk\u00ea\u015fkirina xizmet\u00ean piz\u00ee\u015fk\u00ee \u00fb tenduristiy\u00ea ji ni\u015fteciy\u00ean Bakur \u00fb Rojhilat\u00ea S\u00fbriy\u00ea\u2026","rel":"","context":"\u0641\u064a &quot;Awarte&quot;","block_context":{"text":"Awarte","link":"https:\/\/hskurd.org\/?cat=848&lang=ku"},"img":{"alt_text":"","src":"https:\/\/i0.wp.com\/hskurd.org\/wp-content\/uploads\/2024\/07\/%D8%B4%D8%AF%D8%A7%D8%AF%D8%A9-%D8%A8.png?fit=1028%2C804&ssl=1&resize=350%2C200","width":350,"height":200,"srcset":"https:\/\/i0.wp.com\/hskurd.org\/wp-content\/uploads\/2024\/07\/%D8%B4%D8%AF%D8%A7%D8%AF%D8%A9-%D8%A8.png?fit=1028%2C804&ssl=1&resize=350%2C200 1x, https:\/\/i0.wp.com\/hskurd.org\/wp-content\/uploads\/2024\/07\/%D8%B4%D8%AF%D8%A7%D8%AF%D8%A9-%D8%A8.png?fit=1028%2C804&ssl=1&resize=525%2C300 1.5x, https:\/\/i0.wp.com\/hskurd.org\/wp-content\/uploads\/2024\/07\/%D8%B4%D8%AF%D8%A7%D8%AF%D8%A9-%D8%A8.png?fit=1028%2C804&ssl=1&resize=700%2C400 2x"},"classes":[]},{"id":6380,"url":"https:\/\/hskurd.org\/?p=6380&lang=ku","url_meta":{"origin":6093,"position":2},"title":"ken,l\u00eestik \u00fb h\u00eav\u00ee","author":"Sozdar","date":"10 \u0623\u063a\u0633\u0637\u0633\u060c 2022","format":false,"excerpt":"\u00a0 Niv\u00eesgeha Parastin \u00fb Pi\u015ftevaniya \u00a0der\u00fbn\u00ee di projeya xwe de li mala parastina zarokan a bajar\u00ea Hesek\u00ea \u00a0du\u00e7erxe ji her zarokek\u00ee re di mal\u00ea de li gor\u00ee temen\u00ea wan p\u00ea\u015fk\u00ea\u015f kir , \u00fb bi girtina tedb\u00eer\u00ean saxlem\u00ee \u00fb ewleh\u00ee bi r\u00eaveberiya mal\u00ea re , da ku daxwaz\u00ean zarokan bic\u00eeh b\u00eene\u2026","rel":"","context":"\u0641\u064a &quot;Parastin&quot;","block_context":{"text":"Parastin","link":"https:\/\/hskurd.org\/?cat=840&lang=ku"},"img":{"alt_text":"","src":"https:\/\/i0.wp.com\/hskurd.org\/wp-content\/uploads\/2022\/08\/952A7943-scaled.jpg?fit=1200%2C800&ssl=1&resize=350%2C200","width":350,"height":200,"srcset":"https:\/\/i0.wp.com\/hskurd.org\/wp-content\/uploads\/2022\/08\/952A7943-scaled.jpg?fit=1200%2C800&ssl=1&resize=350%2C200 1x, https:\/\/i0.wp.com\/hskurd.org\/wp-content\/uploads\/2022\/08\/952A7943-scaled.jpg?fit=1200%2C800&ssl=1&resize=525%2C300 1.5x, https:\/\/i0.wp.com\/hskurd.org\/wp-content\/uploads\/2022\/08\/952A7943-scaled.jpg?fit=1200%2C800&ssl=1&resize=700%2C400 2x, https:\/\/i0.wp.com\/hskurd.org\/wp-content\/uploads\/2022\/08\/952A7943-scaled.jpg?fit=1200%2C800&ssl=1&resize=1050%2C600 3x"},"classes":[]},{"id":12399,"url":"https:\/\/hskurd.org\/?p=12399&lang=ku","url_meta":{"origin":6093,"position":3},"title":"Bi pi\u015ftgiriya bij\u00ee\u015fk\u00ean Kurd \u00ean li Almanya, li kampa El Tela\u00ee derman\u00ean bela\u015f berdewam dikin.","author":"user55","date":"26 \u0645\u0627\u0631\u0633\u060c 2026","format":false,"excerpt":"Ji meha \u015eubat \u00fb Adar 2026\u2019an ve, t\u00eem\u00ean me y\u00ean Heyva Sor a Kurd li kampa Talayi\u2019\u00ea berdewam in di p\u00ea\u015fk\u00ea\u015fkirina derman\u00ean bela\u015f de, ji bo malbat\u00ean ko\u00e7ber \u00fb kes\u00ean hewcedar. Ev al\u00eekar\u00ee bi pi\u015ftgir\u00eeya Yek\u00eetiya Doktor\u00ean Kurd li Almanyay\u00ea t\u00ea p\u00eakan\u00een, ku di van \u015fert\u00ean dijwar de rolek gir\u00eeng\u2026","rel":"","context":"\u0641\u064a &quot;Awarte&quot;","block_context":{"text":"Awarte","link":"https:\/\/hskurd.org\/?cat=848&lang=ku"},"img":{"alt_text":"","src":"https:\/\/i0.wp.com\/hskurd.org\/wp-content\/uploads\/2026\/03\/656932321_1233581665603797_2890264084198238375_n.jpg?fit=1200%2C540&ssl=1&resize=350%2C200","width":350,"height":200,"srcset":"https:\/\/i0.wp.com\/hskurd.org\/wp-content\/uploads\/2026\/03\/656932321_1233581665603797_2890264084198238375_n.jpg?fit=1200%2C540&ssl=1&resize=350%2C200 1x, https:\/\/i0.wp.com\/hskurd.org\/wp-content\/uploads\/2026\/03\/656932321_1233581665603797_2890264084198238375_n.jpg?fit=1200%2C540&ssl=1&resize=525%2C300 1.5x, https:\/\/i0.wp.com\/hskurd.org\/wp-content\/uploads\/2026\/03\/656932321_1233581665603797_2890264084198238375_n.jpg?fit=1200%2C540&ssl=1&resize=700%2C400 2x, https:\/\/i0.wp.com\/hskurd.org\/wp-content\/uploads\/2026\/03\/656932321_1233581665603797_2890264084198238375_n.jpg?fit=1200%2C540&ssl=1&resize=1050%2C600 3x"},"classes":[]},{"id":6264,"url":"https:\/\/hskurd.org\/?p=6264&lang=ku","url_meta":{"origin":6093,"position":4},"title":"Ken\u00ea wan ji bo me berdewam\u00ee ye","author":"Sozdar","date":"3 \u064a\u0648\u0644\u064a\u0648\u060c 2022","format":false,"excerpt":"Nav: Fed\u00eela Xidir El-El\u00ee Temen: 7 sal Cih: Kampa Wa\u015fokan\u00ee Rew\u015fa w\u00ea a tendurst\u00ee : hewcedariya la\u015f\u00ee Sedema hewcedariy\u00ea: derketina gir\u00eakek\u00ea li ser derzika pi\u015fta w\u00ea \u00fb di dema emel\u00eekirina w\u00ea de tevgera herdu ling\u00ean xwe wunda kir. Nekar\u00eeb\u00fbna Fed\u00eela di tevger \u00fb p\u00eakvejiyana bi heval\u00ean xwe re, \u00ea\u015fa ko\u00e7beriy\u00ea\u2026","rel":"","context":"\u0641\u064a &quot;\u00c7\u00eerok&quot;","block_context":{"text":"\u00c7\u00eerok","link":"https:\/\/hskurd.org\/?cat=831&lang=ku"},"img":{"alt_text":"","src":"https:\/\/i0.wp.com\/hskurd.org\/wp-content\/uploads\/2022\/07\/02-1-scaled.jpg?fit=1200%2C800&ssl=1&resize=350%2C200","width":350,"height":200,"srcset":"https:\/\/i0.wp.com\/hskurd.org\/wp-content\/uploads\/2022\/07\/02-1-scaled.jpg?fit=1200%2C800&ssl=1&resize=350%2C200 1x, https:\/\/i0.wp.com\/hskurd.org\/wp-content\/uploads\/2022\/07\/02-1-scaled.jpg?fit=1200%2C800&ssl=1&resize=525%2C300 1.5x, https:\/\/i0.wp.com\/hskurd.org\/wp-content\/uploads\/2022\/07\/02-1-scaled.jpg?fit=1200%2C800&ssl=1&resize=700%2C400 2x, https:\/\/i0.wp.com\/hskurd.org\/wp-content\/uploads\/2022\/07\/02-1-scaled.jpg?fit=1200%2C800&ssl=1&resize=1050%2C600 3x"},"classes":[]},{"id":10062,"url":"https:\/\/hskurd.org\/?p=10062&lang=ku","url_meta":{"origin":6093,"position":5},"title":"Kir\u00eeza mirov\u00ee li Heleb \u00fb \u015eehbay\u00ea, bangewaziya hevgirtin \u00fb al\u00eekariy\u00ea","author":"neruda","date":"2 \u062f\u064a\u0633\u0645\u0628\u0631\u060c 2024","format":false,"excerpt":"Kir\u00eeza mirov\u00ee li Heleb \u00fb \u015eehbay\u00ea, bangewaziya hevgirtin \u00fb al\u00eekariy\u00ea Bajar\u00ea Heleb\u00ea, gundewar\u00ea w\u00ea \u00fb her\u00eama \u015eehbay\u00ea rast\u00ee kir\u00eezeke mirov\u00ee ya mezin t\u00ea, ku di b\u00fbyer\u00ean le\u015fker\u00ee y\u00ean daw\u00ee li wan her\u00eaman ,ev kir\u00eez dijwartir dibe. Ev yek j\u00ee b\u00fb sedem ku bi hezaran malbat tev\u00ee hejmareke z\u00eade ji zarok,\u2026","rel":"","context":"\u0641\u064a &quot;Awarte&quot;","block_context":{"text":"Awarte","link":"https:\/\/hskurd.org\/?cat=848&lang=ku"},"img":{"alt_text":"","src":"https:\/\/i0.wp.com\/hskurd.org\/wp-content\/uploads\/2024\/12\/9e3403b7-e3d0-44f4-b257-1441566e50c9.jpg?fit=1200%2C800&ssl=1&resize=350%2C200","width":350,"height":200,"srcset":"https:\/\/i0.wp.com\/hskurd.org\/wp-content\/uploads\/2024\/12\/9e3403b7-e3d0-44f4-b257-1441566e50c9.jpg?fit=1200%2C800&ssl=1&resize=350%2C200 1x, https:\/\/i0.wp.com\/hskurd.org\/wp-content\/uploads\/2024\/12\/9e3403b7-e3d0-44f4-b257-1441566e50c9.jpg?fit=1200%2C800&ssl=1&resize=525%2C300 1.5x, https:\/\/i0.wp.com\/hskurd.org\/wp-content\/uploads\/2024\/12\/9e3403b7-e3d0-44f4-b257-1441566e50c9.jpg?fit=1200%2C800&ssl=1&resize=700%2C400 2x, https:\/\/i0.wp.com\/hskurd.org\/wp-content\/uploads\/2024\/12\/9e3403b7-e3d0-44f4-b257-1441566e50c9.jpg?fit=1200%2C800&ssl=1&resize=1050%2C600 3x"},"classes":[]}],"jetpack_sharing_enabled":true,"_links":{"self":[{"href":"https:\/\/hskurd.org\/index.php?rest_route=\/wp\/v2\/posts\/6093","targetHints":{"allow":["GET"]}}],"collection":[{"href":"https:\/\/hskurd.org\/index.php?rest_route=\/wp\/v2\/posts"}],"about":[{"href":"https:\/\/hskurd.org\/index.php?rest_route=\/wp\/v2\/types\/post"}],"author":[{"embeddable":true,"href":"https:\/\/hskurd.org\/index.php?rest_route=\/wp\/v2\/users\/3"}],"replies":[{"embeddable":true,"href":"https:\/\/hskurd.org\/index.php?rest_route=%2Fwp%2Fv2%2Fcomments&post=6093"}],"version-history":[{"count":2,"href":"https:\/\/hskurd.org\/index.php?rest_route=\/wp\/v2\/posts\/6093\/revisions"}],"predecessor-version":[{"id":6095,"href":"https:\/\/hskurd.org\/index.php?rest_route=\/wp\/v2\/posts\/6093\/revisions\/6095"}],"wp:featuredmedia":[{"embeddable":true,"href":"https:\/\/hskurd.org\/index.php?rest_route=\/wp\/v2\/media\/6065"}],"wp:attachment":[{"href":"https:\/\/hskurd.org\/index.php?rest_route=%2Fwp%2Fv2%2Fmedia&parent=6093"}],"wp:term":[{"taxonomy":"category","embeddable":true,"href":"https:\/\/hskurd.org\/index.php?rest_route=%2Fwp%2Fv2%2Fcategories&post=6093"},{"taxonomy":"post_tag","embeddable":true,"href":"https:\/\/hskurd.org\/index.php?rest_route=%2Fwp%2Fv2%2Ftags&post=6093"}],"curies":[{"name":"wp","href":"https:\/\/api.w.org\/{rel}","templated":true}]}}