{"id":5877,"date":"2022-01-11T15:37:16","date_gmt":"2022-01-11T12:37:16","guid":{"rendered":"https:\/\/hskurd.org\/?p=5877"},"modified":"2022-01-11T15:37:16","modified_gmt":"2022-01-11T12:37:16","slug":"pisti-woundakirina-2-zarokan-ji-ber-nexwesiya-sekir-laweke-we-cedibe","status":"publish","type":"post","link":"https:\/\/hskurd.org\/?p=5877&lang=ku","title":{"rendered":"Pi\u015ft\u00ee woundakirina 2 zarokan ji ber nexwe\u015fiya \u015fekir, laweke w\u00ea \u00e7\u00eadibe"},"content":{"rendered":"<p>Kurdiya Sil\u00eaman ku ji Ser\u00eakaniy\u00ea ko\u00e7ber b\u00fbye \u00fb li kampa Wa\u015f\u00fbkan\u00ee dim\u00eene, ji ber nexwe\u015fiya \u015fekir du zarok\u00ean xwe winda kiriye, l\u00ea di ducaniya xwe ya her\u00ee daw\u00ee de ew li noqteya tendurst\u00ee ya Heyva Sor a Kurd li kamp\u00ea hat dermankirin \u00fb kurek\u00ee w\u00ea niha \u00e7\u00eabuye .<\/p>\n<p><span class=\"embed-youtube\" style=\"text-align:center; display: block;\"><iframe loading=\"lazy\" class=\"youtube-player\" width=\"1500\" height=\"844\" src=\"https:\/\/www.youtube.com\/embed\/Ksg_tjWfGAU?version=3&#038;rel=1&#038;showsearch=0&#038;showinfo=1&#038;iv_load_policy=1&#038;fs=1&#038;hl=ar&#038;autohide=2&#038;wmode=transparent\" allowfullscreen=\"true\" style=\"border:0;\" sandbox=\"allow-scripts allow-same-origin allow-popups allow-presentation allow-popups-to-escape-sandbox\"><\/iframe><\/span><\/p>\n","protected":false},"excerpt":{"rendered":"<p>Kurdiya Sil\u00eaman ku ji Ser\u00eakaniy\u00ea ko\u00e7ber b\u00fbye \u00fb li kampa Wa\u015f\u00fbkan\u00ee dim\u00eene, ji ber nexwe\u015fiya \u015fekir du zarok\u00ean xwe winda kiriye, l\u00ea di ducaniya xwe ya her\u00ee daw\u00ee de ew li noqteya tendurst\u00ee ya Heyva Sor a Kurd li kamp\u00ea hat dermankirin \u00fb kurek\u00ee w\u00ea niha \u00e7\u00eabuye .<\/p>\n","protected":false},"author":2,"featured_media":5874,"comment_status":"open","ping_status":"open","sticky":false,"template":"","format":"standard","meta":{"give_campaign_id":0,"ngg_post_thumbnail":0,"jetpack_post_was_ever_published":false,"_jetpack_newsletter_access":"","_jetpack_dont_email_post_to_subs":false,"_jetpack_newsletter_tier_id":0,"_jetpack_memberships_contains_paywalled_content":false,"_jetpack_memberships_contains_paid_content":false,"footnotes":"","jetpack_publicize_message":"","jetpack_publicize_feature_enabled":true,"jetpack_social_post_already_shared":true,"jetpack_social_options":{"image_generator_settings":{"template":"highway","default_image_id":0,"font":"","enabled":false},"version":2},"_links_to":"","_links_to_target":""},"categories":[831],"tags":[1084],"class_list":["post-5877","post","type-post","status-publish","format-standard","has-post-thumbnail","hentry","category-cirok","tag-pisti_woundakirina2_zarokan"],"jetpack_publicize_connections":[],"jetpack_featured_media_url":"https:\/\/i0.wp.com\/hskurd.org\/wp-content\/uploads\/2022\/01\/%D8%A7%D9%84%D8%AA%D9%82%D8%A7%D8%B7.jpg?fit=1049%2C591&ssl=1","jetpack-related-posts":[{"id":7670,"url":"https:\/\/hskurd.org\/?p=7670&lang=ku","url_meta":{"origin":5877,"position":0},"title":"Bi peydakirina l\u00eanih\u00ear\u00eena tendurist\u00ee a rast re,  nexwe\u015fiya \u015fekir t\u00ea derbaskirin","author":"heyvasorakurd","date":"24 \u0633\u0628\u062a\u0645\u0628\u0631\u060c 2023","format":false,"excerpt":"Em li Heyva Sor a Kurd l\u00eaner\u00eena tend\u00fbrist\u00ee \u00fb peydakirina xizmet\u00ean bij\u00ee\u015fk\u00ee weke armanca xwe ya sereke dinirx\u00eenin, \u00cebrah\u00eem Xidir El-Hem\u00fbd \u00ea 50 sal\u00ee ji \u015f\u00eaniy\u00ean bajar\u00ea Ser\u00eakaniy\u00ea \u00fb li kampa Ser\u00eakaniy\u00ea ya \"Tela'i\" ya rojhilat\u00ea bajar\u00ea Hesek\u00ea dim\u00eene. Nexwe\u015f\u00ea \u015fekir e ku bandor li ling\u00ea w\u00ee y\u00ea rast\u00ea kiriye.\u2026","rel":"","context":"\u0641\u064a &quot;\u00c7\u00eerok&quot;","block_context":{"text":"\u00c7\u00eerok","link":"https:\/\/hskurd.org\/?cat=831&lang=ku"},"img":{"alt_text":"","src":"https:\/\/i0.wp.com\/hskurd.org\/wp-content\/uploads\/2023\/09\/IMG-20230924-WA0014-1.jpg?fit=1200%2C800&ssl=1&resize=350%2C200","width":350,"height":200,"srcset":"https:\/\/i0.wp.com\/hskurd.org\/wp-content\/uploads\/2023\/09\/IMG-20230924-WA0014-1.jpg?fit=1200%2C800&ssl=1&resize=350%2C200 1x, https:\/\/i0.wp.com\/hskurd.org\/wp-content\/uploads\/2023\/09\/IMG-20230924-WA0014-1.jpg?fit=1200%2C800&ssl=1&resize=525%2C300 1.5x, https:\/\/i0.wp.com\/hskurd.org\/wp-content\/uploads\/2023\/09\/IMG-20230924-WA0014-1.jpg?fit=1200%2C800&ssl=1&resize=700%2C400 2x, https:\/\/i0.wp.com\/hskurd.org\/wp-content\/uploads\/2023\/09\/IMG-20230924-WA0014-1.jpg?fit=1200%2C800&ssl=1&resize=1050%2C600 3x"},"classes":[]},{"id":7510,"url":"https:\/\/hskurd.org\/?p=7510&lang=ku","url_meta":{"origin":5877,"position":1},"title":"\u00cesal h\u0131jmara nexw\u015f\u00ean le\u015fmanya y\u00ea SIFIR b\u00fb l\u0131 T\u0131l temr\u00ea \u00fb derdoraw\u00eaDi","author":"heyvasorakurd","date":"16 \u0623\u063a\u0633\u0637\u0633\u060c 2023","format":false,"excerpt":"sala 2022an de li bajar\u00ea Tel Temr\u00ea \u00fb gundewar\u00ea w\u00ea gehi\u015ft\u00ee b\u00fb n\u00eaz\u00ee 20,000 halet\u00ean nexwe\u015fiya le\u015fmanya y\u00ea \u00ea, ji ber qir\u00eaj\u0131ya ava \u00e7em\u00ea Xab\u00fbr\u00ea ew j\u00ee j\u0131 ber qutk\u0131r\u0131na av\u00ea j\u0131 al\u0131y\u00ea dewlet t\u0131rk , ji bil\u00ee nezan\u00eena xelk\u00ea b\u0131 g\u0131rt\u0131na tedb\u00eer\u00ean li dij\u00ee le\u015fmaniya y\u00ea \u00fb \u00e7awan\u0131ya dermankirin\u2026","rel":"","context":"\u0641\u064a &quot;Perwerdehiya tendurist\u00ee&quot;","block_context":{"text":"Perwerdehiya tendurist\u00ee","link":"https:\/\/hskurd.org\/?cat=844&lang=ku"},"img":{"alt_text":"","src":"https:\/\/i0.wp.com\/hskurd.org\/wp-content\/uploads\/2023\/08\/952A9926-scaled.webp?fit=1200%2C800&ssl=1&resize=350%2C200","width":350,"height":200,"srcset":"https:\/\/i0.wp.com\/hskurd.org\/wp-content\/uploads\/2023\/08\/952A9926-scaled.webp?fit=1200%2C800&ssl=1&resize=350%2C200 1x, https:\/\/i0.wp.com\/hskurd.org\/wp-content\/uploads\/2023\/08\/952A9926-scaled.webp?fit=1200%2C800&ssl=1&resize=525%2C300 1.5x, https:\/\/i0.wp.com\/hskurd.org\/wp-content\/uploads\/2023\/08\/952A9926-scaled.webp?fit=1200%2C800&ssl=1&resize=700%2C400 2x, https:\/\/i0.wp.com\/hskurd.org\/wp-content\/uploads\/2023\/08\/952A9926-scaled.webp?fit=1200%2C800&ssl=1&resize=1050%2C600 3x"},"classes":[]},{"id":6610,"url":"https:\/\/hskurd.org\/?p=6610&lang=ku","url_meta":{"origin":5877,"position":2},"title":"Kampanya kolera li D\u00earazor\u00ea","author":"Sozdar","date":"11 \u0623\u0643\u062a\u0648\u0628\u0631\u060c 2022","format":false,"excerpt":"Ji ber belavb\u00fbna nexwe\u015fiya kolera li D\u00earazor\u00ea \u00fb wek temamkirina bernameya perwerdeya tenduristiy\u00ea ya kolera, t\u00eem\u00ean me ji bo s\u00fbdmendan kampanyak hi\u015fyariy\u00ea li dar xistin \u00fb bro\u015f\u00fbr belavkirin ,ku li ser hi\u015fyariya nexw\u015fiy\u00ea , n\u00ee\u015fan, r\u00eabaz\u00ean p\u00ea\u015f\u00eel\u00eagirtin \u00fb dermankirin w\u00ea r\u00fb dan.","rel":"","context":"\u0641\u064a &quot;Perwerdehiya tendurist\u00ee&quot;","block_context":{"text":"Perwerdehiya tendurist\u00ee","link":"https:\/\/hskurd.org\/?cat=844&lang=ku"},"img":{"alt_text":"","src":"https:\/\/i0.wp.com\/hskurd.org\/wp-content\/uploads\/2022\/10\/DSC_9551-scaled.jpg?fit=1200%2C800&ssl=1&resize=350%2C200","width":350,"height":200,"srcset":"https:\/\/i0.wp.com\/hskurd.org\/wp-content\/uploads\/2022\/10\/DSC_9551-scaled.jpg?fit=1200%2C800&ssl=1&resize=350%2C200 1x, https:\/\/i0.wp.com\/hskurd.org\/wp-content\/uploads\/2022\/10\/DSC_9551-scaled.jpg?fit=1200%2C800&ssl=1&resize=525%2C300 1.5x, https:\/\/i0.wp.com\/hskurd.org\/wp-content\/uploads\/2022\/10\/DSC_9551-scaled.jpg?fit=1200%2C800&ssl=1&resize=700%2C400 2x, https:\/\/i0.wp.com\/hskurd.org\/wp-content\/uploads\/2022\/10\/DSC_9551-scaled.jpg?fit=1200%2C800&ssl=1&resize=1050%2C600 3x"},"classes":[]},{"id":7428,"url":"https:\/\/hskurd.org\/?p=7428&lang=ku","url_meta":{"origin":5877,"position":3},"title":"Baran\u00ea zarok ji bajar\u00ea Koban\u00ee pi\u015ft\u00ee ku navenda protez t\u0131\u015ft\u00ean w\u00ee y\u00ean ku ji ber teq\u00eena bermah\u0131yeke DAI\u015e\u00ea li pey xwe hi\u015ftib\u00fb, vegerandin ji n\u00fbve bi ken vedigere qada l\u00eestik\u00ea.","author":"heyvasorakurd","date":"1 \u0623\u063a\u0633\u0637\u0633\u060c 2023","format":false,"excerpt":"Baran\u00ea zarok b\u0131 ken\u00ea xwe vedigere qada l\u00eestik\u00ea Bermahiy\u00ean \u015fer gelek caran mexd\u00fbr\u00ean siv\u00eel l\u0131 d\u00fb xwe ve dih\u00ealin, bi piran\u00ee zarok, ku haya wan ji wan xeterey\u00ean tune ye. Yek ji qurbaniy\u00ean van may\u00eenan Baran Mazen Qar\u00ee y\u00ea 10 sal\u00ee ye. Di 18\u2019\u00ea Sibata 2023\u2019an de tev\u00ee malbata xwe\u2026","rel":"","context":"\u0641\u064a &quot;\u00c7\u00eerok&quot;","block_context":{"text":"\u00c7\u00eerok","link":"https:\/\/hskurd.org\/?cat=831&lang=ku"},"img":{"alt_text":"","src":"https:\/\/i0.wp.com\/hskurd.org\/wp-content\/uploads\/2023\/08\/952A8898-copy-scaled.webp?fit=1200%2C800&ssl=1&resize=350%2C200","width":350,"height":200,"srcset":"https:\/\/i0.wp.com\/hskurd.org\/wp-content\/uploads\/2023\/08\/952A8898-copy-scaled.webp?fit=1200%2C800&ssl=1&resize=350%2C200 1x, https:\/\/i0.wp.com\/hskurd.org\/wp-content\/uploads\/2023\/08\/952A8898-copy-scaled.webp?fit=1200%2C800&ssl=1&resize=525%2C300 1.5x, https:\/\/i0.wp.com\/hskurd.org\/wp-content\/uploads\/2023\/08\/952A8898-copy-scaled.webp?fit=1200%2C800&ssl=1&resize=700%2C400 2x, https:\/\/i0.wp.com\/hskurd.org\/wp-content\/uploads\/2023\/08\/952A8898-copy-scaled.webp?fit=1200%2C800&ssl=1&resize=1050%2C600 3x"},"classes":[]},{"id":9904,"url":"https:\/\/hskurd.org\/?p=9904&lang=ku","url_meta":{"origin":5877,"position":4},"title":"Kampanyek x\u00earxwaziy\u00ea pi\u015ftgiriy\u00ea dide zarok\u00ean telas\u00eemiyay\u00ea","author":"neruda","date":"4 \u0646\u0648\u0641\u0645\u0628\u0631\u060c 2024","format":false,"excerpt":"Wek kampaniyek x\u00earxwaziy\u00ea ku armanca w\u00ea pi\u015ftgiriya zarok\u00ean telas\u00eemiyay\u00ea b\u00fb,\u00a0 komek ciwan\u00ean kurd\u00a0li w\u00eelayeta Vancouver, li Kanada, komek ji p\u00eal\u00eestok \u00fb derman\u00ean p\u00eaw\u00eest p\u00ea\u015fk\u00ea\u015f\u00ee Nexwe\u015fxaneya Onkoloj\u00ee, \u015eewat \u00fb Telasemiy\u00ea ya Heyva Sor a Kurd li bajar\u00ea Qami\u015flo kirin. Ev \u00e7alak\u00ee nirx\u00ean day\u00een \u00fb hevgirtin\u00ea n\u00ee\u015fan dide, bi taybet\u00ee ji bo\u2026","rel":"","context":"\u0641\u064a &quot;Pi\u015ftgirya pskolog\u00eek&quot;","block_context":{"text":"Pi\u015ftgirya pskolog\u00eek","link":"https:\/\/hskurd.org\/?cat=1486&lang=ku"},"img":{"alt_text":"","src":"https:\/\/i0.wp.com\/hskurd.org\/wp-content\/uploads\/2024\/11\/465655369_858427136452587_4768032065087841535_n.jpg?fit=1200%2C800&ssl=1&resize=350%2C200","width":350,"height":200,"srcset":"https:\/\/i0.wp.com\/hskurd.org\/wp-content\/uploads\/2024\/11\/465655369_858427136452587_4768032065087841535_n.jpg?fit=1200%2C800&ssl=1&resize=350%2C200 1x, https:\/\/i0.wp.com\/hskurd.org\/wp-content\/uploads\/2024\/11\/465655369_858427136452587_4768032065087841535_n.jpg?fit=1200%2C800&ssl=1&resize=525%2C300 1.5x, https:\/\/i0.wp.com\/hskurd.org\/wp-content\/uploads\/2024\/11\/465655369_858427136452587_4768032065087841535_n.jpg?fit=1200%2C800&ssl=1&resize=700%2C400 2x, https:\/\/i0.wp.com\/hskurd.org\/wp-content\/uploads\/2024\/11\/465655369_858427136452587_4768032065087841535_n.jpg?fit=1200%2C800&ssl=1&resize=1050%2C600 3x"},"classes":[]},{"id":12783,"url":"https:\/\/hskurd.org\/?p=12783&lang=ku","url_meta":{"origin":5877,"position":5},"title":"R\u00eaw\u00eetiya jiy\u00een\u00ea bi gavek\u00ea dest p\u00ea dike","author":"user55","date":"28 \u0623\u0628\u0631\u064a\u0644\u060c 2026","format":false,"excerpt":"https:\/\/youtu.be\/1vV7Czewfb8?si=3n8PIPBm9HlN8-X7 Ji gundewar\u00ea Qam\u00ee\u015fl\u00ee, Cel\u00eela Sil\u00eaman qet nizanib\u00fb ku serdaneke sade bo kl\u00een\u00eekeke mob\u00eel d\u00ea bi tevah\u00ee r\u00ea\u00e7a jiyana w\u00ea biguher\u00eene\u2026 \u00c7\u00eerok li wir dest p\u00ea kir, \u00fb nexwe\u015fiya w\u00ea li wir hat d\u00eetin. Te\u015fh\u00eesa kansera malzarok\u00ea, \u00fb r\u00eaw\u00eetiyeke dermankirin\u00ea ya dijwar ku bi d\u00fbrah\u00ee \u00fb l\u00ea\u00e7\u00fbn\u00ean r\u00eaw\u00eetiy\u00ea ve gir\u00eaday\u00ee\u2026","rel":"","context":"\u0641\u064a &quot;\u00c7\u00eerok&quot;","block_context":{"text":"\u00c7\u00eerok","link":"https:\/\/hskurd.org\/?cat=831&lang=ku"},"img":{"alt_text":"","src":"https:\/\/i0.wp.com\/img.youtube.com\/vi\/1vV7Czewfb8\/0.jpg?resize=350%2C200","width":350,"height":200},"classes":[]}],"jetpack_sharing_enabled":true,"_links":{"self":[{"href":"https:\/\/hskurd.org\/index.php?rest_route=\/wp\/v2\/posts\/5877","targetHints":{"allow":["GET"]}}],"collection":[{"href":"https:\/\/hskurd.org\/index.php?rest_route=\/wp\/v2\/posts"}],"about":[{"href":"https:\/\/hskurd.org\/index.php?rest_route=\/wp\/v2\/types\/post"}],"author":[{"embeddable":true,"href":"https:\/\/hskurd.org\/index.php?rest_route=\/wp\/v2\/users\/2"}],"replies":[{"embeddable":true,"href":"https:\/\/hskurd.org\/index.php?rest_route=%2Fwp%2Fv2%2Fcomments&post=5877"}],"version-history":[{"count":2,"href":"https:\/\/hskurd.org\/index.php?rest_route=\/wp\/v2\/posts\/5877\/revisions"}],"predecessor-version":[{"id":5879,"href":"https:\/\/hskurd.org\/index.php?rest_route=\/wp\/v2\/posts\/5877\/revisions\/5879"}],"wp:featuredmedia":[{"embeddable":true,"href":"https:\/\/hskurd.org\/index.php?rest_route=\/wp\/v2\/media\/5874"}],"wp:attachment":[{"href":"https:\/\/hskurd.org\/index.php?rest_route=%2Fwp%2Fv2%2Fmedia&parent=5877"}],"wp:term":[{"taxonomy":"category","embeddable":true,"href":"https:\/\/hskurd.org\/index.php?rest_route=%2Fwp%2Fv2%2Fcategories&post=5877"},{"taxonomy":"post_tag","embeddable":true,"href":"https:\/\/hskurd.org\/index.php?rest_route=%2Fwp%2Fv2%2Ftags&post=5877"}],"curies":[{"name":"wp","href":"https:\/\/api.w.org\/{rel}","templated":true}]}}