{"id":5835,"date":"2021-12-29T12:14:40","date_gmt":"2021-12-29T09:14:40","guid":{"rendered":"https:\/\/hskurd.org\/?p=5835"},"modified":"2021-12-29T12:14:40","modified_gmt":"2021-12-29T09:14:40","slug":"navenda-minbice-minakeke-zindi-ye-di-lenerina-tenduristiye-ya-seretayi-de","status":"publish","type":"post","link":"https:\/\/hskurd.org\/?p=5835&lang=ku","title":{"rendered":"Navenda Minbic\u00ea m\u00eenakeke zind\u00ee ye di l\u00eaner\u00eena tenduristiy\u00ea ya seretay\u00ee de"},"content":{"rendered":"<p>&nbsp;<\/p>\n<p>Xizmet\u00ean l\u00eaner\u00eena tendurist\u00ee ya seretay\u00ee li gor hewcedariy\u00ean kes, malbat \u00fb civakan ji bo \u00e7areserkirin \u00fb refahiya tendurist\u00ee di mil\u00ea la\u015f\u00ee, der\u00fbn\u00ee \u00fb civak\u00ee y\u00ean berfireh bi hev ve gir\u00eaday\u00ee ye, ku l\u00eaner\u00eena kesan bi gi\u015ft\u00ee \u00fb bi hem\u00fb hewcedariy\u00ean tenduristiy\u00ea di hem\u00fb jiyan\u00ea de, ne bi komek nexwe\u015fiy\u00ean taybet\u00ee re s\u00eenorkir\u00ee ye<\/p>\n<p>&nbsp;<\/p>\n<p>L\u00ean\u00ear\u00eena tenduristiy\u00ea ya seretay\u00ee wergirtina kesan ji miqateb\u00fbna berfireh re misoger dike, di nav de \u015f\u00eawirdar\u00ee, p\u00ea\u015f\u00eel\u00eagirtin, dermankirin, n\u00fbavakirin \u00fb l\u00eanih\u00ear\u00eena nazik, ya ku di \u00e7areserkirina sedem \u00fb metirsiy\u00ean sereke y\u00ean tendurist\u00ee \u00fb pa\u015fketin\u00ean w\u00ea di dema niha de, mij\u00fblb\u00fbna bi zehmetiy\u00ean ku di p\u00ea\u015froj\u00ea derkevin tehd\u00eed dike, her wiha &nbsp;k\u00eamkirina pejirandin\u00ean nexwe\u015fxaneyan \u00fb bidestxistina armanc\u00ean p\u00ea\u015fketina domdar \u00ean t\u00eakildar\u00ee tendurist\u00ee \u00fb vegirtina tenduristiya gerd\u00fbn\u00ee.<\/p>\n<p><img data-recalc-dims=\"1\" loading=\"lazy\" decoding=\"async\" data-attachment-id=\"5823\" data-permalink=\"https:\/\/hskurd.org\/?attachment_id=5823\" data-orig-file=\"https:\/\/i0.wp.com\/hskurd.org\/wp-content\/uploads\/2021\/12\/952A1658-copy-1-scaled.jpg?fit=2560%2C1707&amp;ssl=1\" data-orig-size=\"2560,1707\" data-comments-opened=\"0\" data-image-meta=\"{&quot;aperture&quot;:&quot;4&quot;,&quot;credit&quot;:&quot;&quot;,&quot;camera&quot;:&quot;Canon EOS 5D Mark III&quot;,&quot;caption&quot;:&quot;&quot;,&quot;created_timestamp&quot;:&quot;1638792806&quot;,&quot;copyright&quot;:&quot;&quot;,&quot;focal_length&quot;:&quot;73&quot;,&quot;iso&quot;:&quot;800&quot;,&quot;shutter_speed&quot;:&quot;0.016666666666667&quot;,&quot;title&quot;:&quot;&quot;,&quot;orientation&quot;:&quot;1&quot;}\" data-image-title=\"952A1658 copy\" data-image-description=\"\" data-image-caption=\"\" data-medium-file=\"https:\/\/i0.wp.com\/hskurd.org\/wp-content\/uploads\/2021\/12\/952A1658-copy-1-scaled.jpg?fit=300%2C200&amp;ssl=1\" data-large-file=\"https:\/\/i0.wp.com\/hskurd.org\/wp-content\/uploads\/2021\/12\/952A1658-copy-1-scaled.jpg?fit=1030%2C687&amp;ssl=1\" class=\"alignnone size-medium wp-image-5823\" src=\"https:\/\/i0.wp.com\/hskurd.org\/wp-content\/uploads\/2021\/12\/952A1658-copy-1-300x200.jpg?resize=300%2C200\" alt=\"\" width=\"300\" height=\"200\" srcset=\"https:\/\/i0.wp.com\/hskurd.org\/wp-content\/uploads\/2021\/12\/952A1658-copy-1-scaled.jpg?resize=300%2C200&amp;ssl=1 300w, https:\/\/i0.wp.com\/hskurd.org\/wp-content\/uploads\/2021\/12\/952A1658-copy-1-scaled.jpg?resize=1030%2C687&amp;ssl=1 1030w\" sizes=\"auto, (max-width: 300px) 100vw, 300px\" \/><\/p>\n<p>&nbsp;<\/p>\n<p>Heyva Sor a Kurd li ser bingeha van t\u00eageh\u00ean tenduristiy\u00ea y\u00ean bingeh\u00een \u00ean gir\u00eaday\u00ee v\u00ea sektor\u00ea \u00fb li gor\u00ee hewcedariy\u00ean hey\u00ee, be\u015feke mezin ji xizmet\u00ean xwe ji bo peydakirina l\u00eanih\u00ear\u00eena seretay\u00ee bi kar t\u00eene, bi riya 45 xal\u00ean tendurst\u00ee li bajar, kamp, \u200b\u200bnexwe\u015fxane \u00fb &nbsp;kl\u00een\u00eek\u00ean gerok li seranser\u00ee bakur \u00fb rojhilat\u00ea S\u00fbriy\u00ea bi r\u00eaya be\u015f\u00ean (hi\u015fmendiya tendurist\u00ee &#8211; kl\u00een\u00eek\u00ean navxwey\u00ee, jin \u00fb zarok \u2013 ji daykb\u00fbna xwezay\u00ee &#8211; le\u015fmaniya &#8211; laboratuwar \u00fb anal\u00eez &#8211; kl\u00een\u00eek\u00ean der\u00fbn\u00ee y\u00ean seretay\u00ee yan pi\u015ftgiriya der\u00fbn\u00ee &#8211; amb\u00fblans \u00fb lezg\u00een)<\/p>\n<p>&nbsp;<\/p>\n<p>&nbsp;Navenda Minbic\u00ea j\u00ee dibe m\u00eenakeke zind\u00ee,ku &nbsp;z\u00ead\u00ee&nbsp; 3 salan l\u00eaner\u00eena tenduristiy\u00ea ya seretay\u00ee ji gel\u00ea Minbic\u00ea \u00fb gundewar\u00ea w\u00ea re p\u00ea\u015fk\u00ea\u015f dike. Xanim Malik Qassem &#8211; seroka t\u00eem\u00ea \u2013 hin berhem\u00ean v\u00ea navend\u00ea kurt kir \u00fb an\u00ee ziman:<\/p>\n<ul>\n<li>\u015eopandina nexwe\u015fiyan wek belavb\u00fbna Koronay\u00ea (bi r\u00eaya odeya Teryac)<\/li>\n<li>\u015eopandina rew\u015f\u00ean civak\u00ee bi r\u00eaya serdan\u00ean s\u00fbdmendan bo navend\u00ea (xizaniya ku dibe sedema re\u015f\u00ean nexwe\u015fya k\u00eamxwarin\u00ea)<\/li>\n<li>\u015eopandina nexwe\u015fiy\u00ean d\u00fbm dir\u00eaj.<\/li>\n<li>\u015eopandina \u015fert \u00fb merc\u00ean j\u00eengeh\u00ea y\u00ean ku dibin sedema nexwe\u015fiy\u00ean girsey\u00ee, wek \u00eeshal ku ji ber qir\u00eajiya av\u00ea \u00e7\u00eadibe<\/li>\n<\/ul>\n<p>Li welat\u00ean p\u00ea\u015fkeft\u00ee navend\u00ean bi v\u00ee reng\u00ee xizmet\u00ean refah\u00ee y\u00ean tenduristiy\u00ea didin, l\u00ea ji ber rew\u015f\u00ean me y\u00ean awarte y\u00ean niha, ev navend l\u00eanih\u00ear\u00eena tendurist\u00ee berfirehtir p\u00ea\u015fk\u00ea\u015f dikin, \u00fb ev e ya ku me bi erk\u00ean z\u00eadetir bar dike.<\/p>\n<p>&nbsp;<\/p>\n","protected":false},"excerpt":{"rendered":"<p>&nbsp; Xizmet\u00ean l\u00eaner\u00eena tendurist\u00ee ya seretay\u00ee li gor hewcedariy\u00ean kes, malbat \u00fb civakan ji bo \u00e7areserkirin \u00fb refahiya tendurist\u00ee di mil\u00ea la\u015f\u00ee, der\u00fbn\u00ee \u00fb civak\u00ee y\u00ean berfireh bi hev ve gir\u00eaday\u00ee ye, ku l\u00eaner\u00eena kesan bi gi\u015ft\u00ee \u00fb bi hem\u00fb hewcedariy\u00ean tenduristiy\u00ea di hem\u00fb jiyan\u00ea de, ne bi komek nexwe\u015fiy\u00ean taybet\u00ee re s\u00eenorkir\u00ee ye &nbsp; [&hellip;]<\/p>\n","protected":false},"author":3,"featured_media":5814,"comment_status":"open","ping_status":"open","sticky":false,"template":"","format":"standard","meta":{"give_campaign_id":0,"ngg_post_thumbnail":0,"jetpack_post_was_ever_published":false,"_jetpack_newsletter_access":"","_jetpack_dont_email_post_to_subs":false,"_jetpack_newsletter_tier_id":0,"_jetpack_memberships_contains_paywalled_content":false,"_jetpack_memberships_contains_paid_content":false,"footnotes":"","jetpack_publicize_message":"","jetpack_publicize_feature_enabled":true,"jetpack_social_post_already_shared":true,"jetpack_social_options":{"image_generator_settings":{"template":"highway","default_image_id":0,"font":"","enabled":false},"version":2},"_links_to":"","_links_to_target":""},"categories":[862,206,846],"tags":[1072],"class_list":["post-5835","post","type-post","status-publish","format-standard","has-post-thumbnail","hentry","category-gesepedan","category-rapor","category-tenduristi","tag-navenda_minbice_minakeke_zindi_ye_di_lenerina_tenduristiye_ya_seretayi_de"],"jetpack_publicize_connections":[],"jetpack_featured_media_url":"https:\/\/i0.wp.com\/hskurd.org\/wp-content\/uploads\/2021\/12\/952A1641-copy-2-scaled.jpg?fit=2560%2C1707&ssl=1","jetpack-related-posts":[{"id":8493,"url":"https:\/\/hskurd.org\/?p=8493&lang=ku","url_meta":{"origin":5835,"position":0},"title":"Navenda Tendurist\u00ee  li bajarok\u00ea \u015eedad\u00ea","author":"neruda","date":"25 \u064a\u0648\u0644\u064a\u0648\u060c 2024","format":false,"excerpt":"\u00a0 Saziy\u00ean bij\u00eejk\u00ee di peydakirina l\u00eanih\u00ear\u00eena tendurist\u00ee ji civakan re rolek gir\u00eeng dil\u00eezin. Bi taybet\u00ee li her\u00eam\u00ean ku xizmet\u00ean bingeh\u00een li wan peyda nabin. Di v\u00ee war\u00ee de, R\u00eaxistina Heyva Sor a Kurd erkek\u00ee xurt n\u00ee\u015fan dide ji bo p\u00ea\u015fk\u00ea\u015fkirina xizmet\u00ean piz\u00ee\u015fk\u00ee \u00fb tenduristiy\u00ea ji ni\u015fteciy\u00ean Bakur \u00fb Rojhilat\u00ea S\u00fbriy\u00ea\u2026","rel":"","context":"\u0641\u064a &quot;Awarte&quot;","block_context":{"text":"Awarte","link":"https:\/\/hskurd.org\/?cat=848&lang=ku"},"img":{"alt_text":"","src":"https:\/\/i0.wp.com\/hskurd.org\/wp-content\/uploads\/2024\/07\/%D8%B4%D8%AF%D8%A7%D8%AF%D8%A9-%D8%A8.png?fit=1028%2C804&ssl=1&resize=350%2C200","width":350,"height":200,"srcset":"https:\/\/i0.wp.com\/hskurd.org\/wp-content\/uploads\/2024\/07\/%D8%B4%D8%AF%D8%A7%D8%AF%D8%A9-%D8%A8.png?fit=1028%2C804&ssl=1&resize=350%2C200 1x, https:\/\/i0.wp.com\/hskurd.org\/wp-content\/uploads\/2024\/07\/%D8%B4%D8%AF%D8%A7%D8%AF%D8%A9-%D8%A8.png?fit=1028%2C804&ssl=1&resize=525%2C300 1.5x, https:\/\/i0.wp.com\/hskurd.org\/wp-content\/uploads\/2024\/07\/%D8%B4%D8%AF%D8%A7%D8%AF%D8%A9-%D8%A8.png?fit=1028%2C804&ssl=1&resize=700%2C400 2x"},"classes":[]},{"id":10877,"url":"https:\/\/hskurd.org\/?p=10877&lang=ku","url_meta":{"origin":5835,"position":1},"title":"Gir\u00eengiya rola malbat\u00ea di pi\u015ftgiriya zarok\u00ean xwed\u00ee p\u00eadiviy\u00ean taybet de","author":"user55","date":"9 \u0641\u0628\u0631\u0627\u064a\u0631\u060c 2025","format":false,"excerpt":"Zarok\u00ean xwed\u00ee p\u00eadiviy\u00ean taybet, p\u00eaw\u00eestiya wan bi t\u00eagihi\u015ftineke k\u00fbr ji hewcedariy\u00ean wan re \u00fb r\u00eavebirineke pak ji malbat\u00ean wan, heye. Malbat ne ten\u00ea j\u00eengeha yekem e ku zarok t\u00ea de mezin dibe, l\u00ea ew \u00e7avkaniya bingeh\u00een a ragirtin \u00fb pi\u015ftgiriya hestyar\u00ee ye j\u00ee. Ev pi\u015ftgir\u00ee dan\u00fbstendina bibandor bi civak\u00ea re\u2026","rel":"","context":"\u0641\u064a &quot;\u00c7\u00eerok&quot;","block_context":{"text":"\u00c7\u00eerok","link":"https:\/\/hskurd.org\/?cat=831&lang=ku"},"img":{"alt_text":"","src":"https:\/\/i0.wp.com\/hskurd.org\/wp-content\/uploads\/2025\/02\/IMG_8269-scaled.jpg?fit=1200%2C800&ssl=1&resize=350%2C200","width":350,"height":200,"srcset":"https:\/\/i0.wp.com\/hskurd.org\/wp-content\/uploads\/2025\/02\/IMG_8269-scaled.jpg?fit=1200%2C800&ssl=1&resize=350%2C200 1x, https:\/\/i0.wp.com\/hskurd.org\/wp-content\/uploads\/2025\/02\/IMG_8269-scaled.jpg?fit=1200%2C800&ssl=1&resize=525%2C300 1.5x, https:\/\/i0.wp.com\/hskurd.org\/wp-content\/uploads\/2025\/02\/IMG_8269-scaled.jpg?fit=1200%2C800&ssl=1&resize=700%2C400 2x, https:\/\/i0.wp.com\/hskurd.org\/wp-content\/uploads\/2025\/02\/IMG_8269-scaled.jpg?fit=1200%2C800&ssl=1&resize=1050%2C600 3x"},"classes":[]},{"id":7496,"url":"https:\/\/hskurd.org\/?p=7496&lang=ku","url_meta":{"origin":5835,"position":2},"title":"Bi pi\u015ftgiriya Medico International Sw\u00eesre, Heyva Sor a Kurd bi r\u00eaya kl\u00een\u00eek\u00ean gerok p\u00ea\u015fk\u00ea\u015fkirina xizmet\u00ean bij\u00ee\u015fk\u00ee ji xelk\u00ea gund\u00ean d\u00fbr\u00ee gundewar\u00ea Tebqay\u00ea re berdewam dike","author":"heyvasorakurd","date":"10 \u0623\u063a\u0633\u0637\u0633\u060c 2023","format":false,"excerpt":"Xizmet\u00ean Heyva Sor a Kurd li her\u00eam\u00ean d\u00fbr \u00ean Tebqay\u00ea dewam dikin Gih\u00ee\u015ftina dever\u00ean d\u00fbr \u00fb gundewar\u00ee, bi taybet\u00ee y\u00ean ku rast\u00ee gelek qeyranan hatine, di nav de neb\u00fbna xizmetguzariy\u00ean piz\u00ee\u015fk\u00ee ji ber d\u00fbrb\u00fbna wan ji navend\u00ean bajaran, yek ji mezintir\u00een kelem\u00ean ku rast\u00ee p\u00ea\u015fk\u00ea\u015fk\u0131r\u0131na l\u00eaner\u00eena tenduristiy\u00ea ye. Ev e\u2026","rel":"","context":"\u0641\u064a &quot;Tendurist\u00ee&quot;","block_context":{"text":"Tendurist\u00ee","link":"https:\/\/hskurd.org\/?cat=846&lang=ku"},"img":{"alt_text":"","src":"https:\/\/i0.wp.com\/hskurd.org\/wp-content\/uploads\/2023\/08\/DSC_0134-copy-scaled.webp?fit=1200%2C800&ssl=1&resize=350%2C200","width":350,"height":200,"srcset":"https:\/\/i0.wp.com\/hskurd.org\/wp-content\/uploads\/2023\/08\/DSC_0134-copy-scaled.webp?fit=1200%2C800&ssl=1&resize=350%2C200 1x, https:\/\/i0.wp.com\/hskurd.org\/wp-content\/uploads\/2023\/08\/DSC_0134-copy-scaled.webp?fit=1200%2C800&ssl=1&resize=525%2C300 1.5x, https:\/\/i0.wp.com\/hskurd.org\/wp-content\/uploads\/2023\/08\/DSC_0134-copy-scaled.webp?fit=1200%2C800&ssl=1&resize=700%2C400 2x, https:\/\/i0.wp.com\/hskurd.org\/wp-content\/uploads\/2023\/08\/DSC_0134-copy-scaled.webp?fit=1200%2C800&ssl=1&resize=1050%2C600 3x"},"classes":[]},{"id":8620,"url":"https:\/\/hskurd.org\/?p=8620&lang=ku","url_meta":{"origin":5835,"position":3},"title":"Rola kl\u00een\u00eek\u00ean hundir\u00een di peydakirina l\u00eanih\u00ear\u00eena bingeh\u00een a tenduristiy\u00ea de","author":"neruda","date":"9 \u0633\u0628\u062a\u0645\u0628\u0631\u060c 2024","format":false,"excerpt":"https:\/\/youtu.be\/6_NIgb1wF5Y \u00a0 \u00a0 Kl\u00een\u00eek\u00ean hundir\u00een di navend\u00ean Heyva Sor a Kurd de rolek gir\u00eeng dil\u00eezin, ku l\u00eaner\u00eena tendurist\u00ee ya bingeh\u00een peyda dikin \u00fb dibin al\u00eekar di p\u00ea\u015fxistina tenduristiya ni\u015ftecihan \u00fb penaberan li hundur \u00fb dervey\u00ee kampan. Li kampa Wa\u015fokan\u00ee ya penaberan, ku dikeve rojavay\u00ea bajar\u00ea Hesek\u00ea, kl\u00een\u00eeka hundir\u00een ya li\u2026","rel":"","context":"\u0641\u064a &quot;Tendurist\u00ee&quot;","block_context":{"text":"Tendurist\u00ee","link":"https:\/\/hskurd.org\/?cat=846&lang=ku"},"img":{"alt_text":"","src":"https:\/\/i0.wp.com\/hskurd.org\/wp-content\/uploads\/2024\/09\/VID_20240908_123939_997-copy.jpg?fit=1200%2C675&ssl=1&resize=350%2C200","width":350,"height":200,"srcset":"https:\/\/i0.wp.com\/hskurd.org\/wp-content\/uploads\/2024\/09\/VID_20240908_123939_997-copy.jpg?fit=1200%2C675&ssl=1&resize=350%2C200 1x, https:\/\/i0.wp.com\/hskurd.org\/wp-content\/uploads\/2024\/09\/VID_20240908_123939_997-copy.jpg?fit=1200%2C675&ssl=1&resize=525%2C300 1.5x, https:\/\/i0.wp.com\/hskurd.org\/wp-content\/uploads\/2024\/09\/VID_20240908_123939_997-copy.jpg?fit=1200%2C675&ssl=1&resize=700%2C400 2x, https:\/\/i0.wp.com\/hskurd.org\/wp-content\/uploads\/2024\/09\/VID_20240908_123939_997-copy.jpg?fit=1200%2C675&ssl=1&resize=1050%2C600 3x"},"classes":[]},{"id":8811,"url":"https:\/\/hskurd.org\/?p=8811&lang=ku","url_meta":{"origin":5835,"position":4},"title":"&#8220;Em ji bo nexwe\u015f\u00ean Pence\u015f\u00ear \u00fb Telas\u00eemiyay\u00ea bibin al\u00eekar&#8221; projeyeke civak\u00ee mirovah\u00ee ye","author":"neruda","date":"21 \u0623\u0643\u062a\u0648\u0628\u0631\u060c 2024","format":false,"excerpt":"https:\/\/youtu.be\/mF7yMY1-oYA Al\u00eekar\u00ee, yek ji kar\u00ean mirov\u00ee y\u00ea her\u00ee p\u00eeroz e ku di pi\u015ftgiriya saziy\u00ean tenduristiy\u00ea de dibe al\u00eekar , bi taybet di war\u00ea l\u00eaner\u00eena nexwe\u015f\u00ean kanser\u00ea de. Nexwe\u015fxaneya Onkoloj\u00ee, \u015fewat \u00fb Telas\u00eemiya ya gir\u00eaday\u00ee Heyva Sor a Kurd a li bajar\u00ea Qami\u015flo j\u00ee ,ji bo nexwe\u015f\u00ean ji hem\u00fb her\u00eaman stargeha\u2026","rel":"","context":"\u0641\u064a &quot;Ge\u015fep\u00eadan&quot;","block_context":{"text":"Ge\u015fep\u00eadan","link":"https:\/\/hskurd.org\/?cat=862&lang=ku"},"img":{"alt_text":"","src":"https:\/\/i0.wp.com\/hskurd.org\/wp-content\/uploads\/2024\/10\/%D9%84%D9%86%D8%B3%D8%A7%D9%87%D9%85.png?fit=1055%2C728&ssl=1&resize=350%2C200","width":350,"height":200,"srcset":"https:\/\/i0.wp.com\/hskurd.org\/wp-content\/uploads\/2024\/10\/%D9%84%D9%86%D8%B3%D8%A7%D9%87%D9%85.png?fit=1055%2C728&ssl=1&resize=350%2C200 1x, https:\/\/i0.wp.com\/hskurd.org\/wp-content\/uploads\/2024\/10\/%D9%84%D9%86%D8%B3%D8%A7%D9%87%D9%85.png?fit=1055%2C728&ssl=1&resize=525%2C300 1.5x, https:\/\/i0.wp.com\/hskurd.org\/wp-content\/uploads\/2024\/10\/%D9%84%D9%86%D8%B3%D8%A7%D9%87%D9%85.png?fit=1055%2C728&ssl=1&resize=700%2C400 2x, https:\/\/i0.wp.com\/hskurd.org\/wp-content\/uploads\/2024\/10\/%D9%84%D9%86%D8%B3%D8%A7%D9%87%D9%85.png?fit=1055%2C728&ssl=1&resize=1050%2C600 3x"},"classes":[]},{"id":8738,"url":"https:\/\/hskurd.org\/?p=8738&lang=ku","url_meta":{"origin":5835,"position":5},"title":"\u00c7alakiy\u00ean meha Pembeh\u00ee","author":"neruda","date":"7 \u0623\u0643\u062a\u0648\u0628\u0631\u060c 2024","format":false,"excerpt":"Bi boneya #meha_Pembeh\u00ee Meha \u00c7otmeh\u00ea,nexwe\u015fxaneya Onkoloj\u00ee , \u015fewat \u00fb Telas\u00eemiyay\u00ea ya gir\u00eaday\u00ea #Heyva_SoraKurd li bajar\u00ea Qami\u015flo p\u00ea\u015fwaz\u00eekirina hem\u00fb nexwe\u015fan di be\u015fa z\u00fbnaskirina #pen\u00e7e\u015f\u00eara_p\u00eas\u00eer\u00ea de bi awayek\u00ee berfireh radigh\u00eene, ku bi riya tekn\u00eek\u00ean \u00eekograf\u00ee \u00fb mamograf\u00ee , ji h\u00eala ek\u00eebeke bij\u00ee\u015fk\u00ee ya pispor ve nexwe\u015f t\u00ean muayene kirin. Her wiha kampaneyke\u2026","rel":"","context":"\u0641\u064a &quot;Perwerdehiya tendurist\u00ee&quot;","block_context":{"text":"Perwerdehiya tendurist\u00ee","link":"https:\/\/hskurd.org\/?cat=844&lang=ku"},"img":{"alt_text":"","src":"https:\/\/i0.wp.com\/hskurd.org\/wp-content\/uploads\/2024\/10\/DSC_1828-scaled.jpg?fit=800%2C1200&ssl=1&resize=350%2C200","width":350,"height":200,"srcset":"https:\/\/i0.wp.com\/hskurd.org\/wp-content\/uploads\/2024\/10\/DSC_1828-scaled.jpg?fit=800%2C1200&ssl=1&resize=350%2C200 1x, https:\/\/i0.wp.com\/hskurd.org\/wp-content\/uploads\/2024\/10\/DSC_1828-scaled.jpg?fit=800%2C1200&ssl=1&resize=525%2C300 1.5x, https:\/\/i0.wp.com\/hskurd.org\/wp-content\/uploads\/2024\/10\/DSC_1828-scaled.jpg?fit=800%2C1200&ssl=1&resize=700%2C400 2x"},"classes":[]}],"jetpack_sharing_enabled":true,"_links":{"self":[{"href":"https:\/\/hskurd.org\/index.php?rest_route=\/wp\/v2\/posts\/5835","targetHints":{"allow":["GET"]}}],"collection":[{"href":"https:\/\/hskurd.org\/index.php?rest_route=\/wp\/v2\/posts"}],"about":[{"href":"https:\/\/hskurd.org\/index.php?rest_route=\/wp\/v2\/types\/post"}],"author":[{"embeddable":true,"href":"https:\/\/hskurd.org\/index.php?rest_route=\/wp\/v2\/users\/3"}],"replies":[{"embeddable":true,"href":"https:\/\/hskurd.org\/index.php?rest_route=%2Fwp%2Fv2%2Fcomments&post=5835"}],"version-history":[{"count":2,"href":"https:\/\/hskurd.org\/index.php?rest_route=\/wp\/v2\/posts\/5835\/revisions"}],"predecessor-version":[{"id":5838,"href":"https:\/\/hskurd.org\/index.php?rest_route=\/wp\/v2\/posts\/5835\/revisions\/5838"}],"wp:featuredmedia":[{"embeddable":true,"href":"https:\/\/hskurd.org\/index.php?rest_route=\/wp\/v2\/media\/5814"}],"wp:attachment":[{"href":"https:\/\/hskurd.org\/index.php?rest_route=%2Fwp%2Fv2%2Fmedia&parent=5835"}],"wp:term":[{"taxonomy":"category","embeddable":true,"href":"https:\/\/hskurd.org\/index.php?rest_route=%2Fwp%2Fv2%2Fcategories&post=5835"},{"taxonomy":"post_tag","embeddable":true,"href":"https:\/\/hskurd.org\/index.php?rest_route=%2Fwp%2Fv2%2Ftags&post=5835"}],"curies":[{"name":"wp","href":"https:\/\/api.w.org\/{rel}","templated":true}]}}