{"id":5706,"date":"2021-12-16T14:37:58","date_gmt":"2021-12-16T11:37:58","guid":{"rendered":"https:\/\/hskurd.org\/?p=5706"},"modified":"2021-12-16T14:37:58","modified_gmt":"2021-12-16T11:37:58","slug":"calakiyen-hemleya-rakirina-sideta-li-ser-jine","status":"publish","type":"post","link":"https:\/\/hskurd.org\/?p=5706&lang=ku","title":{"rendered":"\u00c7alakiy\u00ean hemleya rakirina \u015eideta li ser jin\u00ea"},"content":{"rendered":"<p><img data-recalc-dims=\"1\" loading=\"lazy\" decoding=\"async\" data-attachment-id=\"5707\" data-permalink=\"https:\/\/hskurd.org\/?attachment_id=5707\" data-orig-file=\"https:\/\/i0.wp.com\/hskurd.org\/wp-content\/uploads\/2021\/12\/IMG-20211212-WA0030-1.jpg?fit=768%2C1024&amp;ssl=1\" data-orig-size=\"768,1024\" data-comments-opened=\"0\" data-image-meta=\"{&quot;aperture&quot;:&quot;0&quot;,&quot;credit&quot;:&quot;&quot;,&quot;camera&quot;:&quot;&quot;,&quot;caption&quot;:&quot;&quot;,&quot;created_timestamp&quot;:&quot;0&quot;,&quot;copyright&quot;:&quot;&quot;,&quot;focal_length&quot;:&quot;0&quot;,&quot;iso&quot;:&quot;0&quot;,&quot;shutter_speed&quot;:&quot;0&quot;,&quot;title&quot;:&quot;&quot;,&quot;orientation&quot;:&quot;0&quot;}\" data-image-title=\"IMG-20211212-WA0030\" data-image-description=\"\" data-image-caption=\"\" data-medium-file=\"https:\/\/i0.wp.com\/hskurd.org\/wp-content\/uploads\/2021\/12\/IMG-20211212-WA0030-1.jpg?fit=225%2C300&amp;ssl=1\" data-large-file=\"https:\/\/i0.wp.com\/hskurd.org\/wp-content\/uploads\/2021\/12\/IMG-20211212-WA0030-1.jpg?fit=768%2C1024&amp;ssl=1\" class=\"alignnone size-medium wp-image-5707\" src=\"https:\/\/i0.wp.com\/hskurd.org\/wp-content\/uploads\/2021\/12\/IMG-20211212-WA0030-1-225x300.jpg?resize=225%2C300\" alt=\"\" width=\"225\" height=\"300\" srcset=\"https:\/\/i0.wp.com\/hskurd.org\/wp-content\/uploads\/2021\/12\/IMG-20211212-WA0030-1.jpg?resize=225%2C300&amp;ssl=1 225w, https:\/\/i0.wp.com\/hskurd.org\/wp-content\/uploads\/2021\/12\/IMG-20211212-WA0030-1.jpg?resize=529%2C705&amp;ssl=1 529w, https:\/\/i0.wp.com\/hskurd.org\/wp-content\/uploads\/2021\/12\/IMG-20211212-WA0030-1.jpg?w=768&amp;ssl=1 768w\" sizes=\"auto, (max-width: 225px) 100vw, 225px\" \/><\/p>\n<div dir=\"auto\">\u015eideta li ser jin \u00fb zarok\u00ean ke\u00e7 binp\u00eakirina maf\u00ea mirovan a her\u00ee z\u00eade li c\u00eehan\u00ea t\u00ea kirin, di rapor\u00ean her\u00ee daw\u00ee de \u00ean ku hatine ragihandin, her\u00ee k\u00eam yek ji s\u00ea jinan k\u00eaman\u00ee carek\u00ea ji hevj\u00een\u00ea xwe an j\u00ee ne hevpar\u00ea xwe rast\u00ee \u015f\u00eedeta f\u00eez\u00eek\u00ee ya zayend\u00ee hatine.<\/div>\n<div dir=\"auto\">Di v\u00ea \u00e7ar\u00e7ovey\u00ea de Heyva Sor a Kurd hemleya 16 rojan a li dij\u00ee tundiya li ser jinan ku di 25\/11&#8217;an de dest p\u00ea kir \u00fb di 10\/12&#8217;an de li her du kamp\u00ean Er\u00ee\u015fa &#8211; Hol \u00fb bajar\u00ea Reqay\u00ea bi daw\u00ee b\u00fb, da ku tekez bibe civak nikaribe p\u00ea\u015f bikeve \u00fb mezin bibe eger n\u00eev\u00ea din tund\u00fbt\u00fbj\u00ee, b\u00earolkirin \u00fb astengdar be.<\/div>\n<div dir=\"auto\">#Kurdish_red_crescent<\/div>\n","protected":false},"excerpt":{"rendered":"<p>\u015eideta li ser jin \u00fb zarok\u00ean ke\u00e7 binp\u00eakirina maf\u00ea mirovan a her\u00ee z\u00eade li c\u00eehan\u00ea t\u00ea kirin, di rapor\u00ean her\u00ee daw\u00ee de \u00ean ku hatine ragihandin, her\u00ee k\u00eam yek ji s\u00ea jinan k\u00eaman\u00ee carek\u00ea ji hevj\u00een\u00ea xwe an j\u00ee ne hevpar\u00ea xwe rast\u00ee \u015f\u00eedeta f\u00eez\u00eek\u00ee ya zayend\u00ee hatine. Di v\u00ea \u00e7ar\u00e7ovey\u00ea de Heyva Sor a [&hellip;]<\/p>\n","protected":false},"author":3,"featured_media":5707,"comment_status":"open","ping_status":"open","sticky":false,"template":"","format":"standard","meta":{"give_campaign_id":0,"ngg_post_thumbnail":0,"jetpack_post_was_ever_published":false,"_jetpack_newsletter_access":"","_jetpack_dont_email_post_to_subs":false,"_jetpack_newsletter_tier_id":0,"_jetpack_memberships_contains_paywalled_content":false,"_jetpack_memberships_contains_paid_content":false,"footnotes":"","jetpack_publicize_message":"","jetpack_publicize_feature_enabled":true,"jetpack_social_post_already_shared":true,"jetpack_social_options":{"image_generator_settings":{"template":"highway","default_image_id":0,"font":"","enabled":false},"version":2},"_links_to":"","_links_to_target":""},"categories":[840],"tags":[1059],"class_list":["post-5706","post","type-post","status-publish","format-standard","has-post-thumbnail","hentry","category-parastin","tag-parastin"],"jetpack_publicize_connections":[],"jetpack_featured_media_url":"https:\/\/i0.wp.com\/hskurd.org\/wp-content\/uploads\/2021\/12\/IMG-20211212-WA0030-1.jpg?fit=768%2C1024&ssl=1","jetpack-related-posts":[{"id":11975,"url":"https:\/\/hskurd.org\/?p=11975&lang=ku","url_meta":{"origin":5706,"position":0},"title":"bangewaz\u00ee ji t\u00eema Heyva Sor a Kurd li Koban\u00ee ji r\u00eaxistin\u00ean mirov\u00ee re","author":"user55","date":"2 \u0645\u0627\u0631\u0633\u060c 2026","format":false,"excerpt":"Bangek ji t\u00eem\u00ea Heyva Sor a Kurd\u00ee li Koban\u00ea bo r\u00eaxistin\u00ean mirovah\u00ee \u00fb bo Netewey\u00ean Yekb\u00fby\u00ee, bi taybet\u00ee bi r\u00eaberiya Kom\u00eeser\u00ea Bilind \u00ea Netewey\u00ean Yekb\u00fby\u00ee ji bo Penaberan, Barham Salih: Bajar\u00ea Koban\u00ea \u00fb gundewar\u00ean w\u00ea ji \u00e7end rojan ve di bin kampanyayek le\u015fker\u00ee ya tund \u00fb dorp\u00ea\u00e7kirineke giran de ne,\u2026","rel":"","context":"\u0641\u064a &quot;News&quot;","block_context":{"text":"News","link":"https:\/\/hskurd.org\/?cat=2171&lang=ku"},"img":{"alt_text":"","src":"https:\/\/i0.wp.com\/hskurd.org\/wp-content\/uploads\/2026\/03\/618809254_1183190350642929_5401222983079782706_n.jpg?fit=512%2C640&ssl=1&resize=350%2C200","width":350,"height":200},"classes":[]},{"id":10684,"url":"https:\/\/hskurd.org\/?p=10684&lang=ku","url_meta":{"origin":5706,"position":1},"title":"Al\u00eekariya 400 malbat\u00ean ko\u00e7ber li bajar\u00ea Koban\u00ea","author":"user55","date":"19 \u064a\u0646\u0627\u064a\u0631\u060c 2025","format":false,"excerpt":"Di nava p\u00ealeke mezin a ko\u00e7beriy\u00ea de ku di destp\u00eaka \u00c7ileya 2024'an de dest p\u00ea kir, bi deh hezaran welatiy\u00ean Efr\u00een \u00fb \u015eehbay\u00ea ji bo l\u00eager\u00eena ewleh\u00ee \u00fb aramiy\u00ea li her\u00eam\u00ean Bakur \u00fb Rojhilat\u00ea S\u00fbriy\u00ea ji cih\u00ean xwe ko\u00e7berb\u00fbn. Xebat\u00ean Heyva Sor a Kurd di van rew\u015f\u00ean mirov\u00ee y\u00ean zehmet\u2026","rel":"","context":"\u0641\u064a &quot;Ge\u015fep\u00eadan&quot;","block_context":{"text":"Ge\u015fep\u00eadan","link":"https:\/\/hskurd.org\/?cat=862&lang=ku"},"img":{"alt_text":"","src":"https:\/\/i0.wp.com\/hskurd.org\/wp-content\/uploads\/2025\/01\/IMG_20250113_130254_732-scaled.jpg?fit=1200%2C900&ssl=1&resize=350%2C200","width":350,"height":200,"srcset":"https:\/\/i0.wp.com\/hskurd.org\/wp-content\/uploads\/2025\/01\/IMG_20250113_130254_732-scaled.jpg?fit=1200%2C900&ssl=1&resize=350%2C200 1x, https:\/\/i0.wp.com\/hskurd.org\/wp-content\/uploads\/2025\/01\/IMG_20250113_130254_732-scaled.jpg?fit=1200%2C900&ssl=1&resize=525%2C300 1.5x, https:\/\/i0.wp.com\/hskurd.org\/wp-content\/uploads\/2025\/01\/IMG_20250113_130254_732-scaled.jpg?fit=1200%2C900&ssl=1&resize=700%2C400 2x, https:\/\/i0.wp.com\/hskurd.org\/wp-content\/uploads\/2025\/01\/IMG_20250113_130254_732-scaled.jpg?fit=1200%2C900&ssl=1&resize=1050%2C600 3x"},"classes":[]},{"id":5885,"url":"https:\/\/hskurd.org\/?p=5885&lang=ku","url_meta":{"origin":5706,"position":2},"title":"\u015eeh\u00eed Basim Muhemed &#8221; \u015eeh\u00eed\u00ea Mirovatiy\u00ea &#8220;","author":"Sozdar","date":"30 \u064a\u0646\u0627\u064a\u0631\u060c 2022","format":false,"excerpt":"Bi xemg\u00eeniyeke mezin me n\u00fb\u00e7eya \u015feh\u00eedb\u00fbna heval\u00ea xwe Basem Mihemed wergirt, ku di encama gulebaranek\u00ea de dema ku w\u00ee li navenda sereke ya Heyva Sor a Kurd li Kampa Hol\u00ea erk\u00ea xwe ye mirov\u00ee p\u00eak di an\u00ee. Tev\u00ee hem\u00fb hewldan\u00ean ku heval\u00ean me dan ta Basim jiyana xwe ji dest\u2026","rel":"","context":"\u0641\u064a &quot;Awarte&quot;","block_context":{"text":"Awarte","link":"https:\/\/hskurd.org\/?cat=848&lang=ku"},"img":{"alt_text":"","src":"https:\/\/i0.wp.com\/hskurd.org\/wp-content\/uploads\/2022\/01\/g.jpg?fit=800%2C1200&ssl=1&resize=350%2C200","width":350,"height":200,"srcset":"https:\/\/i0.wp.com\/hskurd.org\/wp-content\/uploads\/2022\/01\/g.jpg?fit=800%2C1200&ssl=1&resize=350%2C200 1x, https:\/\/i0.wp.com\/hskurd.org\/wp-content\/uploads\/2022\/01\/g.jpg?fit=800%2C1200&ssl=1&resize=525%2C300 1.5x, https:\/\/i0.wp.com\/hskurd.org\/wp-content\/uploads\/2022\/01\/g.jpg?fit=800%2C1200&ssl=1&resize=700%2C400 2x"},"classes":[]},{"id":8795,"url":"https:\/\/hskurd.org\/?p=8795&lang=ku","url_meta":{"origin":5706,"position":3},"title":"Heyva Sor a Kurd li kampa Berxwedan navendeke perwerde \u00fb \u015fahiy\u00ea ji zarokan re vekir","author":"neruda","date":"16 \u0623\u0643\u062a\u0648\u0628\u0631\u060c 2024","format":false,"excerpt":"https:\/\/youtu.be\/ktJqOMwy3kU Di sala 2024'an de , di be\u015fa z\u00fb naskirin pence\u015f\u00eara p\u00eas\u00eer\u00ea de li Nexwe\u015fxaneya Onkoloj\u00ee, \u015fewat \u00fb Talas\u00eemiyay\u00ea ya gir\u00eaday\u00ee Heyva Sor a Kurd a bajar\u00ea Qami\u015flo 1283 muayene, ji wan 680 muayeney\u00ean \u00cekograf\u00ee \u00fb 846 muayeney\u00ean mamograf\u00ee ji bo jinan hatine \u00e7\u00eakirin, di nav de 24 rew\u015f\u00ean er\u00ean\u00ee\u2026","rel":"","context":"\u0641\u064a &quot;b\u00ea kategoriyan&quot;","block_context":{"text":"b\u00ea kategoriyan","link":"https:\/\/hskurd.org\/?cat=85&lang=ku"},"img":{"alt_text":"","src":"https:\/\/i0.wp.com\/hskurd.org\/wp-content\/uploads\/2024\/10\/%D8%B4%D9%87%D8%A8%D8%A7%D8%A7%D8%A7.png?fit=1200%2C687&ssl=1&resize=350%2C200","width":350,"height":200,"srcset":"https:\/\/i0.wp.com\/hskurd.org\/wp-content\/uploads\/2024\/10\/%D8%B4%D9%87%D8%A8%D8%A7%D8%A7%D8%A7.png?fit=1200%2C687&ssl=1&resize=350%2C200 1x, https:\/\/i0.wp.com\/hskurd.org\/wp-content\/uploads\/2024\/10\/%D8%B4%D9%87%D8%A8%D8%A7%D8%A7%D8%A7.png?fit=1200%2C687&ssl=1&resize=525%2C300 1.5x, https:\/\/i0.wp.com\/hskurd.org\/wp-content\/uploads\/2024\/10\/%D8%B4%D9%87%D8%A8%D8%A7%D8%A7%D8%A7.png?fit=1200%2C687&ssl=1&resize=700%2C400 2x, https:\/\/i0.wp.com\/hskurd.org\/wp-content\/uploads\/2024\/10\/%D8%B4%D9%87%D8%A8%D8%A7%D8%A7%D8%A7.png?fit=1200%2C687&ssl=1&resize=1050%2C600 3x"},"classes":[]},{"id":7804,"url":"https:\/\/hskurd.org\/?p=7804&lang=ku","url_meta":{"origin":5706,"position":4},"title":"&#8220;Serl\u00eadana z\u00fb .. gavek bi hezar gav\u00ee ye &#8220;","author":"neruda","date":"25 \u0623\u0643\u062a\u0648\u0628\u0631\u060c 2023","format":false,"excerpt":"https:\/\/www.youtube.com\/watch?v=5OLT3cz3-mQ&t=45s Pence\u015f\u00eara p\u00eas\u00eer\u00ea di c\u00eehan\u00ea de yek ji kansera her\u00ee berbelavbuy\u00ee ye. Ew ne ten\u00ea nexwe\u015fiyek e, li ser jiyan \u00fb tenduristiya jin\u00ea xeteryeke mezin e. Ji ber v\u00ea yek\u00ea, t\u00eagih\u00ee\u015ftina v\u00ea nexwe\u015fiy\u00ea \u00fb hi\u015fyarkirina n\u00ee\u015fan\u00ean w\u00ea \u00fb r\u00eay\u00ean p\u00ea\u015f\u00eel\u00eagirtina w\u00ea ji bo her jinek \u00fb ji bo civak\u00ea bi\u2026","rel":"","context":"\u0641\u064a &quot;Perwerdehiya tendurist\u00ee&quot;","block_context":{"text":"Perwerdehiya tendurist\u00ee","link":"https:\/\/hskurd.org\/?cat=844&lang=ku"},"img":{"alt_text":"","src":"https:\/\/i0.wp.com\/hskurd.org\/wp-content\/uploads\/2023\/10\/%D9%85%D8%A7%D9%85%D9%88.png?fit=1008%2C601&ssl=1&resize=350%2C200","width":350,"height":200,"srcset":"https:\/\/i0.wp.com\/hskurd.org\/wp-content\/uploads\/2023\/10\/%D9%85%D8%A7%D9%85%D9%88.png?fit=1008%2C601&ssl=1&resize=350%2C200 1x, https:\/\/i0.wp.com\/hskurd.org\/wp-content\/uploads\/2023\/10\/%D9%85%D8%A7%D9%85%D9%88.png?fit=1008%2C601&ssl=1&resize=525%2C300 1.5x, https:\/\/i0.wp.com\/hskurd.org\/wp-content\/uploads\/2023\/10\/%D9%85%D8%A7%D9%85%D9%88.png?fit=1008%2C601&ssl=1&resize=700%2C400 2x"},"classes":[]},{"id":6788,"url":"https:\/\/hskurd.org\/?p=6788&lang=ku","url_meta":{"origin":5706,"position":5},"title":"La\u015fmanya \u00fb dermankirina w\u00ea li navend\u00ean Heyva Sor a Kurd","author":"Sozdar","date":"10 \u0646\u0648\u0641\u0645\u0628\u0631\u060c 2022","format":false,"excerpt":"Di van dem\u00ean daw\u00een de gelek axaftin li ser belavb\u00fbna la\u015fmanyay\u00ea di nav ko\u00e7ber\u00ean s\u00fbriy\u00ea de li hem\u00ee teminan b\u00eatir\u00ee deverek\u00ee penaber b\u00fby\u00ee hene, ew nexwe\u015fiyeke \u00e7erm e ku bandor\u00ea li hem\u00fb kom\u00ean temam dike \u00fb di forma nod\u00fbleya sor de xuya dike, ku dibe sedema bir\u00een\u00ean ulserat\u00ee heta \u00e7end\u2026","rel":"","context":"\u0641\u064a &quot;Rapor&quot;","block_context":{"text":"Rapor","link":"https:\/\/hskurd.org\/?cat=206&lang=ku"},"img":{"alt_text":"","src":"https:\/\/i0.wp.com\/hskurd.org\/wp-content\/uploads\/2022\/11\/952A9945-scaled.jpg?fit=1200%2C800&ssl=1&resize=350%2C200","width":350,"height":200,"srcset":"https:\/\/i0.wp.com\/hskurd.org\/wp-content\/uploads\/2022\/11\/952A9945-scaled.jpg?fit=1200%2C800&ssl=1&resize=350%2C200 1x, https:\/\/i0.wp.com\/hskurd.org\/wp-content\/uploads\/2022\/11\/952A9945-scaled.jpg?fit=1200%2C800&ssl=1&resize=525%2C300 1.5x, https:\/\/i0.wp.com\/hskurd.org\/wp-content\/uploads\/2022\/11\/952A9945-scaled.jpg?fit=1200%2C800&ssl=1&resize=700%2C400 2x, https:\/\/i0.wp.com\/hskurd.org\/wp-content\/uploads\/2022\/11\/952A9945-scaled.jpg?fit=1200%2C800&ssl=1&resize=1050%2C600 3x"},"classes":[]}],"jetpack_sharing_enabled":true,"_links":{"self":[{"href":"https:\/\/hskurd.org\/index.php?rest_route=\/wp\/v2\/posts\/5706","targetHints":{"allow":["GET"]}}],"collection":[{"href":"https:\/\/hskurd.org\/index.php?rest_route=\/wp\/v2\/posts"}],"about":[{"href":"https:\/\/hskurd.org\/index.php?rest_route=\/wp\/v2\/types\/post"}],"author":[{"embeddable":true,"href":"https:\/\/hskurd.org\/index.php?rest_route=\/wp\/v2\/users\/3"}],"replies":[{"embeddable":true,"href":"https:\/\/hskurd.org\/index.php?rest_route=%2Fwp%2Fv2%2Fcomments&post=5706"}],"version-history":[{"count":2,"href":"https:\/\/hskurd.org\/index.php?rest_route=\/wp\/v2\/posts\/5706\/revisions"}],"predecessor-version":[{"id":5710,"href":"https:\/\/hskurd.org\/index.php?rest_route=\/wp\/v2\/posts\/5706\/revisions\/5710"}],"wp:featuredmedia":[{"embeddable":true,"href":"https:\/\/hskurd.org\/index.php?rest_route=\/wp\/v2\/media\/5707"}],"wp:attachment":[{"href":"https:\/\/hskurd.org\/index.php?rest_route=%2Fwp%2Fv2%2Fmedia&parent=5706"}],"wp:term":[{"taxonomy":"category","embeddable":true,"href":"https:\/\/hskurd.org\/index.php?rest_route=%2Fwp%2Fv2%2Fcategories&post=5706"},{"taxonomy":"post_tag","embeddable":true,"href":"https:\/\/hskurd.org\/index.php?rest_route=%2Fwp%2Fv2%2Ftags&post=5706"}],"curies":[{"name":"wp","href":"https:\/\/api.w.org\/{rel}","templated":true}]}}