{"id":5679,"date":"2021-10-13T14:43:17","date_gmt":"2021-10-13T11:43:17","guid":{"rendered":"https:\/\/hskurd.org\/?p=5679"},"modified":"2021-10-13T14:43:17","modified_gmt":"2021-10-13T11:43:17","slug":"nexwesxaneya-kovid19-a-nu-li-bajre-reqaye-dest-bi-kar-dike","status":"publish","type":"post","link":"https:\/\/hskurd.org\/?p=5679&lang=ku","title":{"rendered":"Nexwe\u015fxaneya Kov\u00eed19 a n\u00fb li bajr\u00ea Reqay\u00ea dest bi kar dike"},"content":{"rendered":"<p>Bi hevkariya Desteya Tenduristiy\u00ea, &nbsp;Navenda Kov\u00eed19&nbsp; a Heyva Sor a Kurd ji bo rew\u015f\u00ean gumankir\u00ee \u00fb nav\u00een hat veguhez\u00een \u00fb tev\u00ee&nbsp; nexwe\u015fxaneya &#8220;\u00ceadat\u00ean \u015eamel&#8221; a Covid 19 li bajar\u00ea Reqay\u00ea b\u00fb, nexwe\u015fxana ku her\u00ee daw\u00ee hat vekirin be\u015f\u00ean &#8220;Triage- t\u00east \u2013 rew\u015f\u00ean tekez \u2013 rew\u015f\u00ean &nbsp;gumankir\u00ee &#8211; L\u00eanih\u00ear\u00eena giran&#8221; p\u00ea\u015fwaz\u00ee dike.<\/p>\n<p>&nbsp;<\/p>\n<p><span class=\"embed-youtube\" style=\"text-align:center; display: block;\"><iframe loading=\"lazy\" class=\"youtube-player\" width=\"1500\" height=\"844\" src=\"https:\/\/www.youtube.com\/embed\/ir21qYWvX84?version=3&#038;rel=1&#038;showsearch=0&#038;showinfo=1&#038;iv_load_policy=1&#038;fs=1&#038;hl=ar&#038;autohide=2&#038;wmode=transparent\" allowfullscreen=\"true\" style=\"border:0;\" sandbox=\"allow-scripts allow-same-origin allow-popups allow-presentation allow-popups-to-escape-sandbox\"><\/iframe><\/span><\/p>\n","protected":false},"excerpt":{"rendered":"<p>Bi hevkariya Desteya Tenduristiy\u00ea, &nbsp;Navenda Kov\u00eed19&nbsp; a Heyva Sor a Kurd ji bo rew\u015f\u00ean gumankir\u00ee \u00fb nav\u00een hat veguhez\u00een \u00fb tev\u00ee&nbsp; nexwe\u015fxaneya &#8220;\u00ceadat\u00ean \u015eamel&#8221; a Covid 19 li bajar\u00ea Reqay\u00ea b\u00fb, nexwe\u015fxana ku her\u00ee daw\u00ee hat vekirin be\u015f\u00ean &#8220;Triage- t\u00east \u2013 rew\u015f\u00ean tekez \u2013 rew\u015f\u00ean &nbsp;gumankir\u00ee &#8211; L\u00eanih\u00ear\u00eena giran&#8221; p\u00ea\u015fwaz\u00ee dike. &nbsp;<\/p>\n","protected":false},"author":3,"featured_media":5672,"comment_status":"open","ping_status":"open","sticky":false,"template":"","format":"standard","meta":{"give_campaign_id":0,"ngg_post_thumbnail":0,"jetpack_post_was_ever_published":false,"_jetpack_newsletter_access":"","_jetpack_dont_email_post_to_subs":false,"_jetpack_newsletter_tier_id":0,"_jetpack_memberships_contains_paywalled_content":false,"_jetpack_memberships_contains_paid_content":false,"footnotes":"","jetpack_publicize_message":"","jetpack_publicize_feature_enabled":true,"jetpack_social_post_already_shared":true,"jetpack_social_options":{"image_generator_settings":{"template":"highway","default_image_id":0,"font":"","enabled":false},"version":2},"_links_to":"","_links_to_target":""},"categories":[848,846],"tags":[],"class_list":["post-5679","post","type-post","status-publish","format-standard","has-post-thumbnail","hentry","category-awarte","category-tenduristi"],"jetpack_publicize_connections":[],"jetpack_featured_media_url":"https:\/\/i0.wp.com\/hskurd.org\/wp-content\/uploads\/2021\/10\/%D9%85%D8%B4%D9%81%D9%89-%D9%83%D9%88%D9%81%D9%8A%D8%AF.jpg?fit=1235%2C598&ssl=1","jetpack-related-posts":[{"id":8697,"url":"https:\/\/hskurd.org\/?p=8697&lang=ku","url_meta":{"origin":5679,"position":0},"title":"Li her\u00eama Sebah El X\u00ear\u00ea navenda rew\u015f\u00ean awarte \u00fb lezg\u00een hat vekirin","author":"neruda","date":"1 \u0623\u0643\u062a\u0648\u0628\u0631\u060c 2024","format":false,"excerpt":"Di \u00e7ar\u00e7oveya berdewamiya hewldan\u00ean ji bo ba\u015ftirkirina xizmet\u00ean piz\u00ee\u015fk\u00ee \u00fb tenduristiy\u00ea, vekirina navendek n\u00fb ya lezg\u00een ji aliy\u00ea Heyva Sor a Kurd ve li devera Sebah El-X\u00ear, gaveke gir\u00eeng e ji bo bih\u00eazkirina bersiva piz\u00ee\u015fk\u00ee ya bilez li dever\u00ean ku p\u00eaw\u00eest\u0131ya wan b\u0131 van xizmet\u00ean heya. Ev navend li cihek\u00ee\u2026","rel":"","context":"\u0641\u064a &quot;Awarte&quot;","block_context":{"text":"Awarte","link":"https:\/\/hskurd.org\/?cat=848&lang=ku"},"img":{"alt_text":"","src":"https:\/\/i0.wp.com\/hskurd.org\/wp-content\/uploads\/2024\/09\/461113795_831525005809467_2368347656913464966_n.jpg?fit=1200%2C800&ssl=1&resize=350%2C200","width":350,"height":200,"srcset":"https:\/\/i0.wp.com\/hskurd.org\/wp-content\/uploads\/2024\/09\/461113795_831525005809467_2368347656913464966_n.jpg?fit=1200%2C800&ssl=1&resize=350%2C200 1x, https:\/\/i0.wp.com\/hskurd.org\/wp-content\/uploads\/2024\/09\/461113795_831525005809467_2368347656913464966_n.jpg?fit=1200%2C800&ssl=1&resize=525%2C300 1.5x, https:\/\/i0.wp.com\/hskurd.org\/wp-content\/uploads\/2024\/09\/461113795_831525005809467_2368347656913464966_n.jpg?fit=1200%2C800&ssl=1&resize=700%2C400 2x, https:\/\/i0.wp.com\/hskurd.org\/wp-content\/uploads\/2024\/09\/461113795_831525005809467_2368347656913464966_n.jpg?fit=1200%2C800&ssl=1&resize=1050%2C600 3x"},"classes":[]},{"id":6280,"url":"https:\/\/hskurd.org\/?p=6280&lang=ku","url_meta":{"origin":5679,"position":1},"title":"Navenda rew\u015f\u00ean awarte \u00fb lezg\u00een li Rqay\u00ea","author":"Sozdar","date":"6 \u064a\u0648\u0644\u064a\u0648\u060c 2022","format":false,"excerpt":"https:\/\/www.youtube.com\/watch?v=evCjyhixW5E Wek\u00ee gaveke din di nav hejmarek ji xizmet\u00ean tendurist\u00ee\u00a0 de ku em bi r\u00eaya\u00a0 gelek navendan li bajar\u00ea Reqay\u00ea p\u00ea\u015fk\u00ea\u015f dikin, navendeke taybet bi\u00a0 rew\u015f\u00ean awarte \u00fb lezg\u00een di 1 \u00ea N\u00eesana 2022 an de hate vekirin da ku em\u00a0 soza\u00a0 berdewamkirina\u00a0 berfirehiya giha\u015ftina gelek kesan \u00fb bilindkirina asta\u2026","rel":"","context":"\u0641\u064a &quot;Awarte&quot;","block_context":{"text":"Awarte","link":"https:\/\/hskurd.org\/?cat=848&lang=ku"},"img":{"alt_text":"","src":"https:\/\/i0.wp.com\/hskurd.org\/wp-content\/uploads\/2022\/07\/952A7142-copy-scaled.webp?fit=1200%2C800&ssl=1&resize=350%2C200","width":350,"height":200,"srcset":"https:\/\/i0.wp.com\/hskurd.org\/wp-content\/uploads\/2022\/07\/952A7142-copy-scaled.webp?fit=1200%2C800&ssl=1&resize=350%2C200 1x, https:\/\/i0.wp.com\/hskurd.org\/wp-content\/uploads\/2022\/07\/952A7142-copy-scaled.webp?fit=1200%2C800&ssl=1&resize=525%2C300 1.5x, https:\/\/i0.wp.com\/hskurd.org\/wp-content\/uploads\/2022\/07\/952A7142-copy-scaled.webp?fit=1200%2C800&ssl=1&resize=700%2C400 2x, https:\/\/i0.wp.com\/hskurd.org\/wp-content\/uploads\/2022\/07\/952A7142-copy-scaled.webp?fit=1200%2C800&ssl=1&resize=1050%2C600 3x"},"classes":[]},{"id":7173,"url":"https:\/\/hskurd.org\/?p=7173&lang=ku","url_meta":{"origin":5679,"position":2},"title":"N\u00fbkirina nexwe\u015fxaneya Avr\u00een\u00ea \u00fb ba\u015fkirina rew\u015fa tenduristiy\u00ea li \u015eehbay\u00ea","author":"Sozdar","date":"26 \u0623\u0628\u0631\u064a\u0644\u060c 2023","format":false,"excerpt":"\u00a0 Tev\u00ee rew\u015f\u00ean awarte y\u00ean ku her\u00eama \u015eahba t\u00ea re derbas dibe, t\u00eem\u00ean me di Heyva Sor a Kurd de dest bi projeya n\u00fbkirina nexwe\u015fxaneya Avr\u00een kirine, ku mehane 13 hezar nexwe\u015f ji her\u00eam \u00fb gund\u00ean \u015eehbay\u00ea serdana w\u00ea dikin ku rew\u015f\u00ean wan ji kl\u00een\u00eek \u00fb amb\u00fblansan, di nav de\u2026","rel":"","context":"\u0641\u064a &quot;Ge\u015fep\u00eadan&quot;","block_context":{"text":"Ge\u015fep\u00eadan","link":"https:\/\/hskurd.org\/?cat=862&lang=ku"},"img":{"alt_text":"","src":"https:\/\/i0.wp.com\/hskurd.org\/wp-content\/uploads\/2023\/04\/IMG_7618-scaled.jpg?fit=1200%2C800&ssl=1&resize=350%2C200","width":350,"height":200,"srcset":"https:\/\/i0.wp.com\/hskurd.org\/wp-content\/uploads\/2023\/04\/IMG_7618-scaled.jpg?fit=1200%2C800&ssl=1&resize=350%2C200 1x, https:\/\/i0.wp.com\/hskurd.org\/wp-content\/uploads\/2023\/04\/IMG_7618-scaled.jpg?fit=1200%2C800&ssl=1&resize=525%2C300 1.5x, https:\/\/i0.wp.com\/hskurd.org\/wp-content\/uploads\/2023\/04\/IMG_7618-scaled.jpg?fit=1200%2C800&ssl=1&resize=700%2C400 2x, https:\/\/i0.wp.com\/hskurd.org\/wp-content\/uploads\/2023\/04\/IMG_7618-scaled.jpg?fit=1200%2C800&ssl=1&resize=1050%2C600 3x"},"classes":[]},{"id":5953,"url":"https:\/\/hskurd.org\/?p=5953&lang=ku","url_meta":{"origin":5679,"position":3},"title":"Leheng\u00ea rew\u015f\u00ean awarte \u00fb lezg\u00een \u00fb \u00e7\u00eerok\u00ean saxb\u00fbna b\u00ea daw\u00ee","author":"Sozdar","date":"12 \u0623\u0628\u0631\u064a\u0644\u060c 2022","format":false,"excerpt":"https:\/\/www.youtube.com\/watch?v=xXIzIlt1AEQ \u00a0 l\u00ea v\u00ea car\u00ea ev rew\u015f ne wek\u00ee hem\u00fb rew\u015fan b\u00fb ku av\u00ea bi xay\u00eent\u00ee li du ke\u00e7en ciwan \u00ean ko\u00e7ber li kampa Ar\u00ee\u015fa n\u00eaz b\u00fb ku yek ji wan j\u00eeyana xwe ji dist da \u00fb Meryem a 19 sal\u00ee tev\u00ee rew\u015fa tenduristiya w\u00ea ya ne ba\u015f ji mil\u00ea\u2026","rel":"","context":"\u0641\u064a &quot;Awarte&quot;","block_context":{"text":"Awarte","link":"https:\/\/hskurd.org\/?cat=848&lang=ku"},"img":{"alt_text":"","src":"https:\/\/i0.wp.com\/hskurd.org\/wp-content\/uploads\/2022\/04\/%D8%A7%D9%84%D8%AA%D9%82%D8%A7%D8%B7.JPG01.jpg?fit=1057%2C591&ssl=1&resize=350%2C200","width":350,"height":200,"srcset":"https:\/\/i0.wp.com\/hskurd.org\/wp-content\/uploads\/2022\/04\/%D8%A7%D9%84%D8%AA%D9%82%D8%A7%D8%B7.JPG01.jpg?fit=1057%2C591&ssl=1&resize=350%2C200 1x, https:\/\/i0.wp.com\/hskurd.org\/wp-content\/uploads\/2022\/04\/%D8%A7%D9%84%D8%AA%D9%82%D8%A7%D8%B7.JPG01.jpg?fit=1057%2C591&ssl=1&resize=525%2C300 1.5x, https:\/\/i0.wp.com\/hskurd.org\/wp-content\/uploads\/2022\/04\/%D8%A7%D9%84%D8%AA%D9%82%D8%A7%D8%B7.JPG01.jpg?fit=1057%2C591&ssl=1&resize=700%2C400 2x, https:\/\/i0.wp.com\/hskurd.org\/wp-content\/uploads\/2022\/04\/%D8%A7%D9%84%D8%AA%D9%82%D8%A7%D8%B7.JPG01.jpg?fit=1057%2C591&ssl=1&resize=1050%2C600 3x"},"classes":[]},{"id":8561,"url":"https:\/\/hskurd.org\/?p=8561&lang=ku","url_meta":{"origin":5679,"position":4},"title":"Navenda rew\u015f\u00ean awarte \u00fb Lezg\u00een li Reqay\u00ea","author":"neruda","date":"8 \u0623\u063a\u0633\u0637\u0633\u060c 2024","format":false,"excerpt":"https:\/\/www.youtube.com\/watch?v=AE0bppjUJT0 \u00a0 S\u00eestema amb\u00fblans \u00fb hawar\u00e7\u00fbn\u00ea ya Heyva Sor a Kurd li bajar\u00ea Reqay\u00ea wek kevir\u00ea bingeh\u00een t\u00ea d\u00eetin di bersivday\u00eena lezg\u00een \u00fb r\u00eakar\u00ean pij\u00ee\u015fk\u00ee y\u00ean p\u00eaw\u00eest ji bo rizgarkirina jiyan\u00ea ji destp\u00eaka rizgarkirina bajar \u00fb gundewar\u00ean w\u00ea di sala 2018an de. Ku di v\u00ea dem\u00ea de gelek asteng\u00ee hat\u2026","rel":"","context":"\u0641\u064a &quot;Awarte&quot;","block_context":{"text":"Awarte","link":"https:\/\/hskurd.org\/?cat=848&lang=ku"},"img":{"alt_text":"","src":"https:\/\/i0.wp.com\/hskurd.org\/wp-content\/uploads\/2024\/08\/reqa.png?fit=1095%2C500&ssl=1&resize=350%2C200","width":350,"height":200,"srcset":"https:\/\/i0.wp.com\/hskurd.org\/wp-content\/uploads\/2024\/08\/reqa.png?fit=1095%2C500&ssl=1&resize=350%2C200 1x, https:\/\/i0.wp.com\/hskurd.org\/wp-content\/uploads\/2024\/08\/reqa.png?fit=1095%2C500&ssl=1&resize=525%2C300 1.5x, https:\/\/i0.wp.com\/hskurd.org\/wp-content\/uploads\/2024\/08\/reqa.png?fit=1095%2C500&ssl=1&resize=700%2C400 2x, https:\/\/i0.wp.com\/hskurd.org\/wp-content\/uploads\/2024\/08\/reqa.png?fit=1095%2C500&ssl=1&resize=1050%2C600 3x"},"classes":[]},{"id":461,"url":"https:\/\/hskurd.org\/?p=461&lang=ku","url_meta":{"origin":5679,"position":5},"title":"Navenda Heyva Sor A Kurd Xala Bilbil\u00ea","author":"heyvasorakurd","date":"28 \u064a\u0646\u0627\u064a\u0631\u060c 2017","format":false,"excerpt":"Xala Bilbil\u00ea Xala Bilbl\u00ea li Efr\u00een\u00ea li nav\u00e7eya Bilbil\u00ea xebat dike , di cotmeha sala 2013\u2019 an de hatib\u00fb vekirin . Xala Bilbil\u00ea weke hem\u00fb xal\u00ean Heyva Sor A Kurd kar dike , destp\u00eak\u00ea xebat\u00ean l\u00eakol\u00een\u00ea bi malbat\u00ean xizan \u00fb rew\u015f\u00ean taybet\u00ee de dest p\u00eakir , pi\u015ftre xebat\u00ean li ser\u2026","rel":"","context":"\u0641\u064a &quot;b\u00ea kategoriyan&quot;","block_context":{"text":"b\u00ea kategoriyan","link":"https:\/\/hskurd.org\/?cat=85&lang=ku"},"img":{"alt_text":"","src":"https:\/\/i0.wp.com\/hskurd.org\/wp-content\/uploads\/2017\/01\/10-1.jpg?fit=1032%2C581&ssl=1&resize=350%2C200","width":350,"height":200,"srcset":"https:\/\/i0.wp.com\/hskurd.org\/wp-content\/uploads\/2017\/01\/10-1.jpg?fit=1032%2C581&ssl=1&resize=350%2C200 1x, https:\/\/i0.wp.com\/hskurd.org\/wp-content\/uploads\/2017\/01\/10-1.jpg?fit=1032%2C581&ssl=1&resize=525%2C300 1.5x, https:\/\/i0.wp.com\/hskurd.org\/wp-content\/uploads\/2017\/01\/10-1.jpg?fit=1032%2C581&ssl=1&resize=700%2C400 2x"},"classes":[]}],"jetpack_sharing_enabled":true,"_links":{"self":[{"href":"https:\/\/hskurd.org\/index.php?rest_route=\/wp\/v2\/posts\/5679","targetHints":{"allow":["GET"]}}],"collection":[{"href":"https:\/\/hskurd.org\/index.php?rest_route=\/wp\/v2\/posts"}],"about":[{"href":"https:\/\/hskurd.org\/index.php?rest_route=\/wp\/v2\/types\/post"}],"author":[{"embeddable":true,"href":"https:\/\/hskurd.org\/index.php?rest_route=\/wp\/v2\/users\/3"}],"replies":[{"embeddable":true,"href":"https:\/\/hskurd.org\/index.php?rest_route=%2Fwp%2Fv2%2Fcomments&post=5679"}],"version-history":[{"count":2,"href":"https:\/\/hskurd.org\/index.php?rest_route=\/wp\/v2\/posts\/5679\/revisions"}],"predecessor-version":[{"id":5681,"href":"https:\/\/hskurd.org\/index.php?rest_route=\/wp\/v2\/posts\/5679\/revisions\/5681"}],"wp:featuredmedia":[{"embeddable":true,"href":"https:\/\/hskurd.org\/index.php?rest_route=\/wp\/v2\/media\/5672"}],"wp:attachment":[{"href":"https:\/\/hskurd.org\/index.php?rest_route=%2Fwp%2Fv2%2Fmedia&parent=5679"}],"wp:term":[{"taxonomy":"category","embeddable":true,"href":"https:\/\/hskurd.org\/index.php?rest_route=%2Fwp%2Fv2%2Fcategories&post=5679"},{"taxonomy":"post_tag","embeddable":true,"href":"https:\/\/hskurd.org\/index.php?rest_route=%2Fwp%2Fv2%2Ftags&post=5679"}],"curies":[{"name":"wp","href":"https:\/\/api.w.org\/{rel}","templated":true}]}}