{"id":5661,"date":"2021-09-12T14:13:21","date_gmt":"2021-09-12T11:13:21","guid":{"rendered":"https:\/\/hskurd.org\/?p=5661"},"modified":"2021-09-12T14:13:21","modified_gmt":"2021-09-12T11:13:21","slug":"vaksinledana-covid-19","status":"publish","type":"post","link":"https:\/\/hskurd.org\/?p=5661&lang=ku","title":{"rendered":"Vaks\u00eenl\u00eadana covid -19"},"content":{"rendered":"<div dir=\"auto\">Dest bi parastina xwe ji Covid-19 bike<\/div>\n<div dir=\"auto\">\u00fb vaks\u00een\u00ea li van navendan werbigre :<\/div>\n<div dir=\"auto\"><a href=\"https:\/\/hskurd.org\/wp-content\/uploads\/2021\/09\/\u0645\u0631\u0627\u0643\u0632-\u062a\u0637\u0639\u064a\u0645-\u0627\u0644\u0644\u0642\u0627\u062d.pdf\">\u0645\u0631\u0627\u0643\u0632 \u062a\u0637\u0639\u064a\u0645 \u0627\u0644\u0644\u0642\u0627\u062d<\/a><\/div>\n","protected":false},"excerpt":{"rendered":"<p>Dest bi parastina xwe ji Covid-19 bike \u00fb vaks\u00een\u00ea li van navendan werbigre : \u0645\u0631\u0627\u0643\u0632 \u062a\u0637\u0639\u064a\u0645 \u0627\u0644\u0644\u0642\u0627\u062d<\/p>\n","protected":false},"author":3,"featured_media":5655,"comment_status":"open","ping_status":"open","sticky":false,"template":"","format":"standard","meta":{"give_campaign_id":0,"ngg_post_thumbnail":0,"jetpack_post_was_ever_published":false,"_jetpack_newsletter_access":"","_jetpack_dont_email_post_to_subs":false,"_jetpack_newsletter_tier_id":0,"_jetpack_memberships_contains_paywalled_content":false,"_jetpack_memberships_contains_paid_content":false,"footnotes":"","jetpack_publicize_message":"","jetpack_publicize_feature_enabled":true,"jetpack_social_post_already_shared":true,"jetpack_social_options":{"image_generator_settings":{"template":"highway","default_image_id":0,"font":"","enabled":false},"version":2},"_links_to":"","_links_to_target":""},"categories":[862,844,846],"tags":[],"class_list":["post-5661","post","type-post","status-publish","format-standard","has-post-thumbnail","hentry","category-gesepedan","category-perwerdehiya-tenduristi","category-tenduristi"],"jetpack_publicize_connections":[],"jetpack_featured_media_url":"https:\/\/i0.wp.com\/hskurd.org\/wp-content\/uploads\/2021\/09\/vaksin.jpg?fit=2400%2C2000&ssl=1","jetpack-related-posts":[{"id":5679,"url":"https:\/\/hskurd.org\/?p=5679&lang=ku","url_meta":{"origin":5661,"position":0},"title":"Nexwe\u015fxaneya Kov\u00eed19 a n\u00fb li bajr\u00ea Reqay\u00ea dest bi kar dike","author":"Sozdar","date":"13 \u0623\u0643\u062a\u0648\u0628\u0631\u060c 2021","format":false,"excerpt":"Bi hevkariya Desteya Tenduristiy\u00ea, \u00a0Navenda Kov\u00eed19\u00a0 a Heyva Sor a Kurd ji bo rew\u015f\u00ean gumankir\u00ee \u00fb nav\u00een hat veguhez\u00een \u00fb tev\u00ee\u00a0 nexwe\u015fxaneya \"\u00ceadat\u00ean \u015eamel\" a Covid 19 li bajar\u00ea Reqay\u00ea b\u00fb, nexwe\u015fxana ku her\u00ee daw\u00ee hat vekirin be\u015f\u00ean \"Triage- t\u00east \u2013 rew\u015f\u00ean tekez \u2013 rew\u015f\u00ean \u00a0gumankir\u00ee - L\u00eanih\u00ear\u00eena giran\" p\u00ea\u015fwaz\u00ee\u2026","rel":"","context":"\u0641\u064a &quot;Awarte&quot;","block_context":{"text":"Awarte","link":"https:\/\/hskurd.org\/?cat=848&lang=ku"},"img":{"alt_text":"","src":"https:\/\/i0.wp.com\/hskurd.org\/wp-content\/uploads\/2021\/10\/%D9%85%D8%B4%D9%81%D9%89-%D9%83%D9%88%D9%81%D9%8A%D8%AF.jpg?fit=1200%2C581&ssl=1&resize=350%2C200","width":350,"height":200,"srcset":"https:\/\/i0.wp.com\/hskurd.org\/wp-content\/uploads\/2021\/10\/%D9%85%D8%B4%D9%81%D9%89-%D9%83%D9%88%D9%81%D9%8A%D8%AF.jpg?fit=1200%2C581&ssl=1&resize=350%2C200 1x, https:\/\/i0.wp.com\/hskurd.org\/wp-content\/uploads\/2021\/10\/%D9%85%D8%B4%D9%81%D9%89-%D9%83%D9%88%D9%81%D9%8A%D8%AF.jpg?fit=1200%2C581&ssl=1&resize=525%2C300 1.5x, https:\/\/i0.wp.com\/hskurd.org\/wp-content\/uploads\/2021\/10\/%D9%85%D8%B4%D9%81%D9%89-%D9%83%D9%88%D9%81%D9%8A%D8%AF.jpg?fit=1200%2C581&ssl=1&resize=700%2C400 2x, https:\/\/i0.wp.com\/hskurd.org\/wp-content\/uploads\/2021\/10\/%D9%85%D8%B4%D9%81%D9%89-%D9%83%D9%88%D9%81%D9%8A%D8%AF.jpg?fit=1200%2C581&ssl=1&resize=1050%2C600 3x"},"classes":[]},{"id":8521,"url":"https:\/\/hskurd.org\/?p=8521&lang=ku","url_meta":{"origin":5661,"position":1},"title":"AV J\u0130 BO HEZAR\u00caN PENABERAN L\u0130 KAMP\u00caN SHEHBA T\u00ca PEYDAK\u0130R\u0130N","author":"neruda","date":"30 \u064a\u0648\u0644\u064a\u0648\u060c 2024","format":false,"excerpt":"\u00a0 Heyva Sor a Kurd bi pi\u015ftgir\u00ee \u00fb hevkariya \u00a0Area Metropolitana de Barcelona (AMB) \u00a0\u00fb Mezzaluna Rossa Kurdistan Italia Onlus \u00a0\u00eensiyat\u00eefeke gir\u00eeng ji bo avakirina du b\u00eer\u00ean ku bi s\u00eestema enerjiya roj\u00ea hatine amadekirin, p\u00eak an\u00ee. Armanc\u00ean v\u00ea projey\u00ea ew e ku \u00e7areseriy\u00ean domdar peyda bike da ku bigih\u00eejin ava\u2026","rel":"","context":"\u0641\u064a &quot;Be\u015f\u00ea WASH&quot;","block_context":{"text":"Be\u015f\u00ea WASH","link":"https:\/\/hskurd.org\/?cat=855&lang=ku"},"img":{"alt_text":"","src":"https:\/\/i0.wp.com\/hskurd.org\/wp-content\/uploads\/2024\/07\/IMG_20240730_141556_250.jpg?fit=1200%2C800&ssl=1&resize=350%2C200","width":350,"height":200,"srcset":"https:\/\/i0.wp.com\/hskurd.org\/wp-content\/uploads\/2024\/07\/IMG_20240730_141556_250.jpg?fit=1200%2C800&ssl=1&resize=350%2C200 1x, https:\/\/i0.wp.com\/hskurd.org\/wp-content\/uploads\/2024\/07\/IMG_20240730_141556_250.jpg?fit=1200%2C800&ssl=1&resize=525%2C300 1.5x, https:\/\/i0.wp.com\/hskurd.org\/wp-content\/uploads\/2024\/07\/IMG_20240730_141556_250.jpg?fit=1200%2C800&ssl=1&resize=700%2C400 2x, https:\/\/i0.wp.com\/hskurd.org\/wp-content\/uploads\/2024\/07\/IMG_20240730_141556_250.jpg?fit=1200%2C800&ssl=1&resize=1050%2C600 3x"},"classes":[]},{"id":6724,"url":"https:\/\/hskurd.org\/?p=6724&lang=ku","url_meta":{"origin":5661,"position":2},"title":"Kampanya belavkirina bro\u015furan li Kantona Hesek\u00ea","author":"Sozdar","date":"19 \u0623\u0643\u062a\u0648\u0628\u0631\u060c 2022","format":false,"excerpt":"Di \u00e7ar\u00e7oveya kampanya (J\u00eeyan\u00ea nekuje.. xwe bipar\u00eaze) belavkirina bro\u015furan li bajar\u00ean Til Temir - Dirb\u00easiy\u00ea - \u015eedad\u00ea y\u00ean gir\u00eaday\u00ee Kantona Hesek\u00ea .","rel":"","context":"\u0641\u064a &quot;Perwerdehiya tendurist\u00ee&quot;","block_context":{"text":"Perwerdehiya tendurist\u00ee","link":"https:\/\/hskurd.org\/?cat=844&lang=ku"},"img":{"alt_text":"","src":"https:\/\/i0.wp.com\/hskurd.org\/wp-content\/uploads\/2022\/10\/DSC_9614-scaled.jpg?fit=1200%2C800&ssl=1&resize=350%2C200","width":350,"height":200,"srcset":"https:\/\/i0.wp.com\/hskurd.org\/wp-content\/uploads\/2022\/10\/DSC_9614-scaled.jpg?fit=1200%2C800&ssl=1&resize=350%2C200 1x, https:\/\/i0.wp.com\/hskurd.org\/wp-content\/uploads\/2022\/10\/DSC_9614-scaled.jpg?fit=1200%2C800&ssl=1&resize=525%2C300 1.5x, https:\/\/i0.wp.com\/hskurd.org\/wp-content\/uploads\/2022\/10\/DSC_9614-scaled.jpg?fit=1200%2C800&ssl=1&resize=700%2C400 2x, https:\/\/i0.wp.com\/hskurd.org\/wp-content\/uploads\/2022\/10\/DSC_9614-scaled.jpg?fit=1200%2C800&ssl=1&resize=1050%2C600 3x"},"classes":[]},{"id":5622,"url":"https:\/\/hskurd.org\/?p=5622&lang=ku","url_meta":{"origin":5661,"position":3},"title":"\u00c7i vaksl\u00eadana Covid19 a her\u00ee ba\u015f e?","author":"heyvasorakurd","date":"19 \u0623\u063a\u0633\u0637\u0633\u060c 2021","format":false,"excerpt":"\"vaksl\u00eadana her\u00ee ba\u015f ya ku her\u00ee p\u00ea\u015f tu destbigre\" https:\/\/www.youtube.com\/watch?v=IfIhxQauLWI","rel":"","context":"\u0641\u064a &quot;Perwerdehiya tendurist\u00ee&quot;","block_context":{"text":"Perwerdehiya tendurist\u00ee","link":"https:\/\/hskurd.org\/?cat=844&lang=ku"},"img":{"alt_text":"","src":"https:\/\/i0.wp.com\/hskurd.org\/wp-content\/uploads\/2021\/08\/%D9%84%D9%82%D8%A7%D8%AD-01.00_00_01_06.Still001.jpg?fit=1200%2C675&ssl=1&resize=350%2C200","width":350,"height":200,"srcset":"https:\/\/i0.wp.com\/hskurd.org\/wp-content\/uploads\/2021\/08\/%D9%84%D9%82%D8%A7%D8%AD-01.00_00_01_06.Still001.jpg?fit=1200%2C675&ssl=1&resize=350%2C200 1x, https:\/\/i0.wp.com\/hskurd.org\/wp-content\/uploads\/2021\/08\/%D9%84%D9%82%D8%A7%D8%AD-01.00_00_01_06.Still001.jpg?fit=1200%2C675&ssl=1&resize=525%2C300 1.5x, https:\/\/i0.wp.com\/hskurd.org\/wp-content\/uploads\/2021\/08\/%D9%84%D9%82%D8%A7%D8%AD-01.00_00_01_06.Still001.jpg?fit=1200%2C675&ssl=1&resize=700%2C400 2x, https:\/\/i0.wp.com\/hskurd.org\/wp-content\/uploads\/2021\/08\/%D9%84%D9%82%D8%A7%D8%AD-01.00_00_01_06.Still001.jpg?fit=1200%2C675&ssl=1&resize=1050%2C600 3x"},"classes":[]},{"id":10039,"url":"https:\/\/hskurd.org\/?p=10039&lang=ku","url_meta":{"origin":5661,"position":4},"title":"Rojek sax ji dermankirina Feysel li nexwe\u015fxaneya Onkoloj\u00ee , \u015eewat \u00fb Telas\u00eemiya","author":"neruda","date":"2 \u062f\u064a\u0633\u0645\u0628\u0631\u060c 2024","format":false,"excerpt":"Feysel \u00ea 19 sal\u00ee, ev n\u00eaz\u00ee salek\u00ea ye ku li Nexwe\u015fxaneya Onkoloj\u00ee, \u015fewat \u00fb Telas\u00eemiyay\u00ea y a Gir\u00eaday\u00ee Heyva Sor a Kurd xizmeta bij\u00ee\u015fk\u00ee dist\u00eene. Pi\u015ft\u00ee ku w\u00ee ev tecrube jiyan kir, xwest ku em rojek\u00ea sax ji dermankirina w\u00ee wek be\u015fek\u00ee ji jiyana w\u00ee ya rojane bib\u00eenin. Ne ten\u00ea\u2026","rel":"","context":"\u0641\u064a &quot;\u00c7\u00eerok&quot;","block_context":{"text":"\u00c7\u00eerok","link":"https:\/\/hskurd.org\/?cat=831&lang=ku"},"img":{"alt_text":"","src":"https:\/\/i0.wp.com\/hskurd.org\/wp-content\/uploads\/2024\/12\/MVI_5931-copy.jpg?fit=1200%2C675&ssl=1&resize=350%2C200","width":350,"height":200,"srcset":"https:\/\/i0.wp.com\/hskurd.org\/wp-content\/uploads\/2024\/12\/MVI_5931-copy.jpg?fit=1200%2C675&ssl=1&resize=350%2C200 1x, https:\/\/i0.wp.com\/hskurd.org\/wp-content\/uploads\/2024\/12\/MVI_5931-copy.jpg?fit=1200%2C675&ssl=1&resize=525%2C300 1.5x, https:\/\/i0.wp.com\/hskurd.org\/wp-content\/uploads\/2024\/12\/MVI_5931-copy.jpg?fit=1200%2C675&ssl=1&resize=700%2C400 2x, https:\/\/i0.wp.com\/hskurd.org\/wp-content\/uploads\/2024\/12\/MVI_5931-copy.jpg?fit=1200%2C675&ssl=1&resize=1050%2C600 3x"},"classes":[]},{"id":5098,"url":"https:\/\/hskurd.org\/?p=5098&lang=ku","url_meta":{"origin":5661,"position":5},"title":"Navend \u00fb nexwe\u015fxaney\u00ean Kov\u00eed19","author":"Sozdar","date":"8 \u062f\u064a\u0633\u0645\u0628\u0631\u060c 2020","format":false,"excerpt":"https:\/\/youtu.be\/AFRph_Pgddk Bi belavb\u00fbna vayr\u00fbsa Kov\u00eed-19 re bersiva me ya tendurst\u00ee ne ten\u00ea hejmar\u00ean germ y\u00ean gir\u00eaday\u00ee odeya emeliyatan, navend\u00ean rew\u015f\u00ean awarte \u00fb lezg\u00een ji bo nexwe\u015f\u00ean Korona , kon\u00ean tecr\u00eeda nexwe\u015fan li ber hem\u00fb navend\u00ean tendurst\u00ee yan j\u00ee kampaniy\u00ean perwerdekirn\u00ea b\u00fbn , hewcedariya navend \u00fb nexwe\u015fxaney\u00ean taybet ji bo Kov\u00eed\u2026","rel":"","context":"\u0641\u064a &quot;Awarte&quot;","block_context":{"text":"Awarte","link":"https:\/\/hskurd.org\/?cat=848&lang=ku"},"img":{"alt_text":"","src":"https:\/\/i0.wp.com\/hskurd.org\/wp-content\/uploads\/2020\/12\/%D8%A7%D9%82%D8%B3%D8%A7%D9%85-%D9%83%D9%88%D9%81%D9%8A%D8%AF-2.jpg?fit=1066%2C594&ssl=1&resize=350%2C200","width":350,"height":200,"srcset":"https:\/\/i0.wp.com\/hskurd.org\/wp-content\/uploads\/2020\/12\/%D8%A7%D9%82%D8%B3%D8%A7%D9%85-%D9%83%D9%88%D9%81%D9%8A%D8%AF-2.jpg?fit=1066%2C594&ssl=1&resize=350%2C200 1x, https:\/\/i0.wp.com\/hskurd.org\/wp-content\/uploads\/2020\/12\/%D8%A7%D9%82%D8%B3%D8%A7%D9%85-%D9%83%D9%88%D9%81%D9%8A%D8%AF-2.jpg?fit=1066%2C594&ssl=1&resize=525%2C300 1.5x, https:\/\/i0.wp.com\/hskurd.org\/wp-content\/uploads\/2020\/12\/%D8%A7%D9%82%D8%B3%D8%A7%D9%85-%D9%83%D9%88%D9%81%D9%8A%D8%AF-2.jpg?fit=1066%2C594&ssl=1&resize=700%2C400 2x, https:\/\/i0.wp.com\/hskurd.org\/wp-content\/uploads\/2020\/12\/%D8%A7%D9%82%D8%B3%D8%A7%D9%85-%D9%83%D9%88%D9%81%D9%8A%D8%AF-2.jpg?fit=1066%2C594&ssl=1&resize=1050%2C600 3x"},"classes":[]}],"jetpack_sharing_enabled":true,"_links":{"self":[{"href":"https:\/\/hskurd.org\/index.php?rest_route=\/wp\/v2\/posts\/5661","targetHints":{"allow":["GET"]}}],"collection":[{"href":"https:\/\/hskurd.org\/index.php?rest_route=\/wp\/v2\/posts"}],"about":[{"href":"https:\/\/hskurd.org\/index.php?rest_route=\/wp\/v2\/types\/post"}],"author":[{"embeddable":true,"href":"https:\/\/hskurd.org\/index.php?rest_route=\/wp\/v2\/users\/3"}],"replies":[{"embeddable":true,"href":"https:\/\/hskurd.org\/index.php?rest_route=%2Fwp%2Fv2%2Fcomments&post=5661"}],"version-history":[{"count":2,"href":"https:\/\/hskurd.org\/index.php?rest_route=\/wp\/v2\/posts\/5661\/revisions"}],"predecessor-version":[{"id":5664,"href":"https:\/\/hskurd.org\/index.php?rest_route=\/wp\/v2\/posts\/5661\/revisions\/5664"}],"wp:featuredmedia":[{"embeddable":true,"href":"https:\/\/hskurd.org\/index.php?rest_route=\/wp\/v2\/media\/5655"}],"wp:attachment":[{"href":"https:\/\/hskurd.org\/index.php?rest_route=%2Fwp%2Fv2%2Fmedia&parent=5661"}],"wp:term":[{"taxonomy":"category","embeddable":true,"href":"https:\/\/hskurd.org\/index.php?rest_route=%2Fwp%2Fv2%2Fcategories&post=5661"},{"taxonomy":"post_tag","embeddable":true,"href":"https:\/\/hskurd.org\/index.php?rest_route=%2Fwp%2Fv2%2Ftags&post=5661"}],"curies":[{"name":"wp","href":"https:\/\/api.w.org\/{rel}","templated":true}]}}