{"id":5622,"date":"2021-08-19T15:03:49","date_gmt":"2021-08-19T12:03:49","guid":{"rendered":"https:\/\/hskurd.org\/?p=5622"},"modified":"2021-08-19T15:03:49","modified_gmt":"2021-08-19T12:03:49","slug":"ci-vaksledana-covid19-a-heri-bas-e","status":"publish","type":"post","link":"https:\/\/hskurd.org\/?p=5622&lang=ku","title":{"rendered":"\u00c7i vaksl\u00eadana Covid19 a her\u00ee ba\u015f e?"},"content":{"rendered":"<p>&#8220;vaksl\u00eadana her\u00ee ba\u015f ya ku her\u00ee p\u00ea\u015f tu destbigre&#8221;<\/p>\n<p><span class=\"embed-youtube\" style=\"text-align:center; display: block;\"><iframe loading=\"lazy\" class=\"youtube-player\" width=\"1500\" height=\"844\" src=\"https:\/\/www.youtube.com\/embed\/IfIhxQauLWI?version=3&#038;rel=1&#038;showsearch=0&#038;showinfo=1&#038;iv_load_policy=1&#038;fs=1&#038;hl=ar&#038;autohide=2&#038;wmode=transparent\" allowfullscreen=\"true\" style=\"border:0;\" sandbox=\"allow-scripts allow-same-origin allow-popups allow-presentation allow-popups-to-escape-sandbox\"><\/iframe><\/span><\/p>\n","protected":false},"excerpt":{"rendered":"<p>&#8220;vaksl\u00eadana her\u00ee ba\u015f ya ku her\u00ee p\u00ea\u015f tu destbigre&#8221;<\/p>\n","protected":false},"author":2,"featured_media":5616,"comment_status":"open","ping_status":"open","sticky":false,"template":"","format":"standard","meta":{"give_campaign_id":0,"ngg_post_thumbnail":0,"jetpack_post_was_ever_published":false,"_jetpack_newsletter_access":"","_jetpack_dont_email_post_to_subs":false,"_jetpack_newsletter_tier_id":0,"_jetpack_memberships_contains_paywalled_content":false,"_jetpack_memberships_contains_paid_content":false,"footnotes":"","jetpack_publicize_message":"","jetpack_publicize_feature_enabled":true,"jetpack_social_post_already_shared":true,"jetpack_social_options":{"image_generator_settings":{"template":"highway","default_image_id":0,"font":"","enabled":false},"version":2},"_links_to":"","_links_to_target":""},"categories":[844],"tags":[1045],"class_list":["post-5622","post","type-post","status-publish","format-standard","has-post-thumbnail","hentry","category-perwerdehiya-tenduristi","tag-vaksledana_covid_19"],"jetpack_publicize_connections":[],"jetpack_featured_media_url":"https:\/\/i0.wp.com\/hskurd.org\/wp-content\/uploads\/2021\/08\/%D9%84%D9%82%D8%A7%D8%AD-01.00_00_01_06.Still001.jpg?fit=1920%2C1080&ssl=1","jetpack-related-posts":[{"id":5885,"url":"https:\/\/hskurd.org\/?p=5885&lang=ku","url_meta":{"origin":5622,"position":0},"title":"\u015eeh\u00eed Basim Muhemed &#8221; \u015eeh\u00eed\u00ea Mirovatiy\u00ea &#8220;","author":"Sozdar","date":"30 \u064a\u0646\u0627\u064a\u0631\u060c 2022","format":false,"excerpt":"Bi xemg\u00eeniyeke mezin me n\u00fb\u00e7eya \u015feh\u00eedb\u00fbna heval\u00ea xwe Basem Mihemed wergirt, ku di encama gulebaranek\u00ea de dema ku w\u00ee li navenda sereke ya Heyva Sor a Kurd li Kampa Hol\u00ea erk\u00ea xwe ye mirov\u00ee p\u00eak di an\u00ee. Tev\u00ee hem\u00fb hewldan\u00ean ku heval\u00ean me dan ta Basim jiyana xwe ji dest\u2026","rel":"","context":"\u0641\u064a &quot;Awarte&quot;","block_context":{"text":"Awarte","link":"https:\/\/hskurd.org\/?cat=848&lang=ku"},"img":{"alt_text":"","src":"https:\/\/i0.wp.com\/hskurd.org\/wp-content\/uploads\/2022\/01\/g.jpg?fit=800%2C1200&ssl=1&resize=350%2C200","width":350,"height":200,"srcset":"https:\/\/i0.wp.com\/hskurd.org\/wp-content\/uploads\/2022\/01\/g.jpg?fit=800%2C1200&ssl=1&resize=350%2C200 1x, https:\/\/i0.wp.com\/hskurd.org\/wp-content\/uploads\/2022\/01\/g.jpg?fit=800%2C1200&ssl=1&resize=525%2C300 1.5x, https:\/\/i0.wp.com\/hskurd.org\/wp-content\/uploads\/2022\/01\/g.jpg?fit=800%2C1200&ssl=1&resize=700%2C400 2x"},"classes":[]},{"id":6788,"url":"https:\/\/hskurd.org\/?p=6788&lang=ku","url_meta":{"origin":5622,"position":1},"title":"La\u015fmanya \u00fb dermankirina w\u00ea li navend\u00ean Heyva Sor a Kurd","author":"Sozdar","date":"10 \u0646\u0648\u0641\u0645\u0628\u0631\u060c 2022","format":false,"excerpt":"Di van dem\u00ean daw\u00een de gelek axaftin li ser belavb\u00fbna la\u015fmanyay\u00ea di nav ko\u00e7ber\u00ean s\u00fbriy\u00ea de li hem\u00ee teminan b\u00eatir\u00ee deverek\u00ee penaber b\u00fby\u00ee hene, ew nexwe\u015fiyeke \u00e7erm e ku bandor\u00ea li hem\u00fb kom\u00ean temam dike \u00fb di forma nod\u00fbleya sor de xuya dike, ku dibe sedema bir\u00een\u00ean ulserat\u00ee heta \u00e7end\u2026","rel":"","context":"\u0641\u064a &quot;Rapor&quot;","block_context":{"text":"Rapor","link":"https:\/\/hskurd.org\/?cat=206&lang=ku"},"img":{"alt_text":"","src":"https:\/\/i0.wp.com\/hskurd.org\/wp-content\/uploads\/2022\/11\/952A9945-scaled.jpg?fit=1200%2C800&ssl=1&resize=350%2C200","width":350,"height":200,"srcset":"https:\/\/i0.wp.com\/hskurd.org\/wp-content\/uploads\/2022\/11\/952A9945-scaled.jpg?fit=1200%2C800&ssl=1&resize=350%2C200 1x, https:\/\/i0.wp.com\/hskurd.org\/wp-content\/uploads\/2022\/11\/952A9945-scaled.jpg?fit=1200%2C800&ssl=1&resize=525%2C300 1.5x, https:\/\/i0.wp.com\/hskurd.org\/wp-content\/uploads\/2022\/11\/952A9945-scaled.jpg?fit=1200%2C800&ssl=1&resize=700%2C400 2x, https:\/\/i0.wp.com\/hskurd.org\/wp-content\/uploads\/2022\/11\/952A9945-scaled.jpg?fit=1200%2C800&ssl=1&resize=1050%2C600 3x"},"classes":[]},{"id":5706,"url":"https:\/\/hskurd.org\/?p=5706&lang=ku","url_meta":{"origin":5622,"position":2},"title":"\u00c7alakiy\u00ean hemleya rakirina \u015eideta li ser jin\u00ea","author":"Sozdar","date":"16 \u062f\u064a\u0633\u0645\u0628\u0631\u060c 2021","format":false,"excerpt":"\u015eideta li ser jin \u00fb zarok\u00ean ke\u00e7 binp\u00eakirina maf\u00ea mirovan a her\u00ee z\u00eade li c\u00eehan\u00ea t\u00ea kirin, di rapor\u00ean her\u00ee daw\u00ee de \u00ean ku hatine ragihandin, her\u00ee k\u00eam yek ji s\u00ea jinan k\u00eaman\u00ee carek\u00ea ji hevj\u00een\u00ea xwe an j\u00ee ne hevpar\u00ea xwe rast\u00ee \u015f\u00eedeta f\u00eez\u00eek\u00ee ya zayend\u00ee hatine. Di v\u00ea\u2026","rel":"","context":"\u0641\u064a &quot;Parastin&quot;","block_context":{"text":"Parastin","link":"https:\/\/hskurd.org\/?cat=840&lang=ku"},"img":{"alt_text":"","src":"https:\/\/i0.wp.com\/hskurd.org\/wp-content\/uploads\/2021\/12\/IMG-20211212-WA0030-1.jpg?fit=768%2C1024&ssl=1&resize=350%2C200","width":350,"height":200,"srcset":"https:\/\/i0.wp.com\/hskurd.org\/wp-content\/uploads\/2021\/12\/IMG-20211212-WA0030-1.jpg?fit=768%2C1024&ssl=1&resize=350%2C200 1x, https:\/\/i0.wp.com\/hskurd.org\/wp-content\/uploads\/2021\/12\/IMG-20211212-WA0030-1.jpg?fit=768%2C1024&ssl=1&resize=525%2C300 1.5x, https:\/\/i0.wp.com\/hskurd.org\/wp-content\/uploads\/2021\/12\/IMG-20211212-WA0030-1.jpg?fit=768%2C1024&ssl=1&resize=700%2C400 2x"},"classes":[]},{"id":8378,"url":"https:\/\/hskurd.org\/?p=8378&lang=ku","url_meta":{"origin":5622,"position":3},"title":"Heyva Sor a Kurd xizmet\u00ean xwe p\u00ea\u015fk\u00ea\u015f\u00ee her\u00eam\u00ean her\u00ee d\u00fbr j\u00ee dike","author":"neruda","date":"16 \u0645\u0627\u064a\u0648\u060c 2024","format":false,"excerpt":"Ji ber ku peydakirina xizmet \u00fb l\u00eanih\u00ear\u00eena tendurist\u00ee \u00fb piz\u00ee\u015fk\u00ee ya berdest e xaleke serekeye, taybet li dever\u00ean her\u00ee d\u00fbr j\u00ee, kl\u00een\u00eek\u00ean Navenda Heyva Sor a Kurd (hundir\u00een - jin \u2013 zarok- rew\u015f\u00ean awerte) li kampa Eb\u00fb Xe\u015feb ku li gundewar\u00ea bakur\u00ea rojavay\u00ea D\u00earezor\u00ea dikeve ,xizmet\u00ean xwe p\u00ea\u015fk\u00ea\u015f dikin. ji\u2026","rel":"","context":"\u0641\u064a &quot;Awarte&quot;","block_context":{"text":"Awarte","link":"https:\/\/hskurd.org\/?cat=848&lang=ku"},"img":{"alt_text":"","src":"https:\/\/i0.wp.com\/hskurd.org\/wp-content\/uploads\/2024\/05\/442437327_749794957315806_1622463212780214570_n.jpg?fit=1200%2C800&ssl=1&resize=350%2C200","width":350,"height":200,"srcset":"https:\/\/i0.wp.com\/hskurd.org\/wp-content\/uploads\/2024\/05\/442437327_749794957315806_1622463212780214570_n.jpg?fit=1200%2C800&ssl=1&resize=350%2C200 1x, https:\/\/i0.wp.com\/hskurd.org\/wp-content\/uploads\/2024\/05\/442437327_749794957315806_1622463212780214570_n.jpg?fit=1200%2C800&ssl=1&resize=525%2C300 1.5x, https:\/\/i0.wp.com\/hskurd.org\/wp-content\/uploads\/2024\/05\/442437327_749794957315806_1622463212780214570_n.jpg?fit=1200%2C800&ssl=1&resize=700%2C400 2x, https:\/\/i0.wp.com\/hskurd.org\/wp-content\/uploads\/2024\/05\/442437327_749794957315806_1622463212780214570_n.jpg?fit=1200%2C800&ssl=1&resize=1050%2C600 3x"},"classes":[]},{"id":8811,"url":"https:\/\/hskurd.org\/?p=8811&lang=ku","url_meta":{"origin":5622,"position":4},"title":"&#8220;Em ji bo nexwe\u015f\u00ean Pence\u015f\u00ear \u00fb Telas\u00eemiyay\u00ea bibin al\u00eekar&#8221; projeyeke civak\u00ee mirovah\u00ee ye","author":"neruda","date":"21 \u0623\u0643\u062a\u0648\u0628\u0631\u060c 2024","format":false,"excerpt":"https:\/\/youtu.be\/mF7yMY1-oYA Al\u00eekar\u00ee, yek ji kar\u00ean mirov\u00ee y\u00ea her\u00ee p\u00eeroz e ku di pi\u015ftgiriya saziy\u00ean tenduristiy\u00ea de dibe al\u00eekar , bi taybet di war\u00ea l\u00eaner\u00eena nexwe\u015f\u00ean kanser\u00ea de. Nexwe\u015fxaneya Onkoloj\u00ee, \u015fewat \u00fb Telas\u00eemiya ya gir\u00eaday\u00ee Heyva Sor a Kurd a li bajar\u00ea Qami\u015flo j\u00ee ,ji bo nexwe\u015f\u00ean ji hem\u00fb her\u00eaman stargeha\u2026","rel":"","context":"\u0641\u064a &quot;Ge\u015fep\u00eadan&quot;","block_context":{"text":"Ge\u015fep\u00eadan","link":"https:\/\/hskurd.org\/?cat=862&lang=ku"},"img":{"alt_text":"","src":"https:\/\/i0.wp.com\/hskurd.org\/wp-content\/uploads\/2024\/10\/%D9%84%D9%86%D8%B3%D8%A7%D9%87%D9%85.png?fit=1055%2C728&ssl=1&resize=350%2C200","width":350,"height":200,"srcset":"https:\/\/i0.wp.com\/hskurd.org\/wp-content\/uploads\/2024\/10\/%D9%84%D9%86%D8%B3%D8%A7%D9%87%D9%85.png?fit=1055%2C728&ssl=1&resize=350%2C200 1x, https:\/\/i0.wp.com\/hskurd.org\/wp-content\/uploads\/2024\/10\/%D9%84%D9%86%D8%B3%D8%A7%D9%87%D9%85.png?fit=1055%2C728&ssl=1&resize=525%2C300 1.5x, https:\/\/i0.wp.com\/hskurd.org\/wp-content\/uploads\/2024\/10\/%D9%84%D9%86%D8%B3%D8%A7%D9%87%D9%85.png?fit=1055%2C728&ssl=1&resize=700%2C400 2x, https:\/\/i0.wp.com\/hskurd.org\/wp-content\/uploads\/2024\/10\/%D9%84%D9%86%D8%B3%D8%A7%D9%87%D9%85.png?fit=1055%2C728&ssl=1&resize=1050%2C600 3x"},"classes":[]},{"id":5290,"url":"https:\/\/hskurd.org\/?p=5290&lang=ku","url_meta":{"origin":5622,"position":5},"title":"8\u00ea Adar\u00ea cejna jin\u00ean Heyva Sor a Kurd e","author":"Sozdar","date":"11 \u0645\u0627\u0631\u0633\u060c 2021","format":false,"excerpt":"Wek ku tevahiya c\u00eehan bi roja 8 \u00ea Adar\u00ea roja Jin\u00ea ya c\u00cehan\u00ee p\u00eerozdike, cureyek ji r\u00eazgrtin ji bo w\u00ea ,destkeftey\u00ean w\u00ea \u00fb keda w\u00ea di hem\u00fb be\u015fan de ku her\u00ee daw\u00ee xwe di qada \u015fer\u00ea Korona de tesb\u00eet kir \u00fb di \u00e7eper\u00ean \u015fer\u00ea vayros\u00ea y\u00ean p\u00ea\u015f de cih\u00ea xwe\u2026","rel":"","context":"\u0641\u064a &quot;Parastin&quot;","block_context":{"text":"Parastin","link":"https:\/\/hskurd.org\/?cat=840&lang=ku"},"img":{"alt_text":"","src":"https:\/\/i0.wp.com\/hskurd.org\/wp-content\/uploads\/2021\/03\/952A2302-scaled.jpg?fit=1200%2C800&ssl=1&resize=350%2C200","width":350,"height":200,"srcset":"https:\/\/i0.wp.com\/hskurd.org\/wp-content\/uploads\/2021\/03\/952A2302-scaled.jpg?fit=1200%2C800&ssl=1&resize=350%2C200 1x, https:\/\/i0.wp.com\/hskurd.org\/wp-content\/uploads\/2021\/03\/952A2302-scaled.jpg?fit=1200%2C800&ssl=1&resize=525%2C300 1.5x, https:\/\/i0.wp.com\/hskurd.org\/wp-content\/uploads\/2021\/03\/952A2302-scaled.jpg?fit=1200%2C800&ssl=1&resize=700%2C400 2x, https:\/\/i0.wp.com\/hskurd.org\/wp-content\/uploads\/2021\/03\/952A2302-scaled.jpg?fit=1200%2C800&ssl=1&resize=1050%2C600 3x"},"classes":[]}],"jetpack_sharing_enabled":true,"_links":{"self":[{"href":"https:\/\/hskurd.org\/index.php?rest_route=\/wp\/v2\/posts\/5622","targetHints":{"allow":["GET"]}}],"collection":[{"href":"https:\/\/hskurd.org\/index.php?rest_route=\/wp\/v2\/posts"}],"about":[{"href":"https:\/\/hskurd.org\/index.php?rest_route=\/wp\/v2\/types\/post"}],"author":[{"embeddable":true,"href":"https:\/\/hskurd.org\/index.php?rest_route=\/wp\/v2\/users\/2"}],"replies":[{"embeddable":true,"href":"https:\/\/hskurd.org\/index.php?rest_route=%2Fwp%2Fv2%2Fcomments&post=5622"}],"version-history":[{"count":2,"href":"https:\/\/hskurd.org\/index.php?rest_route=\/wp\/v2\/posts\/5622\/revisions"}],"predecessor-version":[{"id":5624,"href":"https:\/\/hskurd.org\/index.php?rest_route=\/wp\/v2\/posts\/5622\/revisions\/5624"}],"wp:featuredmedia":[{"embeddable":true,"href":"https:\/\/hskurd.org\/index.php?rest_route=\/wp\/v2\/media\/5616"}],"wp:attachment":[{"href":"https:\/\/hskurd.org\/index.php?rest_route=%2Fwp%2Fv2%2Fmedia&parent=5622"}],"wp:term":[{"taxonomy":"category","embeddable":true,"href":"https:\/\/hskurd.org\/index.php?rest_route=%2Fwp%2Fv2%2Fcategories&post=5622"},{"taxonomy":"post_tag","embeddable":true,"href":"https:\/\/hskurd.org\/index.php?rest_route=%2Fwp%2Fv2%2Ftags&post=5622"}],"curies":[{"name":"wp","href":"https:\/\/api.w.org\/{rel}","templated":true}]}}