{"id":5602,"date":"2021-08-04T14:36:19","date_gmt":"2021-08-04T11:36:19","guid":{"rendered":"https:\/\/hskurd.org\/?p=5602"},"modified":"2021-08-04T14:36:19","modified_gmt":"2021-08-04T11:36:19","slug":"hejmareke-mezin-ji-jidayibunan-li-nexwesxaneya-hsk-li-reqaye","status":"publish","type":"post","link":"https:\/\/hskurd.org\/?p=5602&lang=ku","title":{"rendered":"Hejmareke mezin ji jidayib\u00fbnan li nexwe\u015fxaneya HSK li Reqay\u00ea"},"content":{"rendered":"<p><span class=\"embed-youtube\" style=\"text-align:center; display: block;\"><iframe loading=\"lazy\" class=\"youtube-player\" width=\"1500\" height=\"844\" src=\"https:\/\/www.youtube.com\/embed\/uZ1gDKXkfHM?version=3&#038;rel=1&#038;showsearch=0&#038;showinfo=1&#038;iv_load_policy=1&#038;fs=1&#038;hl=ar&#038;autohide=2&#038;wmode=transparent\" allowfullscreen=\"true\" style=\"border:0;\" sandbox=\"allow-scripts allow-same-origin allow-popups allow-presentation allow-popups-to-escape-sandbox\"><\/iframe><\/span><\/p>\n<p>&nbsp;<\/p>\n<p>Di d\u00eeroka 1-10-2018&#8217;an de be\u015fek ji Nexwe\u015fxaneya Ni\u015ftiman\u00ee ya Reqay\u00ea hate n\u00fbkirin \u00fb ji bo p\u00ea\u015fk\u00ea\u015fkirina &nbsp;xizmet\u00ea di war\u00ea jin, jidayikb\u00fbn \u00fb tenduristiya zarokan hate vekirin, ku girngtr\u00een di Be\u015f\u00ean (jidayikb\u00fbna Xwezay\u00ee \u00fb Qeyser\u00ee, be\u015f\u00ea day\u00eengeh\u00ean bebekan, be\u015f\u00ea radestkirina tenduristiy\u00ea ya sereke di nava kl\u00een\u00eek\u00ean hundir\u00een, zarokan &nbsp;\u00fb jinan de \u00fb her wiha be\u015f\u00ea peydakirina pi\u015ftgiriya der\u00fbn\u00ee \u00fb \u00e7anda tendurist\u00ee.<\/p>\n<p>Ji dema vekirina nexwe\u015fxaniey\u00ea heya niha hejmara jiday\u00eekb\u00fbn\u00ea giha\u015ftiye<\/p>\n<p>be\u015f\u00ean Qeyser\u00ee 8246<\/p>\n<p>Jiday\u00eekb\u00fbn\u00ean Xwezay\u00ee &nbsp;23 876<\/p>\n<p>&nbsp;<\/p>\n","protected":false},"excerpt":{"rendered":"<p>&nbsp; Di d\u00eeroka 1-10-2018&#8217;an de be\u015fek ji Nexwe\u015fxaneya Ni\u015ftiman\u00ee ya Reqay\u00ea hate n\u00fbkirin \u00fb ji bo p\u00ea\u015fk\u00ea\u015fkirina &nbsp;xizmet\u00ea di war\u00ea jin, jidayikb\u00fbn \u00fb tenduristiya zarokan hate vekirin, ku girngtr\u00een di Be\u015f\u00ean (jidayikb\u00fbna Xwezay\u00ee \u00fb Qeyser\u00ee, be\u015f\u00ea day\u00eengeh\u00ean bebekan, be\u015f\u00ea radestkirina tenduristiy\u00ea ya sereke di nava kl\u00een\u00eek\u00ean hundir\u00een, zarokan &nbsp;\u00fb jinan de \u00fb her wiha be\u015f\u00ea [&hellip;]<\/p>\n","protected":false},"author":3,"featured_media":5603,"comment_status":"open","ping_status":"open","sticky":false,"template":"","format":"standard","meta":{"give_campaign_id":0,"ngg_post_thumbnail":0,"jetpack_post_was_ever_published":false,"_jetpack_newsletter_access":"","_jetpack_dont_email_post_to_subs":false,"_jetpack_newsletter_tier_id":0,"_jetpack_memberships_contains_paywalled_content":false,"_jetpack_memberships_contains_paid_content":false,"footnotes":"","jetpack_publicize_message":"","jetpack_publicize_feature_enabled":true,"jetpack_social_post_already_shared":true,"jetpack_social_options":{"image_generator_settings":{"template":"highway","default_image_id":0,"font":"","enabled":false},"version":2},"_links_to":"","_links_to_target":""},"categories":[846],"tags":[],"class_list":["post-5602","post","type-post","status-publish","format-standard","has-post-thumbnail","hentry","category-tenduristi"],"jetpack_publicize_connections":[],"jetpack_featured_media_url":"https:\/\/i0.wp.com\/hskurd.org\/wp-content\/uploads\/2021\/08\/%D8%B1%D9%8A%D8%B1-3.webp?fit=1024%2C683&ssl=1","jetpack-related-posts":[{"id":7255,"url":"https:\/\/hskurd.org\/?p=7255&lang=ku","url_meta":{"origin":5602,"position":0},"title":"Navenda Re\u015f\u00eed li Reqa","author":"heyvasorakurd","date":"13 \u064a\u0648\u0646\u064a\u0648\u060c 2023","format":false,"excerpt":"Li Navenda Re\u015f\u00eed li Reqa mehane n\u00eaz\u00ee 5000 Kes s\u00fbd\u00ea digirin. Li Navenda Re\u015f\u00eed li bajar\u00ea Reqay\u00ea 24 saetan xizmet\u00ean lezg\u00een \u00fb tenduristiy\u00ea p\u00ea\u015fk\u00ea\u015f dike, navenda Re\u015f\u00eed mehane 4500-5000 s\u00fbdmend hene. Ev l\u00ean\u00ear\u00een\u00ea s\u00ea kl\u00een\u00eek dihew\u00eene ( ya zarokan, ya jinan, ku j\u00fbreyek jidayikb\u00fbn\u00ea ya xwezay\u00ee heye, \u00fb ya hundur\u00een),\u2026","rel":"","context":"\u0641\u064a &quot;Tendurist\u00ee&quot;","block_context":{"text":"Tendurist\u00ee","link":"https:\/\/hskurd.org\/?cat=846&lang=ku"},"img":{"alt_text":"","src":"https:\/\/i0.wp.com\/hskurd.org\/wp-content\/uploads\/2023\/06\/DSC_0009-scaled.webp?fit=1200%2C800&ssl=1&resize=350%2C200","width":350,"height":200,"srcset":"https:\/\/i0.wp.com\/hskurd.org\/wp-content\/uploads\/2023\/06\/DSC_0009-scaled.webp?fit=1200%2C800&ssl=1&resize=350%2C200 1x, https:\/\/i0.wp.com\/hskurd.org\/wp-content\/uploads\/2023\/06\/DSC_0009-scaled.webp?fit=1200%2C800&ssl=1&resize=525%2C300 1.5x, https:\/\/i0.wp.com\/hskurd.org\/wp-content\/uploads\/2023\/06\/DSC_0009-scaled.webp?fit=1200%2C800&ssl=1&resize=700%2C400 2x, https:\/\/i0.wp.com\/hskurd.org\/wp-content\/uploads\/2023\/06\/DSC_0009-scaled.webp?fit=1200%2C800&ssl=1&resize=1050%2C600 3x"},"classes":[]},{"id":11546,"url":"https:\/\/hskurd.org\/?p=11546&lang=ku","url_meta":{"origin":5602,"position":1},"title":"\u00c7\u00eakirina \u015febekey\u00ean kanal\u00eezasyon \u00fb av\u00ea li kampa Newroz","author":"user55","date":"20 \u0623\u063a\u0633\u0637\u0633\u060c 2025","format":false,"excerpt":"https:\/\/youtu.be\/vb6unAN026U?si=WEx5gFmxEp5svLNr B\u0131 armanca pi\u015ftgiriya penaberan, Heyva Sor a Kurd\u00ee bi hevkariya Volkshilfe, di nav projeya Improved Living and Health de, r\u00eazek ji xizmet\u00ean jiyan\u00ee \u00fb tendurist\u00ee li kampa Newroz p\u00eak an\u00ee.\" Di nava v\u00ea projey\u00ea de ser\u015fok \u00fb tes\u00ees\u00ean paqijiy\u00ea, \u00fb tor\u00ean kanal\u00eezasyon \u00fb av\u00ea hate avakirin, JI bo paqijkirin\u00ea,\u2026","rel":"","context":"\u0641\u064a &quot;Be\u015f\u00ea WASH&quot;","block_context":{"text":"Be\u015f\u00ea WASH","link":"https:\/\/hskurd.org\/?cat=855&lang=ku"},"img":{"alt_text":"","src":"https:\/\/i0.wp.com\/hskurd.org\/wp-content\/uploads\/2025\/08\/IMG_4495-scaled.jpg?fit=1200%2C930&ssl=1&resize=350%2C200","width":350,"height":200,"srcset":"https:\/\/i0.wp.com\/hskurd.org\/wp-content\/uploads\/2025\/08\/IMG_4495-scaled.jpg?fit=1200%2C930&ssl=1&resize=350%2C200 1x, https:\/\/i0.wp.com\/hskurd.org\/wp-content\/uploads\/2025\/08\/IMG_4495-scaled.jpg?fit=1200%2C930&ssl=1&resize=525%2C300 1.5x, https:\/\/i0.wp.com\/hskurd.org\/wp-content\/uploads\/2025\/08\/IMG_4495-scaled.jpg?fit=1200%2C930&ssl=1&resize=700%2C400 2x, https:\/\/i0.wp.com\/hskurd.org\/wp-content\/uploads\/2025\/08\/IMG_4495-scaled.jpg?fit=1200%2C930&ssl=1&resize=1050%2C600 3x"},"classes":[]},{"id":431,"url":"https:\/\/hskurd.org\/?p=431&lang=ku","url_meta":{"origin":5602,"position":2},"title":"Navenda Qami\u015flo xizmeta 21524 nexwe\u015f\u00ee dike di sala 2016&#8217;an de","author":"heyvasorakurd","date":"19 \u064a\u0646\u0627\u064a\u0631\u060c 2017","format":false,"excerpt":"Navenda Qami\u015flo ya Heyva Sor A Kurd xizmeta 21524 nexwe\u015f\u00ee dike di sala 2016'an de, li be\u015f\u00ean Hundir\u00een, Zarok \u00fb La\u015fmaniya pi\u015ft\u00ee d\u00eetina txtor\u00ean pispor ji nexwe\u015fan re her wiha derman\u00ea p\u00eaw\u00eest t\u00ea dayin. Be\u015f\u00ea Zarokan 4991 nexwe\u015f d\u00eet \u00fb derman\u00ea p\u00eawist t\u00ea dayin. Be\u015f\u00ea Hundir\u00een 10624 nexwe\u015f ji xizmet\u00ea\u2026","rel":"","context":"\u0641\u064a &quot;b\u00ea kategoriyan&quot;","block_context":{"text":"b\u00ea kategoriyan","link":"https:\/\/hskurd.org\/?cat=85&lang=ku"},"img":{"alt_text":"","src":"https:\/\/i0.wp.com\/hskurd.org\/wp-content\/uploads\/2017\/01\/01.jpg?fit=1200%2C795&ssl=1&resize=350%2C200","width":350,"height":200,"srcset":"https:\/\/i0.wp.com\/hskurd.org\/wp-content\/uploads\/2017\/01\/01.jpg?fit=1200%2C795&ssl=1&resize=350%2C200 1x, https:\/\/i0.wp.com\/hskurd.org\/wp-content\/uploads\/2017\/01\/01.jpg?fit=1200%2C795&ssl=1&resize=525%2C300 1.5x, https:\/\/i0.wp.com\/hskurd.org\/wp-content\/uploads\/2017\/01\/01.jpg?fit=1200%2C795&ssl=1&resize=700%2C400 2x, https:\/\/i0.wp.com\/hskurd.org\/wp-content\/uploads\/2017\/01\/01.jpg?fit=1200%2C795&ssl=1&resize=1050%2C600 3x"},"classes":[]},{"id":11743,"url":"https:\/\/hskurd.org\/?p=11743&lang=ku","url_meta":{"origin":5602,"position":3},"title":"Gava Z\u00fb&#8230; Jiyaneke N\u00fb","author":"user55","date":"19 \u0623\u0643\u062a\u0648\u0628\u0631\u060c 2025","format":false,"excerpt":"https:\/\/youtu.be\/oyuu_1jUGAU?si=b5qNOupiJn7ekM5T Bi slogana \"Gava Z\u00fb... Jiyaneke N\u00fb\", ofisa Jin a Heyva Sor a Kurd kampanyaya xwe ya Meha Pembe ji bo hi\u015fyarkirina li ser tesp\u00eetkirina z\u00fb ya pence\u015f\u00eara p\u00eas\u00eer\u00ea didom\u00eene. Di v\u00ea \u00e7ar\u00e7ovey\u00ea de, \u00eero li Navenda \u00c7and\u00ee ya Mihemed \u015e\u00eaxo li Qami\u015flo ji bo jinan sim\u00eenerek hi\u015fyarkirin\u00ea hate lidarxistin,\u2026","rel":"","context":"\u0641\u064a &quot;Perwerdehiya tendurist\u00ee&quot;","block_context":{"text":"Perwerdehiya tendurist\u00ee","link":"https:\/\/hskurd.org\/?cat=844&lang=ku"},"img":{"alt_text":"","src":"https:\/\/i0.wp.com\/img.youtube.com\/vi\/oyuu_1jUGAU\/0.jpg?resize=350%2C200","width":350,"height":200},"classes":[]},{"id":11619,"url":"https:\/\/hskurd.org\/?p=11619&lang=ku","url_meta":{"origin":5602,"position":4},"title":"Ji bo dab\u00eenkirina p\u00eadiviy\u00ean ni\u015ftecih\u00ean bajar\u00ea Qam\u00ee\u015flo du b\u00eer hatin kolandin","author":"user55","date":"28 \u0623\u063a\u0633\u0637\u0633\u060c 2025","format":false,"excerpt":"https:\/\/youtube.com\/shorts\/nVoRlm1vP8k?si=bxOTelchfrGtJyNY Ji bo bersivday\u00eena p\u00eadiviy\u00ean gel\u00ea her\u00eam\u00ea \u00fb bi hevkariy\u00ea ya R\u00eaveberiya Av\u00ea \u00fb \u015earedariya Qami\u015flo, Heyva Sor a Kurd bi pi\u015ftgiriya \u00c0rea Metropolitana de Barcelona (AMB), projeya \"Bersiva Awarte ya av\u00ea\" p\u00eak an\u00ee. Di \u00e7ar\u00e7oveya v\u00ea projey\u00ea de, du b\u00eer li tax\u00ean Alaya \u00fb Hilaliya hatin kolandin \u00fb bi\u2026","rel":"","context":"\u0641\u064a &quot;Al\u00eekar\u00ee&quot;","block_context":{"text":"Al\u00eekar\u00ee","link":"https:\/\/hskurd.org\/?cat=2169&lang=ku"},"img":{"alt_text":"","src":"https:\/\/i0.wp.com\/hskurd.org\/wp-content\/uploads\/2025\/08\/%D8%A7%D9%8A%D8%A7%D8%A4.jpg?fit=1080%2C720&ssl=1&resize=350%2C200","width":350,"height":200,"srcset":"https:\/\/i0.wp.com\/hskurd.org\/wp-content\/uploads\/2025\/08\/%D8%A7%D9%8A%D8%A7%D8%A4.jpg?fit=1080%2C720&ssl=1&resize=350%2C200 1x, https:\/\/i0.wp.com\/hskurd.org\/wp-content\/uploads\/2025\/08\/%D8%A7%D9%8A%D8%A7%D8%A4.jpg?fit=1080%2C720&ssl=1&resize=525%2C300 1.5x, https:\/\/i0.wp.com\/hskurd.org\/wp-content\/uploads\/2025\/08\/%D8%A7%D9%8A%D8%A7%D8%A4.jpg?fit=1080%2C720&ssl=1&resize=700%2C400 2x, https:\/\/i0.wp.com\/hskurd.org\/wp-content\/uploads\/2025\/08\/%D8%A7%D9%8A%D8%A7%D8%A4.jpg?fit=1080%2C720&ssl=1&resize=1050%2C600 3x"},"classes":[]},{"id":11208,"url":"https:\/\/hskurd.org\/?p=11208&lang=ku","url_meta":{"origin":5602,"position":5},"title":"Perwerdeyek li ser Ba\u015fkirina Kal\u00eeteya Xizmet\u00ean \u015eopandina Av\u00ea","author":"user55","date":"29 \u0623\u0628\u0631\u064a\u0644\u060c 2025","format":false,"excerpt":"Di berdewamiya bersivday\u00eena Heyva Sor a Kurd de ji bo bergirtina nexwe\u015fiya koleray\u00ea ku Desteya Tenduristiy\u00ea ya R\u00eaveberiya Xweser a Bakur \u00fb Rojhilat\u00ea S\u00fbriy\u00ea di hav\u00eena 2022 'an de belavbuna w\u00ea li gelek deveran ragihand. Xebat\u00ean bersivday\u00een\u00ea y\u00ean her\u00ee berbi\u00e7av ku t\u00eema WASH li Heyva Sor a Kurd \u00fb bi\u2026","rel":"","context":"\u0641\u064a &quot;Be\u015f\u00ea WASH&quot;","block_context":{"text":"Be\u015f\u00ea WASH","link":"https:\/\/hskurd.org\/?cat=855&lang=ku"},"img":{"alt_text":"","src":"https:\/\/i0.wp.com\/hskurd.org\/wp-content\/uploads\/2025\/04\/000198-scaled.jpg?fit=1200%2C800&ssl=1&resize=350%2C200","width":350,"height":200,"srcset":"https:\/\/i0.wp.com\/hskurd.org\/wp-content\/uploads\/2025\/04\/000198-scaled.jpg?fit=1200%2C800&ssl=1&resize=350%2C200 1x, https:\/\/i0.wp.com\/hskurd.org\/wp-content\/uploads\/2025\/04\/000198-scaled.jpg?fit=1200%2C800&ssl=1&resize=525%2C300 1.5x, https:\/\/i0.wp.com\/hskurd.org\/wp-content\/uploads\/2025\/04\/000198-scaled.jpg?fit=1200%2C800&ssl=1&resize=700%2C400 2x, https:\/\/i0.wp.com\/hskurd.org\/wp-content\/uploads\/2025\/04\/000198-scaled.jpg?fit=1200%2C800&ssl=1&resize=1050%2C600 3x"},"classes":[]}],"jetpack_sharing_enabled":true,"_links":{"self":[{"href":"https:\/\/hskurd.org\/index.php?rest_route=\/wp\/v2\/posts\/5602","targetHints":{"allow":["GET"]}}],"collection":[{"href":"https:\/\/hskurd.org\/index.php?rest_route=\/wp\/v2\/posts"}],"about":[{"href":"https:\/\/hskurd.org\/index.php?rest_route=\/wp\/v2\/types\/post"}],"author":[{"embeddable":true,"href":"https:\/\/hskurd.org\/index.php?rest_route=\/wp\/v2\/users\/3"}],"replies":[{"embeddable":true,"href":"https:\/\/hskurd.org\/index.php?rest_route=%2Fwp%2Fv2%2Fcomments&post=5602"}],"version-history":[{"count":1,"href":"https:\/\/hskurd.org\/index.php?rest_route=\/wp\/v2\/posts\/5602\/revisions"}],"predecessor-version":[{"id":5604,"href":"https:\/\/hskurd.org\/index.php?rest_route=\/wp\/v2\/posts\/5602\/revisions\/5604"}],"wp:featuredmedia":[{"embeddable":true,"href":"https:\/\/hskurd.org\/index.php?rest_route=\/wp\/v2\/media\/5603"}],"wp:attachment":[{"href":"https:\/\/hskurd.org\/index.php?rest_route=%2Fwp%2Fv2%2Fmedia&parent=5602"}],"wp:term":[{"taxonomy":"category","embeddable":true,"href":"https:\/\/hskurd.org\/index.php?rest_route=%2Fwp%2Fv2%2Fcategories&post=5602"},{"taxonomy":"post_tag","embeddable":true,"href":"https:\/\/hskurd.org\/index.php?rest_route=%2Fwp%2Fv2%2Ftags&post=5602"}],"curies":[{"name":"wp","href":"https:\/\/api.w.org\/{rel}","templated":true}]}}