{"id":5550,"date":"2021-07-05T14:05:07","date_gmt":"2021-07-05T11:05:07","guid":{"rendered":"https:\/\/hskurd.org\/?p=5550"},"modified":"2021-07-05T14:05:07","modified_gmt":"2021-07-05T11:05:07","slug":"tendirustiya-we-histubariya-me-ye","status":"publish","type":"post","link":"https:\/\/hskurd.org\/?p=5550&lang=ku","title":{"rendered":"Tendirustiya we hist\u00fbbariya me ye"},"content":{"rendered":"<p>Ji ber d\u00fbrb\u00fbna gelek gundan ji bajaran \u00fb ji navend\u00ean tendirust\u00ee ,Di 13\/6\/2021 HSK bi hevaheng\u00eey\u00ea bi Kom\u00eeteya Tendurist\u00ee li Kantona Qamishlo \u00fb kom\u00eetey\u00ean gir\u00eaday\u00ee w\u00ea di enc\u00fbmenan de dest bi kampanya &#8220;Tendirustiya we hist\u00fbbariya me ye&#8221; \u00fb deh rojan domkir ,di v\u00ea kampany\u00ea de Kil\u00eenk\u00ean gerok \u00fb ambulance li 89 gund\u00ean kantona Qami\u015flo \u00fb 6 gund\u00ean kantona Hesek\u00ea digeriyan \u00fb xizmet\u00ean tendirust\u00ee di be\u015f\u00ean ( hundirin, jin,zarok, belavkirina derman \u00fb \u00e7andkirina tendirust\u00ee) hatin p\u00ea\u015fk\u00ea\u015fkirin, hejmara s\u00fbdmend\u00ean v\u00ea kampayn\u00ea giha\u015fta:15,555.<br \/>\nDi heman dem\u00ea de l\u00eakol\u00een li ser rew\u015fa gundan \u00fb hewcedariy\u00ean wan \u00e7ekirin,<\/p>\n","protected":false},"excerpt":{"rendered":"<p>Ji ber d\u00fbrb\u00fbna gelek gundan ji bajaran \u00fb ji navend\u00ean tendirust\u00ee ,Di 13\/6\/2021 HSK bi hevaheng\u00eey\u00ea bi Kom\u00eeteya Tendurist\u00ee li Kantona Qamishlo \u00fb kom\u00eetey\u00ean gir\u00eaday\u00ee w\u00ea di enc\u00fbmenan de dest bi kampanya &#8220;Tendirustiya we hist\u00fbbariya me ye&#8221; \u00fb deh rojan domkir ,di v\u00ea kampany\u00ea de Kil\u00eenk\u00ean gerok \u00fb ambulance li 89 gund\u00ean kantona Qami\u015flo \u00fb [&hellip;]<\/p>\n","protected":false},"author":2,"featured_media":5553,"comment_status":"open","ping_status":"open","sticky":false,"template":"","format":"standard","meta":{"give_campaign_id":0,"ngg_post_thumbnail":0,"jetpack_post_was_ever_published":false,"_jetpack_newsletter_access":"","_jetpack_dont_email_post_to_subs":false,"_jetpack_newsletter_tier_id":0,"_jetpack_memberships_contains_paywalled_content":false,"_jetpack_memberships_contains_paid_content":false,"footnotes":"","jetpack_publicize_message":"","jetpack_publicize_feature_enabled":true,"jetpack_social_post_already_shared":true,"jetpack_social_options":{"image_generator_settings":{"template":"highway","default_image_id":0,"font":"","enabled":false},"version":2},"_links_to":"","_links_to_target":""},"categories":[846],"tags":[1031],"class_list":["post-5550","post","type-post","status-publish","format-standard","has-post-thumbnail","hentry","category-tenduristi","tag-heyva_sor_a_kurd"],"jetpack_publicize_connections":[],"jetpack_featured_media_url":"https:\/\/i0.wp.com\/hskurd.org\/wp-content\/uploads\/2021\/07\/213144814_2957694697842905_5070582642149494555_n.jpg?fit=2048%2C1365&ssl=1","jetpack-related-posts":[{"id":7217,"url":"https:\/\/hskurd.org\/?p=7217&lang=ku","url_meta":{"origin":5550,"position":0},"title":"bi hev re ji bo tenduristiyeke ba\u015f \u00fb hawirdoreke paqij","author":"Sozdar","date":"17 \u0645\u0627\u064a\u0648\u060c 2023","format":false,"excerpt":"Em r\u00eaxistina Heyva Sor a Kurd li Bakur \u00fb Rojhilat\u00ea S\u00fbriy\u00ea ev \u00e7end sal in em projey\u00ean xwe ji bo xelasb\u00fbna bi ewle ji bermahiy\u00ean bij\u00ee\u015fk\u00ee \u00fb derman\u00ean dembor\u00ee p\u00ea\u015f dixin , Hefteya bor\u00ee me bi hevkar\u00ean xwe re r\u00eaxistina UPP, Desteya Tenduristiy\u00ea, Navenda Xizmet\u00ean Bij\u00ee\u015fkan \u00fb Kom\u00eeteya Tenduristiy\u00ea ya\u2026","rel":"","context":"\u0641\u064a &quot;Be\u015f\u00ea WASH&quot;","block_context":{"text":"Be\u015f\u00ea WASH","link":"https:\/\/hskurd.org\/?cat=855&lang=ku"},"img":{"alt_text":"","src":"https:\/\/i0.wp.com\/hskurd.org\/wp-content\/uploads\/2023\/05\/20230508_111211-scaled.jpg?fit=1200%2C561&ssl=1&resize=350%2C200","width":350,"height":200,"srcset":"https:\/\/i0.wp.com\/hskurd.org\/wp-content\/uploads\/2023\/05\/20230508_111211-scaled.jpg?fit=1200%2C561&ssl=1&resize=350%2C200 1x, https:\/\/i0.wp.com\/hskurd.org\/wp-content\/uploads\/2023\/05\/20230508_111211-scaled.jpg?fit=1200%2C561&ssl=1&resize=525%2C300 1.5x, https:\/\/i0.wp.com\/hskurd.org\/wp-content\/uploads\/2023\/05\/20230508_111211-scaled.jpg?fit=1200%2C561&ssl=1&resize=700%2C400 2x, https:\/\/i0.wp.com\/hskurd.org\/wp-content\/uploads\/2023\/05\/20230508_111211-scaled.jpg?fit=1200%2C561&ssl=1&resize=1050%2C600 3x"},"classes":[]},{"id":7096,"url":"https:\/\/hskurd.org\/?p=7096&lang=ku","url_meta":{"origin":5550,"position":1},"title":"&#8220;Bersiva h\u00eaviy\u00ea di day\u00eena we de ye&#8221;","author":"heyvasorakurd","date":"23 \u0645\u0627\u0631\u0633\u060c 2023","format":false,"excerpt":"Bersiva h\u00eaviy\u00ea di day\u00eena we de ye\" Fitre \u00fb zekata xwe bidin ji bo kes\u00ean p\u00eadiviya wan bi al\u00eekariy\u00ea heye Ji Bo Gel\u00ean Me \u00fb Hem\u00fb P\u00eakhatye Musilman li Bakur \u00fb Rojhilat\u00ea Sur\u00ee Erk\u00ea hem\u00fb bawermenda ye bi hatina rojiya remezan\u00ea ya p\u00eeroz re , hem\u00fb kes\u00ean ku p\u00eaw\u00eestiya wan\u2026","rel":"","context":"\u0641\u064a &quot;b\u00ea kategoriyan&quot;","block_context":{"text":"b\u00ea kategoriyan","link":"https:\/\/hskurd.org\/?cat=85&lang=ku"},"img":{"alt_text":"","src":"https:\/\/i0.wp.com\/hskurd.org\/wp-content\/uploads\/2023\/03\/%D9%81%D9%8A%D9%84%D9%83%D8%B3-%D8%B2%D9%83%D8%A7%D8%A9-%D8%A7%D9%84%D9%81%D8%B7%D8%B1-3-scaled.jpg?fit=1200%2C800&ssl=1&resize=350%2C200","width":350,"height":200,"srcset":"https:\/\/i0.wp.com\/hskurd.org\/wp-content\/uploads\/2023\/03\/%D9%81%D9%8A%D9%84%D9%83%D8%B3-%D8%B2%D9%83%D8%A7%D8%A9-%D8%A7%D9%84%D9%81%D8%B7%D8%B1-3-scaled.jpg?fit=1200%2C800&ssl=1&resize=350%2C200 1x, https:\/\/i0.wp.com\/hskurd.org\/wp-content\/uploads\/2023\/03\/%D9%81%D9%8A%D9%84%D9%83%D8%B3-%D8%B2%D9%83%D8%A7%D8%A9-%D8%A7%D9%84%D9%81%D8%B7%D8%B1-3-scaled.jpg?fit=1200%2C800&ssl=1&resize=525%2C300 1.5x, https:\/\/i0.wp.com\/hskurd.org\/wp-content\/uploads\/2023\/03\/%D9%81%D9%8A%D9%84%D9%83%D8%B3-%D8%B2%D9%83%D8%A7%D8%A9-%D8%A7%D9%84%D9%81%D8%B7%D8%B1-3-scaled.jpg?fit=1200%2C800&ssl=1&resize=700%2C400 2x, https:\/\/i0.wp.com\/hskurd.org\/wp-content\/uploads\/2023\/03\/%D9%81%D9%8A%D9%84%D9%83%D8%B3-%D8%B2%D9%83%D8%A7%D8%A9-%D8%A7%D9%84%D9%81%D8%B7%D8%B1-3-scaled.jpg?fit=1200%2C800&ssl=1&resize=1050%2C600 3x"},"classes":[]},{"id":11655,"url":"https:\/\/hskurd.org\/?p=11655&lang=ku","url_meta":{"origin":5550,"position":2},"title":"Projeya Av \u00fb J\u00eengeh\u00ea: Ber bi Perwerde \u00fb Tenduristiya saxlem ve","author":"user55","date":"9 \u0633\u0628\u062a\u0645\u0628\u0631\u060c 2025","format":false,"excerpt":"https:\/\/youtu.be\/-wl__LMHsPg?si=a3OmyZY_NOXmj07b Heyva Sor a Kurd, bi pi\u015ftgiriya \"Area Metropolitana de Barcelona (AMB)\", Projeya Av \u00fb J\u00eengeh\u00ea ji bo Civak \u00fb Navend\u00ean Perwerdehiy\u00ea di sala 2024\/2025 an de bi daw\u00ee kir. Di v\u00ea projey\u00ea de: \u2022 N\u00fbjenkirina 15 bax\u00e7ey\u00ean zarokan li Kantona Cez\u00eer\u00ea \u00fb du dibistan\u00ean li \u015eahbay\u00ea. \u2022 Xebitandina b\u00eerek\u2026","rel":"","context":"\u0641\u064a &quot;Be\u015f\u00ea WASH&quot;","block_context":{"text":"Be\u015f\u00ea WASH","link":"https:\/\/hskurd.org\/?cat=855&lang=ku"},"img":{"alt_text":"","src":"https:\/\/i0.wp.com\/hskurd.org\/wp-content\/uploads\/2025\/09\/%D9%A2%D9%A0%D9%A2%D9%A5%D9%A0%D9%A5%D9%A1%D9%A8_%D9%A0%D9%A9%D9%A5%D9%A7%D9%A4%D9%A0-scaled.jpg?fit=1200%2C675&ssl=1&resize=350%2C200","width":350,"height":200,"srcset":"https:\/\/i0.wp.com\/hskurd.org\/wp-content\/uploads\/2025\/09\/%D9%A2%D9%A0%D9%A2%D9%A5%D9%A0%D9%A5%D9%A1%D9%A8_%D9%A0%D9%A9%D9%A5%D9%A7%D9%A4%D9%A0-scaled.jpg?fit=1200%2C675&ssl=1&resize=350%2C200 1x, https:\/\/i0.wp.com\/hskurd.org\/wp-content\/uploads\/2025\/09\/%D9%A2%D9%A0%D9%A2%D9%A5%D9%A0%D9%A5%D9%A1%D9%A8_%D9%A0%D9%A9%D9%A5%D9%A7%D9%A4%D9%A0-scaled.jpg?fit=1200%2C675&ssl=1&resize=525%2C300 1.5x, https:\/\/i0.wp.com\/hskurd.org\/wp-content\/uploads\/2025\/09\/%D9%A2%D9%A0%D9%A2%D9%A5%D9%A0%D9%A5%D9%A1%D9%A8_%D9%A0%D9%A9%D9%A5%D9%A7%D9%A4%D9%A0-scaled.jpg?fit=1200%2C675&ssl=1&resize=700%2C400 2x, https:\/\/i0.wp.com\/hskurd.org\/wp-content\/uploads\/2025\/09\/%D9%A2%D9%A0%D9%A2%D9%A5%D9%A0%D9%A5%D9%A1%D9%A8_%D9%A0%D9%A9%D9%A5%D9%A7%D9%A4%D9%A0-scaled.jpg?fit=1200%2C675&ssl=1&resize=1050%2C600 3x"},"classes":[]},{"id":6234,"url":"https:\/\/hskurd.org\/?p=6234&lang=ku","url_meta":{"origin":5550,"position":3},"title":"L\u00eanih\u00ear\u00eena dayik \u00fb zaroka w\u00ea P\u00ea\u015fiy\u00ea xizmeta me ye","author":"Sozdar","date":"23 \u064a\u0648\u0646\u064a\u0648\u060c 2022","format":false,"excerpt":"https:\/\/www.youtube.com\/watch?v=cMB6woxbL2s Gih\u00ee\u015ftina\u00a0 xwarindaneke\u00a0 p\u00eaw\u00eest\u00a0 \u00fb gir\u00eeng ji\u00a0 zarokan re yek ji pirsgir\u00eak\u00ean her\u00ee mezin \u00ean tenduristiy\u00ea ye \u00a0\u00a0niha li Bakur\u00ea S\u00fbriyey\u00ea t\u00ea jiyan kirin li cih\u00ea ku zarok\u00ean k\u00eamxwarin li gor\u00ee hevsal\u00ean xwe k\u00eamtir xweparastin in \u00fb ji ber v\u00ea yek\u00ea j\u00ee ji nexwe\u015fiyan re vekir\u00ee tirin Z\u00eadir\u00ee 232 miliyon\u2026","rel":"","context":"\u0641\u064a &quot;\u00c7\u00eerok&quot;","block_context":{"text":"\u00c7\u00eerok","link":"https:\/\/hskurd.org\/?cat=831&lang=ku"},"img":{"alt_text":"","src":"https:\/\/i0.wp.com\/hskurd.org\/wp-content\/uploads\/2022\/06\/%D9%82%D8%B5%D8%A9-1.webp?fit=1054%2C594&ssl=1&resize=350%2C200","width":350,"height":200,"srcset":"https:\/\/i0.wp.com\/hskurd.org\/wp-content\/uploads\/2022\/06\/%D9%82%D8%B5%D8%A9-1.webp?fit=1054%2C594&ssl=1&resize=350%2C200 1x, https:\/\/i0.wp.com\/hskurd.org\/wp-content\/uploads\/2022\/06\/%D9%82%D8%B5%D8%A9-1.webp?fit=1054%2C594&ssl=1&resize=525%2C300 1.5x, https:\/\/i0.wp.com\/hskurd.org\/wp-content\/uploads\/2022\/06\/%D9%82%D8%B5%D8%A9-1.webp?fit=1054%2C594&ssl=1&resize=700%2C400 2x, https:\/\/i0.wp.com\/hskurd.org\/wp-content\/uploads\/2022\/06\/%D9%82%D8%B5%D8%A9-1.webp?fit=1054%2C594&ssl=1&resize=1050%2C600 3x"},"classes":[]},{"id":5835,"url":"https:\/\/hskurd.org\/?p=5835&lang=ku","url_meta":{"origin":5550,"position":4},"title":"Navenda Minbic\u00ea m\u00eenakeke zind\u00ee ye di l\u00eaner\u00eena tenduristiy\u00ea ya seretay\u00ee de","author":"Sozdar","date":"29 \u062f\u064a\u0633\u0645\u0628\u0631\u060c 2021","format":false,"excerpt":"\u00a0 Xizmet\u00ean l\u00eaner\u00eena tendurist\u00ee ya seretay\u00ee li gor hewcedariy\u00ean kes, malbat \u00fb civakan ji bo \u00e7areserkirin \u00fb refahiya tendurist\u00ee di mil\u00ea la\u015f\u00ee, der\u00fbn\u00ee \u00fb civak\u00ee y\u00ean berfireh bi hev ve gir\u00eaday\u00ee ye, ku l\u00eaner\u00eena kesan bi gi\u015ft\u00ee \u00fb bi hem\u00fb hewcedariy\u00ean tenduristiy\u00ea di hem\u00fb jiyan\u00ea de, ne bi komek nexwe\u015fiy\u00ean\u2026","rel":"","context":"\u0641\u064a &quot;Ge\u015fep\u00eadan&quot;","block_context":{"text":"Ge\u015fep\u00eadan","link":"https:\/\/hskurd.org\/?cat=862&lang=ku"},"img":{"alt_text":"","src":"https:\/\/i0.wp.com\/hskurd.org\/wp-content\/uploads\/2021\/12\/952A1641-copy-2-scaled.jpg?fit=1200%2C800&ssl=1&resize=350%2C200","width":350,"height":200,"srcset":"https:\/\/i0.wp.com\/hskurd.org\/wp-content\/uploads\/2021\/12\/952A1641-copy-2-scaled.jpg?fit=1200%2C800&ssl=1&resize=350%2C200 1x, https:\/\/i0.wp.com\/hskurd.org\/wp-content\/uploads\/2021\/12\/952A1641-copy-2-scaled.jpg?fit=1200%2C800&ssl=1&resize=525%2C300 1.5x, https:\/\/i0.wp.com\/hskurd.org\/wp-content\/uploads\/2021\/12\/952A1641-copy-2-scaled.jpg?fit=1200%2C800&ssl=1&resize=700%2C400 2x, https:\/\/i0.wp.com\/hskurd.org\/wp-content\/uploads\/2021\/12\/952A1641-copy-2-scaled.jpg?fit=1200%2C800&ssl=1&resize=1050%2C600 3x"},"classes":[]},{"id":7804,"url":"https:\/\/hskurd.org\/?p=7804&lang=ku","url_meta":{"origin":5550,"position":5},"title":"&#8220;Serl\u00eadana z\u00fb .. gavek bi hezar gav\u00ee ye &#8220;","author":"neruda","date":"25 \u0623\u0643\u062a\u0648\u0628\u0631\u060c 2023","format":false,"excerpt":"https:\/\/www.youtube.com\/watch?v=5OLT3cz3-mQ&t=45s Pence\u015f\u00eara p\u00eas\u00eer\u00ea di c\u00eehan\u00ea de yek ji kansera her\u00ee berbelavbuy\u00ee ye. Ew ne ten\u00ea nexwe\u015fiyek e, li ser jiyan \u00fb tenduristiya jin\u00ea xeteryeke mezin e. Ji ber v\u00ea yek\u00ea, t\u00eagih\u00ee\u015ftina v\u00ea nexwe\u015fiy\u00ea \u00fb hi\u015fyarkirina n\u00ee\u015fan\u00ean w\u00ea \u00fb r\u00eay\u00ean p\u00ea\u015f\u00eel\u00eagirtina w\u00ea ji bo her jinek \u00fb ji bo civak\u00ea bi\u2026","rel":"","context":"\u0641\u064a &quot;Perwerdehiya tendurist\u00ee&quot;","block_context":{"text":"Perwerdehiya tendurist\u00ee","link":"https:\/\/hskurd.org\/?cat=844&lang=ku"},"img":{"alt_text":"","src":"https:\/\/i0.wp.com\/hskurd.org\/wp-content\/uploads\/2023\/10\/%D9%85%D8%A7%D9%85%D9%88.png?fit=1008%2C601&ssl=1&resize=350%2C200","width":350,"height":200,"srcset":"https:\/\/i0.wp.com\/hskurd.org\/wp-content\/uploads\/2023\/10\/%D9%85%D8%A7%D9%85%D9%88.png?fit=1008%2C601&ssl=1&resize=350%2C200 1x, https:\/\/i0.wp.com\/hskurd.org\/wp-content\/uploads\/2023\/10\/%D9%85%D8%A7%D9%85%D9%88.png?fit=1008%2C601&ssl=1&resize=525%2C300 1.5x, https:\/\/i0.wp.com\/hskurd.org\/wp-content\/uploads\/2023\/10\/%D9%85%D8%A7%D9%85%D9%88.png?fit=1008%2C601&ssl=1&resize=700%2C400 2x"},"classes":[]}],"jetpack_sharing_enabled":true,"_links":{"self":[{"href":"https:\/\/hskurd.org\/index.php?rest_route=\/wp\/v2\/posts\/5550","targetHints":{"allow":["GET"]}}],"collection":[{"href":"https:\/\/hskurd.org\/index.php?rest_route=\/wp\/v2\/posts"}],"about":[{"href":"https:\/\/hskurd.org\/index.php?rest_route=\/wp\/v2\/types\/post"}],"author":[{"embeddable":true,"href":"https:\/\/hskurd.org\/index.php?rest_route=\/wp\/v2\/users\/2"}],"replies":[{"embeddable":true,"href":"https:\/\/hskurd.org\/index.php?rest_route=%2Fwp%2Fv2%2Fcomments&post=5550"}],"version-history":[{"count":2,"href":"https:\/\/hskurd.org\/index.php?rest_route=\/wp\/v2\/posts\/5550\/revisions"}],"predecessor-version":[{"id":5555,"href":"https:\/\/hskurd.org\/index.php?rest_route=\/wp\/v2\/posts\/5550\/revisions\/5555"}],"wp:featuredmedia":[{"embeddable":true,"href":"https:\/\/hskurd.org\/index.php?rest_route=\/wp\/v2\/media\/5553"}],"wp:attachment":[{"href":"https:\/\/hskurd.org\/index.php?rest_route=%2Fwp%2Fv2%2Fmedia&parent=5550"}],"wp:term":[{"taxonomy":"category","embeddable":true,"href":"https:\/\/hskurd.org\/index.php?rest_route=%2Fwp%2Fv2%2Fcategories&post=5550"},{"taxonomy":"post_tag","embeddable":true,"href":"https:\/\/hskurd.org\/index.php?rest_route=%2Fwp%2Fv2%2Ftags&post=5550"}],"curies":[{"name":"wp","href":"https:\/\/api.w.org\/{rel}","templated":true}]}}