{"id":5183,"date":"2021-02-03T10:48:14","date_gmt":"2021-02-03T07:48:14","guid":{"rendered":"https:\/\/hskurd.org\/?p=5183"},"modified":"2021-02-03T10:48:14","modified_gmt":"2021-02-03T07:48:14","slug":"serpehatiya-ape-abduleziz-bi-korona-re","status":"publish","type":"post","link":"https:\/\/hskurd.org\/?p=5183&lang=ku","title":{"rendered":"Serp\u00eahatiya ap\u00ea Abdulez\u00eez bi Korona re"},"content":{"rendered":"<p>&nbsp;<\/p>\n<p>Vayrosa corona ji destp\u00eaka derketina xwe ve p\u00eevan\u00ea c\u00eehan\u00ea zivirand, \u00fb di nav mirovan de metirs\u00eeneke mez\u0131n afirand. L\u00ea bel\u00ea, di nava van hem\u00fbyan de \u00e7\u00eerok\u00ean h\u00eav\u00eedar \u00ean mirov\u00ean &nbsp;ku ji nexwe\u015fiy\u00ea ba\u015fb\u00fbne hene.<\/p>\n<p>&#8220;Ap\u00ea Ebdulez\u00eez&#8221;<\/p>\n<p>Ap\u00ea Ebdulez\u00eez (66) sal\u00ee serp\u00eahatiya xwe ya bi nexwe\u015fiy\u00ea re, \u00e7awa j\u00ea xelas b\u00fbye \u00fb serp\u00eahatiy\u00ean \u00e7ewt \u00ean ku gelek kes t\u00ea re derbas dibin vedib\u00eaje ku div\u00ea em wan dubare nekibin.<\/p>\n<p>&nbsp;<\/p>\n<p><span class=\"embed-youtube\" style=\"text-align:center; display: block;\"><iframe loading=\"lazy\" class=\"youtube-player\" width=\"1500\" height=\"844\" src=\"https:\/\/www.youtube.com\/embed\/g4cWbwN7oF0?version=3&#038;rel=1&#038;showsearch=0&#038;showinfo=1&#038;iv_load_policy=1&#038;fs=1&#038;hl=ar&#038;autohide=2&#038;wmode=transparent\" allowfullscreen=\"true\" style=\"border:0;\" sandbox=\"allow-scripts allow-same-origin allow-popups allow-presentation allow-popups-to-escape-sandbox\"><\/iframe><\/span><\/p>\n","protected":false},"excerpt":{"rendered":"<p>&nbsp; Vayrosa corona ji destp\u00eaka derketina xwe ve p\u00eevan\u00ea c\u00eehan\u00ea zivirand, \u00fb di nav mirovan de metirs\u00eeneke mez\u0131n afirand. L\u00ea bel\u00ea, di nava van hem\u00fbyan de \u00e7\u00eerok\u00ean h\u00eav\u00eedar \u00ean mirov\u00ean &nbsp;ku ji nexwe\u015fiy\u00ea ba\u015fb\u00fbne hene. &#8220;Ap\u00ea Ebdulez\u00eez&#8221; Ap\u00ea Ebdulez\u00eez (66) sal\u00ee serp\u00eahatiya xwe ya bi nexwe\u015fiy\u00ea re, \u00e7awa j\u00ea xelas b\u00fbye \u00fb serp\u00eahatiy\u00ean \u00e7ewt \u00ean [&hellip;]<\/p>\n","protected":false},"author":3,"featured_media":5182,"comment_status":"open","ping_status":"open","sticky":false,"template":"","format":"standard","meta":{"give_campaign_id":0,"ngg_post_thumbnail":0,"jetpack_post_was_ever_published":false,"_jetpack_newsletter_access":"","_jetpack_dont_email_post_to_subs":false,"_jetpack_newsletter_tier_id":0,"_jetpack_memberships_contains_paywalled_content":false,"_jetpack_memberships_contains_paid_content":false,"footnotes":"","jetpack_publicize_message":"","jetpack_publicize_feature_enabled":true,"jetpack_social_post_already_shared":true,"jetpack_social_options":{"image_generator_settings":{"template":"highway","default_image_id":0,"font":"","enabled":false},"version":2},"_links_to":"","_links_to_target":""},"categories":[831],"tags":[967],"class_list":["post-5183","post","type-post","status-publish","format-standard","has-post-thumbnail","hentry","category-cirok","tag-serpehatiya_ape_abduleziz_bi_korona_re"],"jetpack_publicize_connections":[],"jetpack_featured_media_url":"https:\/\/i0.wp.com\/hskurd.org\/wp-content\/uploads\/2021\/02\/0129-1-scaled.jpg?fit=2560%2C1707&ssl=1","jetpack-related-posts":[{"id":7096,"url":"https:\/\/hskurd.org\/?p=7096&lang=ku","url_meta":{"origin":5183,"position":0},"title":"&#8220;Bersiva h\u00eaviy\u00ea di day\u00eena we de ye&#8221;","author":"heyvasorakurd","date":"23 \u0645\u0627\u0631\u0633\u060c 2023","format":false,"excerpt":"Bersiva h\u00eaviy\u00ea di day\u00eena we de ye\" Fitre \u00fb zekata xwe bidin ji bo kes\u00ean p\u00eadiviya wan bi al\u00eekariy\u00ea heye Ji Bo Gel\u00ean Me \u00fb Hem\u00fb P\u00eakhatye Musilman li Bakur \u00fb Rojhilat\u00ea Sur\u00ee Erk\u00ea hem\u00fb bawermenda ye bi hatina rojiya remezan\u00ea ya p\u00eeroz re , hem\u00fb kes\u00ean ku p\u00eaw\u00eestiya wan\u2026","rel":"","context":"\u0641\u064a &quot;b\u00ea kategoriyan&quot;","block_context":{"text":"b\u00ea kategoriyan","link":"https:\/\/hskurd.org\/?cat=85&lang=ku"},"img":{"alt_text":"","src":"https:\/\/i0.wp.com\/hskurd.org\/wp-content\/uploads\/2023\/03\/%D9%81%D9%8A%D9%84%D9%83%D8%B3-%D8%B2%D9%83%D8%A7%D8%A9-%D8%A7%D9%84%D9%81%D8%B7%D8%B1-3-scaled.jpg?fit=1200%2C800&ssl=1&resize=350%2C200","width":350,"height":200,"srcset":"https:\/\/i0.wp.com\/hskurd.org\/wp-content\/uploads\/2023\/03\/%D9%81%D9%8A%D9%84%D9%83%D8%B3-%D8%B2%D9%83%D8%A7%D8%A9-%D8%A7%D9%84%D9%81%D8%B7%D8%B1-3-scaled.jpg?fit=1200%2C800&ssl=1&resize=350%2C200 1x, https:\/\/i0.wp.com\/hskurd.org\/wp-content\/uploads\/2023\/03\/%D9%81%D9%8A%D9%84%D9%83%D8%B3-%D8%B2%D9%83%D8%A7%D8%A9-%D8%A7%D9%84%D9%81%D8%B7%D8%B1-3-scaled.jpg?fit=1200%2C800&ssl=1&resize=525%2C300 1.5x, https:\/\/i0.wp.com\/hskurd.org\/wp-content\/uploads\/2023\/03\/%D9%81%D9%8A%D9%84%D9%83%D8%B3-%D8%B2%D9%83%D8%A7%D8%A9-%D8%A7%D9%84%D9%81%D8%B7%D8%B1-3-scaled.jpg?fit=1200%2C800&ssl=1&resize=700%2C400 2x, https:\/\/i0.wp.com\/hskurd.org\/wp-content\/uploads\/2023\/03\/%D9%81%D9%8A%D9%84%D9%83%D8%B3-%D8%B2%D9%83%D8%A7%D8%A9-%D8%A7%D9%84%D9%81%D8%B7%D8%B1-3-scaled.jpg?fit=1200%2C800&ssl=1&resize=1050%2C600 3x"},"classes":[]},{"id":8845,"url":"https:\/\/hskurd.org\/?p=8845&lang=ku","url_meta":{"origin":5183,"position":1},"title":"penaberiya ji Lubnan\u00ea ber bi her\u00eama \u015eehbay\u00ea ve, zordariyeke n\u00fb li zordariy\u00ean penaberiy\u00ea \u00fb ko\u00e7beriy\u00ea y\u00ean kevin z\u00eade dike","author":"neruda","date":"24 \u0623\u0643\u062a\u0648\u0628\u0631\u060c 2024","format":false,"excerpt":"Rew\u015fa penaberiya ji Lubnan\u00ea ber bi her\u00eama \u015eehbay\u00ea ve, zordariyeke n\u00fb li zordariy\u00ean penaberiy\u00ea \u00fb ko\u00e7beriy\u00ea y\u00ean kevin z\u00eade dike. Gelek kes ji wan b\u00fbne \u015fahid\u00ean heman senaryoy\u00ea ku ber\u00ea di encama dagirkeriya Tirkiy\u00ea de ne\u00e7ar man ji bajar\u00ea Efr\u00een\u00ea dekevin , ku pa\u015f\u00ea xwe di kamp\u00ean li bajar\u00ean wek\u00ee\u2026","rel":"","context":"\u0641\u064a &quot;\u00c7\u00eerok&quot;","block_context":{"text":"\u00c7\u00eerok","link":"https:\/\/hskurd.org\/?cat=831&lang=ku"},"img":{"alt_text":"","src":"https:\/\/i0.wp.com\/hskurd.org\/wp-content\/uploads\/2024\/10\/464067460_850832190545415_6507049548074775190_n.jpg?fit=1200%2C800&ssl=1&resize=350%2C200","width":350,"height":200,"srcset":"https:\/\/i0.wp.com\/hskurd.org\/wp-content\/uploads\/2024\/10\/464067460_850832190545415_6507049548074775190_n.jpg?fit=1200%2C800&ssl=1&resize=350%2C200 1x, https:\/\/i0.wp.com\/hskurd.org\/wp-content\/uploads\/2024\/10\/464067460_850832190545415_6507049548074775190_n.jpg?fit=1200%2C800&ssl=1&resize=525%2C300 1.5x, https:\/\/i0.wp.com\/hskurd.org\/wp-content\/uploads\/2024\/10\/464067460_850832190545415_6507049548074775190_n.jpg?fit=1200%2C800&ssl=1&resize=700%2C400 2x, https:\/\/i0.wp.com\/hskurd.org\/wp-content\/uploads\/2024\/10\/464067460_850832190545415_6507049548074775190_n.jpg?fit=1200%2C800&ssl=1&resize=1050%2C600 3x"},"classes":[]},{"id":6264,"url":"https:\/\/hskurd.org\/?p=6264&lang=ku","url_meta":{"origin":5183,"position":2},"title":"Ken\u00ea wan ji bo me berdewam\u00ee ye","author":"Sozdar","date":"3 \u064a\u0648\u0644\u064a\u0648\u060c 2022","format":false,"excerpt":"Nav: Fed\u00eela Xidir El-El\u00ee Temen: 7 sal Cih: Kampa Wa\u015fokan\u00ee Rew\u015fa w\u00ea a tendurst\u00ee : hewcedariya la\u015f\u00ee Sedema hewcedariy\u00ea: derketina gir\u00eakek\u00ea li ser derzika pi\u015fta w\u00ea \u00fb di dema emel\u00eekirina w\u00ea de tevgera herdu ling\u00ean xwe wunda kir. Nekar\u00eeb\u00fbna Fed\u00eela di tevger \u00fb p\u00eakvejiyana bi heval\u00ean xwe re, \u00ea\u015fa ko\u00e7beriy\u00ea\u2026","rel":"","context":"\u0641\u064a &quot;\u00c7\u00eerok&quot;","block_context":{"text":"\u00c7\u00eerok","link":"https:\/\/hskurd.org\/?cat=831&lang=ku"},"img":{"alt_text":"","src":"https:\/\/i0.wp.com\/hskurd.org\/wp-content\/uploads\/2022\/07\/02-1-scaled.jpg?fit=1200%2C800&ssl=1&resize=350%2C200","width":350,"height":200,"srcset":"https:\/\/i0.wp.com\/hskurd.org\/wp-content\/uploads\/2022\/07\/02-1-scaled.jpg?fit=1200%2C800&ssl=1&resize=350%2C200 1x, https:\/\/i0.wp.com\/hskurd.org\/wp-content\/uploads\/2022\/07\/02-1-scaled.jpg?fit=1200%2C800&ssl=1&resize=525%2C300 1.5x, https:\/\/i0.wp.com\/hskurd.org\/wp-content\/uploads\/2022\/07\/02-1-scaled.jpg?fit=1200%2C800&ssl=1&resize=700%2C400 2x, https:\/\/i0.wp.com\/hskurd.org\/wp-content\/uploads\/2022\/07\/02-1-scaled.jpg?fit=1200%2C800&ssl=1&resize=1050%2C600 3x"},"classes":[]},{"id":6788,"url":"https:\/\/hskurd.org\/?p=6788&lang=ku","url_meta":{"origin":5183,"position":3},"title":"La\u015fmanya \u00fb dermankirina w\u00ea li navend\u00ean Heyva Sor a Kurd","author":"Sozdar","date":"10 \u0646\u0648\u0641\u0645\u0628\u0631\u060c 2022","format":false,"excerpt":"Di van dem\u00ean daw\u00een de gelek axaftin li ser belavb\u00fbna la\u015fmanyay\u00ea di nav ko\u00e7ber\u00ean s\u00fbriy\u00ea de li hem\u00ee teminan b\u00eatir\u00ee deverek\u00ee penaber b\u00fby\u00ee hene, ew nexwe\u015fiyeke \u00e7erm e ku bandor\u00ea li hem\u00fb kom\u00ean temam dike \u00fb di forma nod\u00fbleya sor de xuya dike, ku dibe sedema bir\u00een\u00ean ulserat\u00ee heta \u00e7end\u2026","rel":"","context":"\u0641\u064a &quot;Rapor&quot;","block_context":{"text":"Rapor","link":"https:\/\/hskurd.org\/?cat=206&lang=ku"},"img":{"alt_text":"","src":"https:\/\/i0.wp.com\/hskurd.org\/wp-content\/uploads\/2022\/11\/952A9945-scaled.jpg?fit=1200%2C800&ssl=1&resize=350%2C200","width":350,"height":200,"srcset":"https:\/\/i0.wp.com\/hskurd.org\/wp-content\/uploads\/2022\/11\/952A9945-scaled.jpg?fit=1200%2C800&ssl=1&resize=350%2C200 1x, https:\/\/i0.wp.com\/hskurd.org\/wp-content\/uploads\/2022\/11\/952A9945-scaled.jpg?fit=1200%2C800&ssl=1&resize=525%2C300 1.5x, https:\/\/i0.wp.com\/hskurd.org\/wp-content\/uploads\/2022\/11\/952A9945-scaled.jpg?fit=1200%2C800&ssl=1&resize=700%2C400 2x, https:\/\/i0.wp.com\/hskurd.org\/wp-content\/uploads\/2022\/11\/952A9945-scaled.jpg?fit=1200%2C800&ssl=1&resize=1050%2C600 3x"},"classes":[]},{"id":7670,"url":"https:\/\/hskurd.org\/?p=7670&lang=ku","url_meta":{"origin":5183,"position":4},"title":"Bi peydakirina l\u00eanih\u00ear\u00eena tendurist\u00ee a rast re,  nexwe\u015fiya \u015fekir t\u00ea derbaskirin","author":"heyvasorakurd","date":"24 \u0633\u0628\u062a\u0645\u0628\u0631\u060c 2023","format":false,"excerpt":"Em li Heyva Sor a Kurd l\u00eaner\u00eena tend\u00fbrist\u00ee \u00fb peydakirina xizmet\u00ean bij\u00ee\u015fk\u00ee weke armanca xwe ya sereke dinirx\u00eenin, \u00cebrah\u00eem Xidir El-Hem\u00fbd \u00ea 50 sal\u00ee ji \u015f\u00eaniy\u00ean bajar\u00ea Ser\u00eakaniy\u00ea \u00fb li kampa Ser\u00eakaniy\u00ea ya \"Tela'i\" ya rojhilat\u00ea bajar\u00ea Hesek\u00ea dim\u00eene. Nexwe\u015f\u00ea \u015fekir e ku bandor li ling\u00ea w\u00ee y\u00ea rast\u00ea kiriye.\u2026","rel":"","context":"\u0641\u064a &quot;\u00c7\u00eerok&quot;","block_context":{"text":"\u00c7\u00eerok","link":"https:\/\/hskurd.org\/?cat=831&lang=ku"},"img":{"alt_text":"","src":"https:\/\/i0.wp.com\/hskurd.org\/wp-content\/uploads\/2023\/09\/IMG-20230924-WA0014-1.jpg?fit=1200%2C800&ssl=1&resize=350%2C200","width":350,"height":200,"srcset":"https:\/\/i0.wp.com\/hskurd.org\/wp-content\/uploads\/2023\/09\/IMG-20230924-WA0014-1.jpg?fit=1200%2C800&ssl=1&resize=350%2C200 1x, https:\/\/i0.wp.com\/hskurd.org\/wp-content\/uploads\/2023\/09\/IMG-20230924-WA0014-1.jpg?fit=1200%2C800&ssl=1&resize=525%2C300 1.5x, https:\/\/i0.wp.com\/hskurd.org\/wp-content\/uploads\/2023\/09\/IMG-20230924-WA0014-1.jpg?fit=1200%2C800&ssl=1&resize=700%2C400 2x, https:\/\/i0.wp.com\/hskurd.org\/wp-content\/uploads\/2023\/09\/IMG-20230924-WA0014-1.jpg?fit=1200%2C800&ssl=1&resize=1050%2C600 3x"},"classes":[]},{"id":4854,"url":"https:\/\/hskurd.org\/?p=4854&lang=ku","url_meta":{"origin":5183,"position":5},"title":"Li dibistan\u00ea \u00c7awa em\u00ea xwe ji vayrosa Kov\u00eed19 bipar\u00eazin","author":"Sozdar","date":"27 \u0623\u0643\u062a\u0648\u0628\u0631\u060c 2020","format":false,"excerpt":"\u00a0 \u00a0Ji ber ku dibistan hjmar\u00ean mezin ji \u015fagirtan diciv\u00eene \u00fb gelek caran \u015fagirt dibe cih\u00ea belavb\u00fbna Vayrosa Koronay\u00ea ,gerek em bi hev re li mal \u00fb dibistan\u00ea wan f\u00ear\u00ee r\u00eabaz\u00ean tendurst \u00ean rast bikin da ku ew xwe \u00fb derdora xwe ji nexwe\u015fiy\u00ea bipar\u00eazin. \u00a0 \u00a0 https:\/\/youtu.be\/-oLEN9nDQpE","rel":"","context":"\u0641\u064a &quot;Perwerdehiya tendurist\u00ee&quot;","block_context":{"text":"Perwerdehiya tendurist\u00ee","link":"https:\/\/hskurd.org\/?cat=844&lang=ku"},"img":{"alt_text":"","src":"https:\/\/i0.wp.com\/hskurd.org\/wp-content\/uploads\/2020\/10\/FFF.jpg?fit=559%2C399&ssl=1&resize=350%2C200","width":350,"height":200,"srcset":"https:\/\/i0.wp.com\/hskurd.org\/wp-content\/uploads\/2020\/10\/FFF.jpg?fit=559%2C399&ssl=1&resize=350%2C200 1x, https:\/\/i0.wp.com\/hskurd.org\/wp-content\/uploads\/2020\/10\/FFF.jpg?fit=559%2C399&ssl=1&resize=525%2C300 1.5x"},"classes":[]}],"jetpack_sharing_enabled":true,"_links":{"self":[{"href":"https:\/\/hskurd.org\/index.php?rest_route=\/wp\/v2\/posts\/5183","targetHints":{"allow":["GET"]}}],"collection":[{"href":"https:\/\/hskurd.org\/index.php?rest_route=\/wp\/v2\/posts"}],"about":[{"href":"https:\/\/hskurd.org\/index.php?rest_route=\/wp\/v2\/types\/post"}],"author":[{"embeddable":true,"href":"https:\/\/hskurd.org\/index.php?rest_route=\/wp\/v2\/users\/3"}],"replies":[{"embeddable":true,"href":"https:\/\/hskurd.org\/index.php?rest_route=%2Fwp%2Fv2%2Fcomments&post=5183"}],"version-history":[{"count":2,"href":"https:\/\/hskurd.org\/index.php?rest_route=\/wp\/v2\/posts\/5183\/revisions"}],"predecessor-version":[{"id":5185,"href":"https:\/\/hskurd.org\/index.php?rest_route=\/wp\/v2\/posts\/5183\/revisions\/5185"}],"wp:featuredmedia":[{"embeddable":true,"href":"https:\/\/hskurd.org\/index.php?rest_route=\/wp\/v2\/media\/5182"}],"wp:attachment":[{"href":"https:\/\/hskurd.org\/index.php?rest_route=%2Fwp%2Fv2%2Fmedia&parent=5183"}],"wp:term":[{"taxonomy":"category","embeddable":true,"href":"https:\/\/hskurd.org\/index.php?rest_route=%2Fwp%2Fv2%2Fcategories&post=5183"},{"taxonomy":"post_tag","embeddable":true,"href":"https:\/\/hskurd.org\/index.php?rest_route=%2Fwp%2Fv2%2Ftags&post=5183"}],"curies":[{"name":"wp","href":"https:\/\/api.w.org\/{rel}","templated":true}]}}