{"id":5146,"date":"2021-01-15T22:40:31","date_gmt":"2021-01-15T19:40:31","guid":{"rendered":"https:\/\/hskurd.org\/?p=5146"},"modified":"2021-01-15T22:40:31","modified_gmt":"2021-01-15T19:40:31","slug":"kare-heyva-sor-akurd-di-2020an-de","status":"publish","type":"post","link":"https:\/\/hskurd.org\/?p=5146&lang=ku","title":{"rendered":"kar\u00ea Heyva Sor akurd di 2020an de"},"content":{"rendered":"<p><span class=\"embed-youtube\" style=\"text-align:center; display: block;\"><iframe loading=\"lazy\" class=\"youtube-player\" width=\"1500\" height=\"844\" src=\"https:\/\/www.youtube.com\/embed\/Ge5ptSwLiWk?version=3&#038;rel=1&#038;showsearch=0&#038;showinfo=1&#038;iv_load_policy=1&#038;fs=1&#038;hl=ar&#038;autohide=2&#038;wmode=transparent\" allowfullscreen=\"true\" style=\"border:0;\" sandbox=\"allow-scripts allow-same-origin allow-popups allow-presentation allow-popups-to-escape-sandbox\"><\/iframe><\/span><\/p>\n<p>&nbsp;<\/p>\n<p>2020 Salake awarte li ser kar\u00ea me di be\u015f\u00ea tendurst\u00ee de b\u00fb, bi belavb\u00fbna vayrosa Kov\u00eed-19 re me di Heyva Sor aKurd de cihek giring \u00fb fireh da bergirtina nexwe\u015fiy\u00ea di riya \u00e7end meken\u00eezman, girngtir\u00een\u00ea w\u00ea bir\u00eavebirina rew\u015fan di riya amadekirina navendan (3navend) be\u015f\u00ean di (5nexwe\u015fxaneyan )de \u00fb nexwe\u015fxaneyeke taybet bi nav\u00ea Cov\u00eed-19 li bajar\u00ea Hesek\u00ea, hejmara textan giha\u015ft z\u00eadetir\u00ee 5000 text\u00ee di nava wan de hejmareke taybet ji bo rew\u015f\u00ean giran,odeya emeliyatan ji bo girtina rew\u015fan li ser hejmar\u00ean germ, t\u00eem\u00ean tevgera awarte \u00fb lezg\u00een \u00db t\u00eem\u00ean hi\u015fmendiya tendurst\u00ee.<br \/>\n\u00fb ji bo l\u00ean\u00ear\u00eena tenduristiy\u00ea ya seretay\u00ee \u00fb nav\u00een hin nuqtey\u00ean n\u00fb li (Tal Hajar \/ Bajar\u00ea Hesaek\u00ea &#8211; Kampa Washokan\u00ee &#8211; Kampa Sere Kaniy\u00ea &#8211; Hamrat Al-Ghanam \/ Bajar\u00ea El-Raqqa) me vekir, ji bil\u00ee s\u00ea navend\u00ean n\u00fb ji bo rew\u015f\u00ean awarte \u00fb lezg\u00een li bajar\u00ean (Hesek\u00ea &#8211; D\u00earik &#8211; Raqqa)hatin vekirin.<br \/>\nHer wiha kar\u00ea me di hem\u00fb be\u015f\u00ean din de berdewam dikir wek be\u015f\u00ean WASH ,parastin, al\u00eekar\u00ee \u00fb stargeh\u00ee.<br \/>\nGelek pirojey\u00ean p\u00ea\u015fxistin\u00ee j\u00ee me destp\u00ea kir wek pirjey\u00ean Ron\u00eekirina r\u00ea li bajar\u00ea Qami\u015flo, av\u00eatina guncan a \u00e7op\u00ean bij\u00ee\u015fk\u00ee, navenda lebat\u00ean p\u00ee\u015fesaz\u00ee \u00fb dermankirina f\u00eez\u00eek\u00ee \u00db hwd.<br \/>\nHejmara gi\u015ft\u00ee ya s\u00fbdmend\u00ean ji xizmet\u00ean Heyva Sor a Kurd di sala 2020 de gih\u00ee\u015ft (1,649,826).<\/p>\n","protected":false},"excerpt":{"rendered":"<p>&nbsp; 2020 Salake awarte li ser kar\u00ea me di be\u015f\u00ea tendurst\u00ee de b\u00fb, bi belavb\u00fbna vayrosa Kov\u00eed-19 re me di Heyva Sor aKurd de cihek giring \u00fb fireh da bergirtina nexwe\u015fiy\u00ea di riya \u00e7end meken\u00eezman, girngtir\u00een\u00ea w\u00ea bir\u00eavebirina rew\u015fan di riya amadekirina navendan (3navend) be\u015f\u00ean di (5nexwe\u015fxaneyan )de \u00fb nexwe\u015fxaneyeke taybet bi nav\u00ea Cov\u00eed-19 li [&hellip;]<\/p>\n","protected":false},"author":3,"featured_media":5147,"comment_status":"open","ping_status":"open","sticky":false,"template":"","format":"standard","meta":{"give_campaign_id":0,"ngg_post_thumbnail":0,"jetpack_post_was_ever_published":false,"_jetpack_newsletter_access":"","_jetpack_dont_email_post_to_subs":false,"_jetpack_newsletter_tier_id":0,"_jetpack_memberships_contains_paywalled_content":false,"_jetpack_memberships_contains_paid_content":false,"footnotes":"","jetpack_publicize_message":"","jetpack_publicize_feature_enabled":true,"jetpack_social_post_already_shared":true,"jetpack_social_options":{"image_generator_settings":{"template":"highway","default_image_id":0,"font":"","enabled":false},"version":2},"_links_to":"","_links_to_target":""},"categories":[206],"tags":[963],"class_list":["post-5146","post","type-post","status-publish","format-standard","has-post-thumbnail","hentry","category-rapor","tag-panorama_2020"],"jetpack_publicize_connections":[],"jetpack_featured_media_url":"https:\/\/i0.wp.com\/hskurd.org\/wp-content\/uploads\/2021\/01\/cropped-%D8%AC%D8%AF%D9%8A%D8%AF-%D9%87%D9%84%D8%A7%D9%84-%D8%A7%D8%AD%D9%85%D8%B1-1-2.jpg?fit=1030%2C1030&ssl=1","jetpack-related-posts":[{"id":5098,"url":"https:\/\/hskurd.org\/?p=5098&lang=ku","url_meta":{"origin":5146,"position":0},"title":"Navend \u00fb nexwe\u015fxaney\u00ean Kov\u00eed19","author":"Sozdar","date":"8 \u062f\u064a\u0633\u0645\u0628\u0631\u060c 2020","format":false,"excerpt":"https:\/\/youtu.be\/AFRph_Pgddk Bi belavb\u00fbna vayr\u00fbsa Kov\u00eed-19 re bersiva me ya tendurst\u00ee ne ten\u00ea hejmar\u00ean germ y\u00ean gir\u00eaday\u00ee odeya emeliyatan, navend\u00ean rew\u015f\u00ean awarte \u00fb lezg\u00een ji bo nexwe\u015f\u00ean Korona , kon\u00ean tecr\u00eeda nexwe\u015fan li ber hem\u00fb navend\u00ean tendurst\u00ee yan j\u00ee kampaniy\u00ean perwerdekirn\u00ea b\u00fbn , hewcedariya navend \u00fb nexwe\u015fxaney\u00ean taybet ji bo Kov\u00eed\u2026","rel":"","context":"\u0641\u064a &quot;Awarte&quot;","block_context":{"text":"Awarte","link":"https:\/\/hskurd.org\/?cat=848&lang=ku"},"img":{"alt_text":"","src":"https:\/\/i0.wp.com\/hskurd.org\/wp-content\/uploads\/2020\/12\/%D8%A7%D9%82%D8%B3%D8%A7%D9%85-%D9%83%D9%88%D9%81%D9%8A%D8%AF-2.jpg?fit=1066%2C594&ssl=1&resize=350%2C200","width":350,"height":200,"srcset":"https:\/\/i0.wp.com\/hskurd.org\/wp-content\/uploads\/2020\/12\/%D8%A7%D9%82%D8%B3%D8%A7%D9%85-%D9%83%D9%88%D9%81%D9%8A%D8%AF-2.jpg?fit=1066%2C594&ssl=1&resize=350%2C200 1x, https:\/\/i0.wp.com\/hskurd.org\/wp-content\/uploads\/2020\/12\/%D8%A7%D9%82%D8%B3%D8%A7%D9%85-%D9%83%D9%88%D9%81%D9%8A%D8%AF-2.jpg?fit=1066%2C594&ssl=1&resize=525%2C300 1.5x, https:\/\/i0.wp.com\/hskurd.org\/wp-content\/uploads\/2020\/12\/%D8%A7%D9%82%D8%B3%D8%A7%D9%85-%D9%83%D9%88%D9%81%D9%8A%D8%AF-2.jpg?fit=1066%2C594&ssl=1&resize=700%2C400 2x, https:\/\/i0.wp.com\/hskurd.org\/wp-content\/uploads\/2020\/12\/%D8%A7%D9%82%D8%B3%D8%A7%D9%85-%D9%83%D9%88%D9%81%D9%8A%D8%AF-2.jpg?fit=1066%2C594&ssl=1&resize=1050%2C600 3x"},"classes":[]},{"id":11582,"url":"https:\/\/hskurd.org\/?p=11582&lang=ku","url_meta":{"origin":5146,"position":1},"title":"Gihandina al\u00eekariy\u00ean awarte ji bo Sw\u00eada","author":"user55","date":"24 \u0623\u063a\u0633\u0637\u0633\u060c 2025","format":false,"excerpt":"Ji desp\u00eaka kr\u00eeza ba\u015fur\u00ea Suriy\u00ea \u00fb Sw\u00eada de, me hewl da ku em bibin Al\u00eekar bi kes\u00ean ku ziyan d\u00eetin \u00fb ko\u00e7berb\u00fbn ji ber rew\u015fa \u015fer, bi taybet\u00ee li par\u00eazgeha Sw\u00eada y\u00ea. Ji ber tensiona hey\u00ee \u00fb hestiyariya rew\u015f\u00ea me ji desp\u00eak\u00ea de bi b\u00eadeng\u00ee kar kir ji bo ewlekariya\u2026","rel":"","context":"\u0641\u064a &quot;News&quot;","block_context":{"text":"News","link":"https:\/\/hskurd.org\/?cat=2171&lang=ku"},"img":{"alt_text":"","src":"https:\/\/i0.wp.com\/hskurd.org\/wp-content\/uploads\/2025\/08\/%D8%B3%D9%88%D9%8A%D8%AF%D8%A7.jpg?fit=900%2C1200&ssl=1&resize=350%2C200","width":350,"height":200,"srcset":"https:\/\/i0.wp.com\/hskurd.org\/wp-content\/uploads\/2025\/08\/%D8%B3%D9%88%D9%8A%D8%AF%D8%A7.jpg?fit=900%2C1200&ssl=1&resize=350%2C200 1x, https:\/\/i0.wp.com\/hskurd.org\/wp-content\/uploads\/2025\/08\/%D8%B3%D9%88%D9%8A%D8%AF%D8%A7.jpg?fit=900%2C1200&ssl=1&resize=525%2C300 1.5x, https:\/\/i0.wp.com\/hskurd.org\/wp-content\/uploads\/2025\/08\/%D8%B3%D9%88%D9%8A%D8%AF%D8%A7.jpg?fit=900%2C1200&ssl=1&resize=700%2C400 2x"},"classes":[]},{"id":8390,"url":"https:\/\/hskurd.org\/?p=8390&lang=ku","url_meta":{"origin":5146,"position":2},"title":"Daxuyan\u00ee di der bar\u00ea hedefgirtina t\u00eem\u00ean me y\u00ean tenduristiy\u00ea de","author":"neruda","date":"1 \u064a\u0648\u0646\u064a\u0648\u060c 2024","format":false,"excerpt":"Iroj careke din her\u00eam\u00ean bakur \u00fb rojhilat\u00ea Suriy\u00ea li gelek cihan rast\u00ee \u00ear\u00ee\u015f\u00ean dron\u00ean dewleta tirk hatin, li gor w\u00ea, girop\u00ean me y\u00ean rew\u015f\u00ean awarte ketin tevger\u00ea ji bo dermankirin \u00fb veguhestina bir\u00eendar \u00fb \u015feh\u00eedan. Di dema ku gr\u00fbpek me ya tendurist\u00ee bi erk\u00ea xwe y\u00ea mirov\u00ee radib\u00fb li gund\u00ea\u2026","rel":"","context":"\u0641\u064a &quot;Awarte&quot;","block_context":{"text":"Awarte","link":"https:\/\/hskurd.org\/?cat=848&lang=ku"},"img":{"alt_text":"","src":"https:\/\/i0.wp.com\/hskurd.org\/wp-content\/uploads\/2024\/06\/444487447_760765556218746_3264267915091801621_n.jpg?fit=552%2C508&ssl=1&resize=350%2C200","width":350,"height":200,"srcset":"https:\/\/i0.wp.com\/hskurd.org\/wp-content\/uploads\/2024\/06\/444487447_760765556218746_3264267915091801621_n.jpg?fit=552%2C508&ssl=1&resize=350%2C200 1x, https:\/\/i0.wp.com\/hskurd.org\/wp-content\/uploads\/2024\/06\/444487447_760765556218746_3264267915091801621_n.jpg?fit=552%2C508&ssl=1&resize=525%2C300 1.5x"},"classes":[]},{"id":5025,"url":"https:\/\/hskurd.org\/?p=5025&lang=ku","url_meta":{"origin":5146,"position":3},"title":"Valahiyeke heval ji bo zarokan li campa Wa\u015fokan\u00ee hat vekirin","author":"Sozdar","date":"23 \u0646\u0648\u0641\u0645\u0628\u0631\u060c 2020","format":false,"excerpt":"\u00a0 Ji ber ku zarok mebesta me ya sereke ne \u00fb ew di destp\u00eaka xizmet\u00ean me y\u00ean tendurst\u00ee \u00fb dir\u00fbn\u00ee de ne , em di heyva sor de hewl didin ku \"roja zaroan ya c\u00eehan\u00ee\" wek hem\u00fb rojan derbas nebe. Lewra t\u00eema parastin\u00ea ya HSK \u00fb qom\u00ceteya parastina zarokan li\u2026","rel":"","context":"\u0641\u064a &quot;Parastin&quot;","block_context":{"text":"Parastin","link":"https:\/\/hskurd.org\/?cat=840&lang=ku"},"img":{"alt_text":"","src":"https:\/\/i0.wp.com\/hskurd.org\/wp-content\/uploads\/2020\/11\/%D9%86%D8%AA%D8%A7-2.jpg?fit=1200%2C800&ssl=1&resize=350%2C200","width":350,"height":200,"srcset":"https:\/\/i0.wp.com\/hskurd.org\/wp-content\/uploads\/2020\/11\/%D9%86%D8%AA%D8%A7-2.jpg?fit=1200%2C800&ssl=1&resize=350%2C200 1x, https:\/\/i0.wp.com\/hskurd.org\/wp-content\/uploads\/2020\/11\/%D9%86%D8%AA%D8%A7-2.jpg?fit=1200%2C800&ssl=1&resize=525%2C300 1.5x, https:\/\/i0.wp.com\/hskurd.org\/wp-content\/uploads\/2020\/11\/%D9%86%D8%AA%D8%A7-2.jpg?fit=1200%2C800&ssl=1&resize=700%2C400 2x, https:\/\/i0.wp.com\/hskurd.org\/wp-content\/uploads\/2020\/11\/%D9%86%D8%AA%D8%A7-2.jpg?fit=1200%2C800&ssl=1&resize=1050%2C600 3x"},"classes":[]},{"id":5290,"url":"https:\/\/hskurd.org\/?p=5290&lang=ku","url_meta":{"origin":5146,"position":4},"title":"8\u00ea Adar\u00ea cejna jin\u00ean Heyva Sor a Kurd e","author":"Sozdar","date":"11 \u0645\u0627\u0631\u0633\u060c 2021","format":false,"excerpt":"Wek ku tevahiya c\u00eehan bi roja 8 \u00ea Adar\u00ea roja Jin\u00ea ya c\u00cehan\u00ee p\u00eerozdike, cureyek ji r\u00eazgrtin ji bo w\u00ea ,destkeftey\u00ean w\u00ea \u00fb keda w\u00ea di hem\u00fb be\u015fan de ku her\u00ee daw\u00ee xwe di qada \u015fer\u00ea Korona de tesb\u00eet kir \u00fb di \u00e7eper\u00ean \u015fer\u00ea vayros\u00ea y\u00ean p\u00ea\u015f de cih\u00ea xwe\u2026","rel":"","context":"\u0641\u064a &quot;Parastin&quot;","block_context":{"text":"Parastin","link":"https:\/\/hskurd.org\/?cat=840&lang=ku"},"img":{"alt_text":"","src":"https:\/\/i0.wp.com\/hskurd.org\/wp-content\/uploads\/2021\/03\/952A2302-scaled.jpg?fit=1200%2C800&ssl=1&resize=350%2C200","width":350,"height":200,"srcset":"https:\/\/i0.wp.com\/hskurd.org\/wp-content\/uploads\/2021\/03\/952A2302-scaled.jpg?fit=1200%2C800&ssl=1&resize=350%2C200 1x, https:\/\/i0.wp.com\/hskurd.org\/wp-content\/uploads\/2021\/03\/952A2302-scaled.jpg?fit=1200%2C800&ssl=1&resize=525%2C300 1.5x, https:\/\/i0.wp.com\/hskurd.org\/wp-content\/uploads\/2021\/03\/952A2302-scaled.jpg?fit=1200%2C800&ssl=1&resize=700%2C400 2x, https:\/\/i0.wp.com\/hskurd.org\/wp-content\/uploads\/2021\/03\/952A2302-scaled.jpg?fit=1200%2C800&ssl=1&resize=1050%2C600 3x"},"classes":[]},{"id":573,"url":"https:\/\/hskurd.org\/?p=573&lang=ku","url_meta":{"origin":5146,"position":5},"title":"Navenda Heyva Sor Akurd \u015eaxa Efr\u00een","author":"heyvasorakurd","date":"3 \u0645\u0627\u0631\u0633\u060c 2017","format":false,"excerpt":"Yekem\u00een saz\u00eey\u00ean mirovah\u00ee di Efr\u00een\u00ea de bi Heyva Sor Akurd destp\u00eakir , hem\u00fb xebat\u00ean al\u00eekar\u00ee ji bo kes\u00ean belengaz kir . Di sala 2013,an de heyva sor akurd al\u00eekar\u00ean heyber\u00ee , rewan\u00ee \u00fb tendirust\u00ee \u00a0ji bo ko\u00e7ber\u00ean taxa \u015e\u00eax Meqs\u00fbd \u00ean di dibistanan \u00fb saz\u00eeyan de kir . Di sala\u2026","rel":"","context":"\u0641\u064a &quot;b\u00ea kategoriyan&quot;","block_context":{"text":"b\u00ea kategoriyan","link":"https:\/\/hskurd.org\/?cat=85&lang=ku"},"img":{"alt_text":"","src":"https:\/\/i0.wp.com\/hskurd.org\/wp-content\/uploads\/2017\/03\/%D9%A2%D9%A0%D9%A1%D9%A6%D9%A1%D9%A2%D9%A1%D9%A4_%D9%A1%D9%A5%D9%A1%D9%A4%D9%A5%D9%A4-2.jpg?fit=1200%2C720&ssl=1&resize=350%2C200","width":350,"height":200,"srcset":"https:\/\/i0.wp.com\/hskurd.org\/wp-content\/uploads\/2017\/03\/%D9%A2%D9%A0%D9%A1%D9%A6%D9%A1%D9%A2%D9%A1%D9%A4_%D9%A1%D9%A5%D9%A1%D9%A4%D9%A5%D9%A4-2.jpg?fit=1200%2C720&ssl=1&resize=350%2C200 1x, https:\/\/i0.wp.com\/hskurd.org\/wp-content\/uploads\/2017\/03\/%D9%A2%D9%A0%D9%A1%D9%A6%D9%A1%D9%A2%D9%A1%D9%A4_%D9%A1%D9%A5%D9%A1%D9%A4%D9%A5%D9%A4-2.jpg?fit=1200%2C720&ssl=1&resize=525%2C300 1.5x, https:\/\/i0.wp.com\/hskurd.org\/wp-content\/uploads\/2017\/03\/%D9%A2%D9%A0%D9%A1%D9%A6%D9%A1%D9%A2%D9%A1%D9%A4_%D9%A1%D9%A5%D9%A1%D9%A4%D9%A5%D9%A4-2.jpg?fit=1200%2C720&ssl=1&resize=700%2C400 2x, https:\/\/i0.wp.com\/hskurd.org\/wp-content\/uploads\/2017\/03\/%D9%A2%D9%A0%D9%A1%D9%A6%D9%A1%D9%A2%D9%A1%D9%A4_%D9%A1%D9%A5%D9%A1%D9%A4%D9%A5%D9%A4-2.jpg?fit=1200%2C720&ssl=1&resize=1050%2C600 3x"},"classes":[]}],"jetpack_sharing_enabled":true,"_links":{"self":[{"href":"https:\/\/hskurd.org\/index.php?rest_route=\/wp\/v2\/posts\/5146","targetHints":{"allow":["GET"]}}],"collection":[{"href":"https:\/\/hskurd.org\/index.php?rest_route=\/wp\/v2\/posts"}],"about":[{"href":"https:\/\/hskurd.org\/index.php?rest_route=\/wp\/v2\/types\/post"}],"author":[{"embeddable":true,"href":"https:\/\/hskurd.org\/index.php?rest_route=\/wp\/v2\/users\/3"}],"replies":[{"embeddable":true,"href":"https:\/\/hskurd.org\/index.php?rest_route=%2Fwp%2Fv2%2Fcomments&post=5146"}],"version-history":[{"count":2,"href":"https:\/\/hskurd.org\/index.php?rest_route=\/wp\/v2\/posts\/5146\/revisions"}],"predecessor-version":[{"id":5149,"href":"https:\/\/hskurd.org\/index.php?rest_route=\/wp\/v2\/posts\/5146\/revisions\/5149"}],"wp:featuredmedia":[{"embeddable":true,"href":"https:\/\/hskurd.org\/index.php?rest_route=\/wp\/v2\/media\/5147"}],"wp:attachment":[{"href":"https:\/\/hskurd.org\/index.php?rest_route=%2Fwp%2Fv2%2Fmedia&parent=5146"}],"wp:term":[{"taxonomy":"category","embeddable":true,"href":"https:\/\/hskurd.org\/index.php?rest_route=%2Fwp%2Fv2%2Fcategories&post=5146"},{"taxonomy":"post_tag","embeddable":true,"href":"https:\/\/hskurd.org\/index.php?rest_route=%2Fwp%2Fv2%2Ftags&post=5146"}],"curies":[{"name":"wp","href":"https:\/\/api.w.org\/{rel}","templated":true}]}}