{"id":5083,"date":"2020-12-08T13:47:56","date_gmt":"2020-12-08T10:47:56","guid":{"rendered":"https:\/\/hskurd.org\/?p=5083"},"modified":"2020-12-08T13:47:56","modified_gmt":"2020-12-08T10:47:56","slug":"ranya-qurbaniya-penaberiye-necar-e","status":"publish","type":"post","link":"https:\/\/hskurd.org\/?p=5083&lang=ku","title":{"rendered":"&#8221; Ranya&#8221; qurbaniya penaberiy\u00ea ne\u00e7ar e"},"content":{"rendered":"<p><span class=\"embed-youtube\" style=\"text-align:center; display: block;\"><iframe loading=\"lazy\" class=\"youtube-player\" width=\"1500\" height=\"844\" src=\"https:\/\/www.youtube.com\/embed\/pIy8n2Qtd20?version=3&#038;rel=1&#038;showsearch=0&#038;showinfo=1&#038;iv_load_policy=1&#038;fs=1&#038;hl=ar&#038;autohide=2&#038;wmode=transparent\" allowfullscreen=\"true\" style=\"border:0;\" sandbox=\"allow-scripts allow-same-origin allow-popups allow-presentation allow-popups-to-escape-sandbox\"><\/iframe><\/span><\/p>\n<p>&nbsp;<\/p>\n<div dir=\"auto\">\u00ca\u015f \u00fb azar\u00ean malbatek Efr\u00een\u00ee ya ko\u00e7ber li kamp\u00ean \u015eehba (kampa Berxwedan) kom b\u00fbne, ku \u00ea\u015fa ko\u00e7beriy\u00ea \u00fb \u00ea\u015fa ke\u00e7a wan a 15-sal\u00ee &#8220;Ranya&#8221;.<\/div>\n<div dir=\"auto\">Ranya, ku di ser\u00ee de ji heb\u00fbna \u015filaba serbest a bela\u015f \u00ea\u015f ki\u015fand, b\u00fb sedema z\u00eadeb\u00fbna zexta di hundur\u00ea qoq\u00ea de. N\u00ee\u015faney\u00ean w\u00ea y\u00ean wek\u00ee b\u00eahnvedan\u00ea, ser\u00ea\u015f\u00ea, vere\u015f\u00een\u00ea, d\u00eetina tar\u00ee, d\u00eetina duqat, \u00fb pirsgir\u00eak\u00ean hevsengiy\u00ea y\u00ean wek\u00ee neb\u00fbna hevr\u00eaziy\u00ea heb\u00fb.<\/div>\n<div dir=\"auto\">Ji ber tuneb\u00fbna personel\u00ean bij\u00ee\u015fk\u00ee y\u00ean pispor li her\u00eam\u00ea, ke\u00e7ik\u00ea heya \u00eero \u00ea\u015f ki\u015fand.<\/div>\n<div dir=\"auto\">T\u00eem\u00ean me y\u00ean tendurist\u00ee gelek serdan li wan kirin, \u00fb pi\u015ftevaniya tendurist\u00ee \u00fb der\u00fbn\u00ee ji wan re hat p\u00ea\u015fk\u00ea\u015f kirin.<\/div>\n","protected":false},"excerpt":{"rendered":"<p>&nbsp; \u00ca\u015f \u00fb azar\u00ean malbatek Efr\u00een\u00ee ya ko\u00e7ber li kamp\u00ean \u015eehba (kampa Berxwedan) kom b\u00fbne, ku \u00ea\u015fa ko\u00e7beriy\u00ea \u00fb \u00ea\u015fa ke\u00e7a wan a 15-sal\u00ee &#8220;Ranya&#8221;. Ranya, ku di ser\u00ee de ji heb\u00fbna \u015filaba serbest a bela\u015f \u00ea\u015f ki\u015fand, b\u00fb sedema z\u00eadeb\u00fbna zexta di hundur\u00ea qoq\u00ea de. N\u00ee\u015faney\u00ean w\u00ea y\u00ean wek\u00ee b\u00eahnvedan\u00ea, ser\u00ea\u015f\u00ea, vere\u015f\u00een\u00ea, d\u00eetina tar\u00ee, [&hellip;]<\/p>\n","protected":false},"author":3,"featured_media":5084,"comment_status":"open","ping_status":"open","sticky":false,"template":"","format":"standard","meta":{"give_campaign_id":0,"ngg_post_thumbnail":0,"jetpack_post_was_ever_published":false,"_jetpack_newsletter_access":"","_jetpack_dont_email_post_to_subs":false,"_jetpack_newsletter_tier_id":0,"_jetpack_memberships_contains_paywalled_content":false,"_jetpack_memberships_contains_paid_content":false,"footnotes":"","jetpack_publicize_message":"","jetpack_publicize_feature_enabled":true,"jetpack_social_post_already_shared":true,"jetpack_social_options":{"image_generator_settings":{"template":"highway","default_image_id":0,"font":"","enabled":false},"version":2},"_links_to":"","_links_to_target":""},"categories":[831],"tags":[943],"class_list":["post-5083","post","type-post","status-publish","format-standard","has-post-thumbnail","hentry","category-cirok","tag-efrin-sahba"],"jetpack_publicize_connections":[],"jetpack_featured_media_url":"https:\/\/i0.wp.com\/hskurd.org\/wp-content\/uploads\/2020\/12\/%D8%B1%D8%A7%D9%86%D9%8A%D8%A7-2.jpg?fit=851%2C490&ssl=1","jetpack-related-posts":[{"id":8845,"url":"https:\/\/hskurd.org\/?p=8845&lang=ku","url_meta":{"origin":5083,"position":0},"title":"penaberiya ji Lubnan\u00ea ber bi her\u00eama \u015eehbay\u00ea ve, zordariyeke n\u00fb li zordariy\u00ean penaberiy\u00ea \u00fb ko\u00e7beriy\u00ea y\u00ean kevin z\u00eade dike","author":"neruda","date":"24 \u0623\u0643\u062a\u0648\u0628\u0631\u060c 2024","format":false,"excerpt":"Rew\u015fa penaberiya ji Lubnan\u00ea ber bi her\u00eama \u015eehbay\u00ea ve, zordariyeke n\u00fb li zordariy\u00ean penaberiy\u00ea \u00fb ko\u00e7beriy\u00ea y\u00ean kevin z\u00eade dike. Gelek kes ji wan b\u00fbne \u015fahid\u00ean heman senaryoy\u00ea ku ber\u00ea di encama dagirkeriya Tirkiy\u00ea de ne\u00e7ar man ji bajar\u00ea Efr\u00een\u00ea dekevin , ku pa\u015f\u00ea xwe di kamp\u00ean li bajar\u00ean wek\u00ee\u2026","rel":"","context":"\u0641\u064a &quot;\u00c7\u00eerok&quot;","block_context":{"text":"\u00c7\u00eerok","link":"https:\/\/hskurd.org\/?cat=831&lang=ku"},"img":{"alt_text":"","src":"https:\/\/i0.wp.com\/hskurd.org\/wp-content\/uploads\/2024\/10\/464067460_850832190545415_6507049548074775190_n.jpg?fit=1200%2C800&ssl=1&resize=350%2C200","width":350,"height":200,"srcset":"https:\/\/i0.wp.com\/hskurd.org\/wp-content\/uploads\/2024\/10\/464067460_850832190545415_6507049548074775190_n.jpg?fit=1200%2C800&ssl=1&resize=350%2C200 1x, https:\/\/i0.wp.com\/hskurd.org\/wp-content\/uploads\/2024\/10\/464067460_850832190545415_6507049548074775190_n.jpg?fit=1200%2C800&ssl=1&resize=525%2C300 1.5x, https:\/\/i0.wp.com\/hskurd.org\/wp-content\/uploads\/2024\/10\/464067460_850832190545415_6507049548074775190_n.jpg?fit=1200%2C800&ssl=1&resize=700%2C400 2x, https:\/\/i0.wp.com\/hskurd.org\/wp-content\/uploads\/2024\/10\/464067460_850832190545415_6507049548074775190_n.jpg?fit=1200%2C800&ssl=1&resize=1050%2C600 3x"},"classes":[]},{"id":8201,"url":"https:\/\/hskurd.org\/?p=8201&lang=ku","url_meta":{"origin":5083,"position":1},"title":"R\u00eaxistina Heyva Sor a Kurd \u00e7ar heval\u00ean xwe oxir dike","author":"neruda","date":"27 \u0645\u0627\u0631\u0633\u060c 2024","format":false,"excerpt":"Em R\u00eaxistina Heyva Sor a Kurd bi xemg\u00eeniyeke mezin \u00e7ar r\u00eaheval\u00ean xwe : Luay Mihemed Bekir, Hesen Ebdulrehman Heydo, Mihemed Ebdullah El-Osman, El\u00ee Osman El-Cas\u00eem radigh\u00eenin , ku di roja p\u00eanc\u015fem\u00ea 14-03-2024an de li ser r\u00eaya D\u00earezor\u00ea di encama qezayeke traf\u00eek\u00ea ya bi \u00ea\u015f de jiyana xwe ji dest dan\u2026","rel":"","context":"\u0641\u064a &quot;Awarte&quot;","block_context":{"text":"Awarte","link":"https:\/\/hskurd.org\/?cat=848&lang=ku"},"img":{"alt_text":"","src":"https:\/\/i0.wp.com\/hskurd.org\/wp-content\/uploads\/2021\/01\/cropped-%D8%AC%D8%AF%D9%8A%D8%AF-%D9%87%D9%84%D8%A7%D9%84-%D8%A7%D8%AD%D9%85%D8%B1-1-2.jpg?fit=1030%2C1030&ssl=1&resize=350%2C200","width":350,"height":200,"srcset":"https:\/\/i0.wp.com\/hskurd.org\/wp-content\/uploads\/2021\/01\/cropped-%D8%AC%D8%AF%D9%8A%D8%AF-%D9%87%D9%84%D8%A7%D9%84-%D8%A7%D8%AD%D9%85%D8%B1-1-2.jpg?fit=1030%2C1030&ssl=1&resize=350%2C200 1x, https:\/\/i0.wp.com\/hskurd.org\/wp-content\/uploads\/2021\/01\/cropped-%D8%AC%D8%AF%D9%8A%D8%AF-%D9%87%D9%84%D8%A7%D9%84-%D8%A7%D8%AD%D9%85%D8%B1-1-2.jpg?fit=1030%2C1030&ssl=1&resize=525%2C300 1.5x, https:\/\/i0.wp.com\/hskurd.org\/wp-content\/uploads\/2021\/01\/cropped-%D8%AC%D8%AF%D9%8A%D8%AF-%D9%87%D9%84%D8%A7%D9%84-%D8%A7%D8%AD%D9%85%D8%B1-1-2.jpg?fit=1030%2C1030&ssl=1&resize=700%2C400 2x"},"classes":[]},{"id":8493,"url":"https:\/\/hskurd.org\/?p=8493&lang=ku","url_meta":{"origin":5083,"position":2},"title":"Navenda Tendurist\u00ee  li bajarok\u00ea \u015eedad\u00ea","author":"neruda","date":"25 \u064a\u0648\u0644\u064a\u0648\u060c 2024","format":false,"excerpt":"\u00a0 Saziy\u00ean bij\u00eejk\u00ee di peydakirina l\u00eanih\u00ear\u00eena tendurist\u00ee ji civakan re rolek gir\u00eeng dil\u00eezin. Bi taybet\u00ee li her\u00eam\u00ean ku xizmet\u00ean bingeh\u00een li wan peyda nabin. Di v\u00ee war\u00ee de, R\u00eaxistina Heyva Sor a Kurd erkek\u00ee xurt n\u00ee\u015fan dide ji bo p\u00ea\u015fk\u00ea\u015fkirina xizmet\u00ean piz\u00ee\u015fk\u00ee \u00fb tenduristiy\u00ea ji ni\u015fteciy\u00ean Bakur \u00fb Rojhilat\u00ea S\u00fbriy\u00ea\u2026","rel":"","context":"\u0641\u064a &quot;Awarte&quot;","block_context":{"text":"Awarte","link":"https:\/\/hskurd.org\/?cat=848&lang=ku"},"img":{"alt_text":"","src":"https:\/\/i0.wp.com\/hskurd.org\/wp-content\/uploads\/2024\/07\/%D8%B4%D8%AF%D8%A7%D8%AF%D8%A9-%D8%A8.png?fit=1028%2C804&ssl=1&resize=350%2C200","width":350,"height":200,"srcset":"https:\/\/i0.wp.com\/hskurd.org\/wp-content\/uploads\/2024\/07\/%D8%B4%D8%AF%D8%A7%D8%AF%D8%A9-%D8%A8.png?fit=1028%2C804&ssl=1&resize=350%2C200 1x, https:\/\/i0.wp.com\/hskurd.org\/wp-content\/uploads\/2024\/07\/%D8%B4%D8%AF%D8%A7%D8%AF%D8%A9-%D8%A8.png?fit=1028%2C804&ssl=1&resize=525%2C300 1.5x, https:\/\/i0.wp.com\/hskurd.org\/wp-content\/uploads\/2024\/07\/%D8%B4%D8%AF%D8%A7%D8%AF%D8%A9-%D8%A8.png?fit=1028%2C804&ssl=1&resize=700%2C400 2x"},"classes":[]},{"id":12006,"url":"https:\/\/hskurd.org\/?p=12006&lang=ku","url_meta":{"origin":5083,"position":3},"title":"Bersiva mirov\u00ee ya ac\u00eel ji bo sivikkirina \u00ea\u015f \u00fb azar\u00ean kes\u00ean bandordar","author":"user55","date":"2 \u0645\u0627\u0631\u0633\u060c 2026","format":false,"excerpt":"Heyva Sor a Kurd, bi pi\u015ftgiriya Yek\u00eetiya bij\u00ee\u015fk\u00ean Kurd li Almanya \"Verband Kurdischer \u00c4rzte EV\" \u015f\u00eer \u00fb k\u00eet\u00ean paqijiy\u00ea li ko\u00e7ber\u00ean ku gihi\u015ftine bajar\u00ea Qam\u00ee\u015flo belav kirin. wek\u00ee be\u015fek ji bersiva mirov\u00ee ya awarte di \u015fert \u00fb merc\u00ean dijwar y\u00ean ku ko\u00e7ber jiyan dikin.","rel":"","context":"\u0641\u064a &quot;Al\u00eekar\u00ee&quot;","block_context":{"text":"Al\u00eekar\u00ee","link":"https:\/\/hskurd.org\/?cat=2169&lang=ku"},"img":{"alt_text":"","src":"https:\/\/i0.wp.com\/hskurd.org\/wp-content\/uploads\/2026\/03\/619634881_1185682017060429_5397505927335684806_n.jpg?fit=1200%2C674&ssl=1&resize=350%2C200","width":350,"height":200,"srcset":"https:\/\/i0.wp.com\/hskurd.org\/wp-content\/uploads\/2026\/03\/619634881_1185682017060429_5397505927335684806_n.jpg?fit=1200%2C674&ssl=1&resize=350%2C200 1x, https:\/\/i0.wp.com\/hskurd.org\/wp-content\/uploads\/2026\/03\/619634881_1185682017060429_5397505927335684806_n.jpg?fit=1200%2C674&ssl=1&resize=525%2C300 1.5x, https:\/\/i0.wp.com\/hskurd.org\/wp-content\/uploads\/2026\/03\/619634881_1185682017060429_5397505927335684806_n.jpg?fit=1200%2C674&ssl=1&resize=700%2C400 2x, https:\/\/i0.wp.com\/hskurd.org\/wp-content\/uploads\/2026\/03\/619634881_1185682017060429_5397505927335684806_n.jpg?fit=1200%2C674&ssl=1&resize=1050%2C600 3x"},"classes":[]},{"id":5930,"url":"https:\/\/hskurd.org\/?p=5930&lang=ku","url_meta":{"origin":5083,"position":4},"title":"Qurban\u00ee \u00fb metrsiy\u00ean bermahiy\u00ean \u015fer li \u015eehbay\u00ea","author":"Sozdar","date":"11 \u0623\u0628\u0631\u064a\u0644\u060c 2022","format":false,"excerpt":"\u00ca\u015fa ko\u00e7ber\u00ean Efr\u00een\u00ea \u00fb xelk\u00ean her\u00eam\u00ean \u015eehba \u00fb r\u00fbbir\u00fbb\u00fbna wan ji metirsiya bermahiy\u00ean \u015fer berdewam e, heta niha t\u00eem\u00ean me y\u00ean pi\u015f\u00ee\u015fk\u00ee li her\u00eam\u00ean \u015eehba z\u00eadetir\u00ee \/104\/ b\u00fbyer\u00ean di navbera qurban\u00ee \u00fb bir\u00eendaran de tomar kirine. di encama teq\u00eena bermahiy\u00ean \u015fer \u00fb bombey\u00ean teqemen\u00ee de. Duh, li gund\u00ean her\u00eam\u00ean \u015eehbay\u00ea,\u2026","rel":"","context":"\u0641\u064a &quot;Awarte&quot;","block_context":{"text":"Awarte","link":"https:\/\/hskurd.org\/?cat=848&lang=ku"},"img":{"alt_text":"","src":"https:\/\/i0.wp.com\/hskurd.org\/wp-content\/uploads\/2022\/04\/275930836_3144912982454408_7799953160505346224_n.jpg?fit=1200%2C800&ssl=1&resize=350%2C200","width":350,"height":200,"srcset":"https:\/\/i0.wp.com\/hskurd.org\/wp-content\/uploads\/2022\/04\/275930836_3144912982454408_7799953160505346224_n.jpg?fit=1200%2C800&ssl=1&resize=350%2C200 1x, https:\/\/i0.wp.com\/hskurd.org\/wp-content\/uploads\/2022\/04\/275930836_3144912982454408_7799953160505346224_n.jpg?fit=1200%2C800&ssl=1&resize=525%2C300 1.5x, https:\/\/i0.wp.com\/hskurd.org\/wp-content\/uploads\/2022\/04\/275930836_3144912982454408_7799953160505346224_n.jpg?fit=1200%2C800&ssl=1&resize=700%2C400 2x, https:\/\/i0.wp.com\/hskurd.org\/wp-content\/uploads\/2022\/04\/275930836_3144912982454408_7799953160505346224_n.jpg?fit=1200%2C800&ssl=1&resize=1050%2C600 3x"},"classes":[]},{"id":6904,"url":"https:\/\/hskurd.org\/?p=6904&lang=ku","url_meta":{"origin":5083,"position":5},"title":"\u00c7\u00eerok\u00ean serkeftin\u00ea li navenda pirot\u00eaza","author":"heyvasorakurd","date":"12 \u064a\u0646\u0627\u064a\u0631\u060c 2023","format":false,"excerpt":"Pi\u015ft\u00ee 5 salan ji \u00ea\u015f ki\u015fandin\u00ea \"Qasim\" yek ji s\u00fbdmend\u00ean xizmet\u00ean Navenda Protez, Dermankirina F\u00eez\u00eek\u00ee \u00fb Pi\u015ftgiriya Der\u00fbn\u00ee ji bo desteka berfireh \u00fb n\u00fbavakirina kes\u00ean astengdar \u00fb bir\u00eendar\u00ean may\u00eende \u00fb malbat\u00ean wan, destp\u00eaka qonaxeke n\u00fb di jiyana xwe de ji me re tekez dike \u00fb kar\u00eena destekday\u00eena malbata xwe ji\u2026","rel":"","context":"\u0641\u064a &quot;\u00c7\u00eerok&quot;","block_context":{"text":"\u00c7\u00eerok","link":"https:\/\/hskurd.org\/?cat=831&lang=ku"},"img":{"alt_text":"","src":"https:\/\/i0.wp.com\/hskurd.org\/wp-content\/uploads\/2023\/01\/%D9%A2%D9%A0%D9%A2%D9%A2%D9%A1%D9%A2%D9%A1%D9%A3_%D9%A1%D9%A1%D9%A0%D9%A1%D9%A0%D9%A9-1-scaled.jpg?fit=1200%2C675&ssl=1&resize=350%2C200","width":350,"height":200,"srcset":"https:\/\/i0.wp.com\/hskurd.org\/wp-content\/uploads\/2023\/01\/%D9%A2%D9%A0%D9%A2%D9%A2%D9%A1%D9%A2%D9%A1%D9%A3_%D9%A1%D9%A1%D9%A0%D9%A1%D9%A0%D9%A9-1-scaled.jpg?fit=1200%2C675&ssl=1&resize=350%2C200 1x, https:\/\/i0.wp.com\/hskurd.org\/wp-content\/uploads\/2023\/01\/%D9%A2%D9%A0%D9%A2%D9%A2%D9%A1%D9%A2%D9%A1%D9%A3_%D9%A1%D9%A1%D9%A0%D9%A1%D9%A0%D9%A9-1-scaled.jpg?fit=1200%2C675&ssl=1&resize=525%2C300 1.5x, https:\/\/i0.wp.com\/hskurd.org\/wp-content\/uploads\/2023\/01\/%D9%A2%D9%A0%D9%A2%D9%A2%D9%A1%D9%A2%D9%A1%D9%A3_%D9%A1%D9%A1%D9%A0%D9%A1%D9%A0%D9%A9-1-scaled.jpg?fit=1200%2C675&ssl=1&resize=700%2C400 2x, https:\/\/i0.wp.com\/hskurd.org\/wp-content\/uploads\/2023\/01\/%D9%A2%D9%A0%D9%A2%D9%A2%D9%A1%D9%A2%D9%A1%D9%A3_%D9%A1%D9%A1%D9%A0%D9%A1%D9%A0%D9%A9-1-scaled.jpg?fit=1200%2C675&ssl=1&resize=1050%2C600 3x"},"classes":[]}],"jetpack_sharing_enabled":true,"_links":{"self":[{"href":"https:\/\/hskurd.org\/index.php?rest_route=\/wp\/v2\/posts\/5083","targetHints":{"allow":["GET"]}}],"collection":[{"href":"https:\/\/hskurd.org\/index.php?rest_route=\/wp\/v2\/posts"}],"about":[{"href":"https:\/\/hskurd.org\/index.php?rest_route=\/wp\/v2\/types\/post"}],"author":[{"embeddable":true,"href":"https:\/\/hskurd.org\/index.php?rest_route=\/wp\/v2\/users\/3"}],"replies":[{"embeddable":true,"href":"https:\/\/hskurd.org\/index.php?rest_route=%2Fwp%2Fv2%2Fcomments&post=5083"}],"version-history":[{"count":2,"href":"https:\/\/hskurd.org\/index.php?rest_route=\/wp\/v2\/posts\/5083\/revisions"}],"predecessor-version":[{"id":5086,"href":"https:\/\/hskurd.org\/index.php?rest_route=\/wp\/v2\/posts\/5083\/revisions\/5086"}],"wp:featuredmedia":[{"embeddable":true,"href":"https:\/\/hskurd.org\/index.php?rest_route=\/wp\/v2\/media\/5084"}],"wp:attachment":[{"href":"https:\/\/hskurd.org\/index.php?rest_route=%2Fwp%2Fv2%2Fmedia&parent=5083"}],"wp:term":[{"taxonomy":"category","embeddable":true,"href":"https:\/\/hskurd.org\/index.php?rest_route=%2Fwp%2Fv2%2Fcategories&post=5083"},{"taxonomy":"post_tag","embeddable":true,"href":"https:\/\/hskurd.org\/index.php?rest_route=%2Fwp%2Fv2%2Ftags&post=5083"}],"curies":[{"name":"wp","href":"https:\/\/api.w.org\/{rel}","templated":true}]}}